{"id":104818,"date":"2017-05-02T15:56:39","date_gmt":"2017-05-02T14:56:39","guid":{"rendered":"http:\/\/www.visit-ulcinj.com\/blog\/?p=104818"},"modified":"2017-05-02T15:56:39","modified_gmt":"2017-05-02T14:56:39","slug":"canka-privatizacija-htp-ulcinjska-rivijera-nada-za-bijeg-iz-stagnacije","status":"publish","type":"post","link":"https:\/\/www.visit-ulcinj.com\/blog\/2017\/05\/02\/canka-privatizacija-htp-ulcinjska-rivijera-nada-za-bijeg-iz-stagnacije\/","title":{"rendered":"CANKA: PRIVATIZACIJA HTP ,,ULCINJSKA RIVIJERA\u201d: Nada za bijeg iz stagnacije"},"content":{"rendered":"<p><a href=\"http:\/\/www.visit-ulcinj.com\/blog\/wp-content\/uploads\/2017\/05\/Karisma.jpg\"><img loading=\"lazy\" class=\"alignleft wp-image-104819\" src=\"http:\/\/www.visit-ulcinj.com\/blog\/wp-content\/uploads\/2017\/05\/Karisma.jpg\" alt=\"\" width=\"508\" height=\"381\" srcset=\"https:\/\/www.visit-ulcinj.com\/blog\/wp-content\/uploads\/2017\/05\/Karisma.jpg 960w, https:\/\/www.visit-ulcinj.com\/blog\/wp-content\/uploads\/2017\/05\/Karisma-300x225.jpg 300w, https:\/\/www.visit-ulcinj.com\/blog\/wp-content\/uploads\/2017\/05\/Karisma-768x576.jpg 768w\" sizes=\"(max-width: 508px) 100vw, 508px\" \/><\/a>Narednog \u010detvrtka, 27. aprila, moglo bi dugoro\u010dno biti odre\u0111ena sudbina ulcinjskog turizma, pa i ovog grada. Tog dana \u0107e biti odr\u017eana vanredna sjednica Skup\u0161tine akcionara Hotelsko-turisti\u010dkog preduze\u0107a Ulcinjska rivijera, na kojoj \u0107e, kako je najavljeno, dioni\u010dari razmatrati mogu\u0107e modele privatizacije kompanije.<\/p>\n<p>Kako je ve\u0107inski vlasnik te najve\u0107e ulcinjske kompanije dr\u017eava, onda je za o\u010dekivati da \u0107e se desiti ono \u0161to je ve\u0107 javnosti saop\u0161teno: dono\u0161enje Odluke o davanju u dugoro\u010dni zakup dijela imovine tog preduze\u0107a.<\/p>\n<p>Ne\u0161to vi\u0161e od tre\u0107ine akcija u \u201eUlcinjskoj rivijeri&#8221; posjeduju manjinski dioni\u010dari, koji insistiraju na pravoj privatizaciji kroz prodaju akcija ili dokapitalizaciju, a ne kroz, kako navode, model \u201etihe prodaje&#8221; kroz dugoro\u010dni zakup.<\/p>\n<p>Ve\u0107 je tako\u0111e poznato da \u0107e se na tom tenderu, kojim \u0107e se u zakup od 30 godina dati hoteli Belvi i Olimpik, te autokamp Neptun, prijaviti me\u0111unarodna hotelska grupa Karisma Hotels&amp;Resorts, \u010diji je strate\u0161ki partner jedan od najve\u0107ih svjetskih turoperatora, njema\u010dki TUI (Turistic Union International). Uz sada prakti\u010dno bankrotirani hrvatski koncern Agrokor oni su 2013. godine formirali turisti\u010dku kompaniju Karisma Hotels Adriatic (KHA), iz koje je Agrokor iza\u0161ao pro\u0161le sedmice.<\/p>\n<p>Nedugo potom, anga\u017euju\u0107i ugledne turisti\u010dke eksperte iz regije, po\u010deli su da se interesuju za ulcinjske objekte. Napravili su veoma dobre konekcije sa crnogorskom Vladom i resornim Ministarstvom odr\u017eivog razvoja i turizma, \u0161to je kao rezultat imalo smanjenje PDV-a na turisti\u010dke usluge.<\/p>\n<p>\u201eVe\u0107 rade idejne projekte. Ve\u0107 se rade ogledne sobe za \u010detiri i pet zvjezdica, koji treba da se usvoje. Oni se ozbiljno pripremaju za preuzimanje na\u0161e kompanije. Ulaskom TUI-a u Crnu Goru Ulcinj \u0107e vratiti stari sjaj iz 70-ih godina, a dovesti turiste i u ostala na\u0161a turisti\u010dka mjesta&#8221;, ka\u017ee izvr\u0161ni direktor HTP Ulcinjska rivijera Radomir-Mikan Zec.<\/p>\n<p>Najavljeno je da \u0107e ovi hoteli biti rekonstruisani za godinu dana nakon preuzimanja, pa bi prvi gosti u tim objektima na po\u010detku ulcinjske Velike pla\u017ee mogli da se smjeste 2019. godine.<\/p>\n<p>Zec isti\u010de da je Ulcinjska rivijera uzimaju\u0107i kredite podigla standard tih objekata na tri, ali da nemaju mogu\u0107nostu da poja\u010daju standard i da naprave hotele od pet zvjezdica.<\/p>\n<p>To mogu uraditi jedino izuzetno sna\u017ene kompanije. Jer, hotel Belvi je izgra\u0111en prije ta\u010dno pet decenija, 1967. godine, dok je Olimpik otvoren \u010detiri godine kasnije. Tada su to bili veoma kvalitetni objekti, koji su, uz kasnije sagra\u0111ene objekte Lido i Otrant, \u010dinili respektabilno hotelsko naselje na po\u010detku ulcinjske Velike pla\u017ee.<\/p>\n<p>Takvi objekti, a posebno Belvi koji bi se danas, sa svoja tri depadansa i oko 850 kreveta, mogao ocijeniti i svojevrsnom kasarnom, odgovarali su \u017eeljama i standardu srednjeplate\u017enih njema\u010dkih gostiju, koji su u Ulcinj dolazili od aprila do kraja oktobra.<\/p>\n<p>Nije tu, dakle, bilo nikakvog luksuza, ali su ih blizina pla\u017ee (tek pedesetak metara od mora) niske cijene za evropske prilike i ljubazno osoblje, \u010dinili veoma privla\u010dnim.<\/p>\n<p>Decenijski naporni rad se isplatio, pa je HTP Ulcinjska rivijera postala brend u okvirima tada\u0161nje Jugoslavije, kompanija koja je uz najstarije preduze\u0107e, Solanu, izgradila moderni Ulcinj. Zapo\u0161ljavala je oko 1.200 stalnih radnika i jo\u0161 oko 900 u sezoni.<\/p>\n<p>Ali, od 1987. godine, a posebno od po\u010detka oru\u017eanih sukoba na podru\u010dju biv\u0161e SFRJ, po\u010deo je drasti\u010dno da blijedi sjaj \u201eUlcinjske rivijere&#8221;. Oslonjena na doma\u0107e tr\u017ei\u0161te, bez Njemaca i sezone od \u0161est mjeseci, ona je samo \u017eivotarila.<\/p>\n<p>Najte\u017ei udarac toj kompaniji je zadat u martu 2004. godine kada je, navodno, zbog duga prema Elektrodistribuciji od 230 hiljada eura, o\u0107erana u ste\u010daj. Plan je bio da se prigrabi njena izuzetno vrijedna imovina na samoj pjeni od mora, vrijedna tada preko 40 miliona eura.<\/p>\n<p>I krenulo se sa prodajama dijelova njene imovine (hoteli Otrant, Galeb, Lido&#8230;), koje ni\u0161ta dobro nijesu donijele Ulcinju, odnosno nijesu ispo\u0161tovani kupoprodajni ugovori, bez ikakvih posljedica za one koji su ih kr\u0161ili. \u010cak su neki hoteli sru\u0161eni, a njihovi vlasnici tek sada nevoljno priznaju da su grdno pogrije\u0161ili.<\/p>\n<p>Od ste\u010daja koji je uveden u tu kompaniju, ovaj grad se jo\u0161 nije oporavio, i pitanje je da li \u0107e ikada. Na stotine kvalifikovanih konobara, kuvara, recepcionera i ostalog osoblja, ostalo je bez posla. Najve\u0107i broj njih je danas rasut po svijetu. Oni koji su ostali u svom gradu imaju samo uspomene.<\/p>\n<p>Zato se sama najava povratka Njemaca, u bilo kojem obliku, o\u010dekuje sa \u010de\u017enjom i nadom. ,,U renoviranje postoje\u0107ih hotela Olimpik i Belvi, planiramo ulaganje od oko 20 miliona eura, kao i gradnju 400 novih soba u narednih tri do pet godina sa investicijom od oko 60 miliona. To zna\u010di da bismo imali oko 600 soba i investiciju od oko 80 miliona eura&#8221;, rekao je Vijestima operativni potpredsjednik Karisma Hotels&amp;Resorts Sa\u0161a Milojevi\u0107.<\/p>\n<p>Prema njegovim rije\u010dima, u drugoj fazi krenuli bi u adaptaciju Ade Bojane za koju bi idejno rje\u0161enje bilo napravljeno naredne godine.<\/p>\n<p>\u201eUkupno planiramo da ulo\u017eimo 280 miliona eura u narednih pet godina u renoviranje i izgradnju hotela na Velikoj pla\u017ei i Adi Bojani. Na tom ostrvu izgradili bi 1.500 soba, sportske terene i kongresne dvorane, a 20 do 25 odsto kapaciteta bi\u0107e otvoreno cijele godine za pripreme vrhunskih sportista. To zna\u010di da Ada ne\u0107e ostati samo nudisti\u010dka destinacija&#8221;, ka\u017ee Milojevi\u0107 i dodaje: ,,Smatramo da Crna Gora ima jednu od najljep\u0161ih obala na svijetu, a da nije dovoljno razvijena. Mislim da tamo mo\u017eemo da razvijemo turizam na fantasti\u010dnom nivou, da to bude jedna od vode\u0107ih elitnih destinacija u Evropi i svijetu. Sa poslovnog stanovi\u0161ta i sa stanovi\u0161ta biznisa i na\u0161eg razvoja mislim da je to idealna destinacija za nas, a va\u017eno je i za Crnu Goru ne samo zbog radnih mjesta. Razvi\u0107e se taj trenutno nerazvijeni dio obale. Za nas je vrlo va\u017eno da to uradimo strate\u0161ki, planski, vode\u0107i ra\u010duna o \u017eivotnoj sredini, \u0161to je vrlo va\u017ean dio na\u0161e poslovne politike&#8221;.<\/p>\n<p>Niko se vi\u0161e od Ulcinjana tome svakako ne bi obradovao. Jer, samo obnova i povratak Ulcinjske rivijere, kako se god ona zvala, na zapadnoevropska tr\u017ei\u0161ta zna\u010di izlazak iz 30-godi\u0161nje stagnacije ove op\u0161tine.<br \/>\n<strong>Mustafa CANKA<\/strong><\/p>\n<p><strong>Izvor: MONITOR<\/strong><\/p>\n","protected":false},"excerpt":{"rendered":"<p>Narednog \u010detvrtka, 27. aprila, moglo bi dugoro\u010dno biti odre\u0111ena sudbina ulcinjskog turizma, pa i ovog grada. Tog dana \u0107e biti odr\u017eana vanredna sjednica Skup\u0161tine akcionara Hotelsko-turisti\u010dkog preduze\u0107a Ulcinjska rivijera, na kojoj \u0107e, kako je najavljeno, dioni\u010dari razmatrati mogu\u0107e modele privatizacije kompanije. Kako je ve\u0107inski vlasnik te najve\u0107e ulcinjske kompanije dr\u017eava, onda je za o\u010dekivati da [&hellip;]<\/p>\n","protected":false},"author":1,"featured_media":0,"comment_status":"closed","ping_status":"closed","sticky":false,"template":"","format":"standard","meta":{"spay_email":"","jetpack_publicize_message":"","jetpack_is_tweetstorm":false,"jetpack_publicize_feature_enabled":true},"categories":[6950],"tags":[],"jetpack_publicize_connections":[],"yoast_head":"<!-- This site is optimized with the Yoast SEO plugin v19.1 - https:\/\/yoast.com\/wordpress\/plugins\/seo\/ -->\n<title>CANKA: PRIVATIZACIJA HTP ,,ULCINJSKA RIVIJERA\u201d: Nada za bijeg iz stagnacije - Lajme nga Ulqini<\/title>\n<meta name=\"description\" content=\"Narednog \u010detvrtka, 27. aprila, moglo bi dugoro\u010dno biti odre\u0111ena sudbina ulcinjskog turizma, pa i ovog grada. Tog dana \u0107e biti odr\u017eana vanredna sjednica\" \/>\n<meta name=\"robots\" content=\"index, follow, max-snippet:-1, max-image-preview:large, max-video-preview:-1\" \/>\n<link rel=\"canonical\" href=\"https:\/\/www.visit-ulcinj.com\/blog\/2017\/05\/02\/canka-privatizacija-htp-ulcinjska-rivijera-nada-za-bijeg-iz-stagnacije\/\" \/>\n<meta property=\"og:locale\" content=\"en_US\" \/>\n<meta property=\"og:type\" content=\"article\" \/>\n<meta property=\"og:title\" content=\"CANKA: PRIVATIZACIJA HTP ,,ULCINJSKA RIVIJERA\u201d: Nada za bijeg iz stagnacije - Lajme nga Ulqini\" \/>\n<meta property=\"og:description\" content=\"Narednog \u010detvrtka, 27. aprila, moglo bi dugoro\u010dno biti odre\u0111ena sudbina ulcinjskog turizma, pa i ovog grada. Tog dana \u0107e biti odr\u017eana vanredna sjednica\" \/>\n<meta property=\"og:url\" content=\"https:\/\/www.visit-ulcinj.com\/blog\/2017\/05\/02\/canka-privatizacija-htp-ulcinjska-rivijera-nada-za-bijeg-iz-stagnacije\/\" \/>\n<meta property=\"og:site_name\" content=\"Lajme nga Ulqini\" \/>\n<meta property=\"article:published_time\" content=\"2017-05-02T14:56:39+00:00\" \/>\n<meta property=\"og:image\" content=\"http:\/\/www.visit-ulcinj.com\/blog\/wp-content\/uploads\/2017\/05\/Karisma.jpg\" \/>\n<meta name=\"twitter:label1\" content=\"Written by\" \/>\n\t<meta name=\"twitter:data1\" content=\"ulqini\" \/>\n\t<meta name=\"twitter:label2\" content=\"Est. reading time\" \/>\n\t<meta name=\"twitter:data2\" content=\"5 minutes\" \/>\n<script type=\"application\/ld+json\" class=\"yoast-schema-graph\">{\"@context\":\"https:\/\/schema.org\",\"@graph\":[{\"@type\":\"WebSite\",\"@id\":\"https:\/\/www.visit-ulcinj.com\/blog\/#website\",\"url\":\"https:\/\/www.visit-ulcinj.com\/blog\/\",\"name\":\"Lajme nga Ulqini\",\"description\":\"Lajme,Vijesti,Ulqini,Ulqin,Crna Gora,Mali i Zi\",\"potentialAction\":[{\"@type\":\"SearchAction\",\"target\":{\"@type\":\"EntryPoint\",\"urlTemplate\":\"https:\/\/www.visit-ulcinj.com\/blog\/?s={search_term_string}\"},\"query-input\":\"required name=search_term_string\"}],\"inLanguage\":\"en-US\"},{\"@type\":\"ImageObject\",\"inLanguage\":\"en-US\",\"@id\":\"https:\/\/www.visit-ulcinj.com\/blog\/2017\/05\/02\/canka-privatizacija-htp-ulcinjska-rivijera-nada-za-bijeg-iz-stagnacije\/#primaryimage\",\"url\":\"https:\/\/www.visit-ulcinj.com\/blog\/wp-content\/uploads\/2017\/05\/Karisma.jpg\",\"contentUrl\":\"https:\/\/www.visit-ulcinj.com\/blog\/wp-content\/uploads\/2017\/05\/Karisma.jpg\",\"width\":960,\"height\":720},{\"@type\":\"WebPage\",\"@id\":\"https:\/\/www.visit-ulcinj.com\/blog\/2017\/05\/02\/canka-privatizacija-htp-ulcinjska-rivijera-nada-za-bijeg-iz-stagnacije\/#webpage\",\"url\":\"https:\/\/www.visit-ulcinj.com\/blog\/2017\/05\/02\/canka-privatizacija-htp-ulcinjska-rivijera-nada-za-bijeg-iz-stagnacije\/\",\"name\":\"CANKA: PRIVATIZACIJA HTP ,,ULCINJSKA RIVIJERA\u201d: Nada za bijeg iz stagnacije - Lajme nga Ulqini\",\"isPartOf\":{\"@id\":\"https:\/\/www.visit-ulcinj.com\/blog\/#website\"},\"primaryImageOfPage\":{\"@id\":\"https:\/\/www.visit-ulcinj.com\/blog\/2017\/05\/02\/canka-privatizacija-htp-ulcinjska-rivijera-nada-za-bijeg-iz-stagnacije\/#primaryimage\"},\"datePublished\":\"2017-05-02T14:56:39+00:00\",\"dateModified\":\"2017-05-02T14:56:39+00:00\",\"author\":{\"@id\":\"https:\/\/www.visit-ulcinj.com\/blog\/#\/schema\/person\/dcab619c614d3038751c63bc2aadc06d\"},\"description\":\"Narednog \u010detvrtka, 27. aprila, moglo bi dugoro\u010dno biti odre\u0111ena sudbina ulcinjskog turizma, pa i ovog grada. Tog dana \u0107e biti odr\u017eana vanredna sjednica\",\"breadcrumb\":{\"@id\":\"https:\/\/www.visit-ulcinj.com\/blog\/2017\/05\/02\/canka-privatizacija-htp-ulcinjska-rivijera-nada-za-bijeg-iz-stagnacije\/#breadcrumb\"},\"inLanguage\":\"en-US\",\"potentialAction\":[{\"@type\":\"ReadAction\",\"target\":[\"https:\/\/www.visit-ulcinj.com\/blog\/2017\/05\/02\/canka-privatizacija-htp-ulcinjska-rivijera-nada-za-bijeg-iz-stagnacije\/\"]}]},{\"@type\":\"BreadcrumbList\",\"@id\":\"https:\/\/www.visit-ulcinj.com\/blog\/2017\/05\/02\/canka-privatizacija-htp-ulcinjska-rivijera-nada-za-bijeg-iz-stagnacije\/#breadcrumb\",\"itemListElement\":[{\"@type\":\"ListItem\",\"position\":1,\"name\":\"CANKA: PRIVATIZACIJA HTP ,,ULCINJSKA RIVIJERA\u201d: Nada za bijeg iz stagnacije\"}]},{\"@type\":\"Person\",\"@id\":\"https:\/\/www.visit-ulcinj.com\/blog\/#\/schema\/person\/dcab619c614d3038751c63bc2aadc06d\",\"name\":\"ulqini\",\"sameAs\":[\"http:\/\/www.visit-ulcinj.com\"],\"url\":\"https:\/\/www.visit-ulcinj.com\/blog\/author\/admin\/\"}]}<\/script>\n<!-- \/ Yoast SEO plugin. -->","yoast_head_json":{"title":"CANKA: PRIVATIZACIJA HTP ,,ULCINJSKA RIVIJERA\u201d: Nada za bijeg iz stagnacije - Lajme nga Ulqini","description":"Narednog \u010detvrtka, 27. aprila, moglo bi dugoro\u010dno biti odre\u0111ena sudbina ulcinjskog turizma, pa i ovog grada. Tog dana \u0107e biti odr\u017eana vanredna sjednica","robots":{"index":"index","follow":"follow","max-snippet":"max-snippet:-1","max-image-preview":"max-image-preview:large","max-video-preview":"max-video-preview:-1"},"canonical":"https:\/\/www.visit-ulcinj.com\/blog\/2017\/05\/02\/canka-privatizacija-htp-ulcinjska-rivijera-nada-za-bijeg-iz-stagnacije\/","og_locale":"en_US","og_type":"article","og_title":"CANKA: PRIVATIZACIJA HTP ,,ULCINJSKA RIVIJERA\u201d: Nada za bijeg iz stagnacije - Lajme nga Ulqini","og_description":"Narednog \u010detvrtka, 27. aprila, moglo bi dugoro\u010dno biti odre\u0111ena sudbina ulcinjskog turizma, pa i ovog grada. Tog dana \u0107e biti odr\u017eana vanredna sjednica","og_url":"https:\/\/www.visit-ulcinj.com\/blog\/2017\/05\/02\/canka-privatizacija-htp-ulcinjska-rivijera-nada-za-bijeg-iz-stagnacije\/","og_site_name":"Lajme nga Ulqini","article_published_time":"2017-05-02T14:56:39+00:00","og_image":[{"url":"http:\/\/www.visit-ulcinj.com\/blog\/wp-content\/uploads\/2017\/05\/Karisma.jpg"}],"twitter_misc":{"Written by":"ulqini","Est. reading time":"5 minutes"},"schema":{"@context":"https:\/\/schema.org","@graph":[{"@type":"WebSite","@id":"https:\/\/www.visit-ulcinj.com\/blog\/#website","url":"https:\/\/www.visit-ulcinj.com\/blog\/","name":"Lajme nga Ulqini","description":"Lajme,Vijesti,Ulqini,Ulqin,Crna Gora,Mali i Zi","potentialAction":[{"@type":"SearchAction","target":{"@type":"EntryPoint","urlTemplate":"https:\/\/www.visit-ulcinj.com\/blog\/?s={search_term_string}"},"query-input":"required name=search_term_string"}],"inLanguage":"en-US"},{"@type":"ImageObject","inLanguage":"en-US","@id":"https:\/\/www.visit-ulcinj.com\/blog\/2017\/05\/02\/canka-privatizacija-htp-ulcinjska-rivijera-nada-za-bijeg-iz-stagnacije\/#primaryimage","url":"https:\/\/www.visit-ulcinj.com\/blog\/wp-content\/uploads\/2017\/05\/Karisma.jpg","contentUrl":"https:\/\/www.visit-ulcinj.com\/blog\/wp-content\/uploads\/2017\/05\/Karisma.jpg","width":960,"height":720},{"@type":"WebPage","@id":"https:\/\/www.visit-ulcinj.com\/blog\/2017\/05\/02\/canka-privatizacija-htp-ulcinjska-rivijera-nada-za-bijeg-iz-stagnacije\/#webpage","url":"https:\/\/www.visit-ulcinj.com\/blog\/2017\/05\/02\/canka-privatizacija-htp-ulcinjska-rivijera-nada-za-bijeg-iz-stagnacije\/","name":"CANKA: PRIVATIZACIJA HTP ,,ULCINJSKA RIVIJERA\u201d: Nada za bijeg iz stagnacije - Lajme nga Ulqini","isPartOf":{"@id":"https:\/\/www.visit-ulcinj.com\/blog\/#website"},"primaryImageOfPage":{"@id":"https:\/\/www.visit-ulcinj.com\/blog\/2017\/05\/02\/canka-privatizacija-htp-ulcinjska-rivijera-nada-za-bijeg-iz-stagnacije\/#primaryimage"},"datePublished":"2017-05-02T14:56:39+00:00","dateModified":"2017-05-02T14:56:39+00:00","author":{"@id":"https:\/\/www.visit-ulcinj.com\/blog\/#\/schema\/person\/dcab619c614d3038751c63bc2aadc06d"},"description":"Narednog \u010detvrtka, 27. aprila, moglo bi dugoro\u010dno biti odre\u0111ena sudbina ulcinjskog turizma, pa i ovog grada. Tog dana \u0107e biti odr\u017eana vanredna sjednica","breadcrumb":{"@id":"https:\/\/www.visit-ulcinj.com\/blog\/2017\/05\/02\/canka-privatizacija-htp-ulcinjska-rivijera-nada-za-bijeg-iz-stagnacije\/#breadcrumb"},"inLanguage":"en-US","potentialAction":[{"@type":"ReadAction","target":["https:\/\/www.visit-ulcinj.com\/blog\/2017\/05\/02\/canka-privatizacija-htp-ulcinjska-rivijera-nada-za-bijeg-iz-stagnacije\/"]}]},{"@type":"BreadcrumbList","@id":"https:\/\/www.visit-ulcinj.com\/blog\/2017\/05\/02\/canka-privatizacija-htp-ulcinjska-rivijera-nada-za-bijeg-iz-stagnacije\/#breadcrumb","itemListElement":[{"@type":"ListItem","position":1,"name":"CANKA: PRIVATIZACIJA HTP ,,ULCINJSKA RIVIJERA\u201d: Nada za bijeg iz stagnacije"}]},{"@type":"Person","@id":"https:\/\/www.visit-ulcinj.com\/blog\/#\/schema\/person\/dcab619c614d3038751c63bc2aadc06d","name":"ulqini","sameAs":["http:\/\/www.visit-ulcinj.com"],"url":"https:\/\/www.visit-ulcinj.com\/blog\/author\/admin\/"}]}},"jetpack_featured_media_url":"","jetpack_sharing_enabled":true,"jetpack_shortlink":"https:\/\/wp.me\/pe6lTn-rgC","_links":{"self":[{"href":"https:\/\/www.visit-ulcinj.com\/blog\/wp-json\/wp\/v2\/posts\/104818"}],"collection":[{"href":"https:\/\/www.visit-ulcinj.com\/blog\/wp-json\/wp\/v2\/posts"}],"about":[{"href":"https:\/\/www.visit-ulcinj.com\/blog\/wp-json\/wp\/v2\/types\/post"}],"author":[{"embeddable":true,"href":"https:\/\/www.visit-ulcinj.com\/blog\/wp-json\/wp\/v2\/users\/1"}],"replies":[{"embeddable":true,"href":"https:\/\/www.visit-ulcinj.com\/blog\/wp-json\/wp\/v2\/comments?post=104818"}],"version-history":[{"count":1,"href":"https:\/\/www.visit-ulcinj.com\/blog\/wp-json\/wp\/v2\/posts\/104818\/revisions"}],"predecessor-version":[{"id":104820,"href":"https:\/\/www.visit-ulcinj.com\/blog\/wp-json\/wp\/v2\/posts\/104818\/revisions\/104820"}],"wp:attachment":[{"href":"https:\/\/www.visit-ulcinj.com\/blog\/wp-json\/wp\/v2\/media?parent=104818"}],"wp:term":[{"taxonomy":"category","embeddable":true,"href":"https:\/\/www.visit-ulcinj.com\/blog\/wp-json\/wp\/v2\/categories?post=104818"},{"taxonomy":"post_tag","embeddable":true,"href":"https:\/\/www.visit-ulcinj.com\/blog\/wp-json\/wp\/v2\/tags?post=104818"}],"curies":[{"name":"wp","href":"https:\/\/api.w.org\/{rel}","templated":true}]}}