{"id":104833,"date":"2017-05-02T17:17:08","date_gmt":"2017-05-02T16:17:08","guid":{"rendered":"http:\/\/www.visit-ulcinj.com\/blog\/?p=104833"},"modified":"2017-05-02T17:19:12","modified_gmt":"2017-05-02T16:19:12","slug":"dje-arriti-ne-4-kilometra-kolona-nga-ulqini-per-ne-shkoder-video","status":"publish","type":"post","link":"https:\/\/www.visit-ulcinj.com\/blog\/2017\/05\/02\/dje-arriti-ne-4-kilometra-kolona-nga-ulqini-per-ne-shkoder-video\/","title":{"rendered":"Dje arriti n\u00eb 4 kilometra kolona nga Ulqini p\u00ebr n\u00eb Shkod\u00ebr (VIDEO)"},"content":{"rendered":"<p><a href=\"http:\/\/www.visit-ulcinj.com\/blog\/wp-content\/uploads\/2017\/05\/RRUGA-SUKOBIN-MURIQAN-SHKODER.jpg\"><img loading=\"lazy\" class=\"alignleft wp-image-104835\" src=\"http:\/\/www.visit-ulcinj.com\/blog\/wp-content\/uploads\/2017\/05\/RRUGA-SUKOBIN-MURIQAN-SHKODER.jpg\" alt=\"\" width=\"508\" height=\"547\" srcset=\"https:\/\/www.visit-ulcinj.com\/blog\/wp-content\/uploads\/2017\/05\/RRUGA-SUKOBIN-MURIQAN-SHKODER.jpg 508w, https:\/\/www.visit-ulcinj.com\/blog\/wp-content\/uploads\/2017\/05\/RRUGA-SUKOBIN-MURIQAN-SHKODER-279x300.jpg 279w\" sizes=\"(max-width: 508px) 100vw, 508px\" \/><\/a>Shum\u00eb kosovar\u00eb ia kishin m\u00ebsyr\u00eb Ulqinit p\u00ebr fundjav\u00eb.<\/p>\n<p>Mir\u00ebpo, sot ata po ballafaqohen me kolon\u00eb t\u00eb gjat\u00eb p\u00ebr kthim n\u00eb sht\u00ebpi.<br \/>\nNj\u00eb lexues i \u201cZeri.info\u201d, e ka d\u00ebrguar k\u00ebt\u00eb video n\u00eb adres\u00eb t\u00eb redaksis\u00eb son\u00eb, i cili tregon se kjo kolon\u00eb e gjat\u00eb rreth 4 kilometra \u00ebsht\u00eb n\u00eb rrug\u00ebn nga Ulqini p\u00ebr n\u00eb Shkod\u00ebr.<\/p>\n<p>Ai thot\u00eb se ka m\u00eb shum\u00eb dy or\u00eb q\u00eb \u00ebsht\u00eb n\u00eb k\u00ebt\u00eb kolon\u00eb.<\/p>\n<p><strong>P\u00ebr m\u00eb shum\u00eb shikojeni videon.<\/strong><\/p>\n<p><strong>Z\u00ebri<\/strong><\/p>\n<p><iframe loading=\"lazy\" src=\"\/\/www.dailymotion.com\/embed\/video\/x5kes1b?autoPlay=1\" width=\"508\" height=\"330\" frameborder=\"0\" allowfullscreen=\"allowfullscreen\"><\/iframe><\/p>\n","protected":false},"excerpt":{"rendered":"<p>Shum\u00eb kosovar\u00eb ia kishin m\u00ebsyr\u00eb Ulqinit p\u00ebr fundjav\u00eb. Mir\u00ebpo, sot ata po ballafaqohen me kolon\u00eb t\u00eb gjat\u00eb p\u00ebr kthim n\u00eb sht\u00ebpi. Nj\u00eb lexues i \u201cZeri.info\u201d, e ka d\u00ebrguar k\u00ebt\u00eb video n\u00eb adres\u00eb t\u00eb redaksis\u00eb son\u00eb, i cili tregon se kjo kolon\u00eb e gjat\u00eb rreth 4 kilometra \u00ebsht\u00eb n\u00eb rrug\u00ebn nga Ulqini p\u00ebr n\u00eb Shkod\u00ebr. Ai [&hellip;]<\/p>\n","protected":false},"author":1,"featured_media":0,"comment_status":"closed","ping_status":"closed","sticky":false,"template":"","format":"standard","meta":{"spay_email":"","jetpack_publicize_message":"","jetpack_is_tweetstorm":false,"jetpack_publicize_feature_enabled":true},"categories":[15],"tags":[],"jetpack_publicize_connections":[],"yoast_head":"<!-- This site is optimized with the Yoast SEO plugin v19.1 - https:\/\/yoast.com\/wordpress\/plugins\/seo\/ -->\n<title>Dje arriti n\u00eb 4 kilometra kolona nga Ulqini p\u00ebr n\u00eb Shkod\u00ebr (VIDEO) - Lajme nga Ulqini<\/title>\n<meta name=\"description\" content=\"Shum\u00eb kosovar\u00eb ia kishin m\u00ebsyr\u00eb Ulqinit p\u00ebr fundjav\u00eb. Mir\u00ebpo, sot ata po ballafaqohen me kolon\u00eb t\u00eb gjat\u00eb p\u00ebr kthim n\u00eb sht\u00ebpi. Nj\u00eb lexues i \u201cZeri.info\u201d, e\" \/>\n<meta name=\"robots\" content=\"index, follow, max-snippet:-1, max-image-preview:large, max-video-preview:-1\" \/>\n<link rel=\"canonical\" href=\"https:\/\/www.visit-ulcinj.com\/blog\/2017\/05\/02\/dje-arriti-ne-4-kilometra-kolona-nga-ulqini-per-ne-shkoder-video\/\" \/>\n<meta property=\"og:locale\" content=\"en_US\" \/>\n<meta property=\"og:type\" content=\"article\" \/>\n<meta property=\"og:title\" content=\"Dje arriti n\u00eb 4 kilometra kolona nga Ulqini p\u00ebr n\u00eb Shkod\u00ebr (VIDEO) - Lajme nga Ulqini\" \/>\n<meta property=\"og:description\" content=\"Shum\u00eb kosovar\u00eb ia kishin m\u00ebsyr\u00eb Ulqinit p\u00ebr fundjav\u00eb. Mir\u00ebpo, sot ata po ballafaqohen me kolon\u00eb t\u00eb gjat\u00eb p\u00ebr kthim n\u00eb sht\u00ebpi. Nj\u00eb lexues i \u201cZeri.info\u201d, e\" \/>\n<meta property=\"og:url\" content=\"https:\/\/www.visit-ulcinj.com\/blog\/2017\/05\/02\/dje-arriti-ne-4-kilometra-kolona-nga-ulqini-per-ne-shkoder-video\/\" \/>\n<meta property=\"og:site_name\" content=\"Lajme nga Ulqini\" \/>\n<meta property=\"article:published_time\" content=\"2017-05-02T16:17:08+00:00\" \/>\n<meta property=\"article:modified_time\" content=\"2017-05-02T16:19:12+00:00\" \/>\n<meta property=\"og:image\" content=\"http:\/\/www.visit-ulcinj.com\/blog\/wp-content\/uploads\/2017\/05\/RRUGA-SUKOBIN-MURIQAN-SHKODER.jpg\" \/>\n<meta name=\"twitter:label1\" content=\"Written by\" \/>\n\t<meta name=\"twitter:data1\" content=\"ulqini\" \/>\n<script type=\"application\/ld+json\" class=\"yoast-schema-graph\">{\"@context\":\"https:\/\/schema.org\",\"@graph\":[{\"@type\":\"WebSite\",\"@id\":\"https:\/\/www.visit-ulcinj.com\/blog\/#website\",\"url\":\"https:\/\/www.visit-ulcinj.com\/blog\/\",\"name\":\"Lajme nga Ulqini\",\"description\":\"Lajme,Vijesti,Ulqini,Ulqin,Crna Gora,Mali i Zi\",\"potentialAction\":[{\"@type\":\"SearchAction\",\"target\":{\"@type\":\"EntryPoint\",\"urlTemplate\":\"https:\/\/www.visit-ulcinj.com\/blog\/?s={search_term_string}\"},\"query-input\":\"required name=search_term_string\"}],\"inLanguage\":\"en-US\"},{\"@type\":\"ImageObject\",\"inLanguage\":\"en-US\",\"@id\":\"https:\/\/www.visit-ulcinj.com\/blog\/2017\/05\/02\/dje-arriti-ne-4-kilometra-kolona-nga-ulqini-per-ne-shkoder-video\/#primaryimage\",\"url\":\"https:\/\/www.visit-ulcinj.com\/blog\/wp-content\/uploads\/2017\/05\/RRUGA-SUKOBIN-MURIQAN-SHKODER.jpg\",\"contentUrl\":\"https:\/\/www.visit-ulcinj.com\/blog\/wp-content\/uploads\/2017\/05\/RRUGA-SUKOBIN-MURIQAN-SHKODER.jpg\",\"width\":508,\"height\":547},{\"@type\":\"WebPage\",\"@id\":\"https:\/\/www.visit-ulcinj.com\/blog\/2017\/05\/02\/dje-arriti-ne-4-kilometra-kolona-nga-ulqini-per-ne-shkoder-video\/#webpage\",\"url\":\"https:\/\/www.visit-ulcinj.com\/blog\/2017\/05\/02\/dje-arriti-ne-4-kilometra-kolona-nga-ulqini-per-ne-shkoder-video\/\",\"name\":\"Dje arriti n\u00eb 4 kilometra kolona nga Ulqini p\u00ebr n\u00eb Shkod\u00ebr (VIDEO) - Lajme nga Ulqini\",\"isPartOf\":{\"@id\":\"https:\/\/www.visit-ulcinj.com\/blog\/#website\"},\"primaryImageOfPage\":{\"@id\":\"https:\/\/www.visit-ulcinj.com\/blog\/2017\/05\/02\/dje-arriti-ne-4-kilometra-kolona-nga-ulqini-per-ne-shkoder-video\/#primaryimage\"},\"datePublished\":\"2017-05-02T16:17:08+00:00\",\"dateModified\":\"2017-05-02T16:19:12+00:00\",\"author\":{\"@id\":\"https:\/\/www.visit-ulcinj.com\/blog\/#\/schema\/person\/dcab619c614d3038751c63bc2aadc06d\"},\"description\":\"Shum\u00eb kosovar\u00eb ia kishin m\u00ebsyr\u00eb Ulqinit p\u00ebr fundjav\u00eb. Mir\u00ebpo, sot ata po ballafaqohen me kolon\u00eb t\u00eb gjat\u00eb p\u00ebr kthim n\u00eb sht\u00ebpi. Nj\u00eb lexues i \u201cZeri.info\u201d, e\",\"breadcrumb\":{\"@id\":\"https:\/\/www.visit-ulcinj.com\/blog\/2017\/05\/02\/dje-arriti-ne-4-kilometra-kolona-nga-ulqini-per-ne-shkoder-video\/#breadcrumb\"},\"inLanguage\":\"en-US\",\"potentialAction\":[{\"@type\":\"ReadAction\",\"target\":[\"https:\/\/www.visit-ulcinj.com\/blog\/2017\/05\/02\/dje-arriti-ne-4-kilometra-kolona-nga-ulqini-per-ne-shkoder-video\/\"]}]},{\"@type\":\"BreadcrumbList\",\"@id\":\"https:\/\/www.visit-ulcinj.com\/blog\/2017\/05\/02\/dje-arriti-ne-4-kilometra-kolona-nga-ulqini-per-ne-shkoder-video\/#breadcrumb\",\"itemListElement\":[{\"@type\":\"ListItem\",\"position\":1,\"name\":\"Dje arriti n\u00eb 4 kilometra kolona nga Ulqini p\u00ebr n\u00eb Shkod\u00ebr (VIDEO)\"}]},{\"@type\":\"Person\",\"@id\":\"https:\/\/www.visit-ulcinj.com\/blog\/#\/schema\/person\/dcab619c614d3038751c63bc2aadc06d\",\"name\":\"ulqini\",\"sameAs\":[\"http:\/\/www.visit-ulcinj.com\"],\"url\":\"https:\/\/www.visit-ulcinj.com\/blog\/author\/admin\/\"}]}<\/script>\n<!-- \/ Yoast SEO plugin. -->","yoast_head_json":{"title":"Dje arriti n\u00eb 4 kilometra kolona nga Ulqini p\u00ebr n\u00eb Shkod\u00ebr (VIDEO) - Lajme nga Ulqini","description":"Shum\u00eb kosovar\u00eb ia kishin m\u00ebsyr\u00eb Ulqinit p\u00ebr fundjav\u00eb. Mir\u00ebpo, sot ata po ballafaqohen me kolon\u00eb t\u00eb gjat\u00eb p\u00ebr kthim n\u00eb sht\u00ebpi. Nj\u00eb lexues i \u201cZeri.info\u201d, e","robots":{"index":"index","follow":"follow","max-snippet":"max-snippet:-1","max-image-preview":"max-image-preview:large","max-video-preview":"max-video-preview:-1"},"canonical":"https:\/\/www.visit-ulcinj.com\/blog\/2017\/05\/02\/dje-arriti-ne-4-kilometra-kolona-nga-ulqini-per-ne-shkoder-video\/","og_locale":"en_US","og_type":"article","og_title":"Dje arriti n\u00eb 4 kilometra kolona nga Ulqini p\u00ebr n\u00eb Shkod\u00ebr (VIDEO) - Lajme nga Ulqini","og_description":"Shum\u00eb kosovar\u00eb ia kishin m\u00ebsyr\u00eb Ulqinit p\u00ebr fundjav\u00eb. Mir\u00ebpo, sot ata po ballafaqohen me kolon\u00eb t\u00eb gjat\u00eb p\u00ebr kthim n\u00eb sht\u00ebpi. Nj\u00eb lexues i \u201cZeri.info\u201d, e","og_url":"https:\/\/www.visit-ulcinj.com\/blog\/2017\/05\/02\/dje-arriti-ne-4-kilometra-kolona-nga-ulqini-per-ne-shkoder-video\/","og_site_name":"Lajme nga Ulqini","article_published_time":"2017-05-02T16:17:08+00:00","article_modified_time":"2017-05-02T16:19:12+00:00","og_image":[{"url":"http:\/\/www.visit-ulcinj.com\/blog\/wp-content\/uploads\/2017\/05\/RRUGA-SUKOBIN-MURIQAN-SHKODER.jpg"}],"twitter_misc":{"Written by":"ulqini"},"schema":{"@context":"https:\/\/schema.org","@graph":[{"@type":"WebSite","@id":"https:\/\/www.visit-ulcinj.com\/blog\/#website","url":"https:\/\/www.visit-ulcinj.com\/blog\/","name":"Lajme nga Ulqini","description":"Lajme,Vijesti,Ulqini,Ulqin,Crna Gora,Mali i Zi","potentialAction":[{"@type":"SearchAction","target":{"@type":"EntryPoint","urlTemplate":"https:\/\/www.visit-ulcinj.com\/blog\/?s={search_term_string}"},"query-input":"required name=search_term_string"}],"inLanguage":"en-US"},{"@type":"ImageObject","inLanguage":"en-US","@id":"https:\/\/www.visit-ulcinj.com\/blog\/2017\/05\/02\/dje-arriti-ne-4-kilometra-kolona-nga-ulqini-per-ne-shkoder-video\/#primaryimage","url":"https:\/\/www.visit-ulcinj.com\/blog\/wp-content\/uploads\/2017\/05\/RRUGA-SUKOBIN-MURIQAN-SHKODER.jpg","contentUrl":"https:\/\/www.visit-ulcinj.com\/blog\/wp-content\/uploads\/2017\/05\/RRUGA-SUKOBIN-MURIQAN-SHKODER.jpg","width":508,"height":547},{"@type":"WebPage","@id":"https:\/\/www.visit-ulcinj.com\/blog\/2017\/05\/02\/dje-arriti-ne-4-kilometra-kolona-nga-ulqini-per-ne-shkoder-video\/#webpage","url":"https:\/\/www.visit-ulcinj.com\/blog\/2017\/05\/02\/dje-arriti-ne-4-kilometra-kolona-nga-ulqini-per-ne-shkoder-video\/","name":"Dje arriti n\u00eb 4 kilometra kolona nga Ulqini p\u00ebr n\u00eb Shkod\u00ebr (VIDEO) - Lajme nga Ulqini","isPartOf":{"@id":"https:\/\/www.visit-ulcinj.com\/blog\/#website"},"primaryImageOfPage":{"@id":"https:\/\/www.visit-ulcinj.com\/blog\/2017\/05\/02\/dje-arriti-ne-4-kilometra-kolona-nga-ulqini-per-ne-shkoder-video\/#primaryimage"},"datePublished":"2017-05-02T16:17:08+00:00","dateModified":"2017-05-02T16:19:12+00:00","author":{"@id":"https:\/\/www.visit-ulcinj.com\/blog\/#\/schema\/person\/dcab619c614d3038751c63bc2aadc06d"},"description":"Shum\u00eb kosovar\u00eb ia kishin m\u00ebsyr\u00eb Ulqinit p\u00ebr fundjav\u00eb. Mir\u00ebpo, sot ata po ballafaqohen me kolon\u00eb t\u00eb gjat\u00eb p\u00ebr kthim n\u00eb sht\u00ebpi. Nj\u00eb lexues i \u201cZeri.info\u201d, e","breadcrumb":{"@id":"https:\/\/www.visit-ulcinj.com\/blog\/2017\/05\/02\/dje-arriti-ne-4-kilometra-kolona-nga-ulqini-per-ne-shkoder-video\/#breadcrumb"},"inLanguage":"en-US","potentialAction":[{"@type":"ReadAction","target":["https:\/\/www.visit-ulcinj.com\/blog\/2017\/05\/02\/dje-arriti-ne-4-kilometra-kolona-nga-ulqini-per-ne-shkoder-video\/"]}]},{"@type":"BreadcrumbList","@id":"https:\/\/www.visit-ulcinj.com\/blog\/2017\/05\/02\/dje-arriti-ne-4-kilometra-kolona-nga-ulqini-per-ne-shkoder-video\/#breadcrumb","itemListElement":[{"@type":"ListItem","position":1,"name":"Dje arriti n\u00eb 4 kilometra kolona nga Ulqini p\u00ebr n\u00eb Shkod\u00ebr (VIDEO)"}]},{"@type":"Person","@id":"https:\/\/www.visit-ulcinj.com\/blog\/#\/schema\/person\/dcab619c614d3038751c63bc2aadc06d","name":"ulqini","sameAs":["http:\/\/www.visit-ulcinj.com"],"url":"https:\/\/www.visit-ulcinj.com\/blog\/author\/admin\/"}]}},"jetpack_featured_media_url":"","jetpack_sharing_enabled":true,"jetpack_shortlink":"https:\/\/wp.me\/pe6lTn-rgR","_links":{"self":[{"href":"https:\/\/www.visit-ulcinj.com\/blog\/wp-json\/wp\/v2\/posts\/104833"}],"collection":[{"href":"https:\/\/www.visit-ulcinj.com\/blog\/wp-json\/wp\/v2\/posts"}],"about":[{"href":"https:\/\/www.visit-ulcinj.com\/blog\/wp-json\/wp\/v2\/types\/post"}],"author":[{"embeddable":true,"href":"https:\/\/www.visit-ulcinj.com\/blog\/wp-json\/wp\/v2\/users\/1"}],"replies":[{"embeddable":true,"href":"https:\/\/www.visit-ulcinj.com\/blog\/wp-json\/wp\/v2\/comments?post=104833"}],"version-history":[{"count":2,"href":"https:\/\/www.visit-ulcinj.com\/blog\/wp-json\/wp\/v2\/posts\/104833\/revisions"}],"predecessor-version":[{"id":104836,"href":"https:\/\/www.visit-ulcinj.com\/blog\/wp-json\/wp\/v2\/posts\/104833\/revisions\/104836"}],"wp:attachment":[{"href":"https:\/\/www.visit-ulcinj.com\/blog\/wp-json\/wp\/v2\/media?parent=104833"}],"wp:term":[{"taxonomy":"category","embeddable":true,"href":"https:\/\/www.visit-ulcinj.com\/blog\/wp-json\/wp\/v2\/categories?post=104833"},{"taxonomy":"post_tag","embeddable":true,"href":"https:\/\/www.visit-ulcinj.com\/blog\/wp-json\/wp\/v2\/tags?post=104833"}],"curies":[{"name":"wp","href":"https:\/\/api.w.org\/{rel}","templated":true}]}}