{"id":104837,"date":"2017-05-02T18:14:59","date_gmt":"2017-05-02T17:14:59","guid":{"rendered":"http:\/\/www.visit-ulcinj.com\/blog\/?p=104837"},"modified":"2017-05-02T18:14:59","modified_gmt":"2017-05-02T17:14:59","slug":"abazoviq-anetaresimi-ne-nato-grusht-rende-per-pds","status":"publish","type":"post","link":"https:\/\/www.visit-ulcinj.com\/blog\/2017\/05\/02\/abazoviq-anetaresimi-ne-nato-grusht-rende-per-pds\/","title":{"rendered":"Abazoviq: An\u00ebtar\u00ebsimi n\u00eb NATO grusht i r\u00ebnd\u00eb p\u00ebr PDS-in"},"content":{"rendered":"<p><a href=\"http:\/\/www.visit-ulcinj.com\/blog\/wp-content\/uploads\/2017\/05\/DRITAN-ABAZOVIQ.jpg\"><img loading=\"lazy\" class=\"alignleft wp-image-104838\" src=\"http:\/\/www.visit-ulcinj.com\/blog\/wp-content\/uploads\/2017\/05\/DRITAN-ABAZOVIQ.jpg\" alt=\"\" width=\"508\" height=\"339\" srcset=\"https:\/\/www.visit-ulcinj.com\/blog\/wp-content\/uploads\/2017\/05\/DRITAN-ABAZOVIQ.jpg 900w, https:\/\/www.visit-ulcinj.com\/blog\/wp-content\/uploads\/2017\/05\/DRITAN-ABAZOVIQ-300x200.jpg 300w, https:\/\/www.visit-ulcinj.com\/blog\/wp-content\/uploads\/2017\/05\/DRITAN-ABAZOVIQ-768x512.jpg 768w\" sizes=\"(max-width: 508px) 100vw, 508px\" \/><\/a>An\u00ebtar\u00ebsimi n\u00eb NATO \u00ebsht\u00eb grusht i r\u00ebnd\u00eb p\u00ebr Partin\u00eb demokratike t\u00eb socialist\u00ebve dhe p\u00ebrkrahje e madhe p\u00ebr ndryshimet e ardhshme politike n\u00eb Mal t\u00eb Zi, konsideron lideri i L\u00ebvizjes qytetare URA Dritan Abazoviq. Ai n\u00eb intervist\u00ebn dh\u00ebn\u00eb agjencis\u00eb MINA ka theksuar se NATO \u00ebsht\u00eb garanci se n\u00eb Mal t\u00eb Zi nuk do t\u00eb ndodh si n\u00eb Maqedoni.<\/p>\n<p>Kjo don\u00eb t\u00eb thot\u00eb se pushteti , pasi t\u00eb ballafaqohet me vullnetin e v\u00ebrtet\u00eb t\u00eb qytetar\u00ebve , nuk d\u00ebshiron t\u00eb largohet nga pozicionet e veta , \u00ebsht\u00eb i gatsh\u00ebm t\u00eb nxis kaos , tollovi , bile edhe luft\u00eb qytetare n\u00ebse \u00ebsht\u00eb nevoja. Natyrisht e gjith\u00eb kjo p\u00ebrmes retorik\u00ebs s\u00eb obligueshme t\u00eb fshehjes pas interesave nacionale, ka theksuar Abazoviq.<\/p>\n<p>Si\u00e7 ka theksuar ,\u00e7\u00ebshtja e NATO-s \u00ebsht\u00eb tem\u00eb e madhe dhe serioze , por euforia ka shp\u00ebrthyer dy tri dit\u00eb pas marrjes s\u00eb vendimit.<\/p>\n<p>TVCG<\/p>\n","protected":false},"excerpt":{"rendered":"<p>An\u00ebtar\u00ebsimi n\u00eb NATO \u00ebsht\u00eb grusht i r\u00ebnd\u00eb p\u00ebr Partin\u00eb demokratike t\u00eb socialist\u00ebve dhe p\u00ebrkrahje e madhe p\u00ebr ndryshimet e ardhshme politike n\u00eb Mal t\u00eb Zi, konsideron lideri i L\u00ebvizjes qytetare URA Dritan Abazoviq. Ai n\u00eb intervist\u00ebn dh\u00ebn\u00eb agjencis\u00eb MINA ka theksuar se NATO \u00ebsht\u00eb garanci se n\u00eb Mal t\u00eb Zi nuk do t\u00eb ndodh si [&hellip;]<\/p>\n","protected":false},"author":1,"featured_media":0,"comment_status":"closed","ping_status":"closed","sticky":false,"template":"","format":"standard","meta":{"spay_email":"","jetpack_publicize_message":"","jetpack_is_tweetstorm":false,"jetpack_publicize_feature_enabled":true},"categories":[6],"tags":[],"jetpack_publicize_connections":[],"yoast_head":"<!-- This site is optimized with the Yoast SEO plugin v19.1 - https:\/\/yoast.com\/wordpress\/plugins\/seo\/ -->\n<title>Abazoviq: An\u00ebtar\u00ebsimi n\u00eb NATO grusht i r\u00ebnd\u00eb p\u00ebr PDS-in - Lajme nga Ulqini<\/title>\n<meta name=\"description\" content=\"An\u00ebtar\u00ebsimi n\u00eb NATO \u00ebsht\u00eb grusht i r\u00ebnd\u00eb p\u00ebr Partin\u00eb demokratike t\u00eb socialist\u00ebve dhe p\u00ebrkrahje e madhe p\u00ebr ndryshimet e ardhshme politike n\u00eb Mal t\u00eb Zi,\" \/>\n<meta name=\"robots\" content=\"index, follow, max-snippet:-1, max-image-preview:large, max-video-preview:-1\" \/>\n<link rel=\"canonical\" href=\"https:\/\/www.visit-ulcinj.com\/blog\/2017\/05\/02\/abazoviq-anetaresimi-ne-nato-grusht-rende-per-pds\/\" \/>\n<meta property=\"og:locale\" content=\"en_US\" \/>\n<meta property=\"og:type\" content=\"article\" \/>\n<meta property=\"og:title\" content=\"Abazoviq: An\u00ebtar\u00ebsimi n\u00eb NATO grusht i r\u00ebnd\u00eb p\u00ebr PDS-in - Lajme nga Ulqini\" \/>\n<meta property=\"og:description\" content=\"An\u00ebtar\u00ebsimi n\u00eb NATO \u00ebsht\u00eb grusht i r\u00ebnd\u00eb p\u00ebr Partin\u00eb demokratike t\u00eb socialist\u00ebve dhe p\u00ebrkrahje e madhe p\u00ebr ndryshimet e ardhshme politike n\u00eb Mal t\u00eb Zi,\" \/>\n<meta property=\"og:url\" content=\"https:\/\/www.visit-ulcinj.com\/blog\/2017\/05\/02\/abazoviq-anetaresimi-ne-nato-grusht-rende-per-pds\/\" \/>\n<meta property=\"og:site_name\" content=\"Lajme nga Ulqini\" \/>\n<meta property=\"article:published_time\" content=\"2017-05-02T17:14:59+00:00\" \/>\n<meta property=\"og:image\" content=\"http:\/\/www.visit-ulcinj.com\/blog\/wp-content\/uploads\/2017\/05\/DRITAN-ABAZOVIQ.jpg\" \/>\n<meta name=\"twitter:label1\" content=\"Written by\" \/>\n\t<meta name=\"twitter:data1\" content=\"ulqini\" \/>\n\t<meta name=\"twitter:label2\" content=\"Est. reading time\" \/>\n\t<meta name=\"twitter:data2\" content=\"1 minute\" \/>\n<script type=\"application\/ld+json\" class=\"yoast-schema-graph\">{\"@context\":\"https:\/\/schema.org\",\"@graph\":[{\"@type\":\"WebSite\",\"@id\":\"https:\/\/www.visit-ulcinj.com\/blog\/#website\",\"url\":\"https:\/\/www.visit-ulcinj.com\/blog\/\",\"name\":\"Lajme nga Ulqini\",\"description\":\"Lajme,Vijesti,Ulqini,Ulqin,Crna Gora,Mali i Zi\",\"potentialAction\":[{\"@type\":\"SearchAction\",\"target\":{\"@type\":\"EntryPoint\",\"urlTemplate\":\"https:\/\/www.visit-ulcinj.com\/blog\/?s={search_term_string}\"},\"query-input\":\"required name=search_term_string\"}],\"inLanguage\":\"en-US\"},{\"@type\":\"ImageObject\",\"inLanguage\":\"en-US\",\"@id\":\"https:\/\/www.visit-ulcinj.com\/blog\/2017\/05\/02\/abazoviq-anetaresimi-ne-nato-grusht-rende-per-pds\/#primaryimage\",\"url\":\"https:\/\/www.visit-ulcinj.com\/blog\/wp-content\/uploads\/2017\/05\/DRITAN-ABAZOVIQ.jpg\",\"contentUrl\":\"https:\/\/www.visit-ulcinj.com\/blog\/wp-content\/uploads\/2017\/05\/DRITAN-ABAZOVIQ.jpg\",\"width\":900,\"height\":600},{\"@type\":\"WebPage\",\"@id\":\"https:\/\/www.visit-ulcinj.com\/blog\/2017\/05\/02\/abazoviq-anetaresimi-ne-nato-grusht-rende-per-pds\/#webpage\",\"url\":\"https:\/\/www.visit-ulcinj.com\/blog\/2017\/05\/02\/abazoviq-anetaresimi-ne-nato-grusht-rende-per-pds\/\",\"name\":\"Abazoviq: An\u00ebtar\u00ebsimi n\u00eb NATO grusht i r\u00ebnd\u00eb p\u00ebr PDS-in - Lajme nga Ulqini\",\"isPartOf\":{\"@id\":\"https:\/\/www.visit-ulcinj.com\/blog\/#website\"},\"primaryImageOfPage\":{\"@id\":\"https:\/\/www.visit-ulcinj.com\/blog\/2017\/05\/02\/abazoviq-anetaresimi-ne-nato-grusht-rende-per-pds\/#primaryimage\"},\"datePublished\":\"2017-05-02T17:14:59+00:00\",\"dateModified\":\"2017-05-02T17:14:59+00:00\",\"author\":{\"@id\":\"https:\/\/www.visit-ulcinj.com\/blog\/#\/schema\/person\/dcab619c614d3038751c63bc2aadc06d\"},\"description\":\"An\u00ebtar\u00ebsimi n\u00eb NATO \u00ebsht\u00eb grusht i r\u00ebnd\u00eb p\u00ebr Partin\u00eb demokratike t\u00eb socialist\u00ebve dhe p\u00ebrkrahje e madhe p\u00ebr ndryshimet e ardhshme politike n\u00eb Mal t\u00eb Zi,\",\"breadcrumb\":{\"@id\":\"https:\/\/www.visit-ulcinj.com\/blog\/2017\/05\/02\/abazoviq-anetaresimi-ne-nato-grusht-rende-per-pds\/#breadcrumb\"},\"inLanguage\":\"en-US\",\"potentialAction\":[{\"@type\":\"ReadAction\",\"target\":[\"https:\/\/www.visit-ulcinj.com\/blog\/2017\/05\/02\/abazoviq-anetaresimi-ne-nato-grusht-rende-per-pds\/\"]}]},{\"@type\":\"BreadcrumbList\",\"@id\":\"https:\/\/www.visit-ulcinj.com\/blog\/2017\/05\/02\/abazoviq-anetaresimi-ne-nato-grusht-rende-per-pds\/#breadcrumb\",\"itemListElement\":[{\"@type\":\"ListItem\",\"position\":1,\"name\":\"Abazoviq: An\u00ebtar\u00ebsimi n\u00eb NATO grusht i r\u00ebnd\u00eb p\u00ebr PDS-in\"}]},{\"@type\":\"Person\",\"@id\":\"https:\/\/www.visit-ulcinj.com\/blog\/#\/schema\/person\/dcab619c614d3038751c63bc2aadc06d\",\"name\":\"ulqini\",\"sameAs\":[\"http:\/\/www.visit-ulcinj.com\"],\"url\":\"https:\/\/www.visit-ulcinj.com\/blog\/author\/admin\/\"}]}<\/script>\n<!-- \/ Yoast SEO plugin. -->","yoast_head_json":{"title":"Abazoviq: An\u00ebtar\u00ebsimi n\u00eb NATO grusht i r\u00ebnd\u00eb p\u00ebr PDS-in - Lajme nga Ulqini","description":"An\u00ebtar\u00ebsimi n\u00eb NATO \u00ebsht\u00eb grusht i r\u00ebnd\u00eb p\u00ebr Partin\u00eb demokratike t\u00eb socialist\u00ebve dhe p\u00ebrkrahje e madhe p\u00ebr ndryshimet e ardhshme politike n\u00eb Mal t\u00eb Zi,","robots":{"index":"index","follow":"follow","max-snippet":"max-snippet:-1","max-image-preview":"max-image-preview:large","max-video-preview":"max-video-preview:-1"},"canonical":"https:\/\/www.visit-ulcinj.com\/blog\/2017\/05\/02\/abazoviq-anetaresimi-ne-nato-grusht-rende-per-pds\/","og_locale":"en_US","og_type":"article","og_title":"Abazoviq: An\u00ebtar\u00ebsimi n\u00eb NATO grusht i r\u00ebnd\u00eb p\u00ebr PDS-in - Lajme nga Ulqini","og_description":"An\u00ebtar\u00ebsimi n\u00eb NATO \u00ebsht\u00eb grusht i r\u00ebnd\u00eb p\u00ebr Partin\u00eb demokratike t\u00eb socialist\u00ebve dhe p\u00ebrkrahje e madhe p\u00ebr ndryshimet e ardhshme politike n\u00eb Mal t\u00eb Zi,","og_url":"https:\/\/www.visit-ulcinj.com\/blog\/2017\/05\/02\/abazoviq-anetaresimi-ne-nato-grusht-rende-per-pds\/","og_site_name":"Lajme nga Ulqini","article_published_time":"2017-05-02T17:14:59+00:00","og_image":[{"url":"http:\/\/www.visit-ulcinj.com\/blog\/wp-content\/uploads\/2017\/05\/DRITAN-ABAZOVIQ.jpg"}],"twitter_misc":{"Written by":"ulqini","Est. reading time":"1 minute"},"schema":{"@context":"https:\/\/schema.org","@graph":[{"@type":"WebSite","@id":"https:\/\/www.visit-ulcinj.com\/blog\/#website","url":"https:\/\/www.visit-ulcinj.com\/blog\/","name":"Lajme nga Ulqini","description":"Lajme,Vijesti,Ulqini,Ulqin,Crna Gora,Mali i Zi","potentialAction":[{"@type":"SearchAction","target":{"@type":"EntryPoint","urlTemplate":"https:\/\/www.visit-ulcinj.com\/blog\/?s={search_term_string}"},"query-input":"required name=search_term_string"}],"inLanguage":"en-US"},{"@type":"ImageObject","inLanguage":"en-US","@id":"https:\/\/www.visit-ulcinj.com\/blog\/2017\/05\/02\/abazoviq-anetaresimi-ne-nato-grusht-rende-per-pds\/#primaryimage","url":"https:\/\/www.visit-ulcinj.com\/blog\/wp-content\/uploads\/2017\/05\/DRITAN-ABAZOVIQ.jpg","contentUrl":"https:\/\/www.visit-ulcinj.com\/blog\/wp-content\/uploads\/2017\/05\/DRITAN-ABAZOVIQ.jpg","width":900,"height":600},{"@type":"WebPage","@id":"https:\/\/www.visit-ulcinj.com\/blog\/2017\/05\/02\/abazoviq-anetaresimi-ne-nato-grusht-rende-per-pds\/#webpage","url":"https:\/\/www.visit-ulcinj.com\/blog\/2017\/05\/02\/abazoviq-anetaresimi-ne-nato-grusht-rende-per-pds\/","name":"Abazoviq: An\u00ebtar\u00ebsimi n\u00eb NATO grusht i r\u00ebnd\u00eb p\u00ebr PDS-in - Lajme nga Ulqini","isPartOf":{"@id":"https:\/\/www.visit-ulcinj.com\/blog\/#website"},"primaryImageOfPage":{"@id":"https:\/\/www.visit-ulcinj.com\/blog\/2017\/05\/02\/abazoviq-anetaresimi-ne-nato-grusht-rende-per-pds\/#primaryimage"},"datePublished":"2017-05-02T17:14:59+00:00","dateModified":"2017-05-02T17:14:59+00:00","author":{"@id":"https:\/\/www.visit-ulcinj.com\/blog\/#\/schema\/person\/dcab619c614d3038751c63bc2aadc06d"},"description":"An\u00ebtar\u00ebsimi n\u00eb NATO \u00ebsht\u00eb grusht i r\u00ebnd\u00eb p\u00ebr Partin\u00eb demokratike t\u00eb socialist\u00ebve dhe p\u00ebrkrahje e madhe p\u00ebr ndryshimet e ardhshme politike n\u00eb Mal t\u00eb Zi,","breadcrumb":{"@id":"https:\/\/www.visit-ulcinj.com\/blog\/2017\/05\/02\/abazoviq-anetaresimi-ne-nato-grusht-rende-per-pds\/#breadcrumb"},"inLanguage":"en-US","potentialAction":[{"@type":"ReadAction","target":["https:\/\/www.visit-ulcinj.com\/blog\/2017\/05\/02\/abazoviq-anetaresimi-ne-nato-grusht-rende-per-pds\/"]}]},{"@type":"BreadcrumbList","@id":"https:\/\/www.visit-ulcinj.com\/blog\/2017\/05\/02\/abazoviq-anetaresimi-ne-nato-grusht-rende-per-pds\/#breadcrumb","itemListElement":[{"@type":"ListItem","position":1,"name":"Abazoviq: An\u00ebtar\u00ebsimi n\u00eb NATO grusht i r\u00ebnd\u00eb p\u00ebr PDS-in"}]},{"@type":"Person","@id":"https:\/\/www.visit-ulcinj.com\/blog\/#\/schema\/person\/dcab619c614d3038751c63bc2aadc06d","name":"ulqini","sameAs":["http:\/\/www.visit-ulcinj.com"],"url":"https:\/\/www.visit-ulcinj.com\/blog\/author\/admin\/"}]}},"jetpack_featured_media_url":"","jetpack_sharing_enabled":true,"jetpack_shortlink":"https:\/\/wp.me\/pe6lTn-rgV","_links":{"self":[{"href":"https:\/\/www.visit-ulcinj.com\/blog\/wp-json\/wp\/v2\/posts\/104837"}],"collection":[{"href":"https:\/\/www.visit-ulcinj.com\/blog\/wp-json\/wp\/v2\/posts"}],"about":[{"href":"https:\/\/www.visit-ulcinj.com\/blog\/wp-json\/wp\/v2\/types\/post"}],"author":[{"embeddable":true,"href":"https:\/\/www.visit-ulcinj.com\/blog\/wp-json\/wp\/v2\/users\/1"}],"replies":[{"embeddable":true,"href":"https:\/\/www.visit-ulcinj.com\/blog\/wp-json\/wp\/v2\/comments?post=104837"}],"version-history":[{"count":1,"href":"https:\/\/www.visit-ulcinj.com\/blog\/wp-json\/wp\/v2\/posts\/104837\/revisions"}],"predecessor-version":[{"id":104839,"href":"https:\/\/www.visit-ulcinj.com\/blog\/wp-json\/wp\/v2\/posts\/104837\/revisions\/104839"}],"wp:attachment":[{"href":"https:\/\/www.visit-ulcinj.com\/blog\/wp-json\/wp\/v2\/media?parent=104837"}],"wp:term":[{"taxonomy":"category","embeddable":true,"href":"https:\/\/www.visit-ulcinj.com\/blog\/wp-json\/wp\/v2\/categories?post=104837"},{"taxonomy":"post_tag","embeddable":true,"href":"https:\/\/www.visit-ulcinj.com\/blog\/wp-json\/wp\/v2\/tags?post=104837"}],"curies":[{"name":"wp","href":"https:\/\/api.w.org\/{rel}","templated":true}]}}