{"id":104840,"date":"2017-05-03T06:24:58","date_gmt":"2017-05-03T05:24:58","guid":{"rendered":"http:\/\/www.visit-ulcinj.com\/blog\/?p=104840"},"modified":"2017-05-03T06:24:58","modified_gmt":"2017-05-03T05:24:58","slug":"gjonlekaj-leter-ngushllimi-per-vdekjen-e-gjelosh-nikes-gegaj","status":"publish","type":"post","link":"https:\/\/www.visit-ulcinj.com\/blog\/2017\/05\/03\/gjonlekaj-leter-ngushllimi-per-vdekjen-e-gjelosh-nikes-gegaj\/","title":{"rendered":"Gjonlekaj: Let\u00ebr ngushllimi per vdekjen e Gjelosh Nikes Gegaj"},"content":{"rendered":"<p><strong><a href=\"http:\/\/www.visit-ulcinj.com\/blog\/wp-content\/uploads\/2017\/05\/Gjelosh-Nik\u00ebs-Gegaj.jpg\"><img loading=\"lazy\" class=\"alignleft wp-image-104841 size-medium\" src=\"http:\/\/www.visit-ulcinj.com\/blog\/wp-content\/uploads\/2017\/05\/Gjelosh-Nik\u00ebs-Gegaj-217x300.jpg\" alt=\"\" width=\"217\" height=\"300\" \/><\/a>Nga: Gjek\u00eb Gjonlekaj<\/strong><\/p>\n<p>Shum\u00eb e pik\u00eblluamja familja e Nik\u00eb Lek\u00eb Marashit Gegaj, t\u00eb nderuar klerik\u00eb, zonja dhe zot\u00ebnji.<\/p>\n<p>Jeni mbledh\u00eb sot p\u00ebr ti dhan\u00eb lamtumir\u00ebn e fundit Gjelosh Nik\u00ebs Gegaj, i cili jetoi me nder e respekt\u00a0 p\u00ebr ma shum\u00eb se 70-vjet. Largimi i Gjelosh Nikes nga kjo jet\u00eb asht humbje e madhe p\u00ebr familjen dhe\u00a0 shoq\u00ebnine e tij. T\u00eb par\u00ebt e tij dhe te par\u00ebt e mij ishin kojshi dhe shum\u00eb t\u00eb dashtun.Sht\u00ebpia e Gjek\u00eb Lek\u00ebs dhe e Nik\u00eb Lek\u00ebs ishte oxhak i p\u00ebrmendun n\u00eb Triesh dhe ne tan\u00eb Mal\u00ebsi. Ishte familje e njoftun\u00a0 p\u00ebr fe e atdhe. Ata jetuan\u00a0 me nder e faqe t\u00eb bardh\u00eb kudo u shkeli kama e tyne, bile edhe n\u00eb bashk\u00ebsi t\u00eb ndryshme etnike dhe fetare si\u00e7 ishin Fudnat. Edhe pse jam largua nga Trieshi tash 55-vjet i kujtoj shum\u00eb her\u00eb prind\u00ebt e t\u00eb ndjerit\u2013Niken e Terez\u00ebn. E kujtoj q\u00ebndres\u00ebn e tyne t\u00eb mrekullueshme p\u00ebr vdekjen e djalit,\u00a0 Prel\u00eb Nik\u00ebs n\u00eb mosh\u00eb tep\u00ebr t\u00eb re, para pothuajse nji gjysm\u00eb shekulli. Ajo vdekje e parakohshme kishte trondit Trieshin n\u00eb p\u00ebrgjith\u00ebsi dhe familjen n\u00eb ve\u00e7anti.<\/p>\n<p>Nga p\u00ebrjetimet personale dhe lidhjet e ngushta familjare n\u00eb Triesh ruaj kujtime t\u00eb shkelqyeshme p\u00ebr familjen e Nik\u00eb Lek\u00ebs dhe te Gjek\u00eb Lek\u00ebs. Mbaj mend si f\u00ebmij q\u00eb sht\u00ebpia e tyne ishte si sht\u00ebpia ime. Kjo der\u00eb bujare ishte gjith\u00ebmon\u00eb e hapun, sidomos p\u00ebr miq\u00eb e dashamir\u00eb. N\u00eb lidhjet tona shekullore kishte shum\u00eb miq\u00ebsi, kumari e dashni. Baba i Gjeloshit\u2013Nik\u00eb Lek\u00eb Marashi ishte trim, fisnik e besnik. K\u00ebshtu ishin edhe djemt\u00eb e tij: Luca,Prela,Tomi,Kola,Gjeloshi dhe djali ma i vog\u00ebl Pr\u00ebtash Nika. Edhe bijat e tyne u p\u00ebrm\u00ebnd\u00ebn gjith\u00ebmon\u00eb p\u00ebr t\u00eb mir\u00eb n\u00eb Triesh dhe n\u00eb\u00a0 Mal\u00ebsi. Largimi i tyne nga vendlindja ishte humbje e madhe p\u00ebr Trieshin dhe p\u00ebr tan\u00eb Mal\u00ebsin\u00eb. Si shumica e mal\u00ebsor\u00ebve edhe kjo familje u vendos n\u00eb Amerike ku jeton tash gati nji gjys shekulli, me nder e dinjitet.<\/p>\n<p>V\u00ebllaz\u00ebnia Gegaj ishte shum\u00eb e permendun p\u00ebr trim\u00ebni, p\u00ebr bujari dhe p\u00ebr urti. Kjo v\u00ebllaz\u00ebni ka dhan\u00eb trima t\u00eb p\u00ebrmendun. Sot e k\u00ebsaj dite flitet p\u00ebr trim\u00ebnin\u00eb dhe bujarin\u00eb e Tom Prelit e t\u00eb Gjelosh Pr\u00eblit. Dhe kush asht ai shqiptar q\u00eb nuk ka ndigjua p\u00ebr dijetarin e famsh\u00ebm Dr. Athanas Gegaj.<\/p>\n<p>Koh\u00eb ma par\u00eb kjo familje humbi n\u00eb mosh\u00eb relativisht t\u00eb re Mark Nolin Gegaj. V\u00ebllaz\u00ebnia juaj dhe i gjith\u00eb farefisi jeni shum\u00eb te pik\u00eblluem p\u00ebr vdekjen e Gjelosh Nik\u00ebs. Por ju t\u00eb familjes duhet t\u00eb jeni krenar q\u00eb kishi nji v\u00eblla e nji bab\u00eb e gjysh aq te mir\u00eb. Kujtimet e tij do ti ruani p\u00ebr koh\u00eb t\u00eb gjat\u00eb. Ashtu si\u00e7 do ti ruajn\u00eb edhe ata q\u00eb punuan e shoq\u00ebnuan me t\u00eb ndjerin Gjelosh. Ky \u00ebm\u00ebn i bukur dhe i dashtun shqiptar do te kujtohet p\u00ebr jet\u00eb e mot. Gjelosh Nika pushoft\u00eb n\u00eb paqe, e ju u dhasht Zoti kivet.<\/p>\n<p>Dhe n\u00eb fund kerkoj falje t\u00eb sinqert\u00eb p\u00ebr mospjes\u00ebmarrjen time fizike n\u00eb at\u00eb mort t\u00eb madh t\u00eb familjes suaj.<\/p>\n<p>Gjeke Gjonlekaj\/New York<\/p>\n","protected":false},"excerpt":{"rendered":"<p>Nga: Gjek\u00eb Gjonlekaj Shum\u00eb e pik\u00eblluamja familja e Nik\u00eb Lek\u00eb Marashit Gegaj, t\u00eb nderuar klerik\u00eb, zonja dhe zot\u00ebnji. Jeni mbledh\u00eb sot p\u00ebr ti dhan\u00eb lamtumir\u00ebn e fundit Gjelosh Nik\u00ebs Gegaj, i cili jetoi me nder e respekt\u00a0 p\u00ebr ma shum\u00eb se 70-vjet. Largimi i Gjelosh Nikes nga kjo jet\u00eb asht humbje e madhe p\u00ebr familjen [&hellip;]<\/p>\n","protected":false},"author":1,"featured_media":0,"comment_status":"closed","ping_status":"closed","sticky":false,"template":"","format":"standard","meta":{"spay_email":"","jetpack_publicize_message":"","jetpack_is_tweetstorm":false,"jetpack_publicize_feature_enabled":true},"categories":[6950],"tags":[],"jetpack_publicize_connections":[],"yoast_head":"<!-- This site is optimized with the Yoast SEO plugin v19.1 - https:\/\/yoast.com\/wordpress\/plugins\/seo\/ -->\n<title>Gjonlekaj: Let\u00ebr ngushllimi per vdekjen e Gjelosh Nikes Gegaj - Lajme nga Ulqini<\/title>\n<meta name=\"description\" content=\"Nga: Gjek\u00eb Gjonlekaj Shum\u00eb e pik\u00eblluamja familja e Nik\u00eb Lek\u00eb Marashit Gegaj, t\u00eb nderuar klerik\u00eb, zonja dhe zot\u00ebnji. Jeni mbledh\u00eb sot p\u00ebr ti dhan\u00eb\" \/>\n<meta name=\"robots\" content=\"index, follow, max-snippet:-1, max-image-preview:large, max-video-preview:-1\" \/>\n<link rel=\"canonical\" href=\"https:\/\/www.visit-ulcinj.com\/blog\/2017\/05\/03\/gjonlekaj-leter-ngushllimi-per-vdekjen-e-gjelosh-nikes-gegaj\/\" \/>\n<meta property=\"og:locale\" content=\"en_US\" \/>\n<meta property=\"og:type\" content=\"article\" \/>\n<meta property=\"og:title\" content=\"Gjonlekaj: Let\u00ebr ngushllimi per vdekjen e Gjelosh Nikes Gegaj - Lajme nga Ulqini\" \/>\n<meta property=\"og:description\" content=\"Nga: Gjek\u00eb Gjonlekaj Shum\u00eb e pik\u00eblluamja familja e Nik\u00eb Lek\u00eb Marashit Gegaj, t\u00eb nderuar klerik\u00eb, zonja dhe zot\u00ebnji. Jeni mbledh\u00eb sot p\u00ebr ti dhan\u00eb\" \/>\n<meta property=\"og:url\" content=\"https:\/\/www.visit-ulcinj.com\/blog\/2017\/05\/03\/gjonlekaj-leter-ngushllimi-per-vdekjen-e-gjelosh-nikes-gegaj\/\" \/>\n<meta property=\"og:site_name\" content=\"Lajme nga Ulqini\" \/>\n<meta property=\"article:published_time\" content=\"2017-05-03T05:24:58+00:00\" \/>\n<meta name=\"twitter:label1\" content=\"Written by\" \/>\n\t<meta name=\"twitter:data1\" content=\"ulqini\" \/>\n\t<meta name=\"twitter:label2\" content=\"Est. reading time\" \/>\n\t<meta name=\"twitter:data2\" content=\"3 minutes\" \/>\n<script type=\"application\/ld+json\" class=\"yoast-schema-graph\">{\"@context\":\"https:\/\/schema.org\",\"@graph\":[{\"@type\":\"WebSite\",\"@id\":\"https:\/\/www.visit-ulcinj.com\/blog\/#website\",\"url\":\"https:\/\/www.visit-ulcinj.com\/blog\/\",\"name\":\"Lajme nga Ulqini\",\"description\":\"Lajme,Vijesti,Ulqini,Ulqin,Crna Gora,Mali i Zi\",\"potentialAction\":[{\"@type\":\"SearchAction\",\"target\":{\"@type\":\"EntryPoint\",\"urlTemplate\":\"https:\/\/www.visit-ulcinj.com\/blog\/?s={search_term_string}\"},\"query-input\":\"required name=search_term_string\"}],\"inLanguage\":\"en-US\"},{\"@type\":\"WebPage\",\"@id\":\"https:\/\/www.visit-ulcinj.com\/blog\/2017\/05\/03\/gjonlekaj-leter-ngushllimi-per-vdekjen-e-gjelosh-nikes-gegaj\/#webpage\",\"url\":\"https:\/\/www.visit-ulcinj.com\/blog\/2017\/05\/03\/gjonlekaj-leter-ngushllimi-per-vdekjen-e-gjelosh-nikes-gegaj\/\",\"name\":\"Gjonlekaj: Let\u00ebr ngushllimi per vdekjen e Gjelosh Nikes Gegaj - Lajme nga Ulqini\",\"isPartOf\":{\"@id\":\"https:\/\/www.visit-ulcinj.com\/blog\/#website\"},\"datePublished\":\"2017-05-03T05:24:58+00:00\",\"dateModified\":\"2017-05-03T05:24:58+00:00\",\"author\":{\"@id\":\"https:\/\/www.visit-ulcinj.com\/blog\/#\/schema\/person\/dcab619c614d3038751c63bc2aadc06d\"},\"description\":\"Nga: Gjek\u00eb Gjonlekaj Shum\u00eb e pik\u00eblluamja familja e Nik\u00eb Lek\u00eb Marashit Gegaj, t\u00eb nderuar klerik\u00eb, zonja dhe zot\u00ebnji. Jeni mbledh\u00eb sot p\u00ebr ti dhan\u00eb\",\"breadcrumb\":{\"@id\":\"https:\/\/www.visit-ulcinj.com\/blog\/2017\/05\/03\/gjonlekaj-leter-ngushllimi-per-vdekjen-e-gjelosh-nikes-gegaj\/#breadcrumb\"},\"inLanguage\":\"en-US\",\"potentialAction\":[{\"@type\":\"ReadAction\",\"target\":[\"https:\/\/www.visit-ulcinj.com\/blog\/2017\/05\/03\/gjonlekaj-leter-ngushllimi-per-vdekjen-e-gjelosh-nikes-gegaj\/\"]}]},{\"@type\":\"BreadcrumbList\",\"@id\":\"https:\/\/www.visit-ulcinj.com\/blog\/2017\/05\/03\/gjonlekaj-leter-ngushllimi-per-vdekjen-e-gjelosh-nikes-gegaj\/#breadcrumb\",\"itemListElement\":[{\"@type\":\"ListItem\",\"position\":1,\"name\":\"Gjonlekaj: Let\u00ebr ngushllimi per vdekjen e Gjelosh Nikes Gegaj\"}]},{\"@type\":\"Person\",\"@id\":\"https:\/\/www.visit-ulcinj.com\/blog\/#\/schema\/person\/dcab619c614d3038751c63bc2aadc06d\",\"name\":\"ulqini\",\"sameAs\":[\"http:\/\/www.visit-ulcinj.com\"],\"url\":\"https:\/\/www.visit-ulcinj.com\/blog\/author\/admin\/\"}]}<\/script>\n<!-- \/ Yoast SEO plugin. -->","yoast_head_json":{"title":"Gjonlekaj: Let\u00ebr ngushllimi per vdekjen e Gjelosh Nikes Gegaj - Lajme nga Ulqini","description":"Nga: Gjek\u00eb Gjonlekaj Shum\u00eb e pik\u00eblluamja familja e Nik\u00eb Lek\u00eb Marashit Gegaj, t\u00eb nderuar klerik\u00eb, zonja dhe zot\u00ebnji. Jeni mbledh\u00eb sot p\u00ebr ti dhan\u00eb","robots":{"index":"index","follow":"follow","max-snippet":"max-snippet:-1","max-image-preview":"max-image-preview:large","max-video-preview":"max-video-preview:-1"},"canonical":"https:\/\/www.visit-ulcinj.com\/blog\/2017\/05\/03\/gjonlekaj-leter-ngushllimi-per-vdekjen-e-gjelosh-nikes-gegaj\/","og_locale":"en_US","og_type":"article","og_title":"Gjonlekaj: Let\u00ebr ngushllimi per vdekjen e Gjelosh Nikes Gegaj - Lajme nga Ulqini","og_description":"Nga: Gjek\u00eb Gjonlekaj Shum\u00eb e pik\u00eblluamja familja e Nik\u00eb Lek\u00eb Marashit Gegaj, t\u00eb nderuar klerik\u00eb, zonja dhe zot\u00ebnji. Jeni mbledh\u00eb sot p\u00ebr ti dhan\u00eb","og_url":"https:\/\/www.visit-ulcinj.com\/blog\/2017\/05\/03\/gjonlekaj-leter-ngushllimi-per-vdekjen-e-gjelosh-nikes-gegaj\/","og_site_name":"Lajme nga Ulqini","article_published_time":"2017-05-03T05:24:58+00:00","twitter_misc":{"Written by":"ulqini","Est. reading time":"3 minutes"},"schema":{"@context":"https:\/\/schema.org","@graph":[{"@type":"WebSite","@id":"https:\/\/www.visit-ulcinj.com\/blog\/#website","url":"https:\/\/www.visit-ulcinj.com\/blog\/","name":"Lajme nga Ulqini","description":"Lajme,Vijesti,Ulqini,Ulqin,Crna Gora,Mali i Zi","potentialAction":[{"@type":"SearchAction","target":{"@type":"EntryPoint","urlTemplate":"https:\/\/www.visit-ulcinj.com\/blog\/?s={search_term_string}"},"query-input":"required name=search_term_string"}],"inLanguage":"en-US"},{"@type":"WebPage","@id":"https:\/\/www.visit-ulcinj.com\/blog\/2017\/05\/03\/gjonlekaj-leter-ngushllimi-per-vdekjen-e-gjelosh-nikes-gegaj\/#webpage","url":"https:\/\/www.visit-ulcinj.com\/blog\/2017\/05\/03\/gjonlekaj-leter-ngushllimi-per-vdekjen-e-gjelosh-nikes-gegaj\/","name":"Gjonlekaj: Let\u00ebr ngushllimi per vdekjen e Gjelosh Nikes Gegaj - Lajme nga Ulqini","isPartOf":{"@id":"https:\/\/www.visit-ulcinj.com\/blog\/#website"},"datePublished":"2017-05-03T05:24:58+00:00","dateModified":"2017-05-03T05:24:58+00:00","author":{"@id":"https:\/\/www.visit-ulcinj.com\/blog\/#\/schema\/person\/dcab619c614d3038751c63bc2aadc06d"},"description":"Nga: Gjek\u00eb Gjonlekaj Shum\u00eb e pik\u00eblluamja familja e Nik\u00eb Lek\u00eb Marashit Gegaj, t\u00eb nderuar klerik\u00eb, zonja dhe zot\u00ebnji. Jeni mbledh\u00eb sot p\u00ebr ti dhan\u00eb","breadcrumb":{"@id":"https:\/\/www.visit-ulcinj.com\/blog\/2017\/05\/03\/gjonlekaj-leter-ngushllimi-per-vdekjen-e-gjelosh-nikes-gegaj\/#breadcrumb"},"inLanguage":"en-US","potentialAction":[{"@type":"ReadAction","target":["https:\/\/www.visit-ulcinj.com\/blog\/2017\/05\/03\/gjonlekaj-leter-ngushllimi-per-vdekjen-e-gjelosh-nikes-gegaj\/"]}]},{"@type":"BreadcrumbList","@id":"https:\/\/www.visit-ulcinj.com\/blog\/2017\/05\/03\/gjonlekaj-leter-ngushllimi-per-vdekjen-e-gjelosh-nikes-gegaj\/#breadcrumb","itemListElement":[{"@type":"ListItem","position":1,"name":"Gjonlekaj: Let\u00ebr ngushllimi per vdekjen e Gjelosh Nikes Gegaj"}]},{"@type":"Person","@id":"https:\/\/www.visit-ulcinj.com\/blog\/#\/schema\/person\/dcab619c614d3038751c63bc2aadc06d","name":"ulqini","sameAs":["http:\/\/www.visit-ulcinj.com"],"url":"https:\/\/www.visit-ulcinj.com\/blog\/author\/admin\/"}]}},"jetpack_featured_media_url":"","jetpack_sharing_enabled":true,"jetpack_shortlink":"https:\/\/wp.me\/pe6lTn-rgY","_links":{"self":[{"href":"https:\/\/www.visit-ulcinj.com\/blog\/wp-json\/wp\/v2\/posts\/104840"}],"collection":[{"href":"https:\/\/www.visit-ulcinj.com\/blog\/wp-json\/wp\/v2\/posts"}],"about":[{"href":"https:\/\/www.visit-ulcinj.com\/blog\/wp-json\/wp\/v2\/types\/post"}],"author":[{"embeddable":true,"href":"https:\/\/www.visit-ulcinj.com\/blog\/wp-json\/wp\/v2\/users\/1"}],"replies":[{"embeddable":true,"href":"https:\/\/www.visit-ulcinj.com\/blog\/wp-json\/wp\/v2\/comments?post=104840"}],"version-history":[{"count":1,"href":"https:\/\/www.visit-ulcinj.com\/blog\/wp-json\/wp\/v2\/posts\/104840\/revisions"}],"predecessor-version":[{"id":104842,"href":"https:\/\/www.visit-ulcinj.com\/blog\/wp-json\/wp\/v2\/posts\/104840\/revisions\/104842"}],"wp:attachment":[{"href":"https:\/\/www.visit-ulcinj.com\/blog\/wp-json\/wp\/v2\/media?parent=104840"}],"wp:term":[{"taxonomy":"category","embeddable":true,"href":"https:\/\/www.visit-ulcinj.com\/blog\/wp-json\/wp\/v2\/categories?post=104840"},{"taxonomy":"post_tag","embeddable":true,"href":"https:\/\/www.visit-ulcinj.com\/blog\/wp-json\/wp\/v2\/tags?post=104840"}],"curies":[{"name":"wp","href":"https:\/\/api.w.org\/{rel}","templated":true}]}}