{"id":104849,"date":"2017-05-04T14:27:42","date_gmt":"2017-05-04T13:27:42","guid":{"rendered":"http:\/\/www.visit-ulcinj.com\/blog\/?p=104849"},"modified":"2017-05-04T14:27:42","modified_gmt":"2017-05-04T13:27:42","slug":"memoriam-preminuo-slikar-profesor-rudi-goga","status":"publish","type":"post","link":"https:\/\/www.visit-ulcinj.com\/blog\/2017\/05\/04\/memoriam-preminuo-slikar-profesor-rudi-goga\/","title":{"rendered":"IN MEMORIAM, Preminuo slikar i profesor RUDI GOGA"},"content":{"rendered":"<p><strong><a href=\"http:\/\/www.visit-ulcinj.com\/blog\/wp-content\/uploads\/2012\/05\/Rudi-Goga-ekspozon-n\u00eb-Gjermani.jpg\"><img loading=\"lazy\" class=\"alignleft wp-image-60224\" src=\"http:\/\/www.visit-ulcinj.com\/blog\/wp-content\/uploads\/2012\/05\/Rudi-Goga-ekspozon-n\u00eb-Gjermani.jpg\" alt=\"\" width=\"508\" height=\"725\" srcset=\"https:\/\/www.visit-ulcinj.com\/blog\/wp-content\/uploads\/2012\/05\/Rudi-Goga-ekspozon-n\u00eb-Gjermani.jpg 445w, https:\/\/www.visit-ulcinj.com\/blog\/wp-content\/uploads\/2012\/05\/Rudi-Goga-ekspozon-n\u00eb-Gjermani-210x300.jpg 210w\" sizes=\"(max-width: 508px) 100vw, 508px\" \/><\/a>IZNENADA u 69 godini \u017eivota preminuo je poznati akademski slikar, grafi\u010dar i umjetnik regionalnog formata RUDI GOGA.<\/strong><br \/>\n\u017divio je u Starom gradu Ulcinja, gdje je imao atelje u kojem je stvarao vrijedna umjetni\u010dka djela , koja danas krase mnoge privatne ku\u0107e, ali, i galerije gdje je izlagao. Imao je bezbroj samostalnih izlo\u017ebi, koje su uvijek bile dobro posje\u0107ene. Zadnja, koju je pripremao ostala je u pripremi , s obzirom da ga je iznenadna smrt sprije\u010dila u tome.<br \/>\nRudi je bio, tih , miran i skroman \u010dovjek. Dugo godina je radio kao prosvjetni radnik, vaspitavaju\u0107i i prenose\u0107i umjetnost i njenu ljepotu mnogim generacijama.<br \/>\nNjegova specijalnost je bila grafika i tu je po mnogim kriti\u010darima umjetnosti bio nenadma\u0161an. Za informaciju \u010ditaocima, Rudi GOGA je studije zavr\u0161io u Njema\u010dkoj gdje je i stekao zvanje akademskog slikara, poznatog \u0161irim krugovima likovne umjetnosti.<br \/>\nPrije dvije godine je iza\u0161la iz \u0161tampe njegova monumentalna Monografija, u kojoj je u vrhunskom dizajnu na mnogo jezika, obuhva\u0107en dio njegovog vanserijskog stvarala\u0161tva. Ponosni smo \u0161to je radio i \u017eivio u Starom gradu i \u0161to je bio gra\u0111anin na\u0161eg prelijepog grada.<br \/>\nNakon zavr\u0161enih studija, odbio je mnogobrojne ponude da \u017eivi i radi i stvara u Njema\u010dkoj, me\u0111utim, ljubav prema volenom gradu je prevagnula.<br \/>\nMisljenja sam da \u0107e Rudi GOGA ostaviti veliku prazninu u na\u0161em slikarstvu i u na\u0161oj umjetnosti.<br \/>\nMnogi njegovi prijatelji, kolege, umjetnici, i sasvim obi\u010dni gra\u0111ani sa dubokim pijetetom govore o njemu i osje\u0107aju duboko po\u0161tovanje prema njemu, njegovoj li\u010dnosti i njegovoj umjetnosti.<br \/>\nMolim dragog Boga da podari mir i spokoj njegovoj plemenitoj du\u0161i u D\u017eehnetu.<\/p>\n<p id=\"js_9\" class=\"_5pbw _5vra\" data-ft=\"{&quot;tn&quot;:&quot;C&quot;}\"><strong><span class=\"fwn fcg\"><span class=\"fwb fcg\" data-ft=\"{&quot;tn&quot;:&quot;;&quot;}\"><a id=\"js_10u\" href=\"https:\/\/www.facebook.com\/ismet.karamanaga?fref=nf\" data-hovercard=\"\/ajax\/hovercard\/user.php?id=1359492972&amp;extragetparams=%7B%22fref%22%3A%22nf%22%7D\" data-hovercard-prefer-more-content-show=\"1\">Ismet Karamanaga Facebook<\/a><\/span><\/span><\/strong><\/p>\n","protected":false},"excerpt":{"rendered":"<p>IZNENADA u 69 godini \u017eivota preminuo je poznati akademski slikar, grafi\u010dar i umjetnik regionalnog formata RUDI GOGA. \u017divio je u Starom gradu Ulcinja, gdje je imao atelje u kojem je stvarao vrijedna umjetni\u010dka djela , koja danas krase mnoge privatne ku\u0107e, ali, i galerije gdje je izlagao. Imao je bezbroj samostalnih izlo\u017ebi, koje su uvijek [&hellip;]<\/p>\n","protected":false},"author":1,"featured_media":0,"comment_status":"closed","ping_status":"closed","sticky":false,"template":"","format":"standard","meta":{"spay_email":"","jetpack_publicize_message":"","jetpack_is_tweetstorm":false,"jetpack_publicize_feature_enabled":true},"categories":[8337],"tags":[],"jetpack_publicize_connections":[],"yoast_head":"<!-- This site is optimized with the Yoast SEO plugin v19.1 - https:\/\/yoast.com\/wordpress\/plugins\/seo\/ -->\n<title>IN MEMORIAM, Preminuo slikar i profesor RUDI GOGA - Lajme nga Ulqini<\/title>\n<meta name=\"description\" content=\"IZNENADA u 69 godini \u017eivota preminuo je poznati akademski slikar, grafi\u010dar i umjetnik regionalnog formata RUDI GOGA. \u017divio je u Starom gradu Ulcinja, gdje\" \/>\n<meta name=\"robots\" content=\"index, follow, max-snippet:-1, max-image-preview:large, max-video-preview:-1\" \/>\n<link rel=\"canonical\" href=\"https:\/\/www.visit-ulcinj.com\/blog\/2017\/05\/04\/memoriam-preminuo-slikar-profesor-rudi-goga\/\" \/>\n<meta property=\"og:locale\" content=\"en_US\" \/>\n<meta property=\"og:type\" content=\"article\" \/>\n<meta property=\"og:title\" content=\"IN MEMORIAM, Preminuo slikar i profesor RUDI GOGA - Lajme nga Ulqini\" \/>\n<meta property=\"og:description\" content=\"IZNENADA u 69 godini \u017eivota preminuo je poznati akademski slikar, grafi\u010dar i umjetnik regionalnog formata RUDI GOGA. \u017divio je u Starom gradu Ulcinja, gdje\" \/>\n<meta property=\"og:url\" content=\"https:\/\/www.visit-ulcinj.com\/blog\/2017\/05\/04\/memoriam-preminuo-slikar-profesor-rudi-goga\/\" \/>\n<meta property=\"og:site_name\" content=\"Lajme nga Ulqini\" \/>\n<meta property=\"article:published_time\" content=\"2017-05-04T13:27:42+00:00\" \/>\n<meta name=\"twitter:label1\" content=\"Written by\" \/>\n\t<meta name=\"twitter:data1\" content=\"ulqini\" \/>\n\t<meta name=\"twitter:label2\" content=\"Est. reading time\" \/>\n\t<meta name=\"twitter:data2\" content=\"1 minute\" \/>\n<script type=\"application\/ld+json\" class=\"yoast-schema-graph\">{\"@context\":\"https:\/\/schema.org\",\"@graph\":[{\"@type\":\"WebSite\",\"@id\":\"https:\/\/www.visit-ulcinj.com\/blog\/#website\",\"url\":\"https:\/\/www.visit-ulcinj.com\/blog\/\",\"name\":\"Lajme nga Ulqini\",\"description\":\"Lajme,Vijesti,Ulqini,Ulqin,Crna Gora,Mali i Zi\",\"potentialAction\":[{\"@type\":\"SearchAction\",\"target\":{\"@type\":\"EntryPoint\",\"urlTemplate\":\"https:\/\/www.visit-ulcinj.com\/blog\/?s={search_term_string}\"},\"query-input\":\"required name=search_term_string\"}],\"inLanguage\":\"en-US\"},{\"@type\":\"WebPage\",\"@id\":\"https:\/\/www.visit-ulcinj.com\/blog\/2017\/05\/04\/memoriam-preminuo-slikar-profesor-rudi-goga\/#webpage\",\"url\":\"https:\/\/www.visit-ulcinj.com\/blog\/2017\/05\/04\/memoriam-preminuo-slikar-profesor-rudi-goga\/\",\"name\":\"IN MEMORIAM, Preminuo slikar i profesor RUDI GOGA - Lajme nga Ulqini\",\"isPartOf\":{\"@id\":\"https:\/\/www.visit-ulcinj.com\/blog\/#website\"},\"datePublished\":\"2017-05-04T13:27:42+00:00\",\"dateModified\":\"2017-05-04T13:27:42+00:00\",\"author\":{\"@id\":\"https:\/\/www.visit-ulcinj.com\/blog\/#\/schema\/person\/dcab619c614d3038751c63bc2aadc06d\"},\"description\":\"IZNENADA u 69 godini \u017eivota preminuo je poznati akademski slikar, grafi\u010dar i umjetnik regionalnog formata RUDI GOGA. \u017divio je u Starom gradu Ulcinja, gdje\",\"breadcrumb\":{\"@id\":\"https:\/\/www.visit-ulcinj.com\/blog\/2017\/05\/04\/memoriam-preminuo-slikar-profesor-rudi-goga\/#breadcrumb\"},\"inLanguage\":\"en-US\",\"potentialAction\":[{\"@type\":\"ReadAction\",\"target\":[\"https:\/\/www.visit-ulcinj.com\/blog\/2017\/05\/04\/memoriam-preminuo-slikar-profesor-rudi-goga\/\"]}]},{\"@type\":\"BreadcrumbList\",\"@id\":\"https:\/\/www.visit-ulcinj.com\/blog\/2017\/05\/04\/memoriam-preminuo-slikar-profesor-rudi-goga\/#breadcrumb\",\"itemListElement\":[{\"@type\":\"ListItem\",\"position\":1,\"name\":\"IN MEMORIAM, Preminuo slikar i profesor RUDI GOGA\"}]},{\"@type\":\"Person\",\"@id\":\"https:\/\/www.visit-ulcinj.com\/blog\/#\/schema\/person\/dcab619c614d3038751c63bc2aadc06d\",\"name\":\"ulqini\",\"sameAs\":[\"http:\/\/www.visit-ulcinj.com\"],\"url\":\"https:\/\/www.visit-ulcinj.com\/blog\/author\/admin\/\"}]}<\/script>\n<!-- \/ Yoast SEO plugin. -->","yoast_head_json":{"title":"IN MEMORIAM, Preminuo slikar i profesor RUDI GOGA - Lajme nga Ulqini","description":"IZNENADA u 69 godini \u017eivota preminuo je poznati akademski slikar, grafi\u010dar i umjetnik regionalnog formata RUDI GOGA. \u017divio je u Starom gradu Ulcinja, gdje","robots":{"index":"index","follow":"follow","max-snippet":"max-snippet:-1","max-image-preview":"max-image-preview:large","max-video-preview":"max-video-preview:-1"},"canonical":"https:\/\/www.visit-ulcinj.com\/blog\/2017\/05\/04\/memoriam-preminuo-slikar-profesor-rudi-goga\/","og_locale":"en_US","og_type":"article","og_title":"IN MEMORIAM, Preminuo slikar i profesor RUDI GOGA - Lajme nga Ulqini","og_description":"IZNENADA u 69 godini \u017eivota preminuo je poznati akademski slikar, grafi\u010dar i umjetnik regionalnog formata RUDI GOGA. \u017divio je u Starom gradu Ulcinja, gdje","og_url":"https:\/\/www.visit-ulcinj.com\/blog\/2017\/05\/04\/memoriam-preminuo-slikar-profesor-rudi-goga\/","og_site_name":"Lajme nga Ulqini","article_published_time":"2017-05-04T13:27:42+00:00","twitter_misc":{"Written by":"ulqini","Est. reading time":"1 minute"},"schema":{"@context":"https:\/\/schema.org","@graph":[{"@type":"WebSite","@id":"https:\/\/www.visit-ulcinj.com\/blog\/#website","url":"https:\/\/www.visit-ulcinj.com\/blog\/","name":"Lajme nga Ulqini","description":"Lajme,Vijesti,Ulqini,Ulqin,Crna Gora,Mali i Zi","potentialAction":[{"@type":"SearchAction","target":{"@type":"EntryPoint","urlTemplate":"https:\/\/www.visit-ulcinj.com\/blog\/?s={search_term_string}"},"query-input":"required name=search_term_string"}],"inLanguage":"en-US"},{"@type":"WebPage","@id":"https:\/\/www.visit-ulcinj.com\/blog\/2017\/05\/04\/memoriam-preminuo-slikar-profesor-rudi-goga\/#webpage","url":"https:\/\/www.visit-ulcinj.com\/blog\/2017\/05\/04\/memoriam-preminuo-slikar-profesor-rudi-goga\/","name":"IN MEMORIAM, Preminuo slikar i profesor RUDI GOGA - Lajme nga Ulqini","isPartOf":{"@id":"https:\/\/www.visit-ulcinj.com\/blog\/#website"},"datePublished":"2017-05-04T13:27:42+00:00","dateModified":"2017-05-04T13:27:42+00:00","author":{"@id":"https:\/\/www.visit-ulcinj.com\/blog\/#\/schema\/person\/dcab619c614d3038751c63bc2aadc06d"},"description":"IZNENADA u 69 godini \u017eivota preminuo je poznati akademski slikar, grafi\u010dar i umjetnik regionalnog formata RUDI GOGA. \u017divio je u Starom gradu Ulcinja, gdje","breadcrumb":{"@id":"https:\/\/www.visit-ulcinj.com\/blog\/2017\/05\/04\/memoriam-preminuo-slikar-profesor-rudi-goga\/#breadcrumb"},"inLanguage":"en-US","potentialAction":[{"@type":"ReadAction","target":["https:\/\/www.visit-ulcinj.com\/blog\/2017\/05\/04\/memoriam-preminuo-slikar-profesor-rudi-goga\/"]}]},{"@type":"BreadcrumbList","@id":"https:\/\/www.visit-ulcinj.com\/blog\/2017\/05\/04\/memoriam-preminuo-slikar-profesor-rudi-goga\/#breadcrumb","itemListElement":[{"@type":"ListItem","position":1,"name":"IN MEMORIAM, Preminuo slikar i profesor RUDI GOGA"}]},{"@type":"Person","@id":"https:\/\/www.visit-ulcinj.com\/blog\/#\/schema\/person\/dcab619c614d3038751c63bc2aadc06d","name":"ulqini","sameAs":["http:\/\/www.visit-ulcinj.com"],"url":"https:\/\/www.visit-ulcinj.com\/blog\/author\/admin\/"}]}},"jetpack_featured_media_url":"","jetpack_sharing_enabled":true,"jetpack_shortlink":"https:\/\/wp.me\/pe6lTn-rh7","_links":{"self":[{"href":"https:\/\/www.visit-ulcinj.com\/blog\/wp-json\/wp\/v2\/posts\/104849"}],"collection":[{"href":"https:\/\/www.visit-ulcinj.com\/blog\/wp-json\/wp\/v2\/posts"}],"about":[{"href":"https:\/\/www.visit-ulcinj.com\/blog\/wp-json\/wp\/v2\/types\/post"}],"author":[{"embeddable":true,"href":"https:\/\/www.visit-ulcinj.com\/blog\/wp-json\/wp\/v2\/users\/1"}],"replies":[{"embeddable":true,"href":"https:\/\/www.visit-ulcinj.com\/blog\/wp-json\/wp\/v2\/comments?post=104849"}],"version-history":[{"count":1,"href":"https:\/\/www.visit-ulcinj.com\/blog\/wp-json\/wp\/v2\/posts\/104849\/revisions"}],"predecessor-version":[{"id":104850,"href":"https:\/\/www.visit-ulcinj.com\/blog\/wp-json\/wp\/v2\/posts\/104849\/revisions\/104850"}],"wp:attachment":[{"href":"https:\/\/www.visit-ulcinj.com\/blog\/wp-json\/wp\/v2\/media?parent=104849"}],"wp:term":[{"taxonomy":"category","embeddable":true,"href":"https:\/\/www.visit-ulcinj.com\/blog\/wp-json\/wp\/v2\/categories?post=104849"},{"taxonomy":"post_tag","embeddable":true,"href":"https:\/\/www.visit-ulcinj.com\/blog\/wp-json\/wp\/v2\/tags?post=104849"}],"curies":[{"name":"wp","href":"https:\/\/api.w.org\/{rel}","templated":true}]}}