{"id":104851,"date":"2017-05-04T14:39:13","date_gmt":"2017-05-04T13:39:13","guid":{"rendered":"http:\/\/www.visit-ulcinj.com\/blog\/?p=104851"},"modified":"2017-05-04T21:57:37","modified_gmt":"2017-05-04T20:57:37","slug":"promovohen-traditat-e-detarise-se-ulqinit-foto","status":"publish","type":"post","link":"https:\/\/www.visit-ulcinj.com\/blog\/2017\/05\/04\/promovohen-traditat-e-detarise-se-ulqinit-foto\/","title":{"rendered":"Promovohen traditat e detaris\u00eb s\u00eb Ulqinit + Foto"},"content":{"rendered":"<p><strong><a href=\"http:\/\/www.visit-ulcinj.com\/blog\/wp-content\/uploads\/2017\/05\/Promovohen-traditat-e-detaris\u00eb-s\u00eb-Ulqinit.jpg\"><img loading=\"lazy\" class=\"alignleft wp-image-104852\" src=\"http:\/\/www.visit-ulcinj.com\/blog\/wp-content\/uploads\/2017\/05\/Promovohen-traditat-e-detaris\u00eb-s\u00eb-Ulqinit.jpg\" alt=\"\" width=\"508\" height=\"286\" srcset=\"https:\/\/www.visit-ulcinj.com\/blog\/wp-content\/uploads\/2017\/05\/Promovohen-traditat-e-detaris\u00eb-s\u00eb-Ulqinit.jpg 960w, https:\/\/www.visit-ulcinj.com\/blog\/wp-content\/uploads\/2017\/05\/Promovohen-traditat-e-detaris\u00eb-s\u00eb-Ulqinit-300x169.jpg 300w, https:\/\/www.visit-ulcinj.com\/blog\/wp-content\/uploads\/2017\/05\/Promovohen-traditat-e-detaris\u00eb-s\u00eb-Ulqinit-768x432.jpg 768w\" sizes=\"(max-width: 508px) 100vw, 508px\" \/><\/a>03.05.2017<\/strong><\/p>\n<p><strong>Detaria e ULQINIT<\/strong><br \/>\nMbr\u00ebm\u00eb n\u00eb kuad\u00ebr t\u00eb manifestimit \u201cT\u00eb gjith\u00eb p\u00ebr turiz\u00ebm\u201d gjithashtu u organizuar nj\u00eb aktivitet i jasht\u00ebzakonsh\u00ebm i dedikuar detaris\u00eb t\u00eb famshme Ulqinake. Ishte ky nj\u00eb manifeastim i organizuar nga Muzeu i Ulqinit n\u00eb \u201cKull\u00ebn e Ballshajve n\u00eb Kala\u201d. Panelist\u00ebt Gazmend \u00c7ITAKU, Ibro MILLA si edhe autori kryesor i k\u00ebsaj mbr\u00ebmje Gazmend KOVA\u00c7I, fol\u00ebn p\u00ebr detarin\u00eb e famshme Ulqinake.<br \/>\nEdhe un\u00eb n\u00eb fjal\u00ebn p\u00ebrsh\u00ebndet\u00ebse n\u00eb em\u00ebr t\u00eb Kalas\u00eb, p\u00ebrmenda nd\u00ebrm<span class=\"text_exposed_show\">ejet t\u00eb tjerash edhe t\u00eb ndjerin, zotri Sari RESYLBEGOVIQIN , i cili ka luftuar q\u00eb n\u00eb kuad\u00ebr t\u00eb Muzeut t\u00eb hapet edhe Muzeu i detaris\u00eb ton\u00eb. Ishte ky nj\u00eb vizion nj\u00eb ide e k\u00ebtij banori t\u00eb Kalas\u00eb, por edhe drejtorit e \u201cQendr\u00ebs p\u00ebr kultur\u201d, t\u00eb asaj kohe. Sot mund t\u00eb shihet se ai ka pasur plot\u00ebsisht t\u00eb drejt, pasi q\u00eb qytetit ton\u00eb i mungon ky institucion. Duhet t\u00eb hapen arkat t\u00eb vjetra dhe t\u00eb gjitha sendet, fotografit\u00eb, shkrimet , dokumentat t\u00eb cilat i posedojn\u00eb familjet e famshme detare dhe t\u00eb kapedan\u00ebve ton\u00eb, t\u00eb ruhen n\u00eb nj\u00eb vend. Nj\u00eb gj\u00eb e till\u00eb u p\u00ebrkrah\u00eb nga t\u00eb gjith\u00eb t\u00eb pranishmit. <\/span><\/p>\n<p id=\"js_16r\" class=\"_5pbw _5vra\" data-ft=\"{&quot;tn&quot;:&quot;C&quot;}\"><strong><span class=\"fwn fcg\"><span class=\"fcg\"><span class=\"fwb\"><a class=\"profileLink\" href=\"https:\/\/www.facebook.com\/ismet.karamanaga\" data-ft=\"{&quot;tn&quot;:&quot;l&quot;}\" data-hovercard=\"\/ajax\/hovercard\/user.php?id=1359492972\" data-hovercard-prefer-more-content-show=\"1\">Ismet Karamanaga <\/a><\/span><\/span><\/span>Facebook<\/strong><\/p>\n\n\t\t<style type=\"text\/css\">\n\t\t\t#gallery-1 {\n\t\t\t\tmargin: auto;\n\t\t\t}\n\t\t\t#gallery-1 .gallery-item {\n\t\t\t\tfloat: left;\n\t\t\t\tmargin-top: 10px;\n\t\t\t\ttext-align: center;\n\t\t\t\twidth: 33%;\n\t\t\t}\n\t\t\t#gallery-1 img {\n\t\t\t\tborder: 2px solid #cfcfcf;\n\t\t\t}\n\t\t\t#gallery-1 .gallery-caption {\n\t\t\t\tmargin-left: 0;\n\t\t\t}\n\t\t\t\/* see gallery_shortcode() in wp-includes\/media.php *\/\n\t\t<\/style>\n\t\t<div id='gallery-1' class='gallery galleryid-104851 gallery-columns-3 gallery-size-thumbnail'><dl class='gallery-item'>\n\t\t\t<dt class='gallery-icon landscape'>\n\t\t\t\t<a href='https:\/\/www.visit-ulcinj.com\/blog\/2017\/05\/04\/promovohen-traditat-e-detarise-se-ulqinit-foto\/promovohen-traditat-e-detarise-se-ulqinit-1\/'><img width=\"150\" height=\"150\" src=\"https:\/\/www.visit-ulcinj.com\/blog\/wp-content\/uploads\/2017\/05\/Promovohen-traditat-e-detaris\u00eb-s\u00eb-Ulqinit-1-150x150.jpg\" class=\"attachment-thumbnail size-thumbnail\" alt=\"\" loading=\"lazy\" \/><\/a>\n\t\t\t<\/dt><\/dl><dl class='gallery-item'>\n\t\t\t<dt class='gallery-icon landscape'>\n\t\t\t\t<a href='https:\/\/www.visit-ulcinj.com\/blog\/2017\/05\/04\/promovohen-traditat-e-detarise-se-ulqinit-foto\/promovohen-traditat-e-detarise-se-ulqinit-2\/'><img width=\"150\" height=\"150\" src=\"https:\/\/www.visit-ulcinj.com\/blog\/wp-content\/uploads\/2017\/05\/Promovohen-traditat-e-detaris\u00eb-s\u00eb-Ulqinit-2-150x150.jpg\" class=\"attachment-thumbnail size-thumbnail\" alt=\"\" loading=\"lazy\" \/><\/a>\n\t\t\t<\/dt><\/dl><dl class='gallery-item'>\n\t\t\t<dt class='gallery-icon landscape'>\n\t\t\t\t<a href='https:\/\/www.visit-ulcinj.com\/blog\/2017\/05\/04\/promovohen-traditat-e-detarise-se-ulqinit-foto\/promovohen-traditat-e-detarise-se-ulqinit-3\/'><img width=\"150\" height=\"150\" src=\"https:\/\/www.visit-ulcinj.com\/blog\/wp-content\/uploads\/2017\/05\/Promovohen-traditat-e-detaris\u00eb-s\u00eb-Ulqinit-3-150x150.jpg\" class=\"attachment-thumbnail size-thumbnail\" alt=\"\" loading=\"lazy\" \/><\/a>\n\t\t\t<\/dt><\/dl><br style=\"clear: both\" \/><dl class='gallery-item'>\n\t\t\t<dt class='gallery-icon landscape'>\n\t\t\t\t<a href='https:\/\/www.visit-ulcinj.com\/blog\/2017\/05\/04\/promovohen-traditat-e-detarise-se-ulqinit-foto\/promovohen-traditat-e-detarise-se-ulqinit-4\/'><img width=\"150\" height=\"150\" src=\"https:\/\/www.visit-ulcinj.com\/blog\/wp-content\/uploads\/2017\/05\/Promovohen-traditat-e-detaris\u00eb-s\u00eb-Ulqinit-4-150x150.jpg\" class=\"attachment-thumbnail size-thumbnail\" alt=\"\" loading=\"lazy\" \/><\/a>\n\t\t\t<\/dt><\/dl><dl class='gallery-item'>\n\t\t\t<dt class='gallery-icon landscape'>\n\t\t\t\t<a href='https:\/\/www.visit-ulcinj.com\/blog\/2017\/05\/04\/promovohen-traditat-e-detarise-se-ulqinit-foto\/promovohen-traditat-e-detarise-se-ulqinit-5\/'><img width=\"150\" height=\"150\" src=\"https:\/\/www.visit-ulcinj.com\/blog\/wp-content\/uploads\/2017\/05\/Promovohen-traditat-e-detaris\u00eb-s\u00eb-Ulqinit-5-150x150.jpg\" class=\"attachment-thumbnail size-thumbnail\" alt=\"\" loading=\"lazy\" \/><\/a>\n\t\t\t<\/dt><\/dl><dl class='gallery-item'>\n\t\t\t<dt class='gallery-icon landscape'>\n\t\t\t\t<a href='https:\/\/www.visit-ulcinj.com\/blog\/2017\/05\/04\/promovohen-traditat-e-detarise-se-ulqinit-foto\/promovohen-traditat-e-detarise-se-ulqinit-6\/'><img width=\"150\" height=\"150\" src=\"https:\/\/www.visit-ulcinj.com\/blog\/wp-content\/uploads\/2017\/05\/Promovohen-traditat-e-detaris\u00eb-s\u00eb-Ulqinit-6-150x150.jpg\" class=\"attachment-thumbnail size-thumbnail\" alt=\"\" loading=\"lazy\" \/><\/a>\n\t\t\t<\/dt><\/dl><br style=\"clear: both\" \/>\n\t\t<\/div>\n\n<p class=\"_5pbw _5vra\" data-ft=\"{&quot;tn&quot;:&quot;C&quot;}\">\n","protected":false},"excerpt":{"rendered":"<p>03.05.2017 Detaria e ULQINIT Mbr\u00ebm\u00eb n\u00eb kuad\u00ebr t\u00eb manifestimit \u201cT\u00eb gjith\u00eb p\u00ebr turiz\u00ebm\u201d gjithashtu u organizuar nj\u00eb aktivitet i jasht\u00ebzakonsh\u00ebm i dedikuar detaris\u00eb t\u00eb famshme Ulqinake. Ishte ky nj\u00eb manifeastim i organizuar nga Muzeu i Ulqinit n\u00eb \u201cKull\u00ebn e Ballshajve n\u00eb Kala\u201d. Panelist\u00ebt Gazmend \u00c7ITAKU, Ibro MILLA si edhe autori kryesor i k\u00ebsaj mbr\u00ebmje Gazmend [&hellip;]<\/p>\n","protected":false},"author":1,"featured_media":0,"comment_status":"closed","ping_status":"closed","sticky":false,"template":"","format":"standard","meta":{"spay_email":"","jetpack_publicize_message":"","jetpack_is_tweetstorm":false,"jetpack_publicize_feature_enabled":true},"categories":[4,13],"tags":[],"jetpack_publicize_connections":[],"yoast_head":"<!-- This site is optimized with the Yoast SEO plugin v19.1 - https:\/\/yoast.com\/wordpress\/plugins\/seo\/ -->\n<title>Promovohen traditat e detaris\u00eb s\u00eb Ulqinit + Foto - Lajme nga Ulqini<\/title>\n<meta name=\"description\" content=\"03.05.2017 Detaria e ULQINIT Mbr\u00ebm\u00eb n\u00eb kuad\u00ebr t\u00eb manifestimit \u201cT\u00eb gjith\u00eb p\u00ebr turiz\u00ebm\u201d gjithashtu u organizuar nj\u00eb aktivitet i jasht\u00ebzakonsh\u00ebm i dedikuar\" \/>\n<meta name=\"robots\" content=\"index, follow, max-snippet:-1, max-image-preview:large, max-video-preview:-1\" \/>\n<link rel=\"canonical\" href=\"https:\/\/www.visit-ulcinj.com\/blog\/2017\/05\/04\/promovohen-traditat-e-detarise-se-ulqinit-foto\/\" \/>\n<meta property=\"og:locale\" content=\"en_US\" \/>\n<meta property=\"og:type\" content=\"article\" \/>\n<meta property=\"og:title\" content=\"Promovohen traditat e detaris\u00eb s\u00eb Ulqinit + Foto - Lajme nga Ulqini\" \/>\n<meta property=\"og:description\" content=\"03.05.2017 Detaria e ULQINIT Mbr\u00ebm\u00eb n\u00eb kuad\u00ebr t\u00eb manifestimit \u201cT\u00eb gjith\u00eb p\u00ebr turiz\u00ebm\u201d gjithashtu u organizuar nj\u00eb aktivitet i jasht\u00ebzakonsh\u00ebm i dedikuar\" \/>\n<meta property=\"og:url\" content=\"https:\/\/www.visit-ulcinj.com\/blog\/2017\/05\/04\/promovohen-traditat-e-detarise-se-ulqinit-foto\/\" \/>\n<meta property=\"og:site_name\" content=\"Lajme nga Ulqini\" \/>\n<meta property=\"article:published_time\" content=\"2017-05-04T13:39:13+00:00\" \/>\n<meta property=\"article:modified_time\" content=\"2017-05-04T20:57:37+00:00\" \/>\n<meta property=\"og:image\" content=\"https:\/\/www.visit-ulcinj.com\/blog\/wp-content\/uploads\/2017\/05\/Promovohen-traditat-e-detaris\u00eb-s\u00eb-Ulqinit-1-150x150.jpg\" \/>\n<meta name=\"twitter:label1\" content=\"Written by\" \/>\n\t<meta name=\"twitter:data1\" content=\"ulqini\" \/>\n\t<meta name=\"twitter:label2\" content=\"Est. reading time\" \/>\n\t<meta name=\"twitter:data2\" content=\"1 minute\" \/>\n<script type=\"application\/ld+json\" class=\"yoast-schema-graph\">{\"@context\":\"https:\/\/schema.org\",\"@graph\":[{\"@type\":\"WebSite\",\"@id\":\"https:\/\/www.visit-ulcinj.com\/blog\/#website\",\"url\":\"https:\/\/www.visit-ulcinj.com\/blog\/\",\"name\":\"Lajme nga Ulqini\",\"description\":\"Lajme,Vijesti,Ulqini,Ulqin,Crna Gora,Mali i Zi\",\"potentialAction\":[{\"@type\":\"SearchAction\",\"target\":{\"@type\":\"EntryPoint\",\"urlTemplate\":\"https:\/\/www.visit-ulcinj.com\/blog\/?s={search_term_string}\"},\"query-input\":\"required name=search_term_string\"}],\"inLanguage\":\"en-US\"},{\"@type\":\"WebPage\",\"@id\":\"https:\/\/www.visit-ulcinj.com\/blog\/2017\/05\/04\/promovohen-traditat-e-detarise-se-ulqinit-foto\/#webpage\",\"url\":\"https:\/\/www.visit-ulcinj.com\/blog\/2017\/05\/04\/promovohen-traditat-e-detarise-se-ulqinit-foto\/\",\"name\":\"Promovohen traditat e detaris\u00eb s\u00eb Ulqinit + Foto - Lajme nga Ulqini\",\"isPartOf\":{\"@id\":\"https:\/\/www.visit-ulcinj.com\/blog\/#website\"},\"datePublished\":\"2017-05-04T13:39:13+00:00\",\"dateModified\":\"2017-05-04T20:57:37+00:00\",\"author\":{\"@id\":\"https:\/\/www.visit-ulcinj.com\/blog\/#\/schema\/person\/dcab619c614d3038751c63bc2aadc06d\"},\"description\":\"03.05.2017 Detaria e ULQINIT Mbr\u00ebm\u00eb n\u00eb kuad\u00ebr t\u00eb manifestimit \u201cT\u00eb gjith\u00eb p\u00ebr turiz\u00ebm\u201d gjithashtu u organizuar nj\u00eb aktivitet i jasht\u00ebzakonsh\u00ebm i dedikuar\",\"breadcrumb\":{\"@id\":\"https:\/\/www.visit-ulcinj.com\/blog\/2017\/05\/04\/promovohen-traditat-e-detarise-se-ulqinit-foto\/#breadcrumb\"},\"inLanguage\":\"en-US\",\"potentialAction\":[{\"@type\":\"ReadAction\",\"target\":[\"https:\/\/www.visit-ulcinj.com\/blog\/2017\/05\/04\/promovohen-traditat-e-detarise-se-ulqinit-foto\/\"]}]},{\"@type\":\"BreadcrumbList\",\"@id\":\"https:\/\/www.visit-ulcinj.com\/blog\/2017\/05\/04\/promovohen-traditat-e-detarise-se-ulqinit-foto\/#breadcrumb\",\"itemListElement\":[{\"@type\":\"ListItem\",\"position\":1,\"name\":\"Promovohen traditat e detaris\u00eb s\u00eb Ulqinit + Foto\"}]},{\"@type\":\"Person\",\"@id\":\"https:\/\/www.visit-ulcinj.com\/blog\/#\/schema\/person\/dcab619c614d3038751c63bc2aadc06d\",\"name\":\"ulqini\",\"sameAs\":[\"http:\/\/www.visit-ulcinj.com\"],\"url\":\"https:\/\/www.visit-ulcinj.com\/blog\/author\/admin\/\"}]}<\/script>\n<!-- \/ Yoast SEO plugin. -->","yoast_head_json":{"title":"Promovohen traditat e detaris\u00eb s\u00eb Ulqinit + Foto - Lajme nga Ulqini","description":"03.05.2017 Detaria e ULQINIT Mbr\u00ebm\u00eb n\u00eb kuad\u00ebr t\u00eb manifestimit \u201cT\u00eb gjith\u00eb p\u00ebr turiz\u00ebm\u201d gjithashtu u organizuar nj\u00eb aktivitet i jasht\u00ebzakonsh\u00ebm i dedikuar","robots":{"index":"index","follow":"follow","max-snippet":"max-snippet:-1","max-image-preview":"max-image-preview:large","max-video-preview":"max-video-preview:-1"},"canonical":"https:\/\/www.visit-ulcinj.com\/blog\/2017\/05\/04\/promovohen-traditat-e-detarise-se-ulqinit-foto\/","og_locale":"en_US","og_type":"article","og_title":"Promovohen traditat e detaris\u00eb s\u00eb Ulqinit + Foto - Lajme nga Ulqini","og_description":"03.05.2017 Detaria e ULQINIT Mbr\u00ebm\u00eb n\u00eb kuad\u00ebr t\u00eb manifestimit \u201cT\u00eb gjith\u00eb p\u00ebr turiz\u00ebm\u201d gjithashtu u organizuar nj\u00eb aktivitet i jasht\u00ebzakonsh\u00ebm i dedikuar","og_url":"https:\/\/www.visit-ulcinj.com\/blog\/2017\/05\/04\/promovohen-traditat-e-detarise-se-ulqinit-foto\/","og_site_name":"Lajme nga Ulqini","article_published_time":"2017-05-04T13:39:13+00:00","article_modified_time":"2017-05-04T20:57:37+00:00","og_image":[{"url":"https:\/\/www.visit-ulcinj.com\/blog\/wp-content\/uploads\/2017\/05\/Promovohen-traditat-e-detaris\u00eb-s\u00eb-Ulqinit-1-150x150.jpg"}],"twitter_misc":{"Written by":"ulqini","Est. reading time":"1 minute"},"schema":{"@context":"https:\/\/schema.org","@graph":[{"@type":"WebSite","@id":"https:\/\/www.visit-ulcinj.com\/blog\/#website","url":"https:\/\/www.visit-ulcinj.com\/blog\/","name":"Lajme nga Ulqini","description":"Lajme,Vijesti,Ulqini,Ulqin,Crna Gora,Mali i Zi","potentialAction":[{"@type":"SearchAction","target":{"@type":"EntryPoint","urlTemplate":"https:\/\/www.visit-ulcinj.com\/blog\/?s={search_term_string}"},"query-input":"required name=search_term_string"}],"inLanguage":"en-US"},{"@type":"WebPage","@id":"https:\/\/www.visit-ulcinj.com\/blog\/2017\/05\/04\/promovohen-traditat-e-detarise-se-ulqinit-foto\/#webpage","url":"https:\/\/www.visit-ulcinj.com\/blog\/2017\/05\/04\/promovohen-traditat-e-detarise-se-ulqinit-foto\/","name":"Promovohen traditat e detaris\u00eb s\u00eb Ulqinit + Foto - Lajme nga Ulqini","isPartOf":{"@id":"https:\/\/www.visit-ulcinj.com\/blog\/#website"},"datePublished":"2017-05-04T13:39:13+00:00","dateModified":"2017-05-04T20:57:37+00:00","author":{"@id":"https:\/\/www.visit-ulcinj.com\/blog\/#\/schema\/person\/dcab619c614d3038751c63bc2aadc06d"},"description":"03.05.2017 Detaria e ULQINIT Mbr\u00ebm\u00eb n\u00eb kuad\u00ebr t\u00eb manifestimit \u201cT\u00eb gjith\u00eb p\u00ebr turiz\u00ebm\u201d gjithashtu u organizuar nj\u00eb aktivitet i jasht\u00ebzakonsh\u00ebm i dedikuar","breadcrumb":{"@id":"https:\/\/www.visit-ulcinj.com\/blog\/2017\/05\/04\/promovohen-traditat-e-detarise-se-ulqinit-foto\/#breadcrumb"},"inLanguage":"en-US","potentialAction":[{"@type":"ReadAction","target":["https:\/\/www.visit-ulcinj.com\/blog\/2017\/05\/04\/promovohen-traditat-e-detarise-se-ulqinit-foto\/"]}]},{"@type":"BreadcrumbList","@id":"https:\/\/www.visit-ulcinj.com\/blog\/2017\/05\/04\/promovohen-traditat-e-detarise-se-ulqinit-foto\/#breadcrumb","itemListElement":[{"@type":"ListItem","position":1,"name":"Promovohen traditat e detaris\u00eb s\u00eb Ulqinit + Foto"}]},{"@type":"Person","@id":"https:\/\/www.visit-ulcinj.com\/blog\/#\/schema\/person\/dcab619c614d3038751c63bc2aadc06d","name":"ulqini","sameAs":["http:\/\/www.visit-ulcinj.com"],"url":"https:\/\/www.visit-ulcinj.com\/blog\/author\/admin\/"}]}},"jetpack_featured_media_url":"","jetpack_sharing_enabled":true,"jetpack_shortlink":"https:\/\/wp.me\/pe6lTn-rh9","_links":{"self":[{"href":"https:\/\/www.visit-ulcinj.com\/blog\/wp-json\/wp\/v2\/posts\/104851"}],"collection":[{"href":"https:\/\/www.visit-ulcinj.com\/blog\/wp-json\/wp\/v2\/posts"}],"about":[{"href":"https:\/\/www.visit-ulcinj.com\/blog\/wp-json\/wp\/v2\/types\/post"}],"author":[{"embeddable":true,"href":"https:\/\/www.visit-ulcinj.com\/blog\/wp-json\/wp\/v2\/users\/1"}],"replies":[{"embeddable":true,"href":"https:\/\/www.visit-ulcinj.com\/blog\/wp-json\/wp\/v2\/comments?post=104851"}],"version-history":[{"count":1,"href":"https:\/\/www.visit-ulcinj.com\/blog\/wp-json\/wp\/v2\/posts\/104851\/revisions"}],"predecessor-version":[{"id":104859,"href":"https:\/\/www.visit-ulcinj.com\/blog\/wp-json\/wp\/v2\/posts\/104851\/revisions\/104859"}],"wp:attachment":[{"href":"https:\/\/www.visit-ulcinj.com\/blog\/wp-json\/wp\/v2\/media?parent=104851"}],"wp:term":[{"taxonomy":"category","embeddable":true,"href":"https:\/\/www.visit-ulcinj.com\/blog\/wp-json\/wp\/v2\/categories?post=104851"},{"taxonomy":"post_tag","embeddable":true,"href":"https:\/\/www.visit-ulcinj.com\/blog\/wp-json\/wp\/v2\/tags?post=104851"}],"curies":[{"name":"wp","href":"https:\/\/api.w.org\/{rel}","templated":true}]}}