{"id":104860,"date":"2017-05-04T17:15:53","date_gmt":"2017-05-04T16:15:53","guid":{"rendered":"http:\/\/www.visit-ulcinj.com\/blog\/?p=104860"},"modified":"2017-05-04T17:51:05","modified_gmt":"2017-05-04T16:51:05","slug":"shb-rumia-ulqin-organizon-kamping-per-te-pare-ne-bjeshket-e-rumise","status":"publish","type":"post","link":"https:\/\/www.visit-ulcinj.com\/blog\/2017\/05\/04\/shb-rumia-ulqin-organizon-kamping-per-te-pare-ne-bjeshket-e-rumise\/","title":{"rendered":"SHB &#8220;Rumia&#8221;- Ulqin organizon kamping p\u00ebr her\u00eb t\u00eb par\u00eb n\u00eb bjeshk\u00ebt e Rumis\u00eb"},"content":{"rendered":"<p id=\"js_1nd\" class=\"_5pbw _5vra\" data-ft=\"{&quot;tn&quot;:&quot;C&quot;}\"><span class=\"fwn fcg\"><span class=\"fwb fcg\" data-ft=\"{&quot;tn&quot;:&quot;k&quot;}\"><a href=\"http:\/\/www.visit-ulcinj.com\/blog\/wp-content\/uploads\/2017\/05\/SHB-Rumia-Ulqin-organizon-kamping-p\u00ebr-her\u00eb-t\u00eb-par\u00eb-n\u00eb-bjeshk\u00ebt-e-Rumis\u00eb.jpg\"><img loading=\"lazy\" class=\"alignleft wp-image-104861\" src=\"http:\/\/www.visit-ulcinj.com\/blog\/wp-content\/uploads\/2017\/05\/SHB-Rumia-Ulqin-organizon-kamping-p\u00ebr-her\u00eb-t\u00eb-par\u00eb-n\u00eb-bjeshk\u00ebt-e-Rumis\u00eb.jpg\" alt=\"\" width=\"508\" height=\"381\" srcset=\"https:\/\/www.visit-ulcinj.com\/blog\/wp-content\/uploads\/2017\/05\/SHB-Rumia-Ulqin-organizon-kamping-p\u00ebr-her\u00eb-t\u00eb-par\u00eb-n\u00eb-bjeshk\u00ebt-e-Rumis\u00eb.jpg 960w, https:\/\/www.visit-ulcinj.com\/blog\/wp-content\/uploads\/2017\/05\/SHB-Rumia-Ulqin-organizon-kamping-p\u00ebr-her\u00eb-t\u00eb-par\u00eb-n\u00eb-bjeshk\u00ebt-e-Rumis\u00eb-300x225.jpg 300w, https:\/\/www.visit-ulcinj.com\/blog\/wp-content\/uploads\/2017\/05\/SHB-Rumia-Ulqin-organizon-kamping-p\u00ebr-her\u00eb-t\u00eb-par\u00eb-n\u00eb-bjeshk\u00ebt-e-Rumis\u00eb-768x576.jpg 768w\" sizes=\"(max-width: 508px) 100vw, 508px\" \/><\/a><strong><a id=\"js_4og\" href=\"https:\/\/www.facebook.com\/ShoqataEBjeshkatareverumia\/?hc_ref=NEWSFEED&amp;fref=nf\" data-hovercard=\"\/ajax\/hovercard\/page.php?id=135197926672115&amp;extragetparams=%7B%22hc_ref%22%3A%22NEWSFEED%22%2C%22fref%22%3A%22nf%22%7D\" data-hovercard-prefer-more-content-show=\"1\" data-hovercard-obj-id=\"135197926672115\">Shoqata e bjeshkatar\u00ebve &#8220;Rumia&#8221; &#8211; Ulqin, organizon sivjet p\u00ebr her\u00eb t\u00eb par\u00eb n\u00eb bjeshk\u00ebt magjepse t\u00eb Rumis\u00eb, q\u00eb ofrojn\u00eb peizazhe t\u00eb mrekullueshme t\u00eb cilat mahnitin vizitor\u00ebt, do t\u00eb organizohet \u201cRumia kamping \u201d, nj\u00eb nism\u00eb e adhuruesve t\u00eb natyr\u00ebs.<\/a><\/strong><\/span><\/span><\/p>\n<p><strong>Me 21 maj, \u2018\u2019Dita e Rumis\u00eb 2017\u2019\u2019 &#8211; Mos humbisni nj\u00eb atraksion t\u00eb ve\u00e7ant\u00eb<\/strong><\/p>\n<p>Manifestimi i p\u00ebrvitsh\u00ebm gjith\u00ebpopullor &#8220;Dita e Rumis\u00eb 2017&#8221; k\u00ebt\u00eb vit do t\u00eb organizohet 21 maj 2017.<\/p>\n<div class=\"text_exposed_show\">\n<p>Edhe k\u00ebt\u00eb vit nj\u00eb nat\u00eb m\u00eb pare, t\u00eb shtunen me 20 maj 2017 do t\u00eb organizohet kamping t\u00ebr\u00eb nat\u00ebn n\u00eb fsahtin Brisk t\u00eb Kraj\u00ebs. Pasi kalimi i nat\u00ebs do t\u00eb jet\u00eb n\u00ebn qiellin e hapur t\u00eb gjith\u00eb t\u00eb interesuarit duhet t\u00eb marrin masat e duhura p\u00ebr kamping. Pjes\u00ebmarr\u00ebsit e kampingut duhet q\u00eb m\u00eb pare t\u00eb lajm\u00ebrohen.<\/p>\n<p>Dit\u00ebn e diele, 21 maj 2017, vazhdohet me ngjitjen e Majen e Rumise. M\u00eb posht\u00eb keni t\u00eb gjtiha detajet.<\/p>\n<p>-Nisja nga Ulqini b\u00ebhet n\u00eb or\u00ebn 04:00 para Komun\u00ebs s\u00eb Ulqinit;<br \/>\n-T\u00eb gjith\u00eb t\u00eb interesuarit nga Ulqini dhe Ana e Malit do t\u00eb ken\u00eb mund\u00ebsi te shfrytzojn\u00eb transportin me minibus ose autobus nga Ulqini ne Brisk dhe anasjelltas. \u00c7mimi i trasnportit \u00ebsht\u00eb 5 euro per person. Paraqitja per transport eshte e obligueshme. Ajo duhet te behet deri diten e shtune ne oren 18.00, ne tel.+ 382 69 444 348 ose + 382 67 527 685<br \/>\n-Bjeshkatar\u00ebt duhet t\u00eb grumbullohen n\u00eb fshatin Brisk Nalt<br \/>\n(vendnisja e viteve t\u00eb m\u00ebparshme);<br \/>\n-N\u00eb or\u00ebn 06:00 fillon ecja p\u00ebrgjat\u00eb shtegut;<br \/>\n-Para s\u00eb gjithash t\u00eb ruhet ambienti;<br \/>\n-Gjat\u00ebsia e shregut shkon deri n\u00eb 4,5 km n\u00eb nj\u00eb drejtim me v\u00ebshtir\u00ebsi mesatare;<br \/>\n-T\u00eb nevojshme jan\u00eb k\u00ebpuc\u00eb dhe veshje t\u00eb p\u00ebrshtatshme, ushqim dhe 3-4 litra uj\u00eb;<br \/>\n-Mb\u00ebrritja n\u00eb maj\u00eb t\u00eb Rumis\u00eb (1595m lmd) parashikohet t\u00eb jet\u00eb rreth or\u00ebs 11:00;<br \/>\n-Gjat\u00eb zbritjes, ne Djerr t\u00eb Rumis\u00eb do t\u00eb mbahen garat popullore tradicionale;<br \/>\n-Mb\u00ebrritja n\u00eb pik\u00ebnisje rreth or\u00ebs 16:30, kur edhe fillon programi kulturo-artistik.<br \/>\n-P\u00ebr bjeshkatar\u00ebt dhe mysafir\u00ebt do jen\u00eb t\u00eb p\u00ebrgatitur sandui\u00e7\u00eb dhe pije t\u00eb ndryshme;<br \/>\n-Lusim shoqatat q\u00eb shprehin vullnetin t\u00eb na bashkangjiten t\u00eb paraqiten n\u00eb inboks.<br \/>\n-P\u00ebr sqarime rreth organizmit, lini meshazh ne inboks!<\/p>\n<p>Ju mir\u00ebpresim!<br \/>\nMe nderime, SHB &#8220;Rumia&#8221;-Ulqin!<\/p>\n<p><strong><a id=\"js_6dc\" class=\"_hli\" href=\"https:\/\/www.facebook.com\/ShoqataEBjeshkatareverumia\/\" data-ft=\"{&quot;tn&quot;:&quot;k&quot;}\" data-hovercard=\"\/ajax\/hovercard\/page.php?id=135197926672115\" data-hovercard-prefer-more-content-show=\"1\" data-hovercard-obj-id=\"135197926672115\">Shoqata e bjeshkatar\u00ebve &#8220;Rumia&#8221; &#8211; Ulqin <\/a>Facebook<\/strong><\/p>\n<p><a href=\"http:\/\/www.visit-ulcinj.com\/blog\/wp-content\/uploads\/2017\/05\/SHB-Rumia-Ulqin-organizon-kamping-p\u00ebr-her\u00eb-t\u00eb-par\u00eb-n\u00eb-bjeshk\u00ebt-e-Rumis\u00eb-1.jpg\"><img loading=\"lazy\" class=\"alignleft wp-image-104862\" src=\"http:\/\/www.visit-ulcinj.com\/blog\/wp-content\/uploads\/2017\/05\/SHB-Rumia-Ulqin-organizon-kamping-p\u00ebr-her\u00eb-t\u00eb-par\u00eb-n\u00eb-bjeshk\u00ebt-e-Rumis\u00eb-1.jpg\" alt=\"\" width=\"508\" height=\"677\" srcset=\"https:\/\/www.visit-ulcinj.com\/blog\/wp-content\/uploads\/2017\/05\/SHB-Rumia-Ulqin-organizon-kamping-p\u00ebr-her\u00eb-t\u00eb-par\u00eb-n\u00eb-bjeshk\u00ebt-e-Rumis\u00eb-1.jpg 720w, https:\/\/www.visit-ulcinj.com\/blog\/wp-content\/uploads\/2017\/05\/SHB-Rumia-Ulqin-organizon-kamping-p\u00ebr-her\u00eb-t\u00eb-par\u00eb-n\u00eb-bjeshk\u00ebt-e-Rumis\u00eb-1-225x300.jpg 225w\" sizes=\"(max-width: 508px) 100vw, 508px\" \/><\/a><\/p>\n<\/div>\n","protected":false},"excerpt":{"rendered":"<p>Shoqata e bjeshkatar\u00ebve &#8220;Rumia&#8221; &#8211; Ulqin, organizon sivjet p\u00ebr her\u00eb t\u00eb par\u00eb n\u00eb bjeshk\u00ebt magjepse t\u00eb Rumis\u00eb, q\u00eb ofrojn\u00eb peizazhe t\u00eb mrekullueshme t\u00eb cilat mahnitin vizitor\u00ebt, do t\u00eb organizohet \u201cRumia kamping \u201d, nj\u00eb nism\u00eb e adhuruesve t\u00eb natyr\u00ebs. Me 21 maj, \u2018\u2019Dita e Rumis\u00eb 2017\u2019\u2019 &#8211; Mos humbisni nj\u00eb atraksion t\u00eb ve\u00e7ant\u00eb Manifestimi i p\u00ebrvitsh\u00ebm [&hellip;]<\/p>\n","protected":false},"author":1,"featured_media":0,"comment_status":"closed","ping_status":"closed","sticky":false,"template":"","format":"standard","meta":{"spay_email":"","jetpack_publicize_message":"","jetpack_is_tweetstorm":false,"jetpack_publicize_feature_enabled":true},"categories":[6950],"tags":[],"jetpack_publicize_connections":[],"yoast_head":"<!-- This site is optimized with the Yoast SEO plugin v19.1 - https:\/\/yoast.com\/wordpress\/plugins\/seo\/ -->\n<title>SHB &quot;Rumia&quot;- Ulqin organizon kamping p\u00ebr her\u00eb t\u00eb par\u00eb n\u00eb bjeshk\u00ebt e Rumis\u00eb - Lajme nga Ulqini<\/title>\n<meta name=\"description\" content=\"Shoqata e bjeshkatar\u00ebve &quot;Rumia&quot; - Ulqin, organizon sivjet p\u00ebr her\u00eb t\u00eb par\u00eb n\u00eb bjeshk\u00ebt magjepse t\u00eb Rumis\u00eb, q\u00eb ofrojn\u00eb peizazhe t\u00eb mrekullueshme t\u00eb cilat\" \/>\n<meta name=\"robots\" content=\"index, follow, max-snippet:-1, max-image-preview:large, max-video-preview:-1\" \/>\n<link rel=\"canonical\" href=\"https:\/\/www.visit-ulcinj.com\/blog\/2017\/05\/04\/shb-rumia-ulqin-organizon-kamping-per-te-pare-ne-bjeshket-e-rumise\/\" \/>\n<meta property=\"og:locale\" content=\"en_US\" \/>\n<meta property=\"og:type\" content=\"article\" \/>\n<meta property=\"og:title\" content=\"SHB &quot;Rumia&quot;- Ulqin organizon kamping p\u00ebr her\u00eb t\u00eb par\u00eb n\u00eb bjeshk\u00ebt e Rumis\u00eb - Lajme nga Ulqini\" \/>\n<meta property=\"og:description\" content=\"Shoqata e bjeshkatar\u00ebve &quot;Rumia&quot; - Ulqin, organizon sivjet p\u00ebr her\u00eb t\u00eb par\u00eb n\u00eb bjeshk\u00ebt magjepse t\u00eb Rumis\u00eb, q\u00eb ofrojn\u00eb peizazhe t\u00eb mrekullueshme t\u00eb cilat\" \/>\n<meta property=\"og:url\" content=\"https:\/\/www.visit-ulcinj.com\/blog\/2017\/05\/04\/shb-rumia-ulqin-organizon-kamping-per-te-pare-ne-bjeshket-e-rumise\/\" \/>\n<meta property=\"og:site_name\" content=\"Lajme nga Ulqini\" \/>\n<meta property=\"article:published_time\" content=\"2017-05-04T16:15:53+00:00\" \/>\n<meta property=\"article:modified_time\" content=\"2017-05-04T16:51:05+00:00\" \/>\n<meta name=\"twitter:label1\" content=\"Written by\" \/>\n\t<meta name=\"twitter:data1\" content=\"ulqini\" \/>\n\t<meta name=\"twitter:label2\" content=\"Est. reading time\" \/>\n\t<meta name=\"twitter:data2\" content=\"2 minutes\" \/>\n<script type=\"application\/ld+json\" class=\"yoast-schema-graph\">{\"@context\":\"https:\/\/schema.org\",\"@graph\":[{\"@type\":\"WebSite\",\"@id\":\"https:\/\/www.visit-ulcinj.com\/blog\/#website\",\"url\":\"https:\/\/www.visit-ulcinj.com\/blog\/\",\"name\":\"Lajme nga Ulqini\",\"description\":\"Lajme,Vijesti,Ulqini,Ulqin,Crna Gora,Mali i Zi\",\"potentialAction\":[{\"@type\":\"SearchAction\",\"target\":{\"@type\":\"EntryPoint\",\"urlTemplate\":\"https:\/\/www.visit-ulcinj.com\/blog\/?s={search_term_string}\"},\"query-input\":\"required name=search_term_string\"}],\"inLanguage\":\"en-US\"},{\"@type\":\"WebPage\",\"@id\":\"https:\/\/www.visit-ulcinj.com\/blog\/2017\/05\/04\/shb-rumia-ulqin-organizon-kamping-per-te-pare-ne-bjeshket-e-rumise\/#webpage\",\"url\":\"https:\/\/www.visit-ulcinj.com\/blog\/2017\/05\/04\/shb-rumia-ulqin-organizon-kamping-per-te-pare-ne-bjeshket-e-rumise\/\",\"name\":\"SHB \\\"Rumia\\\"- Ulqin organizon kamping p\u00ebr her\u00eb t\u00eb par\u00eb n\u00eb bjeshk\u00ebt e Rumis\u00eb - Lajme nga Ulqini\",\"isPartOf\":{\"@id\":\"https:\/\/www.visit-ulcinj.com\/blog\/#website\"},\"datePublished\":\"2017-05-04T16:15:53+00:00\",\"dateModified\":\"2017-05-04T16:51:05+00:00\",\"author\":{\"@id\":\"https:\/\/www.visit-ulcinj.com\/blog\/#\/schema\/person\/dcab619c614d3038751c63bc2aadc06d\"},\"description\":\"Shoqata e bjeshkatar\u00ebve \\\"Rumia\\\" - Ulqin, organizon sivjet p\u00ebr her\u00eb t\u00eb par\u00eb n\u00eb bjeshk\u00ebt magjepse t\u00eb Rumis\u00eb, q\u00eb ofrojn\u00eb peizazhe t\u00eb mrekullueshme t\u00eb cilat\",\"breadcrumb\":{\"@id\":\"https:\/\/www.visit-ulcinj.com\/blog\/2017\/05\/04\/shb-rumia-ulqin-organizon-kamping-per-te-pare-ne-bjeshket-e-rumise\/#breadcrumb\"},\"inLanguage\":\"en-US\",\"potentialAction\":[{\"@type\":\"ReadAction\",\"target\":[\"https:\/\/www.visit-ulcinj.com\/blog\/2017\/05\/04\/shb-rumia-ulqin-organizon-kamping-per-te-pare-ne-bjeshket-e-rumise\/\"]}]},{\"@type\":\"BreadcrumbList\",\"@id\":\"https:\/\/www.visit-ulcinj.com\/blog\/2017\/05\/04\/shb-rumia-ulqin-organizon-kamping-per-te-pare-ne-bjeshket-e-rumise\/#breadcrumb\",\"itemListElement\":[{\"@type\":\"ListItem\",\"position\":1,\"name\":\"SHB &#8220;Rumia&#8221;- Ulqin organizon kamping p\u00ebr her\u00eb t\u00eb par\u00eb n\u00eb bjeshk\u00ebt e Rumis\u00eb\"}]},{\"@type\":\"Person\",\"@id\":\"https:\/\/www.visit-ulcinj.com\/blog\/#\/schema\/person\/dcab619c614d3038751c63bc2aadc06d\",\"name\":\"ulqini\",\"sameAs\":[\"http:\/\/www.visit-ulcinj.com\"],\"url\":\"https:\/\/www.visit-ulcinj.com\/blog\/author\/admin\/\"}]}<\/script>\n<!-- \/ Yoast SEO plugin. -->","yoast_head_json":{"title":"SHB \"Rumia\"- Ulqin organizon kamping p\u00ebr her\u00eb t\u00eb par\u00eb n\u00eb bjeshk\u00ebt e Rumis\u00eb - Lajme nga Ulqini","description":"Shoqata e bjeshkatar\u00ebve \"Rumia\" - Ulqin, organizon sivjet p\u00ebr her\u00eb t\u00eb par\u00eb n\u00eb bjeshk\u00ebt magjepse t\u00eb Rumis\u00eb, q\u00eb ofrojn\u00eb peizazhe t\u00eb mrekullueshme t\u00eb cilat","robots":{"index":"index","follow":"follow","max-snippet":"max-snippet:-1","max-image-preview":"max-image-preview:large","max-video-preview":"max-video-preview:-1"},"canonical":"https:\/\/www.visit-ulcinj.com\/blog\/2017\/05\/04\/shb-rumia-ulqin-organizon-kamping-per-te-pare-ne-bjeshket-e-rumise\/","og_locale":"en_US","og_type":"article","og_title":"SHB \"Rumia\"- Ulqin organizon kamping p\u00ebr her\u00eb t\u00eb par\u00eb n\u00eb bjeshk\u00ebt e Rumis\u00eb - Lajme nga Ulqini","og_description":"Shoqata e bjeshkatar\u00ebve \"Rumia\" - Ulqin, organizon sivjet p\u00ebr her\u00eb t\u00eb par\u00eb n\u00eb bjeshk\u00ebt magjepse t\u00eb Rumis\u00eb, q\u00eb ofrojn\u00eb peizazhe t\u00eb mrekullueshme t\u00eb cilat","og_url":"https:\/\/www.visit-ulcinj.com\/blog\/2017\/05\/04\/shb-rumia-ulqin-organizon-kamping-per-te-pare-ne-bjeshket-e-rumise\/","og_site_name":"Lajme nga Ulqini","article_published_time":"2017-05-04T16:15:53+00:00","article_modified_time":"2017-05-04T16:51:05+00:00","twitter_misc":{"Written by":"ulqini","Est. reading time":"2 minutes"},"schema":{"@context":"https:\/\/schema.org","@graph":[{"@type":"WebSite","@id":"https:\/\/www.visit-ulcinj.com\/blog\/#website","url":"https:\/\/www.visit-ulcinj.com\/blog\/","name":"Lajme nga Ulqini","description":"Lajme,Vijesti,Ulqini,Ulqin,Crna Gora,Mali i Zi","potentialAction":[{"@type":"SearchAction","target":{"@type":"EntryPoint","urlTemplate":"https:\/\/www.visit-ulcinj.com\/blog\/?s={search_term_string}"},"query-input":"required name=search_term_string"}],"inLanguage":"en-US"},{"@type":"WebPage","@id":"https:\/\/www.visit-ulcinj.com\/blog\/2017\/05\/04\/shb-rumia-ulqin-organizon-kamping-per-te-pare-ne-bjeshket-e-rumise\/#webpage","url":"https:\/\/www.visit-ulcinj.com\/blog\/2017\/05\/04\/shb-rumia-ulqin-organizon-kamping-per-te-pare-ne-bjeshket-e-rumise\/","name":"SHB \"Rumia\"- Ulqin organizon kamping p\u00ebr her\u00eb t\u00eb par\u00eb n\u00eb bjeshk\u00ebt e Rumis\u00eb - Lajme nga Ulqini","isPartOf":{"@id":"https:\/\/www.visit-ulcinj.com\/blog\/#website"},"datePublished":"2017-05-04T16:15:53+00:00","dateModified":"2017-05-04T16:51:05+00:00","author":{"@id":"https:\/\/www.visit-ulcinj.com\/blog\/#\/schema\/person\/dcab619c614d3038751c63bc2aadc06d"},"description":"Shoqata e bjeshkatar\u00ebve \"Rumia\" - Ulqin, organizon sivjet p\u00ebr her\u00eb t\u00eb par\u00eb n\u00eb bjeshk\u00ebt magjepse t\u00eb Rumis\u00eb, q\u00eb ofrojn\u00eb peizazhe t\u00eb mrekullueshme t\u00eb cilat","breadcrumb":{"@id":"https:\/\/www.visit-ulcinj.com\/blog\/2017\/05\/04\/shb-rumia-ulqin-organizon-kamping-per-te-pare-ne-bjeshket-e-rumise\/#breadcrumb"},"inLanguage":"en-US","potentialAction":[{"@type":"ReadAction","target":["https:\/\/www.visit-ulcinj.com\/blog\/2017\/05\/04\/shb-rumia-ulqin-organizon-kamping-per-te-pare-ne-bjeshket-e-rumise\/"]}]},{"@type":"BreadcrumbList","@id":"https:\/\/www.visit-ulcinj.com\/blog\/2017\/05\/04\/shb-rumia-ulqin-organizon-kamping-per-te-pare-ne-bjeshket-e-rumise\/#breadcrumb","itemListElement":[{"@type":"ListItem","position":1,"name":"SHB &#8220;Rumia&#8221;- Ulqin organizon kamping p\u00ebr her\u00eb t\u00eb par\u00eb n\u00eb bjeshk\u00ebt e Rumis\u00eb"}]},{"@type":"Person","@id":"https:\/\/www.visit-ulcinj.com\/blog\/#\/schema\/person\/dcab619c614d3038751c63bc2aadc06d","name":"ulqini","sameAs":["http:\/\/www.visit-ulcinj.com"],"url":"https:\/\/www.visit-ulcinj.com\/blog\/author\/admin\/"}]}},"jetpack_featured_media_url":"","jetpack_sharing_enabled":true,"jetpack_shortlink":"https:\/\/wp.me\/pe6lTn-rhi","_links":{"self":[{"href":"https:\/\/www.visit-ulcinj.com\/blog\/wp-json\/wp\/v2\/posts\/104860"}],"collection":[{"href":"https:\/\/www.visit-ulcinj.com\/blog\/wp-json\/wp\/v2\/posts"}],"about":[{"href":"https:\/\/www.visit-ulcinj.com\/blog\/wp-json\/wp\/v2\/types\/post"}],"author":[{"embeddable":true,"href":"https:\/\/www.visit-ulcinj.com\/blog\/wp-json\/wp\/v2\/users\/1"}],"replies":[{"embeddable":true,"href":"https:\/\/www.visit-ulcinj.com\/blog\/wp-json\/wp\/v2\/comments?post=104860"}],"version-history":[{"count":4,"href":"https:\/\/www.visit-ulcinj.com\/blog\/wp-json\/wp\/v2\/posts\/104860\/revisions"}],"predecessor-version":[{"id":104866,"href":"https:\/\/www.visit-ulcinj.com\/blog\/wp-json\/wp\/v2\/posts\/104860\/revisions\/104866"}],"wp:attachment":[{"href":"https:\/\/www.visit-ulcinj.com\/blog\/wp-json\/wp\/v2\/media?parent=104860"}],"wp:term":[{"taxonomy":"category","embeddable":true,"href":"https:\/\/www.visit-ulcinj.com\/blog\/wp-json\/wp\/v2\/categories?post=104860"},{"taxonomy":"post_tag","embeddable":true,"href":"https:\/\/www.visit-ulcinj.com\/blog\/wp-json\/wp\/v2\/tags?post=104860"}],"curies":[{"name":"wp","href":"https:\/\/api.w.org\/{rel}","templated":true}]}}