{"id":104867,"date":"2017-05-04T18:00:22","date_gmt":"2017-05-04T17:00:22","guid":{"rendered":"http:\/\/www.visit-ulcinj.com\/blog\/?p=104867"},"modified":"2017-05-04T18:00:22","modified_gmt":"2017-05-04T17:00:22","slug":"odrzan-mali-simpozijum-pomorska-tradicija-ulcinja","status":"publish","type":"post","link":"https:\/\/www.visit-ulcinj.com\/blog\/2017\/05\/04\/odrzan-mali-simpozijum-pomorska-tradicija-ulcinja\/","title":{"rendered":"Odr\u017ean mali Simpozijum &#8220;Pomorska tradicija Ulcinja&#8221;"},"content":{"rendered":"<p><a href=\"http:\/\/www.visit-ulcinj.com\/blog\/wp-content\/uploads\/2017\/05\/Promovohen-traditat-e-detaris\u00eb-s\u00eb-Ulqinit-1.jpg\"><img loading=\"lazy\" class=\"alignleft wp-image-104853\" src=\"http:\/\/www.visit-ulcinj.com\/blog\/wp-content\/uploads\/2017\/05\/Promovohen-traditat-e-detaris\u00eb-s\u00eb-Ulqinit-1.jpg\" alt=\"\" width=\"508\" height=\"381\" srcset=\"https:\/\/www.visit-ulcinj.com\/blog\/wp-content\/uploads\/2017\/05\/Promovohen-traditat-e-detaris\u00eb-s\u00eb-Ulqinit-1.jpg 960w, https:\/\/www.visit-ulcinj.com\/blog\/wp-content\/uploads\/2017\/05\/Promovohen-traditat-e-detaris\u00eb-s\u00eb-Ulqinit-1-300x225.jpg 300w, https:\/\/www.visit-ulcinj.com\/blog\/wp-content\/uploads\/2017\/05\/Promovohen-traditat-e-detaris\u00eb-s\u00eb-Ulqinit-1-768x576.jpg 768w\" sizes=\"(max-width: 508px) 100vw, 508px\" \/><\/a>U OKVIRU manifestacije \u201cSvi za turizam\u201d sino\u0107 je u \u201cKuli Bal\u0161i\u0107a\u201d odr\u017ean mali Simpozijum o slavnoj pomorskoj tradiciji na\u0161eg grada. Pomenuti su slavni kapetani, brodovi, kao i na\u0161e podmorje, koje je bogato olupinama od izuzetnog zna\u010daja.<br \/>\nNaravno, ne\u0107u da pomenem negativne posljedice krivolova i ilegalnog \u201cpusto\u0161enja\u201d vrijednih\u201d predmeta koji se nalaze u na\u0161em podmorju, jer o njima bilo posebno rije\u010di.<br \/>\nHo\u0107u da se zadr\u017eim na onim pozitivnim i lijepim pri\u010dama o na\u0161im slavnim kapetanima, nekada\u0161njim ali i sad\u0161njim koji plove po svim morima i okeanima svijeta.<br \/>\nZbog toga sam i ja u mom pozdravnom govoru, pomenuo i rahmetli Sarija RERULBEGOVI\u0106A, koji je jo\u0161 davnih devedesetih godina vizionarski razmi\u0161ljao o otvaranju Pomorskog muzeja u sklopu sada\u0161njeg Zavi\u010dajnog muzeja. O\u010digledno je da je bio u pravu. Potrebno je da se otvore arhive i da se prikupi materijal, stare fotografije i vrijedni predmeti, kako bi se sakupili i sa\u010duvali na jednom mjestu za budu\u0107e generacije.<\/p>\n<p id=\"js_ffg\" class=\"_5pbw _5vra\" data-ft=\"{&quot;tn&quot;:&quot;C&quot;}\"><strong><span class=\"fwn fcg\"><span class=\"fcg\"><span class=\"fwb\"><a id=\"js_hfs\" class=\"profileLink\" href=\"https:\/\/www.facebook.com\/ismet.karamanaga\" data-ft=\"{&quot;tn&quot;:&quot;l&quot;}\" data-hovercard=\"\/ajax\/hovercard\/user.php?id=1359492972\" data-hovercard-prefer-more-content-show=\"1\">Ismet Karamanaga <\/a><\/span><\/span><\/span>Facebook<\/strong><\/p>\n\n\t\t<style type=\"text\/css\">\n\t\t\t#gallery-1 {\n\t\t\t\tmargin: auto;\n\t\t\t}\n\t\t\t#gallery-1 .gallery-item {\n\t\t\t\tfloat: left;\n\t\t\t\tmargin-top: 10px;\n\t\t\t\ttext-align: center;\n\t\t\t\twidth: 33%;\n\t\t\t}\n\t\t\t#gallery-1 img {\n\t\t\t\tborder: 2px solid #cfcfcf;\n\t\t\t}\n\t\t\t#gallery-1 .gallery-caption {\n\t\t\t\tmargin-left: 0;\n\t\t\t}\n\t\t\t\/* see gallery_shortcode() in wp-includes\/media.php *\/\n\t\t<\/style>\n\t\t<div id='gallery-1' class='gallery galleryid-104867 gallery-columns-3 gallery-size-thumbnail'><dl class='gallery-item'>\n\t\t\t<dt class='gallery-icon landscape'>\n\t\t\t\t<a href='https:\/\/www.visit-ulcinj.com\/blog\/2017\/05\/04\/promovohen-traditat-e-detarise-se-ulqinit-foto\/promovohen-traditat-e-detarise-se-ulqinit-6\/'><img width=\"150\" height=\"150\" src=\"https:\/\/www.visit-ulcinj.com\/blog\/wp-content\/uploads\/2017\/05\/Promovohen-traditat-e-detaris\u00eb-s\u00eb-Ulqinit-6-150x150.jpg\" class=\"attachment-thumbnail size-thumbnail\" alt=\"\" loading=\"lazy\" \/><\/a>\n\t\t\t<\/dt><\/dl><dl class='gallery-item'>\n\t\t\t<dt class='gallery-icon landscape'>\n\t\t\t\t<a href='https:\/\/www.visit-ulcinj.com\/blog\/2017\/05\/04\/promovohen-traditat-e-detarise-se-ulqinit-foto\/promovohen-traditat-e-detarise-se-ulqinit-5\/'><img width=\"150\" height=\"150\" src=\"https:\/\/www.visit-ulcinj.com\/blog\/wp-content\/uploads\/2017\/05\/Promovohen-traditat-e-detaris\u00eb-s\u00eb-Ulqinit-5-150x150.jpg\" class=\"attachment-thumbnail size-thumbnail\" alt=\"\" loading=\"lazy\" \/><\/a>\n\t\t\t<\/dt><\/dl><dl class='gallery-item'>\n\t\t\t<dt class='gallery-icon landscape'>\n\t\t\t\t<a href='https:\/\/www.visit-ulcinj.com\/blog\/2017\/05\/04\/promovohen-traditat-e-detarise-se-ulqinit-foto\/promovohen-traditat-e-detarise-se-ulqinit-4\/'><img width=\"150\" height=\"150\" src=\"https:\/\/www.visit-ulcinj.com\/blog\/wp-content\/uploads\/2017\/05\/Promovohen-traditat-e-detaris\u00eb-s\u00eb-Ulqinit-4-150x150.jpg\" class=\"attachment-thumbnail size-thumbnail\" alt=\"\" loading=\"lazy\" \/><\/a>\n\t\t\t<\/dt><\/dl><br style=\"clear: both\" \/><dl class='gallery-item'>\n\t\t\t<dt class='gallery-icon landscape'>\n\t\t\t\t<a href='https:\/\/www.visit-ulcinj.com\/blog\/2017\/05\/04\/promovohen-traditat-e-detarise-se-ulqinit-foto\/promovohen-traditat-e-detarise-se-ulqinit-3\/'><img width=\"150\" height=\"150\" src=\"https:\/\/www.visit-ulcinj.com\/blog\/wp-content\/uploads\/2017\/05\/Promovohen-traditat-e-detaris\u00eb-s\u00eb-Ulqinit-3-150x150.jpg\" class=\"attachment-thumbnail size-thumbnail\" alt=\"\" loading=\"lazy\" \/><\/a>\n\t\t\t<\/dt><\/dl><dl class='gallery-item'>\n\t\t\t<dt class='gallery-icon landscape'>\n\t\t\t\t<a href='https:\/\/www.visit-ulcinj.com\/blog\/2017\/05\/04\/promovohen-traditat-e-detarise-se-ulqinit-foto\/promovohen-traditat-e-detarise-se-ulqinit-2\/'><img width=\"150\" height=\"150\" src=\"https:\/\/www.visit-ulcinj.com\/blog\/wp-content\/uploads\/2017\/05\/Promovohen-traditat-e-detaris\u00eb-s\u00eb-Ulqinit-2-150x150.jpg\" class=\"attachment-thumbnail size-thumbnail\" alt=\"\" loading=\"lazy\" \/><\/a>\n\t\t\t<\/dt><\/dl><dl class='gallery-item'>\n\t\t\t<dt class='gallery-icon landscape'>\n\t\t\t\t<a href='https:\/\/www.visit-ulcinj.com\/blog\/2017\/05\/04\/promovohen-traditat-e-detarise-se-ulqinit-foto\/promovohen-traditat-e-detarise-se-ulqinit\/'><img width=\"150\" height=\"150\" src=\"https:\/\/www.visit-ulcinj.com\/blog\/wp-content\/uploads\/2017\/05\/Promovohen-traditat-e-detaris\u00eb-s\u00eb-Ulqinit-150x150.jpg\" class=\"attachment-thumbnail size-thumbnail\" alt=\"\" loading=\"lazy\" \/><\/a>\n\t\t\t<\/dt><\/dl><br style=\"clear: both\" \/>\n\t\t<\/div>\n\n","protected":false},"excerpt":{"rendered":"<p>U OKVIRU manifestacije \u201cSvi za turizam\u201d sino\u0107 je u \u201cKuli Bal\u0161i\u0107a\u201d odr\u017ean mali Simpozijum o slavnoj pomorskoj tradiciji na\u0161eg grada. Pomenuti su slavni kapetani, brodovi, kao i na\u0161e podmorje, koje je bogato olupinama od izuzetnog zna\u010daja. Naravno, ne\u0107u da pomenem negativne posljedice krivolova i ilegalnog \u201cpusto\u0161enja\u201d vrijednih\u201d predmeta koji se nalaze u na\u0161em podmorju, jer [&hellip;]<\/p>\n","protected":false},"author":1,"featured_media":0,"comment_status":"closed","ping_status":"closed","sticky":false,"template":"","format":"standard","meta":{"spay_email":"","jetpack_publicize_message":"","jetpack_is_tweetstorm":false,"jetpack_publicize_feature_enabled":true},"categories":[8337],"tags":[],"jetpack_publicize_connections":[],"yoast_head":"<!-- This site is optimized with the Yoast SEO plugin v19.1 - https:\/\/yoast.com\/wordpress\/plugins\/seo\/ -->\n<title>Odr\u017ean mali Simpozijum &quot;Pomorska tradicija Ulcinja&quot; - Lajme nga Ulqini<\/title>\n<meta name=\"description\" content=\"U OKVIRU manifestacije \u201cSvi za turizam\u201d sino\u0107 je u \u201cKuli Bal\u0161i\u0107a\u201d odr\u017ean mali Simpozijum o slavnoj pomorskoj tradiciji na\u0161eg grada. Pomenuti su slavni\" \/>\n<meta name=\"robots\" content=\"index, follow, max-snippet:-1, max-image-preview:large, max-video-preview:-1\" \/>\n<link rel=\"canonical\" href=\"https:\/\/www.visit-ulcinj.com\/blog\/2017\/05\/04\/odrzan-mali-simpozijum-pomorska-tradicija-ulcinja\/\" \/>\n<meta property=\"og:locale\" content=\"en_US\" \/>\n<meta property=\"og:type\" content=\"article\" \/>\n<meta property=\"og:title\" content=\"Odr\u017ean mali Simpozijum &quot;Pomorska tradicija Ulcinja&quot; - Lajme nga Ulqini\" \/>\n<meta property=\"og:description\" content=\"U OKVIRU manifestacije \u201cSvi za turizam\u201d sino\u0107 je u \u201cKuli Bal\u0161i\u0107a\u201d odr\u017ean mali Simpozijum o slavnoj pomorskoj tradiciji na\u0161eg grada. Pomenuti su slavni\" \/>\n<meta property=\"og:url\" content=\"https:\/\/www.visit-ulcinj.com\/blog\/2017\/05\/04\/odrzan-mali-simpozijum-pomorska-tradicija-ulcinja\/\" \/>\n<meta property=\"og:site_name\" content=\"Lajme nga Ulqini\" \/>\n<meta property=\"article:published_time\" content=\"2017-05-04T17:00:22+00:00\" \/>\n<meta property=\"og:image\" content=\"https:\/\/www.visit-ulcinj.com\/blog\/wp-content\/uploads\/2017\/05\/Promovohen-traditat-e-detaris\u00eb-s\u00eb-Ulqinit-6-150x150.jpg\" \/>\n<meta name=\"twitter:label1\" content=\"Written by\" \/>\n\t<meta name=\"twitter:data1\" content=\"ulqini\" \/>\n\t<meta name=\"twitter:label2\" content=\"Est. reading time\" \/>\n\t<meta name=\"twitter:data2\" content=\"1 minute\" \/>\n<script type=\"application\/ld+json\" class=\"yoast-schema-graph\">{\"@context\":\"https:\/\/schema.org\",\"@graph\":[{\"@type\":\"WebSite\",\"@id\":\"https:\/\/www.visit-ulcinj.com\/blog\/#website\",\"url\":\"https:\/\/www.visit-ulcinj.com\/blog\/\",\"name\":\"Lajme nga Ulqini\",\"description\":\"Lajme,Vijesti,Ulqini,Ulqin,Crna Gora,Mali i Zi\",\"potentialAction\":[{\"@type\":\"SearchAction\",\"target\":{\"@type\":\"EntryPoint\",\"urlTemplate\":\"https:\/\/www.visit-ulcinj.com\/blog\/?s={search_term_string}\"},\"query-input\":\"required name=search_term_string\"}],\"inLanguage\":\"en-US\"},{\"@type\":\"WebPage\",\"@id\":\"https:\/\/www.visit-ulcinj.com\/blog\/2017\/05\/04\/odrzan-mali-simpozijum-pomorska-tradicija-ulcinja\/#webpage\",\"url\":\"https:\/\/www.visit-ulcinj.com\/blog\/2017\/05\/04\/odrzan-mali-simpozijum-pomorska-tradicija-ulcinja\/\",\"name\":\"Odr\u017ean mali Simpozijum \\\"Pomorska tradicija Ulcinja\\\" - Lajme nga Ulqini\",\"isPartOf\":{\"@id\":\"https:\/\/www.visit-ulcinj.com\/blog\/#website\"},\"datePublished\":\"2017-05-04T17:00:22+00:00\",\"dateModified\":\"2017-05-04T17:00:22+00:00\",\"author\":{\"@id\":\"https:\/\/www.visit-ulcinj.com\/blog\/#\/schema\/person\/dcab619c614d3038751c63bc2aadc06d\"},\"description\":\"U OKVIRU manifestacije \u201cSvi za turizam\u201d sino\u0107 je u \u201cKuli Bal\u0161i\u0107a\u201d odr\u017ean mali Simpozijum o slavnoj pomorskoj tradiciji na\u0161eg grada. Pomenuti su slavni\",\"breadcrumb\":{\"@id\":\"https:\/\/www.visit-ulcinj.com\/blog\/2017\/05\/04\/odrzan-mali-simpozijum-pomorska-tradicija-ulcinja\/#breadcrumb\"},\"inLanguage\":\"en-US\",\"potentialAction\":[{\"@type\":\"ReadAction\",\"target\":[\"https:\/\/www.visit-ulcinj.com\/blog\/2017\/05\/04\/odrzan-mali-simpozijum-pomorska-tradicija-ulcinja\/\"]}]},{\"@type\":\"BreadcrumbList\",\"@id\":\"https:\/\/www.visit-ulcinj.com\/blog\/2017\/05\/04\/odrzan-mali-simpozijum-pomorska-tradicija-ulcinja\/#breadcrumb\",\"itemListElement\":[{\"@type\":\"ListItem\",\"position\":1,\"name\":\"Odr\u017ean mali Simpozijum &#8220;Pomorska tradicija Ulcinja&#8221;\"}]},{\"@type\":\"Person\",\"@id\":\"https:\/\/www.visit-ulcinj.com\/blog\/#\/schema\/person\/dcab619c614d3038751c63bc2aadc06d\",\"name\":\"ulqini\",\"sameAs\":[\"http:\/\/www.visit-ulcinj.com\"],\"url\":\"https:\/\/www.visit-ulcinj.com\/blog\/author\/admin\/\"}]}<\/script>\n<!-- \/ Yoast SEO plugin. -->","yoast_head_json":{"title":"Odr\u017ean mali Simpozijum \"Pomorska tradicija Ulcinja\" - Lajme nga Ulqini","description":"U OKVIRU manifestacije \u201cSvi za turizam\u201d sino\u0107 je u \u201cKuli Bal\u0161i\u0107a\u201d odr\u017ean mali Simpozijum o slavnoj pomorskoj tradiciji na\u0161eg grada. Pomenuti su slavni","robots":{"index":"index","follow":"follow","max-snippet":"max-snippet:-1","max-image-preview":"max-image-preview:large","max-video-preview":"max-video-preview:-1"},"canonical":"https:\/\/www.visit-ulcinj.com\/blog\/2017\/05\/04\/odrzan-mali-simpozijum-pomorska-tradicija-ulcinja\/","og_locale":"en_US","og_type":"article","og_title":"Odr\u017ean mali Simpozijum \"Pomorska tradicija Ulcinja\" - Lajme nga Ulqini","og_description":"U OKVIRU manifestacije \u201cSvi za turizam\u201d sino\u0107 je u \u201cKuli Bal\u0161i\u0107a\u201d odr\u017ean mali Simpozijum o slavnoj pomorskoj tradiciji na\u0161eg grada. Pomenuti su slavni","og_url":"https:\/\/www.visit-ulcinj.com\/blog\/2017\/05\/04\/odrzan-mali-simpozijum-pomorska-tradicija-ulcinja\/","og_site_name":"Lajme nga Ulqini","article_published_time":"2017-05-04T17:00:22+00:00","og_image":[{"url":"https:\/\/www.visit-ulcinj.com\/blog\/wp-content\/uploads\/2017\/05\/Promovohen-traditat-e-detaris\u00eb-s\u00eb-Ulqinit-6-150x150.jpg"}],"twitter_misc":{"Written by":"ulqini","Est. reading time":"1 minute"},"schema":{"@context":"https:\/\/schema.org","@graph":[{"@type":"WebSite","@id":"https:\/\/www.visit-ulcinj.com\/blog\/#website","url":"https:\/\/www.visit-ulcinj.com\/blog\/","name":"Lajme nga Ulqini","description":"Lajme,Vijesti,Ulqini,Ulqin,Crna Gora,Mali i Zi","potentialAction":[{"@type":"SearchAction","target":{"@type":"EntryPoint","urlTemplate":"https:\/\/www.visit-ulcinj.com\/blog\/?s={search_term_string}"},"query-input":"required name=search_term_string"}],"inLanguage":"en-US"},{"@type":"WebPage","@id":"https:\/\/www.visit-ulcinj.com\/blog\/2017\/05\/04\/odrzan-mali-simpozijum-pomorska-tradicija-ulcinja\/#webpage","url":"https:\/\/www.visit-ulcinj.com\/blog\/2017\/05\/04\/odrzan-mali-simpozijum-pomorska-tradicija-ulcinja\/","name":"Odr\u017ean mali Simpozijum \"Pomorska tradicija Ulcinja\" - Lajme nga Ulqini","isPartOf":{"@id":"https:\/\/www.visit-ulcinj.com\/blog\/#website"},"datePublished":"2017-05-04T17:00:22+00:00","dateModified":"2017-05-04T17:00:22+00:00","author":{"@id":"https:\/\/www.visit-ulcinj.com\/blog\/#\/schema\/person\/dcab619c614d3038751c63bc2aadc06d"},"description":"U OKVIRU manifestacije \u201cSvi za turizam\u201d sino\u0107 je u \u201cKuli Bal\u0161i\u0107a\u201d odr\u017ean mali Simpozijum o slavnoj pomorskoj tradiciji na\u0161eg grada. Pomenuti su slavni","breadcrumb":{"@id":"https:\/\/www.visit-ulcinj.com\/blog\/2017\/05\/04\/odrzan-mali-simpozijum-pomorska-tradicija-ulcinja\/#breadcrumb"},"inLanguage":"en-US","potentialAction":[{"@type":"ReadAction","target":["https:\/\/www.visit-ulcinj.com\/blog\/2017\/05\/04\/odrzan-mali-simpozijum-pomorska-tradicija-ulcinja\/"]}]},{"@type":"BreadcrumbList","@id":"https:\/\/www.visit-ulcinj.com\/blog\/2017\/05\/04\/odrzan-mali-simpozijum-pomorska-tradicija-ulcinja\/#breadcrumb","itemListElement":[{"@type":"ListItem","position":1,"name":"Odr\u017ean mali Simpozijum &#8220;Pomorska tradicija Ulcinja&#8221;"}]},{"@type":"Person","@id":"https:\/\/www.visit-ulcinj.com\/blog\/#\/schema\/person\/dcab619c614d3038751c63bc2aadc06d","name":"ulqini","sameAs":["http:\/\/www.visit-ulcinj.com"],"url":"https:\/\/www.visit-ulcinj.com\/blog\/author\/admin\/"}]}},"jetpack_featured_media_url":"","jetpack_sharing_enabled":true,"jetpack_shortlink":"https:\/\/wp.me\/pe6lTn-rhp","_links":{"self":[{"href":"https:\/\/www.visit-ulcinj.com\/blog\/wp-json\/wp\/v2\/posts\/104867"}],"collection":[{"href":"https:\/\/www.visit-ulcinj.com\/blog\/wp-json\/wp\/v2\/posts"}],"about":[{"href":"https:\/\/www.visit-ulcinj.com\/blog\/wp-json\/wp\/v2\/types\/post"}],"author":[{"embeddable":true,"href":"https:\/\/www.visit-ulcinj.com\/blog\/wp-json\/wp\/v2\/users\/1"}],"replies":[{"embeddable":true,"href":"https:\/\/www.visit-ulcinj.com\/blog\/wp-json\/wp\/v2\/comments?post=104867"}],"version-history":[{"count":1,"href":"https:\/\/www.visit-ulcinj.com\/blog\/wp-json\/wp\/v2\/posts\/104867\/revisions"}],"predecessor-version":[{"id":104868,"href":"https:\/\/www.visit-ulcinj.com\/blog\/wp-json\/wp\/v2\/posts\/104867\/revisions\/104868"}],"wp:attachment":[{"href":"https:\/\/www.visit-ulcinj.com\/blog\/wp-json\/wp\/v2\/media?parent=104867"}],"wp:term":[{"taxonomy":"category","embeddable":true,"href":"https:\/\/www.visit-ulcinj.com\/blog\/wp-json\/wp\/v2\/categories?post=104867"},{"taxonomy":"post_tag","embeddable":true,"href":"https:\/\/www.visit-ulcinj.com\/blog\/wp-json\/wp\/v2\/tags?post=104867"}],"curies":[{"name":"wp","href":"https:\/\/api.w.org\/{rel}","templated":true}]}}