{"id":104872,"date":"2017-05-04T18:17:51","date_gmt":"2017-05-04T17:17:51","guid":{"rendered":"http:\/\/www.visit-ulcinj.com\/blog\/?p=104872"},"modified":"2017-05-04T18:17:51","modified_gmt":"2017-05-04T17:17:51","slug":"diskutim-publik-projektligji-planifikimit-dhe-ndertimit-ne-komunen-e-ulqinit","status":"publish","type":"post","link":"https:\/\/www.visit-ulcinj.com\/blog\/2017\/05\/04\/diskutim-publik-projektligji-planifikimit-dhe-ndertimit-ne-komunen-e-ulqinit\/","title":{"rendered":"Diskutim publik Projektligji i planifikimit  dhe ndertimit n\u00eb komunen e Ulqinit"},"content":{"rendered":"<p><strong><a href=\"http:\/\/www.visit-ulcinj.com\/blog\/wp-content\/uploads\/2014\/12\/skupstina-ulcinj.jpg\"><img loading=\"lazy\" class=\"alignleft wp-image-87403\" src=\"http:\/\/www.visit-ulcinj.com\/blog\/wp-content\/uploads\/2014\/12\/skupstina-ulcinj.jpg\" alt=\"\" width=\"508\" height=\"379\" srcset=\"https:\/\/www.visit-ulcinj.com\/blog\/wp-content\/uploads\/2014\/12\/skupstina-ulcinj.jpg 900w, https:\/\/www.visit-ulcinj.com\/blog\/wp-content\/uploads\/2014\/12\/skupstina-ulcinj-300x224.jpg 300w\" sizes=\"(max-width: 508px) 100vw, 508px\" \/><\/a>Eshte\u00a0 hedhur n\u00eb diskutim publik Projektligji i planifikimit\u00a0 dhe ndertimit <\/strong><\/p>\n<p>Ministria e zhvillimit t\u00eb q\u00ebndruesh\u00ebm\u00a0 dhe turizmit konform\u00eb urdh\u00ebres\u00ebs\u00a0 p\u00ebr m\u00ebnyr\u00ebn e\u00a0 zbatimit t\u00eb diskutimit\u00a0 publik\u00a0 p\u00ebr p\u00ebrgatitjen e ligjit , njofton t\u00eb interesuarit\u00a0 q\u00eb ka <strong>filluar\u00a0 DISKUTIMI PUBLIK P\u00cbR PROJEKTLIGJIN\u00a0 P\u00cbR PLANIFIKIM DHE ND\u00cbRTIM<\/strong><\/p>\n<p>N\u00eb baz\u00eb t\u00eb Programit t\u00eb hartuar nga Ministria\u00a0 diskutimi publik n\u00eb qytetin tone do t\u00eb mbahet m\u00eb dat\u00ebn\u00a0 5 maj 2017 ne ora 15 n\u00eb sall\u00ebn e\u00a0 Kuvendit t\u00eb Komun\u00ebs.<\/p>\n<p>Me k\u00ebt\u00eb rast ftohen\u00a0 qytetar\u00ebt,institucionet profesioniste dhe ata shkencore , organet shtet\u00ebrore, shoqatat\u00a0 e lemise, organizatat joqeveritare, mediumet\u00a0 dhe\u00a0 pal\u00ebt e tjera t\u00eb interesuara\u00a0 q\u00eb t\u00eb kycen\u00a0 ne diskutimin publik dhe t\u00eb japin\u00a0 propozimet e tyre , verejtjet\u00a0 dhe sygjerimet\u00a0 ne tekstin e\u00a0 Projektligjit\u00a0 p\u00ebr planifikim dhe nd\u00ebrtim.<\/p>\n<p>Pal\u00ebt e interesuara\u00a0 komentet ,vler\u00ebsimet\u00a0 dhe sygjerimet\u00a0 mund ti d\u00ebrgojn\u00eb\u00a0 edhe ne form\u00eb elektronike\u00a0 deri me 12 nqershor, Ministris\u00eb p\u00ebr yhvillim t\u00eb q\u00ebndrueshem\u00a0 dhe turiz\u00ebm.<\/p>\n","protected":false},"excerpt":{"rendered":"<p>Eshte\u00a0 hedhur n\u00eb diskutim publik Projektligji i planifikimit\u00a0 dhe ndertimit Ministria e zhvillimit t\u00eb q\u00ebndruesh\u00ebm\u00a0 dhe turizmit konform\u00eb urdh\u00ebres\u00ebs\u00a0 p\u00ebr m\u00ebnyr\u00ebn e\u00a0 zbatimit t\u00eb diskutimit\u00a0 publik\u00a0 p\u00ebr p\u00ebrgatitjen e ligjit , njofton t\u00eb interesuarit\u00a0 q\u00eb ka filluar\u00a0 DISKUTIMI PUBLIK P\u00cbR PROJEKTLIGJIN\u00a0 P\u00cbR PLANIFIKIM DHE ND\u00cbRTIM N\u00eb baz\u00eb t\u00eb Programit t\u00eb hartuar nga Ministria\u00a0 diskutimi publik [&hellip;]<\/p>\n","protected":false},"author":1,"featured_media":0,"comment_status":"closed","ping_status":"closed","sticky":false,"template":"","format":"standard","meta":{"spay_email":"","jetpack_publicize_message":"","jetpack_is_tweetstorm":false,"jetpack_publicize_feature_enabled":true},"categories":[11],"tags":[],"jetpack_publicize_connections":[],"yoast_head":"<!-- This site is optimized with the Yoast SEO plugin v19.1 - https:\/\/yoast.com\/wordpress\/plugins\/seo\/ -->\n<title>Diskutim publik Projektligji i planifikimit dhe ndertimit n\u00eb komunen e Ulqinit - Lajme nga Ulqini<\/title>\n<meta name=\"description\" content=\"Eshte\u00a0 hedhur n\u00eb diskutim publik Projektligji i planifikimit\u00a0 dhe ndertimit Ministria e zhvillimit t\u00eb q\u00ebndruesh\u00ebm\u00a0 dhe turizmit konform\u00eb urdh\u00ebres\u00ebs\u00a0 p\u00ebr\" \/>\n<meta name=\"robots\" content=\"index, follow, max-snippet:-1, max-image-preview:large, max-video-preview:-1\" \/>\n<link rel=\"canonical\" href=\"https:\/\/www.visit-ulcinj.com\/blog\/2017\/05\/04\/diskutim-publik-projektligji-planifikimit-dhe-ndertimit-ne-komunen-e-ulqinit\/\" \/>\n<meta property=\"og:locale\" content=\"en_US\" \/>\n<meta property=\"og:type\" content=\"article\" \/>\n<meta property=\"og:title\" content=\"Diskutim publik Projektligji i planifikimit dhe ndertimit n\u00eb komunen e Ulqinit - Lajme nga Ulqini\" \/>\n<meta property=\"og:description\" content=\"Eshte\u00a0 hedhur n\u00eb diskutim publik Projektligji i planifikimit\u00a0 dhe ndertimit Ministria e zhvillimit t\u00eb q\u00ebndruesh\u00ebm\u00a0 dhe turizmit konform\u00eb urdh\u00ebres\u00ebs\u00a0 p\u00ebr\" \/>\n<meta property=\"og:url\" content=\"https:\/\/www.visit-ulcinj.com\/blog\/2017\/05\/04\/diskutim-publik-projektligji-planifikimit-dhe-ndertimit-ne-komunen-e-ulqinit\/\" \/>\n<meta property=\"og:site_name\" content=\"Lajme nga Ulqini\" \/>\n<meta property=\"article:published_time\" content=\"2017-05-04T17:17:51+00:00\" \/>\n<meta property=\"og:image\" content=\"http:\/\/www.visit-ulcinj.com\/blog\/wp-content\/uploads\/2014\/12\/skupstina-ulcinj.jpg\" \/>\n<meta name=\"twitter:label1\" content=\"Written by\" \/>\n\t<meta name=\"twitter:data1\" content=\"ulqini\" \/>\n\t<meta name=\"twitter:label2\" content=\"Est. reading time\" \/>\n\t<meta name=\"twitter:data2\" content=\"1 minute\" \/>\n<script type=\"application\/ld+json\" class=\"yoast-schema-graph\">{\"@context\":\"https:\/\/schema.org\",\"@graph\":[{\"@type\":\"WebSite\",\"@id\":\"https:\/\/www.visit-ulcinj.com\/blog\/#website\",\"url\":\"https:\/\/www.visit-ulcinj.com\/blog\/\",\"name\":\"Lajme nga Ulqini\",\"description\":\"Lajme,Vijesti,Ulqini,Ulqin,Crna Gora,Mali i Zi\",\"potentialAction\":[{\"@type\":\"SearchAction\",\"target\":{\"@type\":\"EntryPoint\",\"urlTemplate\":\"https:\/\/www.visit-ulcinj.com\/blog\/?s={search_term_string}\"},\"query-input\":\"required name=search_term_string\"}],\"inLanguage\":\"en-US\"},{\"@type\":\"ImageObject\",\"inLanguage\":\"en-US\",\"@id\":\"https:\/\/www.visit-ulcinj.com\/blog\/2017\/05\/04\/diskutim-publik-projektligji-planifikimit-dhe-ndertimit-ne-komunen-e-ulqinit\/#primaryimage\",\"url\":\"https:\/\/www.visit-ulcinj.com\/blog\/wp-content\/uploads\/2014\/12\/skupstina-ulcinj.jpg\",\"contentUrl\":\"https:\/\/www.visit-ulcinj.com\/blog\/wp-content\/uploads\/2014\/12\/skupstina-ulcinj.jpg\",\"width\":900,\"height\":672},{\"@type\":\"WebPage\",\"@id\":\"https:\/\/www.visit-ulcinj.com\/blog\/2017\/05\/04\/diskutim-publik-projektligji-planifikimit-dhe-ndertimit-ne-komunen-e-ulqinit\/#webpage\",\"url\":\"https:\/\/www.visit-ulcinj.com\/blog\/2017\/05\/04\/diskutim-publik-projektligji-planifikimit-dhe-ndertimit-ne-komunen-e-ulqinit\/\",\"name\":\"Diskutim publik Projektligji i planifikimit dhe ndertimit n\u00eb komunen e Ulqinit - Lajme nga Ulqini\",\"isPartOf\":{\"@id\":\"https:\/\/www.visit-ulcinj.com\/blog\/#website\"},\"primaryImageOfPage\":{\"@id\":\"https:\/\/www.visit-ulcinj.com\/blog\/2017\/05\/04\/diskutim-publik-projektligji-planifikimit-dhe-ndertimit-ne-komunen-e-ulqinit\/#primaryimage\"},\"datePublished\":\"2017-05-04T17:17:51+00:00\",\"dateModified\":\"2017-05-04T17:17:51+00:00\",\"author\":{\"@id\":\"https:\/\/www.visit-ulcinj.com\/blog\/#\/schema\/person\/dcab619c614d3038751c63bc2aadc06d\"},\"description\":\"Eshte\u00a0 hedhur n\u00eb diskutim publik Projektligji i planifikimit\u00a0 dhe ndertimit Ministria e zhvillimit t\u00eb q\u00ebndruesh\u00ebm\u00a0 dhe turizmit konform\u00eb urdh\u00ebres\u00ebs\u00a0 p\u00ebr\",\"breadcrumb\":{\"@id\":\"https:\/\/www.visit-ulcinj.com\/blog\/2017\/05\/04\/diskutim-publik-projektligji-planifikimit-dhe-ndertimit-ne-komunen-e-ulqinit\/#breadcrumb\"},\"inLanguage\":\"en-US\",\"potentialAction\":[{\"@type\":\"ReadAction\",\"target\":[\"https:\/\/www.visit-ulcinj.com\/blog\/2017\/05\/04\/diskutim-publik-projektligji-planifikimit-dhe-ndertimit-ne-komunen-e-ulqinit\/\"]}]},{\"@type\":\"BreadcrumbList\",\"@id\":\"https:\/\/www.visit-ulcinj.com\/blog\/2017\/05\/04\/diskutim-publik-projektligji-planifikimit-dhe-ndertimit-ne-komunen-e-ulqinit\/#breadcrumb\",\"itemListElement\":[{\"@type\":\"ListItem\",\"position\":1,\"name\":\"Diskutim publik Projektligji i planifikimit dhe ndertimit n\u00eb komunen e Ulqinit\"}]},{\"@type\":\"Person\",\"@id\":\"https:\/\/www.visit-ulcinj.com\/blog\/#\/schema\/person\/dcab619c614d3038751c63bc2aadc06d\",\"name\":\"ulqini\",\"sameAs\":[\"http:\/\/www.visit-ulcinj.com\"],\"url\":\"https:\/\/www.visit-ulcinj.com\/blog\/author\/admin\/\"}]}<\/script>\n<!-- \/ Yoast SEO plugin. -->","yoast_head_json":{"title":"Diskutim publik Projektligji i planifikimit dhe ndertimit n\u00eb komunen e Ulqinit - Lajme nga Ulqini","description":"Eshte\u00a0 hedhur n\u00eb diskutim publik Projektligji i planifikimit\u00a0 dhe ndertimit Ministria e zhvillimit t\u00eb q\u00ebndruesh\u00ebm\u00a0 dhe turizmit konform\u00eb urdh\u00ebres\u00ebs\u00a0 p\u00ebr","robots":{"index":"index","follow":"follow","max-snippet":"max-snippet:-1","max-image-preview":"max-image-preview:large","max-video-preview":"max-video-preview:-1"},"canonical":"https:\/\/www.visit-ulcinj.com\/blog\/2017\/05\/04\/diskutim-publik-projektligji-planifikimit-dhe-ndertimit-ne-komunen-e-ulqinit\/","og_locale":"en_US","og_type":"article","og_title":"Diskutim publik Projektligji i planifikimit dhe ndertimit n\u00eb komunen e Ulqinit - Lajme nga Ulqini","og_description":"Eshte\u00a0 hedhur n\u00eb diskutim publik Projektligji i planifikimit\u00a0 dhe ndertimit Ministria e zhvillimit t\u00eb q\u00ebndruesh\u00ebm\u00a0 dhe turizmit konform\u00eb urdh\u00ebres\u00ebs\u00a0 p\u00ebr","og_url":"https:\/\/www.visit-ulcinj.com\/blog\/2017\/05\/04\/diskutim-publik-projektligji-planifikimit-dhe-ndertimit-ne-komunen-e-ulqinit\/","og_site_name":"Lajme nga Ulqini","article_published_time":"2017-05-04T17:17:51+00:00","og_image":[{"url":"http:\/\/www.visit-ulcinj.com\/blog\/wp-content\/uploads\/2014\/12\/skupstina-ulcinj.jpg"}],"twitter_misc":{"Written by":"ulqini","Est. reading time":"1 minute"},"schema":{"@context":"https:\/\/schema.org","@graph":[{"@type":"WebSite","@id":"https:\/\/www.visit-ulcinj.com\/blog\/#website","url":"https:\/\/www.visit-ulcinj.com\/blog\/","name":"Lajme nga Ulqini","description":"Lajme,Vijesti,Ulqini,Ulqin,Crna Gora,Mali i Zi","potentialAction":[{"@type":"SearchAction","target":{"@type":"EntryPoint","urlTemplate":"https:\/\/www.visit-ulcinj.com\/blog\/?s={search_term_string}"},"query-input":"required name=search_term_string"}],"inLanguage":"en-US"},{"@type":"ImageObject","inLanguage":"en-US","@id":"https:\/\/www.visit-ulcinj.com\/blog\/2017\/05\/04\/diskutim-publik-projektligji-planifikimit-dhe-ndertimit-ne-komunen-e-ulqinit\/#primaryimage","url":"https:\/\/www.visit-ulcinj.com\/blog\/wp-content\/uploads\/2014\/12\/skupstina-ulcinj.jpg","contentUrl":"https:\/\/www.visit-ulcinj.com\/blog\/wp-content\/uploads\/2014\/12\/skupstina-ulcinj.jpg","width":900,"height":672},{"@type":"WebPage","@id":"https:\/\/www.visit-ulcinj.com\/blog\/2017\/05\/04\/diskutim-publik-projektligji-planifikimit-dhe-ndertimit-ne-komunen-e-ulqinit\/#webpage","url":"https:\/\/www.visit-ulcinj.com\/blog\/2017\/05\/04\/diskutim-publik-projektligji-planifikimit-dhe-ndertimit-ne-komunen-e-ulqinit\/","name":"Diskutim publik Projektligji i planifikimit dhe ndertimit n\u00eb komunen e Ulqinit - Lajme nga Ulqini","isPartOf":{"@id":"https:\/\/www.visit-ulcinj.com\/blog\/#website"},"primaryImageOfPage":{"@id":"https:\/\/www.visit-ulcinj.com\/blog\/2017\/05\/04\/diskutim-publik-projektligji-planifikimit-dhe-ndertimit-ne-komunen-e-ulqinit\/#primaryimage"},"datePublished":"2017-05-04T17:17:51+00:00","dateModified":"2017-05-04T17:17:51+00:00","author":{"@id":"https:\/\/www.visit-ulcinj.com\/blog\/#\/schema\/person\/dcab619c614d3038751c63bc2aadc06d"},"description":"Eshte\u00a0 hedhur n\u00eb diskutim publik Projektligji i planifikimit\u00a0 dhe ndertimit Ministria e zhvillimit t\u00eb q\u00ebndruesh\u00ebm\u00a0 dhe turizmit konform\u00eb urdh\u00ebres\u00ebs\u00a0 p\u00ebr","breadcrumb":{"@id":"https:\/\/www.visit-ulcinj.com\/blog\/2017\/05\/04\/diskutim-publik-projektligji-planifikimit-dhe-ndertimit-ne-komunen-e-ulqinit\/#breadcrumb"},"inLanguage":"en-US","potentialAction":[{"@type":"ReadAction","target":["https:\/\/www.visit-ulcinj.com\/blog\/2017\/05\/04\/diskutim-publik-projektligji-planifikimit-dhe-ndertimit-ne-komunen-e-ulqinit\/"]}]},{"@type":"BreadcrumbList","@id":"https:\/\/www.visit-ulcinj.com\/blog\/2017\/05\/04\/diskutim-publik-projektligji-planifikimit-dhe-ndertimit-ne-komunen-e-ulqinit\/#breadcrumb","itemListElement":[{"@type":"ListItem","position":1,"name":"Diskutim publik Projektligji i planifikimit dhe ndertimit n\u00eb komunen e Ulqinit"}]},{"@type":"Person","@id":"https:\/\/www.visit-ulcinj.com\/blog\/#\/schema\/person\/dcab619c614d3038751c63bc2aadc06d","name":"ulqini","sameAs":["http:\/\/www.visit-ulcinj.com"],"url":"https:\/\/www.visit-ulcinj.com\/blog\/author\/admin\/"}]}},"jetpack_featured_media_url":"","jetpack_sharing_enabled":true,"jetpack_shortlink":"https:\/\/wp.me\/pe6lTn-rhu","_links":{"self":[{"href":"https:\/\/www.visit-ulcinj.com\/blog\/wp-json\/wp\/v2\/posts\/104872"}],"collection":[{"href":"https:\/\/www.visit-ulcinj.com\/blog\/wp-json\/wp\/v2\/posts"}],"about":[{"href":"https:\/\/www.visit-ulcinj.com\/blog\/wp-json\/wp\/v2\/types\/post"}],"author":[{"embeddable":true,"href":"https:\/\/www.visit-ulcinj.com\/blog\/wp-json\/wp\/v2\/users\/1"}],"replies":[{"embeddable":true,"href":"https:\/\/www.visit-ulcinj.com\/blog\/wp-json\/wp\/v2\/comments?post=104872"}],"version-history":[{"count":1,"href":"https:\/\/www.visit-ulcinj.com\/blog\/wp-json\/wp\/v2\/posts\/104872\/revisions"}],"predecessor-version":[{"id":104873,"href":"https:\/\/www.visit-ulcinj.com\/blog\/wp-json\/wp\/v2\/posts\/104872\/revisions\/104873"}],"wp:attachment":[{"href":"https:\/\/www.visit-ulcinj.com\/blog\/wp-json\/wp\/v2\/media?parent=104872"}],"wp:term":[{"taxonomy":"category","embeddable":true,"href":"https:\/\/www.visit-ulcinj.com\/blog\/wp-json\/wp\/v2\/categories?post=104872"},{"taxonomy":"post_tag","embeddable":true,"href":"https:\/\/www.visit-ulcinj.com\/blog\/wp-json\/wp\/v2\/tags?post=104872"}],"curies":[{"name":"wp","href":"https:\/\/api.w.org\/{rel}","templated":true}]}}