{"id":104874,"date":"2017-05-04T21:52:01","date_gmt":"2017-05-04T20:52:01","guid":{"rendered":"http:\/\/www.visit-ulcinj.com\/blog\/?p=104874"},"modified":"2017-05-04T21:52:01","modified_gmt":"2017-05-04T20:52:01","slug":"prof-dr-stefan-capaliku-odrzace-promociju-svoje-najnovije-knjige-u-ulcinju-06-maja-2017","status":"publish","type":"post","link":"https:\/\/www.visit-ulcinj.com\/blog\/2017\/05\/04\/prof-dr-stefan-capaliku-odrzace-promociju-svoje-najnovije-knjige-u-ulcinju-06-maja-2017\/","title":{"rendered":"Prof. Dr. Stefan \u010capaliku odr\u017ea\u0107e promociju svoje najnovije knjige u Ulcinju 06. maja, 2017"},"content":{"rendered":"<p><a href=\"http:\/\/www.visit-ulcinj.com\/blog\/wp-content\/uploads\/2017\/05\/Stefan-Capaliku-ulqin.jpg\"><img loading=\"lazy\" class=\"alignleft wp-image-104875\" src=\"http:\/\/www.visit-ulcinj.com\/blog\/wp-content\/uploads\/2017\/05\/Stefan-Capaliku-ulqin.jpg\" alt=\"\" width=\"508\" height=\"339\" srcset=\"https:\/\/www.visit-ulcinj.com\/blog\/wp-content\/uploads\/2017\/05\/Stefan-Capaliku-ulqin.jpg 924w, https:\/\/www.visit-ulcinj.com\/blog\/wp-content\/uploads\/2017\/05\/Stefan-Capaliku-ulqin-300x200.jpg 300w, https:\/\/www.visit-ulcinj.com\/blog\/wp-content\/uploads\/2017\/05\/Stefan-Capaliku-ulqin-768x513.jpg 768w\" sizes=\"(max-width: 508px) 100vw, 508px\" \/><\/a>U subotu, 06. maja, 2017, u 18 \u010dasova, u galeriji Centra za kulturu Ulcinj, odr\u017ea\u0107e se promocija romana pod naslovom \u201eSvako poludi na svoj na\u010din\u201c, pisca, publiciste i poznatog dramaturga iz Albanije, prof. dr. Stefana \u010capaliku.<\/p>\n<p>Roman prati doga\u0111aje u periodu od 20 godina, u gradu Skadru. Glavne okosnice de\u0161avanja u romanu su dva doga\u0111aja, od kojih se prvi desio 1967, kada je Albanija progla\u0161ena ateisti\u010dkom dr\u017eavom, a drugi 1985, kada umire onaj koji je takvom progla\u0161ava.<\/p>\n<p>Pri\u010da romana po\u010dinje u trenutku kada se uporedo sa ru\u0161enjem vjerskih institucija, stvara jedna nova institucija koja poku\u0161ava da nadomijesti staru vjeru novom, onom u medije, televizor.<\/p>\n<p>Autobiografski, ovaj roman je proistekao iz ispovjesti jednog grada, njegove du\u0161e, tijela i uma, za vrijeme pre\u017eivljavanja jedne od najve\u0107ih kriza u bezna\u0111u.<\/p>\n<p>Prema mi\u0161ljenju autora, ovaj roman se ne bavi nekim tobo\u017enjim herojima, ali ni onim sa velikim H.<\/p>\n<p>Pozivamo vas na promociju u kojoj \u0107e svaki od vas imati priliku da u\u010destvuje u otvorenom razgovoru na temu moderne albanske knji\u017eevnosti, ali i o mnogim drugim temama.<\/p>\n<p>NVO iACT<\/p>\n","protected":false},"excerpt":{"rendered":"<p>U subotu, 06. maja, 2017, u 18 \u010dasova, u galeriji Centra za kulturu Ulcinj, odr\u017ea\u0107e se promocija romana pod naslovom \u201eSvako poludi na svoj na\u010din\u201c, pisca, publiciste i poznatog dramaturga iz Albanije, prof. dr. Stefana \u010capaliku. Roman prati doga\u0111aje u periodu od 20 godina, u gradu Skadru. Glavne okosnice de\u0161avanja u romanu su dva doga\u0111aja, [&hellip;]<\/p>\n","protected":false},"author":1,"featured_media":0,"comment_status":"closed","ping_status":"closed","sticky":false,"template":"","format":"standard","meta":{"spay_email":"","jetpack_publicize_message":"","jetpack_is_tweetstorm":false,"jetpack_publicize_feature_enabled":true},"categories":[6950],"tags":[],"jetpack_publicize_connections":[],"yoast_head":"<!-- This site is optimized with the Yoast SEO plugin v19.1 - https:\/\/yoast.com\/wordpress\/plugins\/seo\/ -->\n<title>Prof. Dr. Stefan \u010capaliku odr\u017ea\u0107e promociju svoje najnovije knjige u Ulcinju 06. maja, 2017 - Lajme nga Ulqini<\/title>\n<meta name=\"description\" content=\"U subotu, 06. maja, 2017, u 18 \u010dasova, u galeriji Centra za kulturu Ulcinj, odr\u017ea\u0107e se promocija romana pod naslovom \u201eSvako poludi na svoj na\u010din\u201c, pisca,\" \/>\n<meta name=\"robots\" content=\"index, follow, max-snippet:-1, max-image-preview:large, max-video-preview:-1\" \/>\n<link rel=\"canonical\" href=\"https:\/\/www.visit-ulcinj.com\/blog\/2017\/05\/04\/prof-dr-stefan-capaliku-odrzace-promociju-svoje-najnovije-knjige-u-ulcinju-06-maja-2017\/\" \/>\n<meta property=\"og:locale\" content=\"en_US\" \/>\n<meta property=\"og:type\" content=\"article\" \/>\n<meta property=\"og:title\" content=\"Prof. Dr. Stefan \u010capaliku odr\u017ea\u0107e promociju svoje najnovije knjige u Ulcinju 06. maja, 2017 - Lajme nga Ulqini\" \/>\n<meta property=\"og:description\" content=\"U subotu, 06. maja, 2017, u 18 \u010dasova, u galeriji Centra za kulturu Ulcinj, odr\u017ea\u0107e se promocija romana pod naslovom \u201eSvako poludi na svoj na\u010din\u201c, pisca,\" \/>\n<meta property=\"og:url\" content=\"https:\/\/www.visit-ulcinj.com\/blog\/2017\/05\/04\/prof-dr-stefan-capaliku-odrzace-promociju-svoje-najnovije-knjige-u-ulcinju-06-maja-2017\/\" \/>\n<meta property=\"og:site_name\" content=\"Lajme nga Ulqini\" \/>\n<meta property=\"article:published_time\" content=\"2017-05-04T20:52:01+00:00\" \/>\n<meta property=\"og:image\" content=\"http:\/\/www.visit-ulcinj.com\/blog\/wp-content\/uploads\/2017\/05\/Stefan-Capaliku-ulqin.jpg\" \/>\n<meta name=\"twitter:label1\" content=\"Written by\" \/>\n\t<meta name=\"twitter:data1\" content=\"ulqini\" \/>\n\t<meta name=\"twitter:label2\" content=\"Est. reading time\" \/>\n\t<meta name=\"twitter:data2\" content=\"1 minute\" \/>\n<script type=\"application\/ld+json\" class=\"yoast-schema-graph\">{\"@context\":\"https:\/\/schema.org\",\"@graph\":[{\"@type\":\"WebSite\",\"@id\":\"https:\/\/www.visit-ulcinj.com\/blog\/#website\",\"url\":\"https:\/\/www.visit-ulcinj.com\/blog\/\",\"name\":\"Lajme nga Ulqini\",\"description\":\"Lajme,Vijesti,Ulqini,Ulqin,Crna Gora,Mali i Zi\",\"potentialAction\":[{\"@type\":\"SearchAction\",\"target\":{\"@type\":\"EntryPoint\",\"urlTemplate\":\"https:\/\/www.visit-ulcinj.com\/blog\/?s={search_term_string}\"},\"query-input\":\"required name=search_term_string\"}],\"inLanguage\":\"en-US\"},{\"@type\":\"ImageObject\",\"inLanguage\":\"en-US\",\"@id\":\"https:\/\/www.visit-ulcinj.com\/blog\/2017\/05\/04\/prof-dr-stefan-capaliku-odrzace-promociju-svoje-najnovije-knjige-u-ulcinju-06-maja-2017\/#primaryimage\",\"url\":\"https:\/\/www.visit-ulcinj.com\/blog\/wp-content\/uploads\/2017\/05\/Stefan-Capaliku-ulqin.jpg\",\"contentUrl\":\"https:\/\/www.visit-ulcinj.com\/blog\/wp-content\/uploads\/2017\/05\/Stefan-Capaliku-ulqin.jpg\",\"width\":924,\"height\":617},{\"@type\":\"WebPage\",\"@id\":\"https:\/\/www.visit-ulcinj.com\/blog\/2017\/05\/04\/prof-dr-stefan-capaliku-odrzace-promociju-svoje-najnovije-knjige-u-ulcinju-06-maja-2017\/#webpage\",\"url\":\"https:\/\/www.visit-ulcinj.com\/blog\/2017\/05\/04\/prof-dr-stefan-capaliku-odrzace-promociju-svoje-najnovije-knjige-u-ulcinju-06-maja-2017\/\",\"name\":\"Prof. Dr. Stefan \u010capaliku odr\u017ea\u0107e promociju svoje najnovije knjige u Ulcinju 06. maja, 2017 - Lajme nga Ulqini\",\"isPartOf\":{\"@id\":\"https:\/\/www.visit-ulcinj.com\/blog\/#website\"},\"primaryImageOfPage\":{\"@id\":\"https:\/\/www.visit-ulcinj.com\/blog\/2017\/05\/04\/prof-dr-stefan-capaliku-odrzace-promociju-svoje-najnovije-knjige-u-ulcinju-06-maja-2017\/#primaryimage\"},\"datePublished\":\"2017-05-04T20:52:01+00:00\",\"dateModified\":\"2017-05-04T20:52:01+00:00\",\"author\":{\"@id\":\"https:\/\/www.visit-ulcinj.com\/blog\/#\/schema\/person\/dcab619c614d3038751c63bc2aadc06d\"},\"description\":\"U subotu, 06. maja, 2017, u 18 \u010dasova, u galeriji Centra za kulturu Ulcinj, odr\u017ea\u0107e se promocija romana pod naslovom \u201eSvako poludi na svoj na\u010din\u201c, pisca,\",\"breadcrumb\":{\"@id\":\"https:\/\/www.visit-ulcinj.com\/blog\/2017\/05\/04\/prof-dr-stefan-capaliku-odrzace-promociju-svoje-najnovije-knjige-u-ulcinju-06-maja-2017\/#breadcrumb\"},\"inLanguage\":\"en-US\",\"potentialAction\":[{\"@type\":\"ReadAction\",\"target\":[\"https:\/\/www.visit-ulcinj.com\/blog\/2017\/05\/04\/prof-dr-stefan-capaliku-odrzace-promociju-svoje-najnovije-knjige-u-ulcinju-06-maja-2017\/\"]}]},{\"@type\":\"BreadcrumbList\",\"@id\":\"https:\/\/www.visit-ulcinj.com\/blog\/2017\/05\/04\/prof-dr-stefan-capaliku-odrzace-promociju-svoje-najnovije-knjige-u-ulcinju-06-maja-2017\/#breadcrumb\",\"itemListElement\":[{\"@type\":\"ListItem\",\"position\":1,\"name\":\"Prof. Dr. Stefan \u010capaliku odr\u017ea\u0107e promociju svoje najnovije knjige u Ulcinju 06. maja, 2017\"}]},{\"@type\":\"Person\",\"@id\":\"https:\/\/www.visit-ulcinj.com\/blog\/#\/schema\/person\/dcab619c614d3038751c63bc2aadc06d\",\"name\":\"ulqini\",\"sameAs\":[\"http:\/\/www.visit-ulcinj.com\"],\"url\":\"https:\/\/www.visit-ulcinj.com\/blog\/author\/admin\/\"}]}<\/script>\n<!-- \/ Yoast SEO plugin. -->","yoast_head_json":{"title":"Prof. Dr. Stefan \u010capaliku odr\u017ea\u0107e promociju svoje najnovije knjige u Ulcinju 06. maja, 2017 - Lajme nga Ulqini","description":"U subotu, 06. maja, 2017, u 18 \u010dasova, u galeriji Centra za kulturu Ulcinj, odr\u017ea\u0107e se promocija romana pod naslovom \u201eSvako poludi na svoj na\u010din\u201c, pisca,","robots":{"index":"index","follow":"follow","max-snippet":"max-snippet:-1","max-image-preview":"max-image-preview:large","max-video-preview":"max-video-preview:-1"},"canonical":"https:\/\/www.visit-ulcinj.com\/blog\/2017\/05\/04\/prof-dr-stefan-capaliku-odrzace-promociju-svoje-najnovije-knjige-u-ulcinju-06-maja-2017\/","og_locale":"en_US","og_type":"article","og_title":"Prof. Dr. Stefan \u010capaliku odr\u017ea\u0107e promociju svoje najnovije knjige u Ulcinju 06. maja, 2017 - Lajme nga Ulqini","og_description":"U subotu, 06. maja, 2017, u 18 \u010dasova, u galeriji Centra za kulturu Ulcinj, odr\u017ea\u0107e se promocija romana pod naslovom \u201eSvako poludi na svoj na\u010din\u201c, pisca,","og_url":"https:\/\/www.visit-ulcinj.com\/blog\/2017\/05\/04\/prof-dr-stefan-capaliku-odrzace-promociju-svoje-najnovije-knjige-u-ulcinju-06-maja-2017\/","og_site_name":"Lajme nga Ulqini","article_published_time":"2017-05-04T20:52:01+00:00","og_image":[{"url":"http:\/\/www.visit-ulcinj.com\/blog\/wp-content\/uploads\/2017\/05\/Stefan-Capaliku-ulqin.jpg"}],"twitter_misc":{"Written by":"ulqini","Est. reading time":"1 minute"},"schema":{"@context":"https:\/\/schema.org","@graph":[{"@type":"WebSite","@id":"https:\/\/www.visit-ulcinj.com\/blog\/#website","url":"https:\/\/www.visit-ulcinj.com\/blog\/","name":"Lajme nga Ulqini","description":"Lajme,Vijesti,Ulqini,Ulqin,Crna Gora,Mali i Zi","potentialAction":[{"@type":"SearchAction","target":{"@type":"EntryPoint","urlTemplate":"https:\/\/www.visit-ulcinj.com\/blog\/?s={search_term_string}"},"query-input":"required name=search_term_string"}],"inLanguage":"en-US"},{"@type":"ImageObject","inLanguage":"en-US","@id":"https:\/\/www.visit-ulcinj.com\/blog\/2017\/05\/04\/prof-dr-stefan-capaliku-odrzace-promociju-svoje-najnovije-knjige-u-ulcinju-06-maja-2017\/#primaryimage","url":"https:\/\/www.visit-ulcinj.com\/blog\/wp-content\/uploads\/2017\/05\/Stefan-Capaliku-ulqin.jpg","contentUrl":"https:\/\/www.visit-ulcinj.com\/blog\/wp-content\/uploads\/2017\/05\/Stefan-Capaliku-ulqin.jpg","width":924,"height":617},{"@type":"WebPage","@id":"https:\/\/www.visit-ulcinj.com\/blog\/2017\/05\/04\/prof-dr-stefan-capaliku-odrzace-promociju-svoje-najnovije-knjige-u-ulcinju-06-maja-2017\/#webpage","url":"https:\/\/www.visit-ulcinj.com\/blog\/2017\/05\/04\/prof-dr-stefan-capaliku-odrzace-promociju-svoje-najnovije-knjige-u-ulcinju-06-maja-2017\/","name":"Prof. Dr. Stefan \u010capaliku odr\u017ea\u0107e promociju svoje najnovije knjige u Ulcinju 06. maja, 2017 - Lajme nga Ulqini","isPartOf":{"@id":"https:\/\/www.visit-ulcinj.com\/blog\/#website"},"primaryImageOfPage":{"@id":"https:\/\/www.visit-ulcinj.com\/blog\/2017\/05\/04\/prof-dr-stefan-capaliku-odrzace-promociju-svoje-najnovije-knjige-u-ulcinju-06-maja-2017\/#primaryimage"},"datePublished":"2017-05-04T20:52:01+00:00","dateModified":"2017-05-04T20:52:01+00:00","author":{"@id":"https:\/\/www.visit-ulcinj.com\/blog\/#\/schema\/person\/dcab619c614d3038751c63bc2aadc06d"},"description":"U subotu, 06. maja, 2017, u 18 \u010dasova, u galeriji Centra za kulturu Ulcinj, odr\u017ea\u0107e se promocija romana pod naslovom \u201eSvako poludi na svoj na\u010din\u201c, pisca,","breadcrumb":{"@id":"https:\/\/www.visit-ulcinj.com\/blog\/2017\/05\/04\/prof-dr-stefan-capaliku-odrzace-promociju-svoje-najnovije-knjige-u-ulcinju-06-maja-2017\/#breadcrumb"},"inLanguage":"en-US","potentialAction":[{"@type":"ReadAction","target":["https:\/\/www.visit-ulcinj.com\/blog\/2017\/05\/04\/prof-dr-stefan-capaliku-odrzace-promociju-svoje-najnovije-knjige-u-ulcinju-06-maja-2017\/"]}]},{"@type":"BreadcrumbList","@id":"https:\/\/www.visit-ulcinj.com\/blog\/2017\/05\/04\/prof-dr-stefan-capaliku-odrzace-promociju-svoje-najnovije-knjige-u-ulcinju-06-maja-2017\/#breadcrumb","itemListElement":[{"@type":"ListItem","position":1,"name":"Prof. Dr. Stefan \u010capaliku odr\u017ea\u0107e promociju svoje najnovije knjige u Ulcinju 06. maja, 2017"}]},{"@type":"Person","@id":"https:\/\/www.visit-ulcinj.com\/blog\/#\/schema\/person\/dcab619c614d3038751c63bc2aadc06d","name":"ulqini","sameAs":["http:\/\/www.visit-ulcinj.com"],"url":"https:\/\/www.visit-ulcinj.com\/blog\/author\/admin\/"}]}},"jetpack_featured_media_url":"","jetpack_sharing_enabled":true,"jetpack_shortlink":"https:\/\/wp.me\/pe6lTn-rhw","_links":{"self":[{"href":"https:\/\/www.visit-ulcinj.com\/blog\/wp-json\/wp\/v2\/posts\/104874"}],"collection":[{"href":"https:\/\/www.visit-ulcinj.com\/blog\/wp-json\/wp\/v2\/posts"}],"about":[{"href":"https:\/\/www.visit-ulcinj.com\/blog\/wp-json\/wp\/v2\/types\/post"}],"author":[{"embeddable":true,"href":"https:\/\/www.visit-ulcinj.com\/blog\/wp-json\/wp\/v2\/users\/1"}],"replies":[{"embeddable":true,"href":"https:\/\/www.visit-ulcinj.com\/blog\/wp-json\/wp\/v2\/comments?post=104874"}],"version-history":[{"count":1,"href":"https:\/\/www.visit-ulcinj.com\/blog\/wp-json\/wp\/v2\/posts\/104874\/revisions"}],"predecessor-version":[{"id":104876,"href":"https:\/\/www.visit-ulcinj.com\/blog\/wp-json\/wp\/v2\/posts\/104874\/revisions\/104876"}],"wp:attachment":[{"href":"https:\/\/www.visit-ulcinj.com\/blog\/wp-json\/wp\/v2\/media?parent=104874"}],"wp:term":[{"taxonomy":"category","embeddable":true,"href":"https:\/\/www.visit-ulcinj.com\/blog\/wp-json\/wp\/v2\/categories?post=104874"},{"taxonomy":"post_tag","embeddable":true,"href":"https:\/\/www.visit-ulcinj.com\/blog\/wp-json\/wp\/v2\/tags?post=104874"}],"curies":[{"name":"wp","href":"https:\/\/api.w.org\/{rel}","templated":true}]}}