{"id":104877,"date":"2017-05-04T21:54:22","date_gmt":"2017-05-04T20:54:22","guid":{"rendered":"http:\/\/www.visit-ulcinj.com\/blog\/?p=104877"},"modified":"2017-05-04T21:54:22","modified_gmt":"2017-05-04T20:54:22","slug":"prof-dr-stefan-capaliku-prezanton-vepren-e-tij-te-fundit-ne-ulqin-6-maj-2017","status":"publish","type":"post","link":"https:\/\/www.visit-ulcinj.com\/blog\/2017\/05\/04\/prof-dr-stefan-capaliku-prezanton-vepren-e-tij-te-fundit-ne-ulqin-6-maj-2017\/","title":{"rendered":"Prof. Dr. Stefan \u00c7apaliku prezanton vepr\u00ebn e tij t\u00eb fundit n\u00eb Ulqin m\u00eb 6 maj 2017"},"content":{"rendered":"<p><a href=\"http:\/\/www.visit-ulcinj.com\/blog\/wp-content\/uploads\/2017\/05\/Stefan-Capaliku-ulqin.jpg\"><img loading=\"lazy\" class=\"alignleft wp-image-104875\" src=\"http:\/\/www.visit-ulcinj.com\/blog\/wp-content\/uploads\/2017\/05\/Stefan-Capaliku-ulqin.jpg\" alt=\"\" width=\"508\" height=\"339\" srcset=\"https:\/\/www.visit-ulcinj.com\/blog\/wp-content\/uploads\/2017\/05\/Stefan-Capaliku-ulqin.jpg 924w, https:\/\/www.visit-ulcinj.com\/blog\/wp-content\/uploads\/2017\/05\/Stefan-Capaliku-ulqin-300x200.jpg 300w, https:\/\/www.visit-ulcinj.com\/blog\/wp-content\/uploads\/2017\/05\/Stefan-Capaliku-ulqin-768x513.jpg 768w\" sizes=\"(max-width: 508px) 100vw, 508px\" \/><\/a>Diten e shtun\u00eb, me dat\u00eb 6 maj n\u00eb or\u00ebn 18:00 n\u00eb Galerin\u00eb e Qendres Kulturore Ulqin do t\u00eb b\u00ebhet promovimi i romanit \u201cSecili \u00e7mendet simbas m\u00ebnyr\u00ebs s\u00eb vet\u201d i shkrimtarit, publicistit, dhe dramaturgut t\u00eb njohur shqiptar\u00eb, Prof. Dr. Stefan \u00c7apaliku.<\/p>\n<p>Romani zhvillon ngjarjet p\u00ebrgjat\u00eb nj\u00eb periudhe gati nj\u00ebzetvje\u00e7are, n\u00eb qytetin e Shkodr\u00ebs . Dy gozhd\u00ebt, q\u00eb mbajn\u00eb t\u00eb t\u00ebrhequr litarin e ngjarjeve, jan\u00eb ngulur n\u00eb vitin 1967, kur Shqip\u00ebrin\u00eb e shpallin shtet ateist dhe n\u00eb vitin 1985, kur vdes ai q\u00eb e shpalli.<\/p>\n<p>Romani nis\u00eb turrin tregimtar nd\u00ebrsa jasht\u00eb po shkat\u00ebrroheshin institutet e religjionit dhe brenda po lindte nj\u00eb institut i ri besimi, q\u00eb ishte televizori, media.<\/p>\n<p>Autobiografik, romani \u00ebsht\u00eb nj\u00eb d\u00ebshmi letrare e trupit, shpirtit dhe mendjes s\u00eb qytetit, p\u00ebrgjat\u00eb nj\u00eb prej l\u00ebngatave t\u00eb tij m\u00eb t\u00eb pashpresa.<\/p>\n<p>Sipas autorit, ky nuk \u00ebsht\u00eb as romani i heronj\u00ebve nd\u00ebr thonj\u00ebza, e as romani i heronj\u00ebve me H t\u00eb madhe\u2026<\/p>\n<p>Ju ftojm\u00eb n\u00eb nj\u00eb promovim ku secili prej nesh do t\u00eb mund t\u00eb b\u00ebhet protagonist i nj\u00eb diskutimi t\u00eb hapur rreth let\u00ebris\u00eb s\u00eb sotme shqiptare, dhe jo vet\u00ebm.<\/p>\n<p>&nbsp;<\/p>\n<p>iACT<\/p>\n","protected":false},"excerpt":{"rendered":"<p>Diten e shtun\u00eb, me dat\u00eb 6 maj n\u00eb or\u00ebn 18:00 n\u00eb Galerin\u00eb e Qendres Kulturore Ulqin do t\u00eb b\u00ebhet promovimi i romanit \u201cSecili \u00e7mendet simbas m\u00ebnyr\u00ebs s\u00eb vet\u201d i shkrimtarit, publicistit, dhe dramaturgut t\u00eb njohur shqiptar\u00eb, Prof. Dr. Stefan \u00c7apaliku. Romani zhvillon ngjarjet p\u00ebrgjat\u00eb nj\u00eb periudhe gati nj\u00ebzetvje\u00e7are, n\u00eb qytetin e Shkodr\u00ebs . Dy gozhd\u00ebt, [&hellip;]<\/p>\n","protected":false},"author":1,"featured_media":0,"comment_status":"closed","ping_status":"closed","sticky":false,"template":"","format":"standard","meta":{"spay_email":"","jetpack_publicize_message":"","jetpack_is_tweetstorm":false,"jetpack_publicize_feature_enabled":true},"categories":[4],"tags":[],"jetpack_publicize_connections":[],"yoast_head":"<!-- This site is optimized with the Yoast SEO plugin v19.1 - https:\/\/yoast.com\/wordpress\/plugins\/seo\/ -->\n<title>Prof. Dr. Stefan \u00c7apaliku prezanton vepr\u00ebn e tij t\u00eb fundit n\u00eb Ulqin m\u00eb 6 maj 2017 - Lajme nga Ulqini<\/title>\n<meta name=\"description\" content=\"Diten e shtun\u00eb, me dat\u00eb 6 maj n\u00eb or\u00ebn 18:00 n\u00eb Galerin\u00eb e Qendres Kulturore Ulqin do t\u00eb b\u00ebhet promovimi i romanit \u201cSecili \u00e7mendet simbas m\u00ebnyr\u00ebs s\u00eb vet\u201d i\" \/>\n<meta name=\"robots\" content=\"index, follow, max-snippet:-1, max-image-preview:large, max-video-preview:-1\" \/>\n<link rel=\"canonical\" href=\"https:\/\/www.visit-ulcinj.com\/blog\/2017\/05\/04\/prof-dr-stefan-capaliku-prezanton-vepren-e-tij-te-fundit-ne-ulqin-6-maj-2017\/\" \/>\n<meta property=\"og:locale\" content=\"en_US\" \/>\n<meta property=\"og:type\" content=\"article\" \/>\n<meta property=\"og:title\" content=\"Prof. Dr. Stefan \u00c7apaliku prezanton vepr\u00ebn e tij t\u00eb fundit n\u00eb Ulqin m\u00eb 6 maj 2017 - Lajme nga Ulqini\" \/>\n<meta property=\"og:description\" content=\"Diten e shtun\u00eb, me dat\u00eb 6 maj n\u00eb or\u00ebn 18:00 n\u00eb Galerin\u00eb e Qendres Kulturore Ulqin do t\u00eb b\u00ebhet promovimi i romanit \u201cSecili \u00e7mendet simbas m\u00ebnyr\u00ebs s\u00eb vet\u201d i\" \/>\n<meta property=\"og:url\" content=\"https:\/\/www.visit-ulcinj.com\/blog\/2017\/05\/04\/prof-dr-stefan-capaliku-prezanton-vepren-e-tij-te-fundit-ne-ulqin-6-maj-2017\/\" \/>\n<meta property=\"og:site_name\" content=\"Lajme nga Ulqini\" \/>\n<meta property=\"article:published_time\" content=\"2017-05-04T20:54:22+00:00\" \/>\n<meta property=\"og:image\" content=\"http:\/\/www.visit-ulcinj.com\/blog\/wp-content\/uploads\/2017\/05\/Stefan-Capaliku-ulqin.jpg\" \/>\n<meta name=\"twitter:label1\" content=\"Written by\" \/>\n\t<meta name=\"twitter:data1\" content=\"ulqini\" \/>\n\t<meta name=\"twitter:label2\" content=\"Est. reading time\" \/>\n\t<meta name=\"twitter:data2\" content=\"1 minute\" \/>\n<script type=\"application\/ld+json\" class=\"yoast-schema-graph\">{\"@context\":\"https:\/\/schema.org\",\"@graph\":[{\"@type\":\"WebSite\",\"@id\":\"https:\/\/www.visit-ulcinj.com\/blog\/#website\",\"url\":\"https:\/\/www.visit-ulcinj.com\/blog\/\",\"name\":\"Lajme nga Ulqini\",\"description\":\"Lajme,Vijesti,Ulqini,Ulqin,Crna Gora,Mali i Zi\",\"potentialAction\":[{\"@type\":\"SearchAction\",\"target\":{\"@type\":\"EntryPoint\",\"urlTemplate\":\"https:\/\/www.visit-ulcinj.com\/blog\/?s={search_term_string}\"},\"query-input\":\"required name=search_term_string\"}],\"inLanguage\":\"en-US\"},{\"@type\":\"ImageObject\",\"inLanguage\":\"en-US\",\"@id\":\"https:\/\/www.visit-ulcinj.com\/blog\/2017\/05\/04\/prof-dr-stefan-capaliku-prezanton-vepren-e-tij-te-fundit-ne-ulqin-6-maj-2017\/#primaryimage\",\"url\":\"https:\/\/www.visit-ulcinj.com\/blog\/wp-content\/uploads\/2017\/05\/Stefan-Capaliku-ulqin.jpg\",\"contentUrl\":\"https:\/\/www.visit-ulcinj.com\/blog\/wp-content\/uploads\/2017\/05\/Stefan-Capaliku-ulqin.jpg\",\"width\":924,\"height\":617},{\"@type\":\"WebPage\",\"@id\":\"https:\/\/www.visit-ulcinj.com\/blog\/2017\/05\/04\/prof-dr-stefan-capaliku-prezanton-vepren-e-tij-te-fundit-ne-ulqin-6-maj-2017\/#webpage\",\"url\":\"https:\/\/www.visit-ulcinj.com\/blog\/2017\/05\/04\/prof-dr-stefan-capaliku-prezanton-vepren-e-tij-te-fundit-ne-ulqin-6-maj-2017\/\",\"name\":\"Prof. Dr. Stefan \u00c7apaliku prezanton vepr\u00ebn e tij t\u00eb fundit n\u00eb Ulqin m\u00eb 6 maj 2017 - Lajme nga Ulqini\",\"isPartOf\":{\"@id\":\"https:\/\/www.visit-ulcinj.com\/blog\/#website\"},\"primaryImageOfPage\":{\"@id\":\"https:\/\/www.visit-ulcinj.com\/blog\/2017\/05\/04\/prof-dr-stefan-capaliku-prezanton-vepren-e-tij-te-fundit-ne-ulqin-6-maj-2017\/#primaryimage\"},\"datePublished\":\"2017-05-04T20:54:22+00:00\",\"dateModified\":\"2017-05-04T20:54:22+00:00\",\"author\":{\"@id\":\"https:\/\/www.visit-ulcinj.com\/blog\/#\/schema\/person\/dcab619c614d3038751c63bc2aadc06d\"},\"description\":\"Diten e shtun\u00eb, me dat\u00eb 6 maj n\u00eb or\u00ebn 18:00 n\u00eb Galerin\u00eb e Qendres Kulturore Ulqin do t\u00eb b\u00ebhet promovimi i romanit \u201cSecili \u00e7mendet simbas m\u00ebnyr\u00ebs s\u00eb vet\u201d i\",\"breadcrumb\":{\"@id\":\"https:\/\/www.visit-ulcinj.com\/blog\/2017\/05\/04\/prof-dr-stefan-capaliku-prezanton-vepren-e-tij-te-fundit-ne-ulqin-6-maj-2017\/#breadcrumb\"},\"inLanguage\":\"en-US\",\"potentialAction\":[{\"@type\":\"ReadAction\",\"target\":[\"https:\/\/www.visit-ulcinj.com\/blog\/2017\/05\/04\/prof-dr-stefan-capaliku-prezanton-vepren-e-tij-te-fundit-ne-ulqin-6-maj-2017\/\"]}]},{\"@type\":\"BreadcrumbList\",\"@id\":\"https:\/\/www.visit-ulcinj.com\/blog\/2017\/05\/04\/prof-dr-stefan-capaliku-prezanton-vepren-e-tij-te-fundit-ne-ulqin-6-maj-2017\/#breadcrumb\",\"itemListElement\":[{\"@type\":\"ListItem\",\"position\":1,\"name\":\"Prof. Dr. Stefan \u00c7apaliku prezanton vepr\u00ebn e tij t\u00eb fundit n\u00eb Ulqin m\u00eb 6 maj 2017\"}]},{\"@type\":\"Person\",\"@id\":\"https:\/\/www.visit-ulcinj.com\/blog\/#\/schema\/person\/dcab619c614d3038751c63bc2aadc06d\",\"name\":\"ulqini\",\"sameAs\":[\"http:\/\/www.visit-ulcinj.com\"],\"url\":\"https:\/\/www.visit-ulcinj.com\/blog\/author\/admin\/\"}]}<\/script>\n<!-- \/ Yoast SEO plugin. -->","yoast_head_json":{"title":"Prof. Dr. Stefan \u00c7apaliku prezanton vepr\u00ebn e tij t\u00eb fundit n\u00eb Ulqin m\u00eb 6 maj 2017 - Lajme nga Ulqini","description":"Diten e shtun\u00eb, me dat\u00eb 6 maj n\u00eb or\u00ebn 18:00 n\u00eb Galerin\u00eb e Qendres Kulturore Ulqin do t\u00eb b\u00ebhet promovimi i romanit \u201cSecili \u00e7mendet simbas m\u00ebnyr\u00ebs s\u00eb vet\u201d i","robots":{"index":"index","follow":"follow","max-snippet":"max-snippet:-1","max-image-preview":"max-image-preview:large","max-video-preview":"max-video-preview:-1"},"canonical":"https:\/\/www.visit-ulcinj.com\/blog\/2017\/05\/04\/prof-dr-stefan-capaliku-prezanton-vepren-e-tij-te-fundit-ne-ulqin-6-maj-2017\/","og_locale":"en_US","og_type":"article","og_title":"Prof. Dr. Stefan \u00c7apaliku prezanton vepr\u00ebn e tij t\u00eb fundit n\u00eb Ulqin m\u00eb 6 maj 2017 - Lajme nga Ulqini","og_description":"Diten e shtun\u00eb, me dat\u00eb 6 maj n\u00eb or\u00ebn 18:00 n\u00eb Galerin\u00eb e Qendres Kulturore Ulqin do t\u00eb b\u00ebhet promovimi i romanit \u201cSecili \u00e7mendet simbas m\u00ebnyr\u00ebs s\u00eb vet\u201d i","og_url":"https:\/\/www.visit-ulcinj.com\/blog\/2017\/05\/04\/prof-dr-stefan-capaliku-prezanton-vepren-e-tij-te-fundit-ne-ulqin-6-maj-2017\/","og_site_name":"Lajme nga Ulqini","article_published_time":"2017-05-04T20:54:22+00:00","og_image":[{"url":"http:\/\/www.visit-ulcinj.com\/blog\/wp-content\/uploads\/2017\/05\/Stefan-Capaliku-ulqin.jpg"}],"twitter_misc":{"Written by":"ulqini","Est. reading time":"1 minute"},"schema":{"@context":"https:\/\/schema.org","@graph":[{"@type":"WebSite","@id":"https:\/\/www.visit-ulcinj.com\/blog\/#website","url":"https:\/\/www.visit-ulcinj.com\/blog\/","name":"Lajme nga Ulqini","description":"Lajme,Vijesti,Ulqini,Ulqin,Crna Gora,Mali i Zi","potentialAction":[{"@type":"SearchAction","target":{"@type":"EntryPoint","urlTemplate":"https:\/\/www.visit-ulcinj.com\/blog\/?s={search_term_string}"},"query-input":"required name=search_term_string"}],"inLanguage":"en-US"},{"@type":"ImageObject","inLanguage":"en-US","@id":"https:\/\/www.visit-ulcinj.com\/blog\/2017\/05\/04\/prof-dr-stefan-capaliku-prezanton-vepren-e-tij-te-fundit-ne-ulqin-6-maj-2017\/#primaryimage","url":"https:\/\/www.visit-ulcinj.com\/blog\/wp-content\/uploads\/2017\/05\/Stefan-Capaliku-ulqin.jpg","contentUrl":"https:\/\/www.visit-ulcinj.com\/blog\/wp-content\/uploads\/2017\/05\/Stefan-Capaliku-ulqin.jpg","width":924,"height":617},{"@type":"WebPage","@id":"https:\/\/www.visit-ulcinj.com\/blog\/2017\/05\/04\/prof-dr-stefan-capaliku-prezanton-vepren-e-tij-te-fundit-ne-ulqin-6-maj-2017\/#webpage","url":"https:\/\/www.visit-ulcinj.com\/blog\/2017\/05\/04\/prof-dr-stefan-capaliku-prezanton-vepren-e-tij-te-fundit-ne-ulqin-6-maj-2017\/","name":"Prof. Dr. Stefan \u00c7apaliku prezanton vepr\u00ebn e tij t\u00eb fundit n\u00eb Ulqin m\u00eb 6 maj 2017 - Lajme nga Ulqini","isPartOf":{"@id":"https:\/\/www.visit-ulcinj.com\/blog\/#website"},"primaryImageOfPage":{"@id":"https:\/\/www.visit-ulcinj.com\/blog\/2017\/05\/04\/prof-dr-stefan-capaliku-prezanton-vepren-e-tij-te-fundit-ne-ulqin-6-maj-2017\/#primaryimage"},"datePublished":"2017-05-04T20:54:22+00:00","dateModified":"2017-05-04T20:54:22+00:00","author":{"@id":"https:\/\/www.visit-ulcinj.com\/blog\/#\/schema\/person\/dcab619c614d3038751c63bc2aadc06d"},"description":"Diten e shtun\u00eb, me dat\u00eb 6 maj n\u00eb or\u00ebn 18:00 n\u00eb Galerin\u00eb e Qendres Kulturore Ulqin do t\u00eb b\u00ebhet promovimi i romanit \u201cSecili \u00e7mendet simbas m\u00ebnyr\u00ebs s\u00eb vet\u201d i","breadcrumb":{"@id":"https:\/\/www.visit-ulcinj.com\/blog\/2017\/05\/04\/prof-dr-stefan-capaliku-prezanton-vepren-e-tij-te-fundit-ne-ulqin-6-maj-2017\/#breadcrumb"},"inLanguage":"en-US","potentialAction":[{"@type":"ReadAction","target":["https:\/\/www.visit-ulcinj.com\/blog\/2017\/05\/04\/prof-dr-stefan-capaliku-prezanton-vepren-e-tij-te-fundit-ne-ulqin-6-maj-2017\/"]}]},{"@type":"BreadcrumbList","@id":"https:\/\/www.visit-ulcinj.com\/blog\/2017\/05\/04\/prof-dr-stefan-capaliku-prezanton-vepren-e-tij-te-fundit-ne-ulqin-6-maj-2017\/#breadcrumb","itemListElement":[{"@type":"ListItem","position":1,"name":"Prof. Dr. Stefan \u00c7apaliku prezanton vepr\u00ebn e tij t\u00eb fundit n\u00eb Ulqin m\u00eb 6 maj 2017"}]},{"@type":"Person","@id":"https:\/\/www.visit-ulcinj.com\/blog\/#\/schema\/person\/dcab619c614d3038751c63bc2aadc06d","name":"ulqini","sameAs":["http:\/\/www.visit-ulcinj.com"],"url":"https:\/\/www.visit-ulcinj.com\/blog\/author\/admin\/"}]}},"jetpack_featured_media_url":"","jetpack_sharing_enabled":true,"jetpack_shortlink":"https:\/\/wp.me\/pe6lTn-rhz","_links":{"self":[{"href":"https:\/\/www.visit-ulcinj.com\/blog\/wp-json\/wp\/v2\/posts\/104877"}],"collection":[{"href":"https:\/\/www.visit-ulcinj.com\/blog\/wp-json\/wp\/v2\/posts"}],"about":[{"href":"https:\/\/www.visit-ulcinj.com\/blog\/wp-json\/wp\/v2\/types\/post"}],"author":[{"embeddable":true,"href":"https:\/\/www.visit-ulcinj.com\/blog\/wp-json\/wp\/v2\/users\/1"}],"replies":[{"embeddable":true,"href":"https:\/\/www.visit-ulcinj.com\/blog\/wp-json\/wp\/v2\/comments?post=104877"}],"version-history":[{"count":1,"href":"https:\/\/www.visit-ulcinj.com\/blog\/wp-json\/wp\/v2\/posts\/104877\/revisions"}],"predecessor-version":[{"id":104878,"href":"https:\/\/www.visit-ulcinj.com\/blog\/wp-json\/wp\/v2\/posts\/104877\/revisions\/104878"}],"wp:attachment":[{"href":"https:\/\/www.visit-ulcinj.com\/blog\/wp-json\/wp\/v2\/media?parent=104877"}],"wp:term":[{"taxonomy":"category","embeddable":true,"href":"https:\/\/www.visit-ulcinj.com\/blog\/wp-json\/wp\/v2\/categories?post=104877"},{"taxonomy":"post_tag","embeddable":true,"href":"https:\/\/www.visit-ulcinj.com\/blog\/wp-json\/wp\/v2\/tags?post=104877"}],"curies":[{"name":"wp","href":"https:\/\/api.w.org\/{rel}","templated":true}]}}