{"id":104879,"date":"2017-05-05T13:03:41","date_gmt":"2017-05-05T12:03:41","guid":{"rendered":"http:\/\/www.visit-ulcinj.com\/blog\/?p=104879"},"modified":"2017-05-05T20:48:16","modified_gmt":"2017-05-05T19:48:16","slug":"edita-nimanbegu-odrzala-modnu-reviju-u-ulcinju-video","status":"publish","type":"post","link":"https:\/\/www.visit-ulcinj.com\/blog\/2017\/05\/05\/edita-nimanbegu-odrzala-modnu-reviju-u-ulcinju-video\/","title":{"rendered":"Edita Nimanbegu \u0107e odr\u017eati 6 maja modnu reviju u Ulcinju &#8211; Video"},"content":{"rendered":"<p><strong><a href=\"http:\/\/www.visit-ulcinj.com\/blog\/wp-content\/uploads\/2017\/05\/Edita-Nimanbegu-MODNA-REVIJA.jpg\"><img loading=\"lazy\" class=\"alignleft wp-image-104880\" src=\"http:\/\/www.visit-ulcinj.com\/blog\/wp-content\/uploads\/2017\/05\/Edita-Nimanbegu-MODNA-REVIJA.jpg\" alt=\"\" width=\"508\" height=\"338\" srcset=\"https:\/\/www.visit-ulcinj.com\/blog\/wp-content\/uploads\/2017\/05\/Edita-Nimanbegu-MODNA-REVIJA.jpg 768w, https:\/\/www.visit-ulcinj.com\/blog\/wp-content\/uploads\/2017\/05\/Edita-Nimanbegu-MODNA-REVIJA-300x200.jpg 300w\" sizes=\"(max-width: 508px) 100vw, 508px\" \/><\/a><\/strong><\/p>\n<p><strong>Edita Nimanbegu \u0107e odr\u017eati u subotu 6 maja modnu reviju u Ulcinju<\/strong><\/p>\n<p><strong>Najte\u017ee je svoj rad predstaviti onima koje poznaje\u0161 <\/strong><\/p>\n<p><strong>Nimanbegu je za ovu priliku i ulcinjsku publiku pripremila presjek svog dosada\u0161njeg rada, odnosno spoj svoje dvije kolekcije \u201c(Un)Veiled\u201d i \u201cShe Who Fell to Earth\u201d, koje su prethodno predstavljene na crnogorskom Fashion Weeku u Podgorici, ali i u Italiji, a koje su namijenjene za sezonu prolje\u0107e-ljeto<\/strong><\/p>\n<p><span class=\"credits__author\"> <strong>Autor: <a href=\"http:\/\/www.vijesti.me\/autori\/mirela-hodzic-771\/profil\">Mirela Hod\u017ei\u0107<\/a> <\/strong><\/span><\/p>\n<p>Crnogorska dizajnerka\u00a0Edita Nimanbegu, predstavi\u0107e svoj dosada\u0161nji rad u rodnom Ulcinju, a njoj \u0107e kao doma\u0107inu, dru\u0161tvo praviti jo\u0161 \u010detiri kreatora iz Crne Gore i regiona, i to u subotu, 6. maja u Starom gradu u okviru manifestacije koja je nazvana Modna revija i \u010diji je pokrovitelj Turisti\u010dka organizacija.<\/p>\n<p>&nbsp;<\/p>\n<p>\u201cOvo \u0107e biti moje prvo predstavljanje u Ulcinju. Iako sam pri\u017eeljkivala da se doma\u0107oj publici predstavim samostalnom revijom, ipak \u0107e to biti u okviru manifestacije Modna revija, a u sklopu Dana turizma tog grada, koji \u0107e biti odr\u017eani 4, 5. i 6. maja\u201d, otkrila je ona.<\/p>\n<p>Nimanbegu u razgovoru potvr\u0111uje da je tvrdnja prema kojoj je najte\u017ee, ali i najva\u017enije pridobiti publiku iz svog grada ta\u010dna. Zbog toga, obja\u0161njava, ima tremu.<\/p>\n<p>\u201cUpravo tako. Najte\u017ee je pokazati svoj rad ljudima koje\u00a0\u00a0poznaje\u0161\u00a0\u00a0privatno, zbog toga imam malu tremu, ali mislim da je to sasvim normalno. Sa druge strane, nemam ni previ\u0161e vremena da razmi\u0161ljam o tome, jer je sva organizacija te ve\u010deri na meni i mojih par prijatelja. Zato nemam vremena ni za pravu tremu, ali se nadam da \u0107e sve biti kako treba\u201d, priznaje ona.<\/p>\n<p>Nimanbegu je za ovu priliku i ulcinjsku publiku pripremila presjek svog dosada\u0161njeg rada, odnosno spoj svoje dvije kolekcije \u201c(Un)Veiled\u201d i \u201cShe Who Fell to Earth\u201d, koje su prethodno predstavljene na crnogorskom Fashion Weeku u Podgorici, ali i u Italiji, a koje su namijenjene za sezonu prolje\u0107e-ljeto.<\/p>\n<p><a href=\"http:\/\/www.visit-ulcinj.com\/blog\/wp-content\/uploads\/2017\/05\/Edita-Nimanbegu-MODNA-REVIJA-2.jpg\"><img loading=\"lazy\" class=\"alignleft wp-image-104883\" src=\"http:\/\/www.visit-ulcinj.com\/blog\/wp-content\/uploads\/2017\/05\/Edita-Nimanbegu-MODNA-REVIJA-2.jpg\" alt=\"\" width=\"508\" height=\"636\" \/><\/a><\/p>\n<p>\u201cS obzirom na to da je period matura, a i da je sve nekako i\u0161lo na brzinu, nisam imala vremena da pripremim novu kolekciju, pa \u0107u predstaviti kombinaciju moje dvije posljednje revije. Mali miks od deset modela\u201d, obja\u0161njava Ulcinjanka, koja je zavr\u0161ila Fakultet vizuelnih umjetnosti na Univerzitetu \u201cMediteran\u201d, na odsjeku grafi\u010dki dizajn.<\/p>\n<p>\u201cIako imam samo dva dana, potrudi\u0107u se da pripremim dva nova modela. Ostalo \u0107e naravno biti malo modifikovano\u201d, obe\u0107ava ona i dodaje da \u0107e u okviru Modne revije, i polumaturantkinje i maturantkinje mo\u0107i da prona\u0111u toaletu za svoje posebno ve\u010de.<\/p>\n<p>\u201cNadam se da \u0107e i djevojke koje idu na mature i polumature prona\u0107i na reviji ne\u0161to za sebe, jer su uglavnom u pitanju haljine za specijalne prilike\u201d, isti\u010de kreatorka koja je uz\u00a0Lea Jankovi\u0107a\u00a0(L&amp;G design),\u00a0Muha Uru\u010dija\u00a0i\u00a0Anelu Zuberovi\u0107\u00a0organizator modne manifestacije.<\/p>\n<p>\u201cMoj brend Eden Atelier stoji iza naslovne fotografije, ali i organizacije te modne ve\u010deri\u201d, kazala je ona.<\/p>\n<p><a href=\"http:\/\/www.visit-ulcinj.com\/blog\/wp-content\/uploads\/2017\/05\/Edita-Nimanbegu-MODNA-REVIJA-1.jpg\"><img loading=\"lazy\" class=\"alignleft wp-image-104881\" src=\"http:\/\/www.visit-ulcinj.com\/blog\/wp-content\/uploads\/2017\/05\/Edita-Nimanbegu-MODNA-REVIJA-1.jpg\" alt=\"\" width=\"508\" height=\"322\" \/><\/a><\/p>\n<p><strong>Za\u00a0septembar\u00a0priprema ve\u0107i doga\u0111aj<\/strong><\/p>\n<p>\u201cOsim brenda Eden Atelier, predstavi\u0107e se jedna dizajnerka sa Kosova, odnosno iz Pri\u0161tine,\u00a0Atlantida Maloku, jedna iz Albanije, ta\u010dnije Tirane,\u00a0Lilo Shehu, kao i Podgori\u010dani\u00a0Lazar i\u00a0Kristina Ili\u0107\u00a0sa brendom Hunt\u201d, ka\u017ee Nimanbegu.<\/p>\n<p>Ona je navela da ovaj doga\u0111aj po\u010dinje u 21 sat.<\/p>\n<p>\u201cModna revija je zapravio uvod u mnogo ve\u0107i doga\u0111aj koji planiramo za\u00a0\u00a0septembar\u00a0. Imam u planu modnu manifestaciju internacionalnog karaktera, gdje \u0107e uz doma\u0107e do\u0107i i dizajneri iz okru\u017eenja, a pored njih potrudi\u0107emo se da dovedemo i inostrane modele iz Italije, Srbije, Albanije i sa Kosova\u201d, nagovijestila je za \u201cVijesti\u201d kreatorka.<\/p>\n<p>\u201cSada imamo djevojku iz Albanije koja je progla\u0161ena za Miss Globe, ali to je samo po\u010detak\u201d, ispri\u010dala je Nimanbegu.<\/p>\n<p>Ona je dodala da se nada da \u0107e se Ulcinj sa tom manifestacijom uvrstiti me\u0111u regionalne centre mode.<\/p>\n<p><strong>Izvor: Vijesti Online<\/strong><\/p>\n<!--YouTube Error: bad URL entered-->\n","protected":false},"excerpt":{"rendered":"<p>Edita Nimanbegu \u0107e odr\u017eati u subotu 6 maja modnu reviju u Ulcinju Najte\u017ee je svoj rad predstaviti onima koje poznaje\u0161 Nimanbegu je za ovu priliku i ulcinjsku publiku pripremila presjek svog dosada\u0161njeg rada, odnosno spoj svoje dvije kolekcije \u201c(Un)Veiled\u201d i \u201cShe Who Fell to Earth\u201d, koje su prethodno predstavljene na crnogorskom Fashion Weeku u Podgorici, [&hellip;]<\/p>\n","protected":false},"author":1,"featured_media":0,"comment_status":"closed","ping_status":"closed","sticky":false,"template":"","format":"standard","meta":{"spay_email":"","jetpack_publicize_message":"","jetpack_is_tweetstorm":false,"jetpack_publicize_feature_enabled":true},"categories":[8337],"tags":[],"jetpack_publicize_connections":[],"yoast_head":"<!-- This site is optimized with the Yoast SEO plugin v19.1 - https:\/\/yoast.com\/wordpress\/plugins\/seo\/ -->\n<title>Edita Nimanbegu \u0107e odr\u017eati 6 maja modnu reviju u Ulcinju - Video - Lajme nga Ulqini<\/title>\n<meta name=\"description\" content=\"Edita Nimanbegu \u0107e odr\u017eati u subotu 6 maja modnu reviju u Ulcinju Najte\u017ee je svoj rad predstaviti onima koje poznaje\u0161 Nimanbegu je za ovu priliku i\" \/>\n<meta name=\"robots\" content=\"index, follow, max-snippet:-1, max-image-preview:large, max-video-preview:-1\" \/>\n<link rel=\"canonical\" href=\"https:\/\/www.visit-ulcinj.com\/blog\/2017\/05\/05\/edita-nimanbegu-odrzala-modnu-reviju-u-ulcinju-video\/\" \/>\n<meta property=\"og:locale\" content=\"en_US\" \/>\n<meta property=\"og:type\" content=\"article\" \/>\n<meta property=\"og:title\" content=\"Edita Nimanbegu \u0107e odr\u017eati 6 maja modnu reviju u Ulcinju - Video - Lajme nga Ulqini\" \/>\n<meta property=\"og:description\" content=\"Edita Nimanbegu \u0107e odr\u017eati u subotu 6 maja modnu reviju u Ulcinju Najte\u017ee je svoj rad predstaviti onima koje poznaje\u0161 Nimanbegu je za ovu priliku i\" \/>\n<meta property=\"og:url\" content=\"https:\/\/www.visit-ulcinj.com\/blog\/2017\/05\/05\/edita-nimanbegu-odrzala-modnu-reviju-u-ulcinju-video\/\" \/>\n<meta property=\"og:site_name\" content=\"Lajme nga Ulqini\" \/>\n<meta property=\"article:published_time\" content=\"2017-05-05T12:03:41+00:00\" \/>\n<meta property=\"article:modified_time\" content=\"2017-05-05T19:48:16+00:00\" \/>\n<meta property=\"og:image\" content=\"http:\/\/www.visit-ulcinj.com\/blog\/wp-content\/uploads\/2017\/05\/Edita-Nimanbegu-MODNA-REVIJA.jpg\" \/>\n<meta name=\"twitter:label1\" content=\"Written by\" \/>\n\t<meta name=\"twitter:data1\" content=\"ulqini\" \/>\n\t<meta name=\"twitter:label2\" content=\"Est. reading time\" \/>\n\t<meta name=\"twitter:data2\" content=\"3 minutes\" \/>\n<script type=\"application\/ld+json\" class=\"yoast-schema-graph\">{\"@context\":\"https:\/\/schema.org\",\"@graph\":[{\"@type\":\"WebSite\",\"@id\":\"https:\/\/www.visit-ulcinj.com\/blog\/#website\",\"url\":\"https:\/\/www.visit-ulcinj.com\/blog\/\",\"name\":\"Lajme nga Ulqini\",\"description\":\"Lajme,Vijesti,Ulqini,Ulqin,Crna Gora,Mali i Zi\",\"potentialAction\":[{\"@type\":\"SearchAction\",\"target\":{\"@type\":\"EntryPoint\",\"urlTemplate\":\"https:\/\/www.visit-ulcinj.com\/blog\/?s={search_term_string}\"},\"query-input\":\"required name=search_term_string\"}],\"inLanguage\":\"en-US\"},{\"@type\":\"ImageObject\",\"inLanguage\":\"en-US\",\"@id\":\"https:\/\/www.visit-ulcinj.com\/blog\/2017\/05\/05\/edita-nimanbegu-odrzala-modnu-reviju-u-ulcinju-video\/#primaryimage\",\"url\":\"https:\/\/www.visit-ulcinj.com\/blog\/wp-content\/uploads\/2017\/05\/Edita-Nimanbegu-MODNA-REVIJA.jpg\",\"contentUrl\":\"https:\/\/www.visit-ulcinj.com\/blog\/wp-content\/uploads\/2017\/05\/Edita-Nimanbegu-MODNA-REVIJA.jpg\",\"width\":768,\"height\":511},{\"@type\":\"WebPage\",\"@id\":\"https:\/\/www.visit-ulcinj.com\/blog\/2017\/05\/05\/edita-nimanbegu-odrzala-modnu-reviju-u-ulcinju-video\/#webpage\",\"url\":\"https:\/\/www.visit-ulcinj.com\/blog\/2017\/05\/05\/edita-nimanbegu-odrzala-modnu-reviju-u-ulcinju-video\/\",\"name\":\"Edita Nimanbegu \u0107e odr\u017eati 6 maja modnu reviju u Ulcinju - Video - Lajme nga Ulqini\",\"isPartOf\":{\"@id\":\"https:\/\/www.visit-ulcinj.com\/blog\/#website\"},\"primaryImageOfPage\":{\"@id\":\"https:\/\/www.visit-ulcinj.com\/blog\/2017\/05\/05\/edita-nimanbegu-odrzala-modnu-reviju-u-ulcinju-video\/#primaryimage\"},\"datePublished\":\"2017-05-05T12:03:41+00:00\",\"dateModified\":\"2017-05-05T19:48:16+00:00\",\"author\":{\"@id\":\"https:\/\/www.visit-ulcinj.com\/blog\/#\/schema\/person\/dcab619c614d3038751c63bc2aadc06d\"},\"description\":\"Edita Nimanbegu \u0107e odr\u017eati u subotu 6 maja modnu reviju u Ulcinju Najte\u017ee je svoj rad predstaviti onima koje poznaje\u0161 Nimanbegu je za ovu priliku i\",\"breadcrumb\":{\"@id\":\"https:\/\/www.visit-ulcinj.com\/blog\/2017\/05\/05\/edita-nimanbegu-odrzala-modnu-reviju-u-ulcinju-video\/#breadcrumb\"},\"inLanguage\":\"en-US\",\"potentialAction\":[{\"@type\":\"ReadAction\",\"target\":[\"https:\/\/www.visit-ulcinj.com\/blog\/2017\/05\/05\/edita-nimanbegu-odrzala-modnu-reviju-u-ulcinju-video\/\"]}]},{\"@type\":\"BreadcrumbList\",\"@id\":\"https:\/\/www.visit-ulcinj.com\/blog\/2017\/05\/05\/edita-nimanbegu-odrzala-modnu-reviju-u-ulcinju-video\/#breadcrumb\",\"itemListElement\":[{\"@type\":\"ListItem\",\"position\":1,\"name\":\"Edita Nimanbegu \u0107e odr\u017eati 6 maja modnu reviju u Ulcinju &#8211; Video\"}]},{\"@type\":\"Person\",\"@id\":\"https:\/\/www.visit-ulcinj.com\/blog\/#\/schema\/person\/dcab619c614d3038751c63bc2aadc06d\",\"name\":\"ulqini\",\"sameAs\":[\"http:\/\/www.visit-ulcinj.com\"],\"url\":\"https:\/\/www.visit-ulcinj.com\/blog\/author\/admin\/\"}]}<\/script>\n<!-- \/ Yoast SEO plugin. -->","yoast_head_json":{"title":"Edita Nimanbegu \u0107e odr\u017eati 6 maja modnu reviju u Ulcinju - Video - Lajme nga Ulqini","description":"Edita Nimanbegu \u0107e odr\u017eati u subotu 6 maja modnu reviju u Ulcinju Najte\u017ee je svoj rad predstaviti onima koje poznaje\u0161 Nimanbegu je za ovu priliku i","robots":{"index":"index","follow":"follow","max-snippet":"max-snippet:-1","max-image-preview":"max-image-preview:large","max-video-preview":"max-video-preview:-1"},"canonical":"https:\/\/www.visit-ulcinj.com\/blog\/2017\/05\/05\/edita-nimanbegu-odrzala-modnu-reviju-u-ulcinju-video\/","og_locale":"en_US","og_type":"article","og_title":"Edita Nimanbegu \u0107e odr\u017eati 6 maja modnu reviju u Ulcinju - Video - Lajme nga Ulqini","og_description":"Edita Nimanbegu \u0107e odr\u017eati u subotu 6 maja modnu reviju u Ulcinju Najte\u017ee je svoj rad predstaviti onima koje poznaje\u0161 Nimanbegu je za ovu priliku i","og_url":"https:\/\/www.visit-ulcinj.com\/blog\/2017\/05\/05\/edita-nimanbegu-odrzala-modnu-reviju-u-ulcinju-video\/","og_site_name":"Lajme nga Ulqini","article_published_time":"2017-05-05T12:03:41+00:00","article_modified_time":"2017-05-05T19:48:16+00:00","og_image":[{"url":"http:\/\/www.visit-ulcinj.com\/blog\/wp-content\/uploads\/2017\/05\/Edita-Nimanbegu-MODNA-REVIJA.jpg"}],"twitter_misc":{"Written by":"ulqini","Est. reading time":"3 minutes"},"schema":{"@context":"https:\/\/schema.org","@graph":[{"@type":"WebSite","@id":"https:\/\/www.visit-ulcinj.com\/blog\/#website","url":"https:\/\/www.visit-ulcinj.com\/blog\/","name":"Lajme nga Ulqini","description":"Lajme,Vijesti,Ulqini,Ulqin,Crna Gora,Mali i Zi","potentialAction":[{"@type":"SearchAction","target":{"@type":"EntryPoint","urlTemplate":"https:\/\/www.visit-ulcinj.com\/blog\/?s={search_term_string}"},"query-input":"required name=search_term_string"}],"inLanguage":"en-US"},{"@type":"ImageObject","inLanguage":"en-US","@id":"https:\/\/www.visit-ulcinj.com\/blog\/2017\/05\/05\/edita-nimanbegu-odrzala-modnu-reviju-u-ulcinju-video\/#primaryimage","url":"https:\/\/www.visit-ulcinj.com\/blog\/wp-content\/uploads\/2017\/05\/Edita-Nimanbegu-MODNA-REVIJA.jpg","contentUrl":"https:\/\/www.visit-ulcinj.com\/blog\/wp-content\/uploads\/2017\/05\/Edita-Nimanbegu-MODNA-REVIJA.jpg","width":768,"height":511},{"@type":"WebPage","@id":"https:\/\/www.visit-ulcinj.com\/blog\/2017\/05\/05\/edita-nimanbegu-odrzala-modnu-reviju-u-ulcinju-video\/#webpage","url":"https:\/\/www.visit-ulcinj.com\/blog\/2017\/05\/05\/edita-nimanbegu-odrzala-modnu-reviju-u-ulcinju-video\/","name":"Edita Nimanbegu \u0107e odr\u017eati 6 maja modnu reviju u Ulcinju - Video - Lajme nga Ulqini","isPartOf":{"@id":"https:\/\/www.visit-ulcinj.com\/blog\/#website"},"primaryImageOfPage":{"@id":"https:\/\/www.visit-ulcinj.com\/blog\/2017\/05\/05\/edita-nimanbegu-odrzala-modnu-reviju-u-ulcinju-video\/#primaryimage"},"datePublished":"2017-05-05T12:03:41+00:00","dateModified":"2017-05-05T19:48:16+00:00","author":{"@id":"https:\/\/www.visit-ulcinj.com\/blog\/#\/schema\/person\/dcab619c614d3038751c63bc2aadc06d"},"description":"Edita Nimanbegu \u0107e odr\u017eati u subotu 6 maja modnu reviju u Ulcinju Najte\u017ee je svoj rad predstaviti onima koje poznaje\u0161 Nimanbegu je za ovu priliku i","breadcrumb":{"@id":"https:\/\/www.visit-ulcinj.com\/blog\/2017\/05\/05\/edita-nimanbegu-odrzala-modnu-reviju-u-ulcinju-video\/#breadcrumb"},"inLanguage":"en-US","potentialAction":[{"@type":"ReadAction","target":["https:\/\/www.visit-ulcinj.com\/blog\/2017\/05\/05\/edita-nimanbegu-odrzala-modnu-reviju-u-ulcinju-video\/"]}]},{"@type":"BreadcrumbList","@id":"https:\/\/www.visit-ulcinj.com\/blog\/2017\/05\/05\/edita-nimanbegu-odrzala-modnu-reviju-u-ulcinju-video\/#breadcrumb","itemListElement":[{"@type":"ListItem","position":1,"name":"Edita Nimanbegu \u0107e odr\u017eati 6 maja modnu reviju u Ulcinju &#8211; Video"}]},{"@type":"Person","@id":"https:\/\/www.visit-ulcinj.com\/blog\/#\/schema\/person\/dcab619c614d3038751c63bc2aadc06d","name":"ulqini","sameAs":["http:\/\/www.visit-ulcinj.com"],"url":"https:\/\/www.visit-ulcinj.com\/blog\/author\/admin\/"}]}},"jetpack_featured_media_url":"","jetpack_sharing_enabled":true,"jetpack_shortlink":"https:\/\/wp.me\/pe6lTn-rhB","_links":{"self":[{"href":"https:\/\/www.visit-ulcinj.com\/blog\/wp-json\/wp\/v2\/posts\/104879"}],"collection":[{"href":"https:\/\/www.visit-ulcinj.com\/blog\/wp-json\/wp\/v2\/posts"}],"about":[{"href":"https:\/\/www.visit-ulcinj.com\/blog\/wp-json\/wp\/v2\/types\/post"}],"author":[{"embeddable":true,"href":"https:\/\/www.visit-ulcinj.com\/blog\/wp-json\/wp\/v2\/users\/1"}],"replies":[{"embeddable":true,"href":"https:\/\/www.visit-ulcinj.com\/blog\/wp-json\/wp\/v2\/comments?post=104879"}],"version-history":[{"count":6,"href":"https:\/\/www.visit-ulcinj.com\/blog\/wp-json\/wp\/v2\/posts\/104879\/revisions"}],"predecessor-version":[{"id":104900,"href":"https:\/\/www.visit-ulcinj.com\/blog\/wp-json\/wp\/v2\/posts\/104879\/revisions\/104900"}],"wp:attachment":[{"href":"https:\/\/www.visit-ulcinj.com\/blog\/wp-json\/wp\/v2\/media?parent=104879"}],"wp:term":[{"taxonomy":"category","embeddable":true,"href":"https:\/\/www.visit-ulcinj.com\/blog\/wp-json\/wp\/v2\/categories?post=104879"},{"taxonomy":"post_tag","embeddable":true,"href":"https:\/\/www.visit-ulcinj.com\/blog\/wp-json\/wp\/v2\/tags?post=104879"}],"curies":[{"name":"wp","href":"https:\/\/api.w.org\/{rel}","templated":true}]}}