{"id":104891,"date":"2017-05-05T13:23:56","date_gmt":"2017-05-05T12:23:56","guid":{"rendered":"http:\/\/www.visit-ulcinj.com\/blog\/?p=104891"},"modified":"2017-05-05T13:23:56","modified_gmt":"2017-05-05T12:23:56","slug":"marreveshja-e-bashkepunimit-ne-shendetesi-mes-kosoves-e-malit-te-zi","status":"publish","type":"post","link":"https:\/\/www.visit-ulcinj.com\/blog\/2017\/05\/05\/marreveshja-e-bashkepunimit-ne-shendetesi-mes-kosoves-e-malit-te-zi\/","title":{"rendered":"Marr\u00ebveshja e bashk\u00ebpunimit n\u00eb sh\u00ebndet\u00ebsi mes Kosov\u00ebs e Malit t\u00eb Zi"},"content":{"rendered":"<div class=\"right-content\">\n<div class=\"content-wrap\">\n<p><a href=\"http:\/\/www.visit-ulcinj.com\/blog\/wp-content\/uploads\/2017\/05\/bashk\u00ebpunimi-n\u00eb-sh\u00ebndet\u00ebsi-mes-Kosov\u00ebs-e-Malit-t\u00eb-Zi.jpg\"><img loading=\"lazy\" class=\"alignleft wp-image-104892\" src=\"http:\/\/www.visit-ulcinj.com\/blog\/wp-content\/uploads\/2017\/05\/bashk\u00ebpunimi-n\u00eb-sh\u00ebndet\u00ebsi-mes-Kosov\u00ebs-e-Malit-t\u00eb-Zi.jpg\" alt=\"\" width=\"508\" height=\"325\" srcset=\"https:\/\/www.visit-ulcinj.com\/blog\/wp-content\/uploads\/2017\/05\/bashk\u00ebpunimi-n\u00eb-sh\u00ebndet\u00ebsi-mes-Kosov\u00ebs-e-Malit-t\u00eb-Zi.jpg 659w, https:\/\/www.visit-ulcinj.com\/blog\/wp-content\/uploads\/2017\/05\/bashk\u00ebpunimi-n\u00eb-sh\u00ebndet\u00ebsi-mes-Kosov\u00ebs-e-Malit-t\u00eb-Zi-300x192.jpg 300w\" sizes=\"(max-width: 508px) 100vw, 508px\" \/><\/a>Z\u00ebvend\u00ebsministri i Sh\u00ebndet\u00ebsis\u00eb i Republik\u00ebs s\u00eb Kosov\u00ebs, Izet Sadiku priti sot n\u00eb takim nj\u00eb delegacion t\u00eb Ministris\u00eb s\u00eb Sh\u00ebndet\u00ebsis\u00eb t\u00eb Republik\u00ebs s\u00eb Malit t\u00eb Zi t\u00eb udh\u00ebhequr nga\u00a0Milovan Vujovic \u2013 sekretar shteti n\u00eb MSh, Nikola Antovic \u2013 drejtor gjeneral dhe Dr. Vesna Miranovic \u2013 drejtoresh\u00eb gjenerale, t\u00eb shoq\u00ebruar nga sekretari i par\u00eb i Malit t\u00eb Zi n\u00eb Kosov\u00eb, Skender Sarkinovic.<\/p>\n<p>N\u00eb k\u00ebt\u00eb takim u bisedua p\u00ebr bashk\u00ebpunimin n\u00eb sh\u00ebndet\u00ebsi midis dy shteteve.<\/p>\n<p>Z\u00ebvend\u00ebsministri Sadiku ka k\u00ebmbyer me mysafir\u00ebt nga MSh e Malit t\u00eb Zi informacione rreth sistemit sh\u00ebndet\u00ebsor n\u00eb Kosov\u00eb dhe Mal t\u00eb Zi, organizimin e tij, sh\u00ebrbimet q\u00eb ofrohen, si dhe fushat konkrete t\u00eb bashk\u00ebpunimit t\u00eb mundsh\u00ebm n\u00eb t\u00eb ardhmen p\u00ebrfshir\u00eb sh\u00ebrbimet sh\u00ebndet\u00ebsore deficitare, ato t\u00eb fush\u00ebs s\u00eb rehabilitimit, t\u00eb s\u00ebmundjeve ngjit\u00ebse, etj.<\/p>\n<p>N\u00eb takim, \u00ebsht\u00eb propozuar hartimi i nj\u00eb draft marr\u00ebveshjeje t\u00eb bashk\u00ebpunimit n\u00eb sh\u00ebndet\u00ebsi, e cila pas specifikimit t\u00eb fushave konkrete t\u00eb bashk\u00ebpunimit n\u00eb t\u00eb ardhmen midis dy shteteve n\u00eb sh\u00ebndet\u00ebsi, do t\u00eb n\u00ebnshkruhej nga ministrit\u00eb respektive t\u00eb dy shteteve.<\/p>\n<h3>Kosovalive<\/h3>\n<\/div>\n<\/div>\n","protected":false},"excerpt":{"rendered":"<p>Z\u00ebvend\u00ebsministri i Sh\u00ebndet\u00ebsis\u00eb i Republik\u00ebs s\u00eb Kosov\u00ebs, Izet Sadiku priti sot n\u00eb takim nj\u00eb delegacion t\u00eb Ministris\u00eb s\u00eb Sh\u00ebndet\u00ebsis\u00eb t\u00eb Republik\u00ebs s\u00eb Malit t\u00eb Zi t\u00eb udh\u00ebhequr nga\u00a0Milovan Vujovic \u2013 sekretar shteti n\u00eb MSh, Nikola Antovic \u2013 drejtor gjeneral dhe Dr. Vesna Miranovic \u2013 drejtoresh\u00eb gjenerale, t\u00eb shoq\u00ebruar nga sekretari i par\u00eb i Malit t\u00eb [&hellip;]<\/p>\n","protected":false},"author":1,"featured_media":0,"comment_status":"closed","ping_status":"closed","sticky":false,"template":"","format":"standard","meta":{"spay_email":"","jetpack_publicize_message":"","jetpack_is_tweetstorm":false,"jetpack_publicize_feature_enabled":true},"categories":[14],"tags":[],"jetpack_publicize_connections":[],"yoast_head":"<!-- This site is optimized with the Yoast SEO plugin v19.1 - https:\/\/yoast.com\/wordpress\/plugins\/seo\/ -->\n<title>Marr\u00ebveshja e bashk\u00ebpunimit n\u00eb sh\u00ebndet\u00ebsi mes Kosov\u00ebs e Malit t\u00eb Zi - Lajme nga Ulqini<\/title>\n<meta name=\"description\" content=\"Z\u00ebvend\u00ebsministri i Sh\u00ebndet\u00ebsis\u00eb i Republik\u00ebs s\u00eb Kosov\u00ebs, Izet Sadiku priti sot n\u00eb takim nj\u00eb delegacion t\u00eb Ministris\u00eb s\u00eb Sh\u00ebndet\u00ebsis\u00eb t\u00eb Republik\u00ebs s\u00eb\" \/>\n<meta name=\"robots\" content=\"index, follow, max-snippet:-1, max-image-preview:large, max-video-preview:-1\" \/>\n<link rel=\"canonical\" href=\"https:\/\/www.visit-ulcinj.com\/blog\/2017\/05\/05\/marreveshja-e-bashkepunimit-ne-shendetesi-mes-kosoves-e-malit-te-zi\/\" \/>\n<meta property=\"og:locale\" content=\"en_US\" \/>\n<meta property=\"og:type\" content=\"article\" \/>\n<meta property=\"og:title\" content=\"Marr\u00ebveshja e bashk\u00ebpunimit n\u00eb sh\u00ebndet\u00ebsi mes Kosov\u00ebs e Malit t\u00eb Zi - Lajme nga Ulqini\" \/>\n<meta property=\"og:description\" content=\"Z\u00ebvend\u00ebsministri i Sh\u00ebndet\u00ebsis\u00eb i Republik\u00ebs s\u00eb Kosov\u00ebs, Izet Sadiku priti sot n\u00eb takim nj\u00eb delegacion t\u00eb Ministris\u00eb s\u00eb Sh\u00ebndet\u00ebsis\u00eb t\u00eb Republik\u00ebs s\u00eb\" \/>\n<meta property=\"og:url\" content=\"https:\/\/www.visit-ulcinj.com\/blog\/2017\/05\/05\/marreveshja-e-bashkepunimit-ne-shendetesi-mes-kosoves-e-malit-te-zi\/\" \/>\n<meta property=\"og:site_name\" content=\"Lajme nga Ulqini\" \/>\n<meta property=\"article:published_time\" content=\"2017-05-05T12:23:56+00:00\" \/>\n<meta name=\"twitter:label1\" content=\"Written by\" \/>\n\t<meta name=\"twitter:data1\" content=\"ulqini\" \/>\n\t<meta name=\"twitter:label2\" content=\"Est. reading time\" \/>\n\t<meta name=\"twitter:data2\" content=\"1 minute\" \/>\n<script type=\"application\/ld+json\" class=\"yoast-schema-graph\">{\"@context\":\"https:\/\/schema.org\",\"@graph\":[{\"@type\":\"WebSite\",\"@id\":\"https:\/\/www.visit-ulcinj.com\/blog\/#website\",\"url\":\"https:\/\/www.visit-ulcinj.com\/blog\/\",\"name\":\"Lajme nga Ulqini\",\"description\":\"Lajme,Vijesti,Ulqini,Ulqin,Crna Gora,Mali i Zi\",\"potentialAction\":[{\"@type\":\"SearchAction\",\"target\":{\"@type\":\"EntryPoint\",\"urlTemplate\":\"https:\/\/www.visit-ulcinj.com\/blog\/?s={search_term_string}\"},\"query-input\":\"required name=search_term_string\"}],\"inLanguage\":\"en-US\"},{\"@type\":\"WebPage\",\"@id\":\"https:\/\/www.visit-ulcinj.com\/blog\/2017\/05\/05\/marreveshja-e-bashkepunimit-ne-shendetesi-mes-kosoves-e-malit-te-zi\/#webpage\",\"url\":\"https:\/\/www.visit-ulcinj.com\/blog\/2017\/05\/05\/marreveshja-e-bashkepunimit-ne-shendetesi-mes-kosoves-e-malit-te-zi\/\",\"name\":\"Marr\u00ebveshja e bashk\u00ebpunimit n\u00eb sh\u00ebndet\u00ebsi mes Kosov\u00ebs e Malit t\u00eb Zi - Lajme nga Ulqini\",\"isPartOf\":{\"@id\":\"https:\/\/www.visit-ulcinj.com\/blog\/#website\"},\"datePublished\":\"2017-05-05T12:23:56+00:00\",\"dateModified\":\"2017-05-05T12:23:56+00:00\",\"author\":{\"@id\":\"https:\/\/www.visit-ulcinj.com\/blog\/#\/schema\/person\/dcab619c614d3038751c63bc2aadc06d\"},\"description\":\"Z\u00ebvend\u00ebsministri i Sh\u00ebndet\u00ebsis\u00eb i Republik\u00ebs s\u00eb Kosov\u00ebs, Izet Sadiku priti sot n\u00eb takim nj\u00eb delegacion t\u00eb Ministris\u00eb s\u00eb Sh\u00ebndet\u00ebsis\u00eb t\u00eb Republik\u00ebs s\u00eb\",\"breadcrumb\":{\"@id\":\"https:\/\/www.visit-ulcinj.com\/blog\/2017\/05\/05\/marreveshja-e-bashkepunimit-ne-shendetesi-mes-kosoves-e-malit-te-zi\/#breadcrumb\"},\"inLanguage\":\"en-US\",\"potentialAction\":[{\"@type\":\"ReadAction\",\"target\":[\"https:\/\/www.visit-ulcinj.com\/blog\/2017\/05\/05\/marreveshja-e-bashkepunimit-ne-shendetesi-mes-kosoves-e-malit-te-zi\/\"]}]},{\"@type\":\"BreadcrumbList\",\"@id\":\"https:\/\/www.visit-ulcinj.com\/blog\/2017\/05\/05\/marreveshja-e-bashkepunimit-ne-shendetesi-mes-kosoves-e-malit-te-zi\/#breadcrumb\",\"itemListElement\":[{\"@type\":\"ListItem\",\"position\":1,\"name\":\"Marr\u00ebveshja e bashk\u00ebpunimit n\u00eb sh\u00ebndet\u00ebsi mes Kosov\u00ebs e Malit t\u00eb Zi\"}]},{\"@type\":\"Person\",\"@id\":\"https:\/\/www.visit-ulcinj.com\/blog\/#\/schema\/person\/dcab619c614d3038751c63bc2aadc06d\",\"name\":\"ulqini\",\"sameAs\":[\"http:\/\/www.visit-ulcinj.com\"],\"url\":\"https:\/\/www.visit-ulcinj.com\/blog\/author\/admin\/\"}]}<\/script>\n<!-- \/ Yoast SEO plugin. -->","yoast_head_json":{"title":"Marr\u00ebveshja e bashk\u00ebpunimit n\u00eb sh\u00ebndet\u00ebsi mes Kosov\u00ebs e Malit t\u00eb Zi - Lajme nga Ulqini","description":"Z\u00ebvend\u00ebsministri i Sh\u00ebndet\u00ebsis\u00eb i Republik\u00ebs s\u00eb Kosov\u00ebs, Izet Sadiku priti sot n\u00eb takim nj\u00eb delegacion t\u00eb Ministris\u00eb s\u00eb Sh\u00ebndet\u00ebsis\u00eb t\u00eb Republik\u00ebs s\u00eb","robots":{"index":"index","follow":"follow","max-snippet":"max-snippet:-1","max-image-preview":"max-image-preview:large","max-video-preview":"max-video-preview:-1"},"canonical":"https:\/\/www.visit-ulcinj.com\/blog\/2017\/05\/05\/marreveshja-e-bashkepunimit-ne-shendetesi-mes-kosoves-e-malit-te-zi\/","og_locale":"en_US","og_type":"article","og_title":"Marr\u00ebveshja e bashk\u00ebpunimit n\u00eb sh\u00ebndet\u00ebsi mes Kosov\u00ebs e Malit t\u00eb Zi - Lajme nga Ulqini","og_description":"Z\u00ebvend\u00ebsministri i Sh\u00ebndet\u00ebsis\u00eb i Republik\u00ebs s\u00eb Kosov\u00ebs, Izet Sadiku priti sot n\u00eb takim nj\u00eb delegacion t\u00eb Ministris\u00eb s\u00eb Sh\u00ebndet\u00ebsis\u00eb t\u00eb Republik\u00ebs s\u00eb","og_url":"https:\/\/www.visit-ulcinj.com\/blog\/2017\/05\/05\/marreveshja-e-bashkepunimit-ne-shendetesi-mes-kosoves-e-malit-te-zi\/","og_site_name":"Lajme nga Ulqini","article_published_time":"2017-05-05T12:23:56+00:00","twitter_misc":{"Written by":"ulqini","Est. reading time":"1 minute"},"schema":{"@context":"https:\/\/schema.org","@graph":[{"@type":"WebSite","@id":"https:\/\/www.visit-ulcinj.com\/blog\/#website","url":"https:\/\/www.visit-ulcinj.com\/blog\/","name":"Lajme nga Ulqini","description":"Lajme,Vijesti,Ulqini,Ulqin,Crna Gora,Mali i Zi","potentialAction":[{"@type":"SearchAction","target":{"@type":"EntryPoint","urlTemplate":"https:\/\/www.visit-ulcinj.com\/blog\/?s={search_term_string}"},"query-input":"required name=search_term_string"}],"inLanguage":"en-US"},{"@type":"WebPage","@id":"https:\/\/www.visit-ulcinj.com\/blog\/2017\/05\/05\/marreveshja-e-bashkepunimit-ne-shendetesi-mes-kosoves-e-malit-te-zi\/#webpage","url":"https:\/\/www.visit-ulcinj.com\/blog\/2017\/05\/05\/marreveshja-e-bashkepunimit-ne-shendetesi-mes-kosoves-e-malit-te-zi\/","name":"Marr\u00ebveshja e bashk\u00ebpunimit n\u00eb sh\u00ebndet\u00ebsi mes Kosov\u00ebs e Malit t\u00eb Zi - Lajme nga Ulqini","isPartOf":{"@id":"https:\/\/www.visit-ulcinj.com\/blog\/#website"},"datePublished":"2017-05-05T12:23:56+00:00","dateModified":"2017-05-05T12:23:56+00:00","author":{"@id":"https:\/\/www.visit-ulcinj.com\/blog\/#\/schema\/person\/dcab619c614d3038751c63bc2aadc06d"},"description":"Z\u00ebvend\u00ebsministri i Sh\u00ebndet\u00ebsis\u00eb i Republik\u00ebs s\u00eb Kosov\u00ebs, Izet Sadiku priti sot n\u00eb takim nj\u00eb delegacion t\u00eb Ministris\u00eb s\u00eb Sh\u00ebndet\u00ebsis\u00eb t\u00eb Republik\u00ebs s\u00eb","breadcrumb":{"@id":"https:\/\/www.visit-ulcinj.com\/blog\/2017\/05\/05\/marreveshja-e-bashkepunimit-ne-shendetesi-mes-kosoves-e-malit-te-zi\/#breadcrumb"},"inLanguage":"en-US","potentialAction":[{"@type":"ReadAction","target":["https:\/\/www.visit-ulcinj.com\/blog\/2017\/05\/05\/marreveshja-e-bashkepunimit-ne-shendetesi-mes-kosoves-e-malit-te-zi\/"]}]},{"@type":"BreadcrumbList","@id":"https:\/\/www.visit-ulcinj.com\/blog\/2017\/05\/05\/marreveshja-e-bashkepunimit-ne-shendetesi-mes-kosoves-e-malit-te-zi\/#breadcrumb","itemListElement":[{"@type":"ListItem","position":1,"name":"Marr\u00ebveshja e bashk\u00ebpunimit n\u00eb sh\u00ebndet\u00ebsi mes Kosov\u00ebs e Malit t\u00eb Zi"}]},{"@type":"Person","@id":"https:\/\/www.visit-ulcinj.com\/blog\/#\/schema\/person\/dcab619c614d3038751c63bc2aadc06d","name":"ulqini","sameAs":["http:\/\/www.visit-ulcinj.com"],"url":"https:\/\/www.visit-ulcinj.com\/blog\/author\/admin\/"}]}},"jetpack_featured_media_url":"","jetpack_sharing_enabled":true,"jetpack_shortlink":"https:\/\/wp.me\/pe6lTn-rhN","_links":{"self":[{"href":"https:\/\/www.visit-ulcinj.com\/blog\/wp-json\/wp\/v2\/posts\/104891"}],"collection":[{"href":"https:\/\/www.visit-ulcinj.com\/blog\/wp-json\/wp\/v2\/posts"}],"about":[{"href":"https:\/\/www.visit-ulcinj.com\/blog\/wp-json\/wp\/v2\/types\/post"}],"author":[{"embeddable":true,"href":"https:\/\/www.visit-ulcinj.com\/blog\/wp-json\/wp\/v2\/users\/1"}],"replies":[{"embeddable":true,"href":"https:\/\/www.visit-ulcinj.com\/blog\/wp-json\/wp\/v2\/comments?post=104891"}],"version-history":[{"count":1,"href":"https:\/\/www.visit-ulcinj.com\/blog\/wp-json\/wp\/v2\/posts\/104891\/revisions"}],"predecessor-version":[{"id":104893,"href":"https:\/\/www.visit-ulcinj.com\/blog\/wp-json\/wp\/v2\/posts\/104891\/revisions\/104893"}],"wp:attachment":[{"href":"https:\/\/www.visit-ulcinj.com\/blog\/wp-json\/wp\/v2\/media?parent=104891"}],"wp:term":[{"taxonomy":"category","embeddable":true,"href":"https:\/\/www.visit-ulcinj.com\/blog\/wp-json\/wp\/v2\/categories?post=104891"},{"taxonomy":"post_tag","embeddable":true,"href":"https:\/\/www.visit-ulcinj.com\/blog\/wp-json\/wp\/v2\/tags?post=104891"}],"curies":[{"name":"wp","href":"https:\/\/api.w.org\/{rel}","templated":true}]}}