{"id":104894,"date":"2017-05-05T13:28:17","date_gmt":"2017-05-05T12:28:17","guid":{"rendered":"http:\/\/www.visit-ulcinj.com\/blog\/?p=104894"},"modified":"2017-05-06T10:35:22","modified_gmt":"2017-05-06T09:35:22","slug":"gjukanoviq-mali-zi-ne-karrigen-e-nato-s-nga-25-maji","status":"publish","type":"post","link":"https:\/\/www.visit-ulcinj.com\/blog\/2017\/05\/05\/gjukanoviq-mali-zi-ne-karrigen-e-nato-s-nga-25-maji\/","title":{"rendered":"Gjukanoviq: Mali i Zi n\u00eb karrigen e NATO-s nga 25 maji"},"content":{"rendered":"<div class=\"readmore-paragraphs\">\n<p><a href=\"http:\/\/www.visit-ulcinj.com\/blog\/wp-content\/uploads\/2017\/05\/Gjukanovic.jpg\"><img loading=\"lazy\" class=\"alignleft wp-image-104895\" src=\"http:\/\/www.visit-ulcinj.com\/blog\/wp-content\/uploads\/2017\/05\/Gjukanovic.jpg\" alt=\"\" width=\"508\" height=\"357\" srcset=\"https:\/\/www.visit-ulcinj.com\/blog\/wp-content\/uploads\/2017\/05\/Gjukanovic.jpg 900w, https:\/\/www.visit-ulcinj.com\/blog\/wp-content\/uploads\/2017\/05\/Gjukanovic-300x211.jpg 300w, https:\/\/www.visit-ulcinj.com\/blog\/wp-content\/uploads\/2017\/05\/Gjukanovic-768x540.jpg 768w\" sizes=\"(max-width: 508px) 100vw, 508px\" \/><\/a>Herceg Novi\/Podgoric\u00eb, 5 maj \u2013 Lideri i Partis\u00eb Demokratike t\u00eb Socialist\u00ebve (DPS) n\u00eb Mal t\u00eb Zi, Millo Gjukanoviq, n\u00eb konvent\u00ebn p\u00ebr zgjedhjet lokale n\u00eb Herceg Novi, i quajti kund\u00ebrshtar\u00ebt nga radh\u00ebt e Frontit Demokratik, t\u00eb njohur p\u00ebr orientimin proserb, \u201cklan \u00e7etnik\u00ebsh t\u00eb t\u00ebrbuar\u201d, transmeton Koha.net raportimin gazet\u00ebs \u201cVijesti\u201d t\u00eb Podgoric\u00ebs.<\/p>\n<p>\u201cHerceg Novi nuk \u00ebsht\u00eb qytet serb, por krenari malaziase\u201d, \u00ebsht\u00eb shprehur Gjukanoviq n\u00eb konvent\u00ebn p\u00ebrfundimtare t\u00eb Partis\u00eb Demokratike t\u00eb Socialist\u00ebve<\/p>\n<p>Ai la th\u00ebn\u00eb se lider\u00ebt e Frontit Demokratik jan\u00eb turpi m\u00eb i madh i Malit t\u00eb Zi bashk\u00ebkohor. \u201cP\u00ebr her\u00eb t\u00eb par\u00eb n\u00eb historin\u00eb e gjat\u00eb e t\u00eb ndritshme t\u00eb Malit t\u00eb Zi kemi tradhtar\u00eb q\u00eb krenohen me tradhtin\u00eb e tyre, nd\u00ebrsa m\u00ebkati m\u00eb i madh i tyre \u00ebsht\u00eb q\u00eb besonin se mund t\u00eb ken\u00eb t\u00eb drejt\u00ebn t\u00eb vijn\u00eb n\u00eb pushtet duke shkaktuar luft\u00eb v\u00ebllavras\u00ebse\u201d, \u00ebsht\u00eb shprehur Gjukanoviq. Nd\u00ebrsa ka shtuar se hyrja e Malit t\u00eb Zi n\u00eb NATO tregon se nuk \u00ebsht\u00eb d\u00ebshir\u00eb e tij t\u00eb b\u00ebj\u00eb luft\u00eb e as t\u00eb jet\u00eb pjes\u00eb dominonte e aleanc\u00ebs ushtarake.<\/p>\n<p>\u201cP\u00ebrkat\u00ebsia jon\u00eb Aleanc\u00ebs Euroatlantike n\u00eb fakt synon forcimin e stabilitetit dhe t\u00eb siguris\u00eb s\u00eb Malit t\u00eb Zi, q\u00eb kurr\u00eb t\u00eb mos p\u00ebrs\u00ebritet 1999-shi, q\u00eb p\u00ebr ne t\u00eb vendoset atje ku nuk jemi. Do t\u00eb vendoset m\u00eb mir\u00eb atje ku q\u00ebndrojm\u00eb ne, nd\u00ebrsa nga 25 maji do t\u00eb ulemi n\u00eb karrigen e Aleanc\u00ebs s\u00eb NATO-s\u201d, ka th\u00ebn\u00eb Gjukanoviq, transmeton Koha.net.<\/p>\n<p>KOHA NET<\/p>\n<\/div>\n","protected":false},"excerpt":{"rendered":"<p>Herceg Novi\/Podgoric\u00eb, 5 maj \u2013 Lideri i Partis\u00eb Demokratike t\u00eb Socialist\u00ebve (DPS) n\u00eb Mal t\u00eb Zi, Millo Gjukanoviq, n\u00eb konvent\u00ebn p\u00ebr zgjedhjet lokale n\u00eb Herceg Novi, i quajti kund\u00ebrshtar\u00ebt nga radh\u00ebt e Frontit Demokratik, t\u00eb njohur p\u00ebr orientimin proserb, \u201cklan \u00e7etnik\u00ebsh t\u00eb t\u00ebrbuar\u201d, transmeton Koha.net raportimin gazet\u00ebs \u201cVijesti\u201d t\u00eb Podgoric\u00ebs. \u201cHerceg Novi nuk \u00ebsht\u00eb qytet [&hellip;]<\/p>\n","protected":false},"author":1,"featured_media":0,"comment_status":"closed","ping_status":"closed","sticky":false,"template":"","format":"standard","meta":{"spay_email":"","jetpack_publicize_message":"","jetpack_is_tweetstorm":false,"jetpack_publicize_feature_enabled":true},"categories":[14],"tags":[],"jetpack_publicize_connections":[],"yoast_head":"<!-- This site is optimized with the Yoast SEO plugin v19.1 - https:\/\/yoast.com\/wordpress\/plugins\/seo\/ -->\n<title>Gjukanoviq: Mali i Zi n\u00eb karrigen e NATO-s nga 25 maji - Lajme nga Ulqini<\/title>\n<meta name=\"description\" content=\"Herceg Novi\/Podgoric\u00eb, 5 maj \u2013 Lideri i Partis\u00eb Demokratike t\u00eb Socialist\u00ebve (DPS) n\u00eb Mal t\u00eb Zi, Millo Gjukanoviq, n\u00eb konvent\u00ebn p\u00ebr zgjedhjet lokale n\u00eb\" \/>\n<meta name=\"robots\" content=\"index, follow, max-snippet:-1, max-image-preview:large, max-video-preview:-1\" \/>\n<link rel=\"canonical\" href=\"https:\/\/www.visit-ulcinj.com\/blog\/2017\/05\/05\/gjukanoviq-mali-zi-ne-karrigen-e-nato-s-nga-25-maji\/\" \/>\n<meta property=\"og:locale\" content=\"en_US\" \/>\n<meta property=\"og:type\" content=\"article\" \/>\n<meta property=\"og:title\" content=\"Gjukanoviq: Mali i Zi n\u00eb karrigen e NATO-s nga 25 maji - Lajme nga Ulqini\" \/>\n<meta property=\"og:description\" content=\"Herceg Novi\/Podgoric\u00eb, 5 maj \u2013 Lideri i Partis\u00eb Demokratike t\u00eb Socialist\u00ebve (DPS) n\u00eb Mal t\u00eb Zi, Millo Gjukanoviq, n\u00eb konvent\u00ebn p\u00ebr zgjedhjet lokale n\u00eb\" \/>\n<meta property=\"og:url\" content=\"https:\/\/www.visit-ulcinj.com\/blog\/2017\/05\/05\/gjukanoviq-mali-zi-ne-karrigen-e-nato-s-nga-25-maji\/\" \/>\n<meta property=\"og:site_name\" content=\"Lajme nga Ulqini\" \/>\n<meta property=\"article:published_time\" content=\"2017-05-05T12:28:17+00:00\" \/>\n<meta property=\"article:modified_time\" content=\"2017-05-06T09:35:22+00:00\" \/>\n<meta property=\"og:image\" content=\"http:\/\/www.visit-ulcinj.com\/blog\/wp-content\/uploads\/2017\/05\/Gjukanovic.jpg\" \/>\n<meta name=\"twitter:label1\" content=\"Written by\" \/>\n\t<meta name=\"twitter:data1\" content=\"ulqini\" \/>\n\t<meta name=\"twitter:label2\" content=\"Est. reading time\" \/>\n\t<meta name=\"twitter:data2\" content=\"1 minute\" \/>\n<script type=\"application\/ld+json\" class=\"yoast-schema-graph\">{\"@context\":\"https:\/\/schema.org\",\"@graph\":[{\"@type\":\"WebSite\",\"@id\":\"https:\/\/www.visit-ulcinj.com\/blog\/#website\",\"url\":\"https:\/\/www.visit-ulcinj.com\/blog\/\",\"name\":\"Lajme nga Ulqini\",\"description\":\"Lajme,Vijesti,Ulqini,Ulqin,Crna Gora,Mali i Zi\",\"potentialAction\":[{\"@type\":\"SearchAction\",\"target\":{\"@type\":\"EntryPoint\",\"urlTemplate\":\"https:\/\/www.visit-ulcinj.com\/blog\/?s={search_term_string}\"},\"query-input\":\"required name=search_term_string\"}],\"inLanguage\":\"en-US\"},{\"@type\":\"ImageObject\",\"inLanguage\":\"en-US\",\"@id\":\"https:\/\/www.visit-ulcinj.com\/blog\/2017\/05\/05\/gjukanoviq-mali-zi-ne-karrigen-e-nato-s-nga-25-maji\/#primaryimage\",\"url\":\"https:\/\/www.visit-ulcinj.com\/blog\/wp-content\/uploads\/2017\/05\/Gjukanovic.jpg\",\"contentUrl\":\"https:\/\/www.visit-ulcinj.com\/blog\/wp-content\/uploads\/2017\/05\/Gjukanovic.jpg\",\"width\":900,\"height\":633},{\"@type\":\"WebPage\",\"@id\":\"https:\/\/www.visit-ulcinj.com\/blog\/2017\/05\/05\/gjukanoviq-mali-zi-ne-karrigen-e-nato-s-nga-25-maji\/#webpage\",\"url\":\"https:\/\/www.visit-ulcinj.com\/blog\/2017\/05\/05\/gjukanoviq-mali-zi-ne-karrigen-e-nato-s-nga-25-maji\/\",\"name\":\"Gjukanoviq: Mali i Zi n\u00eb karrigen e NATO-s nga 25 maji - Lajme nga Ulqini\",\"isPartOf\":{\"@id\":\"https:\/\/www.visit-ulcinj.com\/blog\/#website\"},\"primaryImageOfPage\":{\"@id\":\"https:\/\/www.visit-ulcinj.com\/blog\/2017\/05\/05\/gjukanoviq-mali-zi-ne-karrigen-e-nato-s-nga-25-maji\/#primaryimage\"},\"datePublished\":\"2017-05-05T12:28:17+00:00\",\"dateModified\":\"2017-05-06T09:35:22+00:00\",\"author\":{\"@id\":\"https:\/\/www.visit-ulcinj.com\/blog\/#\/schema\/person\/dcab619c614d3038751c63bc2aadc06d\"},\"description\":\"Herceg Novi\/Podgoric\u00eb, 5 maj \u2013 Lideri i Partis\u00eb Demokratike t\u00eb Socialist\u00ebve (DPS) n\u00eb Mal t\u00eb Zi, Millo Gjukanoviq, n\u00eb konvent\u00ebn p\u00ebr zgjedhjet lokale n\u00eb\",\"breadcrumb\":{\"@id\":\"https:\/\/www.visit-ulcinj.com\/blog\/2017\/05\/05\/gjukanoviq-mali-zi-ne-karrigen-e-nato-s-nga-25-maji\/#breadcrumb\"},\"inLanguage\":\"en-US\",\"potentialAction\":[{\"@type\":\"ReadAction\",\"target\":[\"https:\/\/www.visit-ulcinj.com\/blog\/2017\/05\/05\/gjukanoviq-mali-zi-ne-karrigen-e-nato-s-nga-25-maji\/\"]}]},{\"@type\":\"BreadcrumbList\",\"@id\":\"https:\/\/www.visit-ulcinj.com\/blog\/2017\/05\/05\/gjukanoviq-mali-zi-ne-karrigen-e-nato-s-nga-25-maji\/#breadcrumb\",\"itemListElement\":[{\"@type\":\"ListItem\",\"position\":1,\"name\":\"Gjukanoviq: Mali i Zi n\u00eb karrigen e NATO-s nga 25 maji\"}]},{\"@type\":\"Person\",\"@id\":\"https:\/\/www.visit-ulcinj.com\/blog\/#\/schema\/person\/dcab619c614d3038751c63bc2aadc06d\",\"name\":\"ulqini\",\"sameAs\":[\"http:\/\/www.visit-ulcinj.com\"],\"url\":\"https:\/\/www.visit-ulcinj.com\/blog\/author\/admin\/\"}]}<\/script>\n<!-- \/ Yoast SEO plugin. -->","yoast_head_json":{"title":"Gjukanoviq: Mali i Zi n\u00eb karrigen e NATO-s nga 25 maji - Lajme nga Ulqini","description":"Herceg Novi\/Podgoric\u00eb, 5 maj \u2013 Lideri i Partis\u00eb Demokratike t\u00eb Socialist\u00ebve (DPS) n\u00eb Mal t\u00eb Zi, Millo Gjukanoviq, n\u00eb konvent\u00ebn p\u00ebr zgjedhjet lokale n\u00eb","robots":{"index":"index","follow":"follow","max-snippet":"max-snippet:-1","max-image-preview":"max-image-preview:large","max-video-preview":"max-video-preview:-1"},"canonical":"https:\/\/www.visit-ulcinj.com\/blog\/2017\/05\/05\/gjukanoviq-mali-zi-ne-karrigen-e-nato-s-nga-25-maji\/","og_locale":"en_US","og_type":"article","og_title":"Gjukanoviq: Mali i Zi n\u00eb karrigen e NATO-s nga 25 maji - Lajme nga Ulqini","og_description":"Herceg Novi\/Podgoric\u00eb, 5 maj \u2013 Lideri i Partis\u00eb Demokratike t\u00eb Socialist\u00ebve (DPS) n\u00eb Mal t\u00eb Zi, Millo Gjukanoviq, n\u00eb konvent\u00ebn p\u00ebr zgjedhjet lokale n\u00eb","og_url":"https:\/\/www.visit-ulcinj.com\/blog\/2017\/05\/05\/gjukanoviq-mali-zi-ne-karrigen-e-nato-s-nga-25-maji\/","og_site_name":"Lajme nga Ulqini","article_published_time":"2017-05-05T12:28:17+00:00","article_modified_time":"2017-05-06T09:35:22+00:00","og_image":[{"url":"http:\/\/www.visit-ulcinj.com\/blog\/wp-content\/uploads\/2017\/05\/Gjukanovic.jpg"}],"twitter_misc":{"Written by":"ulqini","Est. reading time":"1 minute"},"schema":{"@context":"https:\/\/schema.org","@graph":[{"@type":"WebSite","@id":"https:\/\/www.visit-ulcinj.com\/blog\/#website","url":"https:\/\/www.visit-ulcinj.com\/blog\/","name":"Lajme nga Ulqini","description":"Lajme,Vijesti,Ulqini,Ulqin,Crna Gora,Mali i Zi","potentialAction":[{"@type":"SearchAction","target":{"@type":"EntryPoint","urlTemplate":"https:\/\/www.visit-ulcinj.com\/blog\/?s={search_term_string}"},"query-input":"required name=search_term_string"}],"inLanguage":"en-US"},{"@type":"ImageObject","inLanguage":"en-US","@id":"https:\/\/www.visit-ulcinj.com\/blog\/2017\/05\/05\/gjukanoviq-mali-zi-ne-karrigen-e-nato-s-nga-25-maji\/#primaryimage","url":"https:\/\/www.visit-ulcinj.com\/blog\/wp-content\/uploads\/2017\/05\/Gjukanovic.jpg","contentUrl":"https:\/\/www.visit-ulcinj.com\/blog\/wp-content\/uploads\/2017\/05\/Gjukanovic.jpg","width":900,"height":633},{"@type":"WebPage","@id":"https:\/\/www.visit-ulcinj.com\/blog\/2017\/05\/05\/gjukanoviq-mali-zi-ne-karrigen-e-nato-s-nga-25-maji\/#webpage","url":"https:\/\/www.visit-ulcinj.com\/blog\/2017\/05\/05\/gjukanoviq-mali-zi-ne-karrigen-e-nato-s-nga-25-maji\/","name":"Gjukanoviq: Mali i Zi n\u00eb karrigen e NATO-s nga 25 maji - Lajme nga Ulqini","isPartOf":{"@id":"https:\/\/www.visit-ulcinj.com\/blog\/#website"},"primaryImageOfPage":{"@id":"https:\/\/www.visit-ulcinj.com\/blog\/2017\/05\/05\/gjukanoviq-mali-zi-ne-karrigen-e-nato-s-nga-25-maji\/#primaryimage"},"datePublished":"2017-05-05T12:28:17+00:00","dateModified":"2017-05-06T09:35:22+00:00","author":{"@id":"https:\/\/www.visit-ulcinj.com\/blog\/#\/schema\/person\/dcab619c614d3038751c63bc2aadc06d"},"description":"Herceg Novi\/Podgoric\u00eb, 5 maj \u2013 Lideri i Partis\u00eb Demokratike t\u00eb Socialist\u00ebve (DPS) n\u00eb Mal t\u00eb Zi, Millo Gjukanoviq, n\u00eb konvent\u00ebn p\u00ebr zgjedhjet lokale n\u00eb","breadcrumb":{"@id":"https:\/\/www.visit-ulcinj.com\/blog\/2017\/05\/05\/gjukanoviq-mali-zi-ne-karrigen-e-nato-s-nga-25-maji\/#breadcrumb"},"inLanguage":"en-US","potentialAction":[{"@type":"ReadAction","target":["https:\/\/www.visit-ulcinj.com\/blog\/2017\/05\/05\/gjukanoviq-mali-zi-ne-karrigen-e-nato-s-nga-25-maji\/"]}]},{"@type":"BreadcrumbList","@id":"https:\/\/www.visit-ulcinj.com\/blog\/2017\/05\/05\/gjukanoviq-mali-zi-ne-karrigen-e-nato-s-nga-25-maji\/#breadcrumb","itemListElement":[{"@type":"ListItem","position":1,"name":"Gjukanoviq: Mali i Zi n\u00eb karrigen e NATO-s nga 25 maji"}]},{"@type":"Person","@id":"https:\/\/www.visit-ulcinj.com\/blog\/#\/schema\/person\/dcab619c614d3038751c63bc2aadc06d","name":"ulqini","sameAs":["http:\/\/www.visit-ulcinj.com"],"url":"https:\/\/www.visit-ulcinj.com\/blog\/author\/admin\/"}]}},"jetpack_featured_media_url":"","jetpack_sharing_enabled":true,"jetpack_shortlink":"https:\/\/wp.me\/pe6lTn-rhQ","_links":{"self":[{"href":"https:\/\/www.visit-ulcinj.com\/blog\/wp-json\/wp\/v2\/posts\/104894"}],"collection":[{"href":"https:\/\/www.visit-ulcinj.com\/blog\/wp-json\/wp\/v2\/posts"}],"about":[{"href":"https:\/\/www.visit-ulcinj.com\/blog\/wp-json\/wp\/v2\/types\/post"}],"author":[{"embeddable":true,"href":"https:\/\/www.visit-ulcinj.com\/blog\/wp-json\/wp\/v2\/users\/1"}],"replies":[{"embeddable":true,"href":"https:\/\/www.visit-ulcinj.com\/blog\/wp-json\/wp\/v2\/comments?post=104894"}],"version-history":[{"count":1,"href":"https:\/\/www.visit-ulcinj.com\/blog\/wp-json\/wp\/v2\/posts\/104894\/revisions"}],"predecessor-version":[{"id":104896,"href":"https:\/\/www.visit-ulcinj.com\/blog\/wp-json\/wp\/v2\/posts\/104894\/revisions\/104896"}],"wp:attachment":[{"href":"https:\/\/www.visit-ulcinj.com\/blog\/wp-json\/wp\/v2\/media?parent=104894"}],"wp:term":[{"taxonomy":"category","embeddable":true,"href":"https:\/\/www.visit-ulcinj.com\/blog\/wp-json\/wp\/v2\/categories?post=104894"},{"taxonomy":"post_tag","embeddable":true,"href":"https:\/\/www.visit-ulcinj.com\/blog\/wp-json\/wp\/v2\/tags?post=104894"}],"curies":[{"name":"wp","href":"https:\/\/api.w.org\/{rel}","templated":true}]}}