{"id":104917,"date":"2017-05-05T22:31:56","date_gmt":"2017-05-05T21:31:56","guid":{"rendered":"http:\/\/www.visit-ulcinj.com\/blog\/?p=104917"},"modified":"2017-05-07T17:27:12","modified_gmt":"2017-05-07T16:27:12","slug":"kreatorja-edita-nimanbegu-paraqet-koleksionin-te-ri-ne-ulqin-6-maje","status":"publish","type":"post","link":"https:\/\/www.visit-ulcinj.com\/blog\/2017\/05\/05\/kreatorja-edita-nimanbegu-paraqet-koleksionin-te-ri-ne-ulqin-6-maje\/","title":{"rendered":"Kreatorja Edita Nimanbegu paraqet koleksionin m\u00eb t\u00eb ri n\u00eb Ulqin m\u00eb 6 Maj"},"content":{"rendered":"<p><strong><a href=\"http:\/\/www.visit-ulcinj.com\/blog\/wp-content\/uploads\/2017\/05\/Kreatorja-Edita-Nimanbegu-paraqet-koleksionin-m\u00eb-t\u00eb-ri-n\u00eb-Ulqin.jpg\"><img loading=\"lazy\" class=\"alignleft wp-image-104921\" src=\"http:\/\/www.visit-ulcinj.com\/blog\/wp-content\/uploads\/2017\/05\/Kreatorja-Edita-Nimanbegu-paraqet-koleksionin-m\u00eb-t\u00eb-ri-n\u00eb-Ulqin.jpg\" alt=\"\" width=\"508\" height=\"266\" srcset=\"https:\/\/www.visit-ulcinj.com\/blog\/wp-content\/uploads\/2017\/05\/Kreatorja-Edita-Nimanbegu-paraqet-koleksionin-m\u00eb-t\u00eb-ri-n\u00eb-Ulqin.jpg 999w, https:\/\/www.visit-ulcinj.com\/blog\/wp-content\/uploads\/2017\/05\/Kreatorja-Edita-Nimanbegu-paraqet-koleksionin-m\u00eb-t\u00eb-ri-n\u00eb-Ulqin-300x157.jpg 300w, https:\/\/www.visit-ulcinj.com\/blog\/wp-content\/uploads\/2017\/05\/Kreatorja-Edita-Nimanbegu-paraqet-koleksionin-m\u00eb-t\u00eb-ri-n\u00eb-Ulqin-768x402.jpg 768w\" sizes=\"(max-width: 508px) 100vw, 508px\" \/><\/a><\/strong><\/p>\n<p><strong>Sonte mbahet eventi madh\u00ebshtor \u2018Ulcinj Fashion Night\u2019<\/strong><\/p>\n<p><strong>Kreatorja e mod\u00ebs Edita Nimnabegu nes\u00ebr m\u00eb 6 Maj nxjerr\u00eb defilen n\u00eb qytetin e vjet\u00ebr t\u00eb Ulqinit q\u00eb paraqet koleksionin m\u00eb t\u00eb ri p\u00ebr vitin 2017 pranver\u00eb \u2013 ver\u00eb n\u00eb ora 21:00. <\/strong><\/p>\n<p>Ajo do i prezanton publikut koleksionin e fustaneve t\u00eb mbr\u00ebmjes, t\u00eb titulluar <strong>\u201c(Un)Veiled\u201d i\u00a0\u201cShe Who Fell to Earth\u201d<\/strong>\u201c n\u00eb t\u00eb cilin kan\u00eb dominuar modelet futuristike t\u00eb punuar nga llojet e ndryshme t\u00eb materialit.<\/p>\n<p><a href=\"http:\/\/www.visit-ulcinj.com\/blog\/wp-content\/uploads\/2017\/05\/Edita-Nimanbegu-MODNA-REVIJA.jpg\"><img loading=\"lazy\" class=\"alignleft wp-image-104880\" src=\"http:\/\/www.visit-ulcinj.com\/blog\/wp-content\/uploads\/2017\/05\/Edita-Nimanbegu-MODNA-REVIJA.jpg\" alt=\"\" width=\"508\" height=\"338\" srcset=\"https:\/\/www.visit-ulcinj.com\/blog\/wp-content\/uploads\/2017\/05\/Edita-Nimanbegu-MODNA-REVIJA.jpg 768w, https:\/\/www.visit-ulcinj.com\/blog\/wp-content\/uploads\/2017\/05\/Edita-Nimanbegu-MODNA-REVIJA-300x200.jpg 300w\" sizes=\"(max-width: 508px) 100vw, 508px\" \/><\/a><\/p>\n<p>N\u00eb k\u00ebt\u00eb koleksion ajo ka sjell\u00eb kryesisht fustane me dizajne t\u00eb llojllojshme, por m\u00eb s\u00eb shumti fustane solemne dhe tejet elegante.<\/p>\n<p>K\u00ebto fustane\u00a0do jen\u00eb t\u00eb prezantuar nga modelet dhe Lea Jankoviq (L&amp;G design),\u00a0Muho Uru\u00e7i\u00a0dhe\u00a0Anela Zuberoviq.<\/p>\n<p><strong>Ky manifestim \u00ebsht\u00eb i sponsorizuar nga Organizata Turistike e Ulqinit.<\/strong><\/p>\n<!--YouTube Error: bad URL entered-->\n<p><a href=\"http:\/\/www.visit-ulcinj.com\/blog\/wp-content\/uploads\/2017\/05\/Modna-revija-u-Ulcinj.jpg\"><img loading=\"lazy\" class=\"alignleft wp-image-104952\" src=\"http:\/\/www.visit-ulcinj.com\/blog\/wp-content\/uploads\/2017\/05\/Modna-revija-u-Ulcinj.jpg\" alt=\"\" width=\"508\" height=\"394\" srcset=\"https:\/\/www.visit-ulcinj.com\/blog\/wp-content\/uploads\/2017\/05\/Modna-revija-u-Ulcinj.jpg 509w, https:\/\/www.visit-ulcinj.com\/blog\/wp-content\/uploads\/2017\/05\/Modna-revija-u-Ulcinj-300x233.jpg 300w\" sizes=\"(max-width: 508px) 100vw, 508px\" \/><\/a><\/p>\n<p>&nbsp;<\/p>\n<p><a href=\"http:\/\/www.visit-ulcinj.com\/blog\/wp-content\/uploads\/2017\/05\/Edita-Nimanbegu-MODNA-REVIJA-1.jpg\"><img loading=\"lazy\" class=\"alignleft wp-image-104881\" src=\"http:\/\/www.visit-ulcinj.com\/blog\/wp-content\/uploads\/2017\/05\/Edita-Nimanbegu-MODNA-REVIJA-1.jpg\" alt=\"\" width=\"508\" height=\"322\" \/><\/a><\/p>\n<p>&nbsp;<\/p>\n","protected":false},"excerpt":{"rendered":"<p>Sonte mbahet eventi madh\u00ebshtor \u2018Ulcinj Fashion Night\u2019 Kreatorja e mod\u00ebs Edita Nimnabegu nes\u00ebr m\u00eb 6 Maj nxjerr\u00eb defilen n\u00eb qytetin e vjet\u00ebr t\u00eb Ulqinit q\u00eb paraqet koleksionin m\u00eb t\u00eb ri p\u00ebr vitin 2017 pranver\u00eb \u2013 ver\u00eb n\u00eb ora 21:00. Ajo do i prezanton publikut koleksionin e fustaneve t\u00eb mbr\u00ebmjes, t\u00eb titulluar \u201c(Un)Veiled\u201d i\u00a0\u201cShe Who Fell [&hellip;]<\/p>\n","protected":false},"author":1,"featured_media":0,"comment_status":"closed","ping_status":"closed","sticky":false,"template":"","format":"standard","meta":{"spay_email":"","jetpack_publicize_message":"","jetpack_is_tweetstorm":false,"jetpack_publicize_feature_enabled":true},"categories":[4,1],"tags":[],"jetpack_publicize_connections":[],"yoast_head":"<!-- This site is optimized with the Yoast SEO plugin v19.1 - https:\/\/yoast.com\/wordpress\/plugins\/seo\/ -->\n<title>Kreatorja Edita Nimanbegu paraqet koleksionin m\u00eb t\u00eb ri n\u00eb Ulqin m\u00eb 6 Maj - Lajme nga Ulqini<\/title>\n<meta name=\"description\" content=\"Sonte mbahet eventi madh\u00ebshtor \u2018Ulcinj Fashion Night\u2019 Kreatorja e mod\u00ebs Edita Nimnabegu nes\u00ebr m\u00eb 6 Maj nxjerr\u00eb defilen n\u00eb qytetin e vjet\u00ebr t\u00eb Ulqinit q\u00eb\" \/>\n<meta name=\"robots\" content=\"index, follow, max-snippet:-1, max-image-preview:large, max-video-preview:-1\" \/>\n<link rel=\"canonical\" href=\"https:\/\/www.visit-ulcinj.com\/blog\/2017\/05\/05\/kreatorja-edita-nimanbegu-paraqet-koleksionin-te-ri-ne-ulqin-6-maje\/\" \/>\n<meta property=\"og:locale\" content=\"en_US\" \/>\n<meta property=\"og:type\" content=\"article\" \/>\n<meta property=\"og:title\" content=\"Kreatorja Edita Nimanbegu paraqet koleksionin m\u00eb t\u00eb ri n\u00eb Ulqin m\u00eb 6 Maj - Lajme nga Ulqini\" \/>\n<meta property=\"og:description\" content=\"Sonte mbahet eventi madh\u00ebshtor \u2018Ulcinj Fashion Night\u2019 Kreatorja e mod\u00ebs Edita Nimnabegu nes\u00ebr m\u00eb 6 Maj nxjerr\u00eb defilen n\u00eb qytetin e vjet\u00ebr t\u00eb Ulqinit q\u00eb\" \/>\n<meta property=\"og:url\" content=\"https:\/\/www.visit-ulcinj.com\/blog\/2017\/05\/05\/kreatorja-edita-nimanbegu-paraqet-koleksionin-te-ri-ne-ulqin-6-maje\/\" \/>\n<meta property=\"og:site_name\" content=\"Lajme nga Ulqini\" \/>\n<meta property=\"article:published_time\" content=\"2017-05-05T21:31:56+00:00\" \/>\n<meta property=\"article:modified_time\" content=\"2017-05-07T16:27:12+00:00\" \/>\n<meta property=\"og:image\" content=\"http:\/\/www.visit-ulcinj.com\/blog\/wp-content\/uploads\/2017\/05\/Edita-Nimanbegu-MODNA-REVIJA.jpg\" \/>\n<meta name=\"twitter:label1\" content=\"Written by\" \/>\n\t<meta name=\"twitter:data1\" content=\"ulqini\" \/>\n\t<meta name=\"twitter:label2\" content=\"Est. reading time\" \/>\n\t<meta name=\"twitter:data2\" content=\"1 minute\" \/>\n<script type=\"application\/ld+json\" class=\"yoast-schema-graph\">{\"@context\":\"https:\/\/schema.org\",\"@graph\":[{\"@type\":\"WebSite\",\"@id\":\"https:\/\/www.visit-ulcinj.com\/blog\/#website\",\"url\":\"https:\/\/www.visit-ulcinj.com\/blog\/\",\"name\":\"Lajme nga Ulqini\",\"description\":\"Lajme,Vijesti,Ulqini,Ulqin,Crna Gora,Mali i Zi\",\"potentialAction\":[{\"@type\":\"SearchAction\",\"target\":{\"@type\":\"EntryPoint\",\"urlTemplate\":\"https:\/\/www.visit-ulcinj.com\/blog\/?s={search_term_string}\"},\"query-input\":\"required name=search_term_string\"}],\"inLanguage\":\"en-US\"},{\"@type\":\"ImageObject\",\"inLanguage\":\"en-US\",\"@id\":\"https:\/\/www.visit-ulcinj.com\/blog\/2017\/05\/05\/kreatorja-edita-nimanbegu-paraqet-koleksionin-te-ri-ne-ulqin-6-maje\/#primaryimage\",\"url\":\"https:\/\/www.visit-ulcinj.com\/blog\/wp-content\/uploads\/2017\/05\/Edita-Nimanbegu-MODNA-REVIJA.jpg\",\"contentUrl\":\"https:\/\/www.visit-ulcinj.com\/blog\/wp-content\/uploads\/2017\/05\/Edita-Nimanbegu-MODNA-REVIJA.jpg\",\"width\":768,\"height\":511},{\"@type\":\"WebPage\",\"@id\":\"https:\/\/www.visit-ulcinj.com\/blog\/2017\/05\/05\/kreatorja-edita-nimanbegu-paraqet-koleksionin-te-ri-ne-ulqin-6-maje\/#webpage\",\"url\":\"https:\/\/www.visit-ulcinj.com\/blog\/2017\/05\/05\/kreatorja-edita-nimanbegu-paraqet-koleksionin-te-ri-ne-ulqin-6-maje\/\",\"name\":\"Kreatorja Edita Nimanbegu paraqet koleksionin m\u00eb t\u00eb ri n\u00eb Ulqin m\u00eb 6 Maj - Lajme nga Ulqini\",\"isPartOf\":{\"@id\":\"https:\/\/www.visit-ulcinj.com\/blog\/#website\"},\"primaryImageOfPage\":{\"@id\":\"https:\/\/www.visit-ulcinj.com\/blog\/2017\/05\/05\/kreatorja-edita-nimanbegu-paraqet-koleksionin-te-ri-ne-ulqin-6-maje\/#primaryimage\"},\"datePublished\":\"2017-05-05T21:31:56+00:00\",\"dateModified\":\"2017-05-07T16:27:12+00:00\",\"author\":{\"@id\":\"https:\/\/www.visit-ulcinj.com\/blog\/#\/schema\/person\/dcab619c614d3038751c63bc2aadc06d\"},\"description\":\"Sonte mbahet eventi madh\u00ebshtor \u2018Ulcinj Fashion Night\u2019 Kreatorja e mod\u00ebs Edita Nimnabegu nes\u00ebr m\u00eb 6 Maj nxjerr\u00eb defilen n\u00eb qytetin e vjet\u00ebr t\u00eb Ulqinit q\u00eb\",\"breadcrumb\":{\"@id\":\"https:\/\/www.visit-ulcinj.com\/blog\/2017\/05\/05\/kreatorja-edita-nimanbegu-paraqet-koleksionin-te-ri-ne-ulqin-6-maje\/#breadcrumb\"},\"inLanguage\":\"en-US\",\"potentialAction\":[{\"@type\":\"ReadAction\",\"target\":[\"https:\/\/www.visit-ulcinj.com\/blog\/2017\/05\/05\/kreatorja-edita-nimanbegu-paraqet-koleksionin-te-ri-ne-ulqin-6-maje\/\"]}]},{\"@type\":\"BreadcrumbList\",\"@id\":\"https:\/\/www.visit-ulcinj.com\/blog\/2017\/05\/05\/kreatorja-edita-nimanbegu-paraqet-koleksionin-te-ri-ne-ulqin-6-maje\/#breadcrumb\",\"itemListElement\":[{\"@type\":\"ListItem\",\"position\":1,\"name\":\"Kreatorja Edita Nimanbegu paraqet koleksionin m\u00eb t\u00eb ri n\u00eb Ulqin m\u00eb 6 Maj\"}]},{\"@type\":\"Person\",\"@id\":\"https:\/\/www.visit-ulcinj.com\/blog\/#\/schema\/person\/dcab619c614d3038751c63bc2aadc06d\",\"name\":\"ulqini\",\"sameAs\":[\"http:\/\/www.visit-ulcinj.com\"],\"url\":\"https:\/\/www.visit-ulcinj.com\/blog\/author\/admin\/\"}]}<\/script>\n<!-- \/ Yoast SEO plugin. -->","yoast_head_json":{"title":"Kreatorja Edita Nimanbegu paraqet koleksionin m\u00eb t\u00eb ri n\u00eb Ulqin m\u00eb 6 Maj - Lajme nga Ulqini","description":"Sonte mbahet eventi madh\u00ebshtor \u2018Ulcinj Fashion Night\u2019 Kreatorja e mod\u00ebs Edita Nimnabegu nes\u00ebr m\u00eb 6 Maj nxjerr\u00eb defilen n\u00eb qytetin e vjet\u00ebr t\u00eb Ulqinit q\u00eb","robots":{"index":"index","follow":"follow","max-snippet":"max-snippet:-1","max-image-preview":"max-image-preview:large","max-video-preview":"max-video-preview:-1"},"canonical":"https:\/\/www.visit-ulcinj.com\/blog\/2017\/05\/05\/kreatorja-edita-nimanbegu-paraqet-koleksionin-te-ri-ne-ulqin-6-maje\/","og_locale":"en_US","og_type":"article","og_title":"Kreatorja Edita Nimanbegu paraqet koleksionin m\u00eb t\u00eb ri n\u00eb Ulqin m\u00eb 6 Maj - Lajme nga Ulqini","og_description":"Sonte mbahet eventi madh\u00ebshtor \u2018Ulcinj Fashion Night\u2019 Kreatorja e mod\u00ebs Edita Nimnabegu nes\u00ebr m\u00eb 6 Maj nxjerr\u00eb defilen n\u00eb qytetin e vjet\u00ebr t\u00eb Ulqinit q\u00eb","og_url":"https:\/\/www.visit-ulcinj.com\/blog\/2017\/05\/05\/kreatorja-edita-nimanbegu-paraqet-koleksionin-te-ri-ne-ulqin-6-maje\/","og_site_name":"Lajme nga Ulqini","article_published_time":"2017-05-05T21:31:56+00:00","article_modified_time":"2017-05-07T16:27:12+00:00","og_image":[{"url":"http:\/\/www.visit-ulcinj.com\/blog\/wp-content\/uploads\/2017\/05\/Edita-Nimanbegu-MODNA-REVIJA.jpg"}],"twitter_misc":{"Written by":"ulqini","Est. reading time":"1 minute"},"schema":{"@context":"https:\/\/schema.org","@graph":[{"@type":"WebSite","@id":"https:\/\/www.visit-ulcinj.com\/blog\/#website","url":"https:\/\/www.visit-ulcinj.com\/blog\/","name":"Lajme nga Ulqini","description":"Lajme,Vijesti,Ulqini,Ulqin,Crna Gora,Mali i Zi","potentialAction":[{"@type":"SearchAction","target":{"@type":"EntryPoint","urlTemplate":"https:\/\/www.visit-ulcinj.com\/blog\/?s={search_term_string}"},"query-input":"required name=search_term_string"}],"inLanguage":"en-US"},{"@type":"ImageObject","inLanguage":"en-US","@id":"https:\/\/www.visit-ulcinj.com\/blog\/2017\/05\/05\/kreatorja-edita-nimanbegu-paraqet-koleksionin-te-ri-ne-ulqin-6-maje\/#primaryimage","url":"https:\/\/www.visit-ulcinj.com\/blog\/wp-content\/uploads\/2017\/05\/Edita-Nimanbegu-MODNA-REVIJA.jpg","contentUrl":"https:\/\/www.visit-ulcinj.com\/blog\/wp-content\/uploads\/2017\/05\/Edita-Nimanbegu-MODNA-REVIJA.jpg","width":768,"height":511},{"@type":"WebPage","@id":"https:\/\/www.visit-ulcinj.com\/blog\/2017\/05\/05\/kreatorja-edita-nimanbegu-paraqet-koleksionin-te-ri-ne-ulqin-6-maje\/#webpage","url":"https:\/\/www.visit-ulcinj.com\/blog\/2017\/05\/05\/kreatorja-edita-nimanbegu-paraqet-koleksionin-te-ri-ne-ulqin-6-maje\/","name":"Kreatorja Edita Nimanbegu paraqet koleksionin m\u00eb t\u00eb ri n\u00eb Ulqin m\u00eb 6 Maj - Lajme nga Ulqini","isPartOf":{"@id":"https:\/\/www.visit-ulcinj.com\/blog\/#website"},"primaryImageOfPage":{"@id":"https:\/\/www.visit-ulcinj.com\/blog\/2017\/05\/05\/kreatorja-edita-nimanbegu-paraqet-koleksionin-te-ri-ne-ulqin-6-maje\/#primaryimage"},"datePublished":"2017-05-05T21:31:56+00:00","dateModified":"2017-05-07T16:27:12+00:00","author":{"@id":"https:\/\/www.visit-ulcinj.com\/blog\/#\/schema\/person\/dcab619c614d3038751c63bc2aadc06d"},"description":"Sonte mbahet eventi madh\u00ebshtor \u2018Ulcinj Fashion Night\u2019 Kreatorja e mod\u00ebs Edita Nimnabegu nes\u00ebr m\u00eb 6 Maj nxjerr\u00eb defilen n\u00eb qytetin e vjet\u00ebr t\u00eb Ulqinit q\u00eb","breadcrumb":{"@id":"https:\/\/www.visit-ulcinj.com\/blog\/2017\/05\/05\/kreatorja-edita-nimanbegu-paraqet-koleksionin-te-ri-ne-ulqin-6-maje\/#breadcrumb"},"inLanguage":"en-US","potentialAction":[{"@type":"ReadAction","target":["https:\/\/www.visit-ulcinj.com\/blog\/2017\/05\/05\/kreatorja-edita-nimanbegu-paraqet-koleksionin-te-ri-ne-ulqin-6-maje\/"]}]},{"@type":"BreadcrumbList","@id":"https:\/\/www.visit-ulcinj.com\/blog\/2017\/05\/05\/kreatorja-edita-nimanbegu-paraqet-koleksionin-te-ri-ne-ulqin-6-maje\/#breadcrumb","itemListElement":[{"@type":"ListItem","position":1,"name":"Kreatorja Edita Nimanbegu paraqet koleksionin m\u00eb t\u00eb ri n\u00eb Ulqin m\u00eb 6 Maj"}]},{"@type":"Person","@id":"https:\/\/www.visit-ulcinj.com\/blog\/#\/schema\/person\/dcab619c614d3038751c63bc2aadc06d","name":"ulqini","sameAs":["http:\/\/www.visit-ulcinj.com"],"url":"https:\/\/www.visit-ulcinj.com\/blog\/author\/admin\/"}]}},"jetpack_featured_media_url":"","jetpack_sharing_enabled":true,"jetpack_shortlink":"https:\/\/wp.me\/pe6lTn-rid","_links":{"self":[{"href":"https:\/\/www.visit-ulcinj.com\/blog\/wp-json\/wp\/v2\/posts\/104917"}],"collection":[{"href":"https:\/\/www.visit-ulcinj.com\/blog\/wp-json\/wp\/v2\/posts"}],"about":[{"href":"https:\/\/www.visit-ulcinj.com\/blog\/wp-json\/wp\/v2\/types\/post"}],"author":[{"embeddable":true,"href":"https:\/\/www.visit-ulcinj.com\/blog\/wp-json\/wp\/v2\/users\/1"}],"replies":[{"embeddable":true,"href":"https:\/\/www.visit-ulcinj.com\/blog\/wp-json\/wp\/v2\/comments?post=104917"}],"version-history":[{"count":10,"href":"https:\/\/www.visit-ulcinj.com\/blog\/wp-json\/wp\/v2\/posts\/104917\/revisions"}],"predecessor-version":[{"id":104962,"href":"https:\/\/www.visit-ulcinj.com\/blog\/wp-json\/wp\/v2\/posts\/104917\/revisions\/104962"}],"wp:attachment":[{"href":"https:\/\/www.visit-ulcinj.com\/blog\/wp-json\/wp\/v2\/media?parent=104917"}],"wp:term":[{"taxonomy":"category","embeddable":true,"href":"https:\/\/www.visit-ulcinj.com\/blog\/wp-json\/wp\/v2\/categories?post=104917"},{"taxonomy":"post_tag","embeddable":true,"href":"https:\/\/www.visit-ulcinj.com\/blog\/wp-json\/wp\/v2\/tags?post=104917"}],"curies":[{"name":"wp","href":"https:\/\/api.w.org\/{rel}","templated":true}]}}