{"id":104928,"date":"2017-05-05T23:19:02","date_gmt":"2017-05-05T22:19:02","guid":{"rendered":"http:\/\/www.visit-ulcinj.com\/blog\/?p=104928"},"modified":"2017-05-05T23:19:02","modified_gmt":"2017-05-05T22:19:02","slug":"cungu-uspjesan-pocetak-turisticke-sezone-ulcinja","status":"publish","type":"post","link":"https:\/\/www.visit-ulcinj.com\/blog\/2017\/05\/05\/cungu-uspjesan-pocetak-turisticke-sezone-ulcinja\/","title":{"rendered":"Cungu: Uspje\u0161an po\u010detak turisti\u010dke sezone Ulcinja"},"content":{"rendered":"<p><a href=\"http:\/\/www.visit-ulcinj.com\/blog\/wp-content\/uploads\/2017\/05\/Ulcinj-Stari-Grad.jpg\"><img loading=\"lazy\" class=\"alignleft wp-image-104929\" src=\"http:\/\/www.visit-ulcinj.com\/blog\/wp-content\/uploads\/2017\/05\/Ulcinj-Stari-Grad.jpg\" alt=\"\" width=\"508\" height=\"328\" srcset=\"https:\/\/www.visit-ulcinj.com\/blog\/wp-content\/uploads\/2017\/05\/Ulcinj-Stari-Grad.jpg 999w, https:\/\/www.visit-ulcinj.com\/blog\/wp-content\/uploads\/2017\/05\/Ulcinj-Stari-Grad-300x194.jpg 300w, https:\/\/www.visit-ulcinj.com\/blog\/wp-content\/uploads\/2017\/05\/Ulcinj-Stari-Grad-768x497.jpg 768w\" sizes=\"(max-width: 508px) 100vw, 508px\" \/><\/a>Na ovaj na\u010din je predsjednik Op\u0161tine Nazif Cungu, ocijenio tradicionalnu manifestaciju \u201eSvi za Turizam\u201c i brojnu posje\u0107enost na\u0161eg grada tokom prvomajskih praznika.<\/p>\n<p>On je na konferenciji za novinare prikazao \u010dinjenice koje potvr\u0111uju podatke da je tokom prvomajskih praznika u Ulcinju boravio veliki broj turista iz zemalja regiona, \u010dime se potvr\u0111uje tendencija da se ove godine o\u010dekuje uspje\u0161na turisti\u010dka sezona. U nastavku, predsjednik je visoko ocijenio aktivnosti privatnog i javnog sektora, koji su doprinjeli da situacija u gradu tokom ovih dana bude na najve\u0107em mogu\u0107em nivou. S tim u vezi, navedeno je da turisti\u010dka sezona u ve\u0107em dijelu zavisi od nas samih, te da je neophodno da se svi uklju\u010dimo u cilju pobolj\u0161anja ponude tokom turisti\u010dke sezone. Predsjednik se posebno zahvalio vlasnicima hotela, restorana, barova, pla\u017ea i drugih osoba koji su najvi\u0161e bili uklju\u010deni u organizaciji prvomajskih manifestacija i time dodatno ohrabrio da se i tokom turisti\u010dke sezone organizuju sli\u010dne aktivnosti. Na to je dodao da Op\u0161tina Ulcinj stoji u slu\u017ebi gra\u0111ana i da s tim u vezi su pozvani svi da svojim idejama pomognu u pobolj\u0161anju turisti\u010dke sezone, stoji u saop\u0161tenju za novinare.<\/p>\n","protected":false},"excerpt":{"rendered":"<p>Na ovaj na\u010din je predsjednik Op\u0161tine Nazif Cungu, ocijenio tradicionalnu manifestaciju \u201eSvi za Turizam\u201c i brojnu posje\u0107enost na\u0161eg grada tokom prvomajskih praznika. On je na konferenciji za novinare prikazao \u010dinjenice koje potvr\u0111uju podatke da je tokom prvomajskih praznika u Ulcinju boravio veliki broj turista iz zemalja regiona, \u010dime se potvr\u0111uje tendencija da se ove godine [&hellip;]<\/p>\n","protected":false},"author":1,"featured_media":0,"comment_status":"closed","ping_status":"closed","sticky":false,"template":"","format":"standard","meta":{"spay_email":"","jetpack_publicize_message":"","jetpack_is_tweetstorm":false,"jetpack_publicize_feature_enabled":true},"categories":[6950],"tags":[],"jetpack_publicize_connections":[],"yoast_head":"<!-- This site is optimized with the Yoast SEO plugin v19.1 - https:\/\/yoast.com\/wordpress\/plugins\/seo\/ -->\n<title>Cungu: Uspje\u0161an po\u010detak turisti\u010dke sezone Ulcinja - Lajme nga Ulqini<\/title>\n<meta name=\"description\" content=\"Na ovaj na\u010din je predsjednik Op\u0161tine Nazif Cungu, ocijenio tradicionalnu manifestaciju \u201eSvi za Turizam\u201c i brojnu posje\u0107enost na\u0161eg grada tokom prvomajskih\" \/>\n<meta name=\"robots\" content=\"index, follow, max-snippet:-1, max-image-preview:large, max-video-preview:-1\" \/>\n<link rel=\"canonical\" href=\"https:\/\/www.visit-ulcinj.com\/blog\/2017\/05\/05\/cungu-uspjesan-pocetak-turisticke-sezone-ulcinja\/\" \/>\n<meta property=\"og:locale\" content=\"en_US\" \/>\n<meta property=\"og:type\" content=\"article\" \/>\n<meta property=\"og:title\" content=\"Cungu: Uspje\u0161an po\u010detak turisti\u010dke sezone Ulcinja - Lajme nga Ulqini\" \/>\n<meta property=\"og:description\" content=\"Na ovaj na\u010din je predsjednik Op\u0161tine Nazif Cungu, ocijenio tradicionalnu manifestaciju \u201eSvi za Turizam\u201c i brojnu posje\u0107enost na\u0161eg grada tokom prvomajskih\" \/>\n<meta property=\"og:url\" content=\"https:\/\/www.visit-ulcinj.com\/blog\/2017\/05\/05\/cungu-uspjesan-pocetak-turisticke-sezone-ulcinja\/\" \/>\n<meta property=\"og:site_name\" content=\"Lajme nga Ulqini\" \/>\n<meta property=\"article:published_time\" content=\"2017-05-05T22:19:02+00:00\" \/>\n<meta property=\"og:image\" content=\"http:\/\/www.visit-ulcinj.com\/blog\/wp-content\/uploads\/2017\/05\/Ulcinj-Stari-Grad.jpg\" \/>\n<meta name=\"twitter:label1\" content=\"Written by\" \/>\n\t<meta name=\"twitter:data1\" content=\"ulqini\" \/>\n\t<meta name=\"twitter:label2\" content=\"Est. reading time\" \/>\n\t<meta name=\"twitter:data2\" content=\"1 minute\" \/>\n<script type=\"application\/ld+json\" class=\"yoast-schema-graph\">{\"@context\":\"https:\/\/schema.org\",\"@graph\":[{\"@type\":\"WebSite\",\"@id\":\"https:\/\/www.visit-ulcinj.com\/blog\/#website\",\"url\":\"https:\/\/www.visit-ulcinj.com\/blog\/\",\"name\":\"Lajme nga Ulqini\",\"description\":\"Lajme,Vijesti,Ulqini,Ulqin,Crna Gora,Mali i Zi\",\"potentialAction\":[{\"@type\":\"SearchAction\",\"target\":{\"@type\":\"EntryPoint\",\"urlTemplate\":\"https:\/\/www.visit-ulcinj.com\/blog\/?s={search_term_string}\"},\"query-input\":\"required name=search_term_string\"}],\"inLanguage\":\"en-US\"},{\"@type\":\"ImageObject\",\"inLanguage\":\"en-US\",\"@id\":\"https:\/\/www.visit-ulcinj.com\/blog\/2017\/05\/05\/cungu-uspjesan-pocetak-turisticke-sezone-ulcinja\/#primaryimage\",\"url\":\"https:\/\/www.visit-ulcinj.com\/blog\/wp-content\/uploads\/2017\/05\/Ulcinj-Stari-Grad.jpg\",\"contentUrl\":\"https:\/\/www.visit-ulcinj.com\/blog\/wp-content\/uploads\/2017\/05\/Ulcinj-Stari-Grad.jpg\",\"width\":999,\"height\":646},{\"@type\":\"WebPage\",\"@id\":\"https:\/\/www.visit-ulcinj.com\/blog\/2017\/05\/05\/cungu-uspjesan-pocetak-turisticke-sezone-ulcinja\/#webpage\",\"url\":\"https:\/\/www.visit-ulcinj.com\/blog\/2017\/05\/05\/cungu-uspjesan-pocetak-turisticke-sezone-ulcinja\/\",\"name\":\"Cungu: Uspje\u0161an po\u010detak turisti\u010dke sezone Ulcinja - Lajme nga Ulqini\",\"isPartOf\":{\"@id\":\"https:\/\/www.visit-ulcinj.com\/blog\/#website\"},\"primaryImageOfPage\":{\"@id\":\"https:\/\/www.visit-ulcinj.com\/blog\/2017\/05\/05\/cungu-uspjesan-pocetak-turisticke-sezone-ulcinja\/#primaryimage\"},\"datePublished\":\"2017-05-05T22:19:02+00:00\",\"dateModified\":\"2017-05-05T22:19:02+00:00\",\"author\":{\"@id\":\"https:\/\/www.visit-ulcinj.com\/blog\/#\/schema\/person\/dcab619c614d3038751c63bc2aadc06d\"},\"description\":\"Na ovaj na\u010din je predsjednik Op\u0161tine Nazif Cungu, ocijenio tradicionalnu manifestaciju \u201eSvi za Turizam\u201c i brojnu posje\u0107enost na\u0161eg grada tokom prvomajskih\",\"breadcrumb\":{\"@id\":\"https:\/\/www.visit-ulcinj.com\/blog\/2017\/05\/05\/cungu-uspjesan-pocetak-turisticke-sezone-ulcinja\/#breadcrumb\"},\"inLanguage\":\"en-US\",\"potentialAction\":[{\"@type\":\"ReadAction\",\"target\":[\"https:\/\/www.visit-ulcinj.com\/blog\/2017\/05\/05\/cungu-uspjesan-pocetak-turisticke-sezone-ulcinja\/\"]}]},{\"@type\":\"BreadcrumbList\",\"@id\":\"https:\/\/www.visit-ulcinj.com\/blog\/2017\/05\/05\/cungu-uspjesan-pocetak-turisticke-sezone-ulcinja\/#breadcrumb\",\"itemListElement\":[{\"@type\":\"ListItem\",\"position\":1,\"name\":\"Cungu: Uspje\u0161an po\u010detak turisti\u010dke sezone Ulcinja\"}]},{\"@type\":\"Person\",\"@id\":\"https:\/\/www.visit-ulcinj.com\/blog\/#\/schema\/person\/dcab619c614d3038751c63bc2aadc06d\",\"name\":\"ulqini\",\"sameAs\":[\"http:\/\/www.visit-ulcinj.com\"],\"url\":\"https:\/\/www.visit-ulcinj.com\/blog\/author\/admin\/\"}]}<\/script>\n<!-- \/ Yoast SEO plugin. -->","yoast_head_json":{"title":"Cungu: Uspje\u0161an po\u010detak turisti\u010dke sezone Ulcinja - Lajme nga Ulqini","description":"Na ovaj na\u010din je predsjednik Op\u0161tine Nazif Cungu, ocijenio tradicionalnu manifestaciju \u201eSvi za Turizam\u201c i brojnu posje\u0107enost na\u0161eg grada tokom prvomajskih","robots":{"index":"index","follow":"follow","max-snippet":"max-snippet:-1","max-image-preview":"max-image-preview:large","max-video-preview":"max-video-preview:-1"},"canonical":"https:\/\/www.visit-ulcinj.com\/blog\/2017\/05\/05\/cungu-uspjesan-pocetak-turisticke-sezone-ulcinja\/","og_locale":"en_US","og_type":"article","og_title":"Cungu: Uspje\u0161an po\u010detak turisti\u010dke sezone Ulcinja - Lajme nga Ulqini","og_description":"Na ovaj na\u010din je predsjednik Op\u0161tine Nazif Cungu, ocijenio tradicionalnu manifestaciju \u201eSvi za Turizam\u201c i brojnu posje\u0107enost na\u0161eg grada tokom prvomajskih","og_url":"https:\/\/www.visit-ulcinj.com\/blog\/2017\/05\/05\/cungu-uspjesan-pocetak-turisticke-sezone-ulcinja\/","og_site_name":"Lajme nga Ulqini","article_published_time":"2017-05-05T22:19:02+00:00","og_image":[{"url":"http:\/\/www.visit-ulcinj.com\/blog\/wp-content\/uploads\/2017\/05\/Ulcinj-Stari-Grad.jpg"}],"twitter_misc":{"Written by":"ulqini","Est. reading time":"1 minute"},"schema":{"@context":"https:\/\/schema.org","@graph":[{"@type":"WebSite","@id":"https:\/\/www.visit-ulcinj.com\/blog\/#website","url":"https:\/\/www.visit-ulcinj.com\/blog\/","name":"Lajme nga Ulqini","description":"Lajme,Vijesti,Ulqini,Ulqin,Crna Gora,Mali i Zi","potentialAction":[{"@type":"SearchAction","target":{"@type":"EntryPoint","urlTemplate":"https:\/\/www.visit-ulcinj.com\/blog\/?s={search_term_string}"},"query-input":"required name=search_term_string"}],"inLanguage":"en-US"},{"@type":"ImageObject","inLanguage":"en-US","@id":"https:\/\/www.visit-ulcinj.com\/blog\/2017\/05\/05\/cungu-uspjesan-pocetak-turisticke-sezone-ulcinja\/#primaryimage","url":"https:\/\/www.visit-ulcinj.com\/blog\/wp-content\/uploads\/2017\/05\/Ulcinj-Stari-Grad.jpg","contentUrl":"https:\/\/www.visit-ulcinj.com\/blog\/wp-content\/uploads\/2017\/05\/Ulcinj-Stari-Grad.jpg","width":999,"height":646},{"@type":"WebPage","@id":"https:\/\/www.visit-ulcinj.com\/blog\/2017\/05\/05\/cungu-uspjesan-pocetak-turisticke-sezone-ulcinja\/#webpage","url":"https:\/\/www.visit-ulcinj.com\/blog\/2017\/05\/05\/cungu-uspjesan-pocetak-turisticke-sezone-ulcinja\/","name":"Cungu: Uspje\u0161an po\u010detak turisti\u010dke sezone Ulcinja - Lajme nga Ulqini","isPartOf":{"@id":"https:\/\/www.visit-ulcinj.com\/blog\/#website"},"primaryImageOfPage":{"@id":"https:\/\/www.visit-ulcinj.com\/blog\/2017\/05\/05\/cungu-uspjesan-pocetak-turisticke-sezone-ulcinja\/#primaryimage"},"datePublished":"2017-05-05T22:19:02+00:00","dateModified":"2017-05-05T22:19:02+00:00","author":{"@id":"https:\/\/www.visit-ulcinj.com\/blog\/#\/schema\/person\/dcab619c614d3038751c63bc2aadc06d"},"description":"Na ovaj na\u010din je predsjednik Op\u0161tine Nazif Cungu, ocijenio tradicionalnu manifestaciju \u201eSvi za Turizam\u201c i brojnu posje\u0107enost na\u0161eg grada tokom prvomajskih","breadcrumb":{"@id":"https:\/\/www.visit-ulcinj.com\/blog\/2017\/05\/05\/cungu-uspjesan-pocetak-turisticke-sezone-ulcinja\/#breadcrumb"},"inLanguage":"en-US","potentialAction":[{"@type":"ReadAction","target":["https:\/\/www.visit-ulcinj.com\/blog\/2017\/05\/05\/cungu-uspjesan-pocetak-turisticke-sezone-ulcinja\/"]}]},{"@type":"BreadcrumbList","@id":"https:\/\/www.visit-ulcinj.com\/blog\/2017\/05\/05\/cungu-uspjesan-pocetak-turisticke-sezone-ulcinja\/#breadcrumb","itemListElement":[{"@type":"ListItem","position":1,"name":"Cungu: Uspje\u0161an po\u010detak turisti\u010dke sezone Ulcinja"}]},{"@type":"Person","@id":"https:\/\/www.visit-ulcinj.com\/blog\/#\/schema\/person\/dcab619c614d3038751c63bc2aadc06d","name":"ulqini","sameAs":["http:\/\/www.visit-ulcinj.com"],"url":"https:\/\/www.visit-ulcinj.com\/blog\/author\/admin\/"}]}},"jetpack_featured_media_url":"","jetpack_sharing_enabled":true,"jetpack_shortlink":"https:\/\/wp.me\/pe6lTn-rio","_links":{"self":[{"href":"https:\/\/www.visit-ulcinj.com\/blog\/wp-json\/wp\/v2\/posts\/104928"}],"collection":[{"href":"https:\/\/www.visit-ulcinj.com\/blog\/wp-json\/wp\/v2\/posts"}],"about":[{"href":"https:\/\/www.visit-ulcinj.com\/blog\/wp-json\/wp\/v2\/types\/post"}],"author":[{"embeddable":true,"href":"https:\/\/www.visit-ulcinj.com\/blog\/wp-json\/wp\/v2\/users\/1"}],"replies":[{"embeddable":true,"href":"https:\/\/www.visit-ulcinj.com\/blog\/wp-json\/wp\/v2\/comments?post=104928"}],"version-history":[{"count":1,"href":"https:\/\/www.visit-ulcinj.com\/blog\/wp-json\/wp\/v2\/posts\/104928\/revisions"}],"predecessor-version":[{"id":104930,"href":"https:\/\/www.visit-ulcinj.com\/blog\/wp-json\/wp\/v2\/posts\/104928\/revisions\/104930"}],"wp:attachment":[{"href":"https:\/\/www.visit-ulcinj.com\/blog\/wp-json\/wp\/v2\/media?parent=104928"}],"wp:term":[{"taxonomy":"category","embeddable":true,"href":"https:\/\/www.visit-ulcinj.com\/blog\/wp-json\/wp\/v2\/categories?post=104928"},{"taxonomy":"post_tag","embeddable":true,"href":"https:\/\/www.visit-ulcinj.com\/blog\/wp-json\/wp\/v2\/tags?post=104928"}],"curies":[{"name":"wp","href":"https:\/\/api.w.org\/{rel}","templated":true}]}}