{"id":104948,"date":"2017-05-06T10:48:56","date_gmt":"2017-05-06T09:48:56","guid":{"rendered":"http:\/\/www.visit-ulcinj.com\/blog\/?p=104948"},"modified":"2017-05-11T22:38:52","modified_gmt":"2017-05-11T21:38:52","slug":"h-zeneli-ku-shkojne-ulqinaket-pse-nulqin-nuk-rrine","status":"publish","type":"post","link":"https:\/\/www.visit-ulcinj.com\/blog\/2017\/05\/06\/h-zeneli-ku-shkojne-ulqinaket-pse-nulqin-nuk-rrine\/","title":{"rendered":"H. Zeneli: Ku shkojne ulqinaket pse n&#8217;Ulqin nuk rrin\u00eb?"},"content":{"rendered":"<p><strong><a href=\"http:\/\/www.visit-ulcinj.com\/blog\/wp-content\/uploads\/2017\/05\/Nga-Ulqini-Haxhi-Zeneli.jpg\"><img loading=\"lazy\" class=\"alignleft wp-image-104949\" src=\"http:\/\/www.visit-ulcinj.com\/blog\/wp-content\/uploads\/2017\/05\/Nga-Ulqini-Haxhi-Zeneli.jpg\" alt=\"\" width=\"508\" height=\"337\" srcset=\"https:\/\/www.visit-ulcinj.com\/blog\/wp-content\/uploads\/2017\/05\/Nga-Ulqini-Haxhi-Zeneli.jpg 960w, https:\/\/www.visit-ulcinj.com\/blog\/wp-content\/uploads\/2017\/05\/Nga-Ulqini-Haxhi-Zeneli-300x199.jpg 300w, https:\/\/www.visit-ulcinj.com\/blog\/wp-content\/uploads\/2017\/05\/Nga-Ulqini-Haxhi-Zeneli-768x509.jpg 768w\" sizes=\"(max-width: 508px) 100vw, 508px\" \/><\/a>Nga:Haxhi Zeneli<\/strong><\/p>\n<p style=\"text-align: center;\"><strong>\u00a0\u00a0\u00a0\u00a0 &#8220;KU SHKOJNE ULQINAKET PSE N&#8217;ULQIN NUK RRIN\u00cb&#8221;?<\/strong><\/p>\n<p>&nbsp;<\/p>\n<p><strong><em>-&#8220;Punuat shum\u00eb,m\u00ebsuat dhe na flak\u00ebt&#8221;!.<\/em><\/strong><\/p>\n<p>-K\u00ebto ishin fjal\u00ebt e nj\u00eb italiano\/amerikani,q\u00eb viteve t\u00eb &#8217;90-ta kishte influenc\u00eb t\u00eb madhe n\u00eb bisnesin e qytetit t\u00eb Nju Jorkut,ku rast\u00ebsisht nj\u00ebher\u00eb u takuem n\u00ebp\u00ebr mes t\u00eb nj\u00eb mikut italian.Po sa u njohem,m\u00eb pyety:&#8221;<\/p>\n<p>-A jeni italian&#8221;?<\/p>\n<p>-Ju p\u00ebrgjigja jo!-jam\u00eb Shqiptar,i thash\u00eb.<\/p>\n<p>Pas k\u00ebtyre pyetjeve,ai filloj\u00eb t\u00eb fliste p\u00ebr shqiptar\u00ebt dhe italian\u00ebt,si nj\u00eb popull i ngjajsh\u00ebm,t\u00eb cil\u00ebt kan\u00eb kombinuar shum\u00eb n\u00eb mes veti,dhe se kan\u00eb ambic\u00ebje t\u00eb nj\u00ebjta.Ai vazhdoj\u00eb bised\u00ebn:&#8221;se shqiptar\u00ebt erdh\u00ebn n\u00eb restoranet italiane,punuan shum\u00eb,m\u00ebsuan dhe n\u00eb fund na nxor\u00ebn jasht\u00eb bisnisit t\u00eb restoran\u00ebve&#8221;,e thoshte me shaka.Tashti n\u00eb Nju Jork lirisht mund t\u00eb themi,se nj\u00eb num\u00ebr i konsiderush\u00ebm i restoraneve italiane,manexhohen nga shqiptar\u00ebt,vazhdonte Italiani:sepse ju jeni tani duke mbajtur gjall\u00eb Kuzhin\u00ebn Italiane,dhe ne ju faleminderojm\u00eb p\u00ebr k\u00ebte,sepse f\u00ebmit tan\u00eb nuk duan t\u00eb merren me k\u00ebt\u00eb bisnes m\u00eb&#8221;.N\u00eb t\u00eb v\u00ebrtet\u00eb kishte t\u00eb drejt\u00eb,sepse sot k\u00ebtu,jo vet\u00ebm n\u00eb qytetin e Nju Jorkut, por edhe n\u00eb shum\u00eb vende t\u00eb tjera t\u00eb Shteteve t\u00eb Amerik\u00ebs,shumica e restoraneve manexhohen nga shqiptar\u00ebt,dhe nuk rastis q\u00eb t\u00eb hysh n\u00eb ndonj\u00eb restoran italian q\u00eb mos t\u00eb takosh ndonj\u00eb shqiptar aty.<\/p>\n<p>Dhe nj\u00eb nga k\u00ebto restorane italiane,na kishte r\u00ebn\u00eb n\u00eb sy q\u00eb gjindej n\u00eb periferi t\u00eb Nju Jorkut,gjegj\u00ebsisht n\u00eb Vest\u00e7ester.P\u00ebr k\u00ebt\u00eb restoran m\u00eb kishte folur edhe nj\u00eb shoku i im,se pronar ishte nj\u00eb shqiptar\u00eb,kalali ulqinak,dhe menj\u00ebher\u00eb mu kujtuan fjalet e italianit q\u00eb mi kishte th\u00ebn\u00eb para disa viteve p\u00ebr shqiptar\u00ebt,dhe mendova!,sa shum\u00eb ulqinak jan\u00eb q\u00eb kan\u00eb braktisur Ulqinin?!,p\u00ebr t\u00eb ardhur k\u00ebtu n\u00eb &#8220;tok\u00ebn e premtuar&#8221;.Po p\u00ebrse ata e braktis\u00ebn Ulqinin?.Mu kujtuan vargjet e k\u00ebng\u00ebs:<strong>&#8220;Ku shkojn\u00eb ulqinak\u00ebt,pse n&#8217;Ulqin nuk rrin\u00eb&#8221;<\/strong>!?.Kur\u00eb isha f\u00ebmi,ne q\u00eb vinim nga periferia e k\u00ebti qyteti,mendonim se rinija e k\u00ebti qyteti b\u00ebnte nj\u00eb jet\u00eb luksoze!,si mungonte gj\u00eb!,dhe t\u00eb gjith\u00eb ne,kur\u00eb dilnim jasht\u00eb k\u00ebti qyteti p\u00ebr t\u00eb studijuar diku m\u00eb large,dhe atje ku shkonim,na pyesnin se nga vinim?,dhe kur\u00eb ne ju tregonim,na shihnin me nj\u00eb admirim,por si\u00e7 duket m\u00eb von\u00eb,p\u00ebr neve kjo nuk rezultoj\u00eb t\u00eb ishte e v\u00ebrtet\u00eb,sepse t\u00eb rinj\u00ebve ulqinak ju mungonte di\u00e7ka!.Ata qysh her\u00ebt mor\u00ebn rrug\u00ebt e bot\u00ebs.Baballar\u00ebt e tyre,p\u00ebr ti mbajtur familjet,shkonin n\u00ebp\u00ebrmes t\u00eb detit,kalonin p\u00ebrtej oqeaneve,humb\u00ebshin atje n\u00eb dhena t\u00eb hueja,duke l\u00ebn\u00eb qytetin e tyre t\u00eb vjet\u00ebr prapa shpindes,q\u00eb nuk e shifnin me muaj apo dhe vite.Dhe kur\u00eb i pyesnim ulqinak\u00ebt,p\u00ebrse e braktisnin k\u00ebt\u00eb qytet?,ata p\u00ebrgjigj\u00ebshin duke th\u00ebn se:&#8221;bukurija nuk hahej,nuk ka pun\u00eb k\u00ebtu&#8221;!.K\u00ebto ngjar\u00ebje p\u00ebrshkruheshin me dh\u00ebmbje t\u00eb thell\u00eb nga t\u00eb rinj\u00ebt.Kur\u00eb largoh\u00ebn sikur\u00ebse e vler\u00ebsojn\u00eb m\u00eb shum\u00eb k\u00ebt\u00eb qytet.Ata kur\u00eb tregojn\u00eb p\u00ebr t\u00eb kaluar\u00ebn,se si baballar\u00ebt lundronin me anijet e tyre nga bregdeti ulqinak,ata\u00a0 p\u00ebrshkruajn ngjar\u00ebjet e tyre si n\u00eb udhtimet e Guliverit,q\u00eb dilnin her\u00ebt pa zbardhur drita, nga sht\u00ebpit e tyre mbi kalan ilire mijra vje\u00e7are.Dielli agonte diku larg,kurse n\u00ebnat tona,tregojn\u00eb k\u00ebto burra,v\u00ebshtronin nga dritar\u00ebt e sht\u00ebpive t\u00eb kalas,shikonim anijet duke ikur larg,atje deri sa humbisnin duke \u00e7ar\u00eb ujin n\u00eb detin e hapur,ku rrez\u00ebt e diellit b\u00ebh\u00ebshin m\u00eb t\u00eb forta q\u00eb ndikonin n\u00eb reduktimin e pamjes,q\u00eb anijet po zhdukeshin larg n\u00eb horizont.K\u00ebto anije q\u00eb lundronin n\u00eb detin e hapur p\u00ebr t\u00eb peshkuar,dhe kthehenin p\u00ebrs\u00ebri n\u00eb lima p\u00ebr tu ankeruar,me vete sill\u00ebshin rrjetat me peshk,q\u00eb siguronin dark\u00ebn p\u00ebr familjet e tyre,dhe ndonj\u00eb tepric\u00eb p\u00ebr ta tregtuar,k\u00ebt\u00eb ata b\u00ebnin \u00e7do dit\u00eb,shkonin dhe vinin,ishte pun\u00eb e v\u00ebshtir\u00eb,dhe se i vetmi d\u00ebfrim atje larg diku n\u00eb deti ag\u00ebtoheshin me vallen saterike q\u00eb peshkatar\u00ebt luanin s\u00eb bashku,&#8221;Dum Sharaveli&#8221;.K\u00ebshtu me dhimbje,dhe plot\u00eb nostalgji kujtonin baballaret e tyre dy ulqinaket kalali,q\u00eb takoh\u00ebn \u00e7do nat\u00eb n\u00eb barin e k\u00ebti restorani,por nuk mungojn\u00eb edhe vizitat e ulqinak\u00ebve tjer\u00eb n\u00eb k\u00ebt\u00eb restoran italian,ku bisedat e tyre pothuajse \u00e7do her\u00eb lidh\u00ebn me Ulqinin,p\u00ebr kalan dhe lagj\u00ebt e saja,q\u00eb p\u00ebr fat t\u00eb keq shumica e t\u00eb rinj\u00ebve i kan\u00eb braktisur tashti.Ata tregojn\u00eb se mendjen e kan\u00eb p\u00ebrher\u00eb tek vendi i tyre Ulqini,tek ai vend q\u00eb s&#8217;kishin mund\u00ebsi t\u00eb jetonin aty,t\u00eb pakt\u00ebn ta shijonin arom\u00ebn e detit,q\u00eb dikur ajo arom\u00eb me jodin hynte br\u00ebnda dhom\u00ebs me flladin pranveror,duke i k\u00ebnaqur me gjumin e mengjezit.Tashti ulqinak\u00ebve su ka mbetur gj\u00eb tjet\u00ebr vet\u00ebm t\u00eb jetojn\u00eb me nostalgjin e s\u00eb kaluar\u00ebs.Ata apelojn\u00eb tek t\u00eb rinj\u00ebt,q\u00eb t\u00eb b\u00ebjn\u00eb \u00e7&#8217;mos dhe mos ta l\u00ebshojn vendin e tyre,se sipas tyre nuk ja vlen t\u00eb shkrih\u00ebsh n\u00eb vende t\u00eb hueja,dhe n\u00eb fund t\u00eb fundit,ata t\u00eb cil\u00ebt q\u00ebndrojn\u00eb atje,jan\u00eb fitimtar t\u00eb mdhenj\u00eb.<\/p>\n<p>Dhe kur\u00eb flasim me gastronomet ulqinak,na intereson opinioni i tyre p\u00ebr turizmin atje n\u00eb Ulqin!,se \u00e7far\u00eb mendojn\u00eb?,-ata p\u00ebrgjigjen duke na th\u00ebn se:p\u00ebr ngritjen e turizmit,duhet t\u00eb kemi parasysh,jo vet\u00ebm plazh\u00ebt apo rekreacionet t\u00eb tjera t\u00eb novoj\u00ebshme!,por aty luan nj\u00eb rol me shum\u00eb r\u00ebnd\u00ebsi edhe nj\u00eb\u00a0 kuzhin\u00eb e shum\u00ebllojshme dhe kualitative,p\u00ebrve\u00e7 asaj tradicionales,sepse pushuesit ndoshta duhet edhe ti edukojm\u00eb,me ushqime t\u00eb kuzhinave bot\u00ebrore t\u00eb lloj\u00ebllojsh\u00ebme,pa marr parasysh se shumica jan\u00eb shqiptar\u00eb.Shum\u00eb ulqinak kan\u00eb eksperienc\u00eb t\u00eb pa mohuar n\u00eb fush\u00ebn e gastronomis,ndoshta edhe mund ta ndajn\u00eb k\u00ebt\u00eb eksperienc\u00eb me vendlindjen,p\u00ebr t\u00eb diskutuar mund\u00ebsit\u00eb e bashk\u00ebpunimit.<\/p>\n<p>Pas k\u00ebsaj\u00eb p\u00ebr fund nuk mungoj\u00eb edhe humori ulqinak,q\u00eb vazhdoj\u00eb deri n\u00eb or\u00ebt e vona,pronari ishte shum\u00eb modest,i cili na u lut\u00eb mos ti p\u00ebrmendet emri,k\u00ebshtu q\u00eb me thjesht\u00ebsin dhe bujarin e bashkvendasit tim,m\u00eb b\u00ebri q\u00eb t\u00eb jemi kliet i shpesht\u00eb.Gati harrova t\u00eb p\u00ebrmendi!,se ushqimi dhe sh\u00ebrbimi ishte fenomenal.<\/p>\n<p>&nbsp;<\/p>\n<p>Maj\/2017<\/p>\n<!--YouTube Error: bad URL entered-->\n<p>&nbsp;<\/p>\n","protected":false},"excerpt":{"rendered":"<p>Nga:Haxhi Zeneli \u00a0\u00a0\u00a0\u00a0 &#8220;KU SHKOJNE ULQINAKET PSE N&#8217;ULQIN NUK RRIN\u00cb&#8221;? &nbsp; -&#8220;Punuat shum\u00eb,m\u00ebsuat dhe na flak\u00ebt&#8221;!. -K\u00ebto ishin fjal\u00ebt e nj\u00eb italiano\/amerikani,q\u00eb viteve t\u00eb &#8217;90-ta kishte influenc\u00eb t\u00eb madhe n\u00eb bisnesin e qytetit t\u00eb Nju Jorkut,ku rast\u00ebsisht nj\u00ebher\u00eb u takuem n\u00ebp\u00ebr mes t\u00eb nj\u00eb mikut italian.Po sa u njohem,m\u00eb pyety:&#8221; -A jeni italian&#8221;? -Ju p\u00ebrgjigja [&hellip;]<\/p>\n","protected":false},"author":1,"featured_media":0,"comment_status":"closed","ping_status":"closed","sticky":false,"template":"","format":"standard","meta":{"spay_email":"","jetpack_publicize_message":"","jetpack_is_tweetstorm":false,"jetpack_publicize_feature_enabled":true},"categories":[1,14249],"tags":[],"jetpack_publicize_connections":[],"yoast_head":"<!-- This site is optimized with the Yoast SEO plugin v19.1 - https:\/\/yoast.com\/wordpress\/plugins\/seo\/ -->\n<title>H. Zeneli: Ku shkojne ulqinaket pse n&#039;Ulqin nuk rrin\u00eb? - Lajme nga Ulqini<\/title>\n<meta name=\"description\" content=\"Nga:Haxhi Zeneli \u00a0\u00a0\u00a0\u00a0 &quot;KU SHKOJNE ULQINAKET PSE N&#039;ULQIN NUK RRIN\u00cb&quot;? &nbsp; -&quot;Punuat shum\u00eb,m\u00ebsuat dhe na flak\u00ebt&quot;!. -K\u00ebto ishin fjal\u00ebt e nj\u00eb\" \/>\n<meta name=\"robots\" content=\"index, follow, max-snippet:-1, max-image-preview:large, max-video-preview:-1\" \/>\n<link rel=\"canonical\" href=\"https:\/\/www.visit-ulcinj.com\/blog\/2017\/05\/06\/h-zeneli-ku-shkojne-ulqinaket-pse-nulqin-nuk-rrine\/\" \/>\n<meta property=\"og:locale\" content=\"en_US\" \/>\n<meta property=\"og:type\" content=\"article\" \/>\n<meta property=\"og:title\" content=\"H. Zeneli: Ku shkojne ulqinaket pse n&#039;Ulqin nuk rrin\u00eb? - Lajme nga Ulqini\" \/>\n<meta property=\"og:description\" content=\"Nga:Haxhi Zeneli \u00a0\u00a0\u00a0\u00a0 &quot;KU SHKOJNE ULQINAKET PSE N&#039;ULQIN NUK RRIN\u00cb&quot;? &nbsp; -&quot;Punuat shum\u00eb,m\u00ebsuat dhe na flak\u00ebt&quot;!. -K\u00ebto ishin fjal\u00ebt e nj\u00eb\" \/>\n<meta property=\"og:url\" content=\"https:\/\/www.visit-ulcinj.com\/blog\/2017\/05\/06\/h-zeneli-ku-shkojne-ulqinaket-pse-nulqin-nuk-rrine\/\" \/>\n<meta property=\"og:site_name\" content=\"Lajme nga Ulqini\" \/>\n<meta property=\"article:published_time\" content=\"2017-05-06T09:48:56+00:00\" \/>\n<meta property=\"article:modified_time\" content=\"2017-05-11T21:38:52+00:00\" \/>\n<meta property=\"og:image\" content=\"http:\/\/www.visit-ulcinj.com\/blog\/wp-content\/uploads\/2017\/05\/Nga-Ulqini-Haxhi-Zeneli.jpg\" \/>\n<meta name=\"twitter:label1\" content=\"Written by\" \/>\n\t<meta name=\"twitter:data1\" content=\"ulqini\" \/>\n\t<meta name=\"twitter:label2\" content=\"Est. reading time\" \/>\n\t<meta name=\"twitter:data2\" content=\"6 minutes\" \/>\n<script type=\"application\/ld+json\" class=\"yoast-schema-graph\">{\"@context\":\"https:\/\/schema.org\",\"@graph\":[{\"@type\":\"WebSite\",\"@id\":\"https:\/\/www.visit-ulcinj.com\/blog\/#website\",\"url\":\"https:\/\/www.visit-ulcinj.com\/blog\/\",\"name\":\"Lajme nga Ulqini\",\"description\":\"Lajme,Vijesti,Ulqini,Ulqin,Crna Gora,Mali i Zi\",\"potentialAction\":[{\"@type\":\"SearchAction\",\"target\":{\"@type\":\"EntryPoint\",\"urlTemplate\":\"https:\/\/www.visit-ulcinj.com\/blog\/?s={search_term_string}\"},\"query-input\":\"required name=search_term_string\"}],\"inLanguage\":\"en-US\"},{\"@type\":\"ImageObject\",\"inLanguage\":\"en-US\",\"@id\":\"https:\/\/www.visit-ulcinj.com\/blog\/2017\/05\/06\/h-zeneli-ku-shkojne-ulqinaket-pse-nulqin-nuk-rrine\/#primaryimage\",\"url\":\"https:\/\/www.visit-ulcinj.com\/blog\/wp-content\/uploads\/2017\/05\/Nga-Ulqini-Haxhi-Zeneli.jpg\",\"contentUrl\":\"https:\/\/www.visit-ulcinj.com\/blog\/wp-content\/uploads\/2017\/05\/Nga-Ulqini-Haxhi-Zeneli.jpg\",\"width\":960,\"height\":636},{\"@type\":\"WebPage\",\"@id\":\"https:\/\/www.visit-ulcinj.com\/blog\/2017\/05\/06\/h-zeneli-ku-shkojne-ulqinaket-pse-nulqin-nuk-rrine\/#webpage\",\"url\":\"https:\/\/www.visit-ulcinj.com\/blog\/2017\/05\/06\/h-zeneli-ku-shkojne-ulqinaket-pse-nulqin-nuk-rrine\/\",\"name\":\"H. Zeneli: Ku shkojne ulqinaket pse n'Ulqin nuk rrin\u00eb? - Lajme nga Ulqini\",\"isPartOf\":{\"@id\":\"https:\/\/www.visit-ulcinj.com\/blog\/#website\"},\"primaryImageOfPage\":{\"@id\":\"https:\/\/www.visit-ulcinj.com\/blog\/2017\/05\/06\/h-zeneli-ku-shkojne-ulqinaket-pse-nulqin-nuk-rrine\/#primaryimage\"},\"datePublished\":\"2017-05-06T09:48:56+00:00\",\"dateModified\":\"2017-05-11T21:38:52+00:00\",\"author\":{\"@id\":\"https:\/\/www.visit-ulcinj.com\/blog\/#\/schema\/person\/dcab619c614d3038751c63bc2aadc06d\"},\"description\":\"Nga:Haxhi Zeneli \u00a0\u00a0\u00a0\u00a0 \\\"KU SHKOJNE ULQINAKET PSE N'ULQIN NUK RRIN\u00cb\\\"? &nbsp; -\\\"Punuat shum\u00eb,m\u00ebsuat dhe na flak\u00ebt\\\"!. -K\u00ebto ishin fjal\u00ebt e nj\u00eb\",\"breadcrumb\":{\"@id\":\"https:\/\/www.visit-ulcinj.com\/blog\/2017\/05\/06\/h-zeneli-ku-shkojne-ulqinaket-pse-nulqin-nuk-rrine\/#breadcrumb\"},\"inLanguage\":\"en-US\",\"potentialAction\":[{\"@type\":\"ReadAction\",\"target\":[\"https:\/\/www.visit-ulcinj.com\/blog\/2017\/05\/06\/h-zeneli-ku-shkojne-ulqinaket-pse-nulqin-nuk-rrine\/\"]}]},{\"@type\":\"BreadcrumbList\",\"@id\":\"https:\/\/www.visit-ulcinj.com\/blog\/2017\/05\/06\/h-zeneli-ku-shkojne-ulqinaket-pse-nulqin-nuk-rrine\/#breadcrumb\",\"itemListElement\":[{\"@type\":\"ListItem\",\"position\":1,\"name\":\"H. Zeneli: Ku shkojne ulqinaket pse n&#8217;Ulqin nuk rrin\u00eb?\"}]},{\"@type\":\"Person\",\"@id\":\"https:\/\/www.visit-ulcinj.com\/blog\/#\/schema\/person\/dcab619c614d3038751c63bc2aadc06d\",\"name\":\"ulqini\",\"sameAs\":[\"http:\/\/www.visit-ulcinj.com\"],\"url\":\"https:\/\/www.visit-ulcinj.com\/blog\/author\/admin\/\"}]}<\/script>\n<!-- \/ Yoast SEO plugin. -->","yoast_head_json":{"title":"H. Zeneli: Ku shkojne ulqinaket pse n'Ulqin nuk rrin\u00eb? - Lajme nga Ulqini","description":"Nga:Haxhi Zeneli \u00a0\u00a0\u00a0\u00a0 \"KU SHKOJNE ULQINAKET PSE N'ULQIN NUK RRIN\u00cb\"? &nbsp; -\"Punuat shum\u00eb,m\u00ebsuat dhe na flak\u00ebt\"!. -K\u00ebto ishin fjal\u00ebt e nj\u00eb","robots":{"index":"index","follow":"follow","max-snippet":"max-snippet:-1","max-image-preview":"max-image-preview:large","max-video-preview":"max-video-preview:-1"},"canonical":"https:\/\/www.visit-ulcinj.com\/blog\/2017\/05\/06\/h-zeneli-ku-shkojne-ulqinaket-pse-nulqin-nuk-rrine\/","og_locale":"en_US","og_type":"article","og_title":"H. Zeneli: Ku shkojne ulqinaket pse n'Ulqin nuk rrin\u00eb? - Lajme nga Ulqini","og_description":"Nga:Haxhi Zeneli \u00a0\u00a0\u00a0\u00a0 \"KU SHKOJNE ULQINAKET PSE N'ULQIN NUK RRIN\u00cb\"? &nbsp; -\"Punuat shum\u00eb,m\u00ebsuat dhe na flak\u00ebt\"!. -K\u00ebto ishin fjal\u00ebt e nj\u00eb","og_url":"https:\/\/www.visit-ulcinj.com\/blog\/2017\/05\/06\/h-zeneli-ku-shkojne-ulqinaket-pse-nulqin-nuk-rrine\/","og_site_name":"Lajme nga Ulqini","article_published_time":"2017-05-06T09:48:56+00:00","article_modified_time":"2017-05-11T21:38:52+00:00","og_image":[{"url":"http:\/\/www.visit-ulcinj.com\/blog\/wp-content\/uploads\/2017\/05\/Nga-Ulqini-Haxhi-Zeneli.jpg"}],"twitter_misc":{"Written by":"ulqini","Est. reading time":"6 minutes"},"schema":{"@context":"https:\/\/schema.org","@graph":[{"@type":"WebSite","@id":"https:\/\/www.visit-ulcinj.com\/blog\/#website","url":"https:\/\/www.visit-ulcinj.com\/blog\/","name":"Lajme nga Ulqini","description":"Lajme,Vijesti,Ulqini,Ulqin,Crna Gora,Mali i Zi","potentialAction":[{"@type":"SearchAction","target":{"@type":"EntryPoint","urlTemplate":"https:\/\/www.visit-ulcinj.com\/blog\/?s={search_term_string}"},"query-input":"required name=search_term_string"}],"inLanguage":"en-US"},{"@type":"ImageObject","inLanguage":"en-US","@id":"https:\/\/www.visit-ulcinj.com\/blog\/2017\/05\/06\/h-zeneli-ku-shkojne-ulqinaket-pse-nulqin-nuk-rrine\/#primaryimage","url":"https:\/\/www.visit-ulcinj.com\/blog\/wp-content\/uploads\/2017\/05\/Nga-Ulqini-Haxhi-Zeneli.jpg","contentUrl":"https:\/\/www.visit-ulcinj.com\/blog\/wp-content\/uploads\/2017\/05\/Nga-Ulqini-Haxhi-Zeneli.jpg","width":960,"height":636},{"@type":"WebPage","@id":"https:\/\/www.visit-ulcinj.com\/blog\/2017\/05\/06\/h-zeneli-ku-shkojne-ulqinaket-pse-nulqin-nuk-rrine\/#webpage","url":"https:\/\/www.visit-ulcinj.com\/blog\/2017\/05\/06\/h-zeneli-ku-shkojne-ulqinaket-pse-nulqin-nuk-rrine\/","name":"H. Zeneli: Ku shkojne ulqinaket pse n'Ulqin nuk rrin\u00eb? - Lajme nga Ulqini","isPartOf":{"@id":"https:\/\/www.visit-ulcinj.com\/blog\/#website"},"primaryImageOfPage":{"@id":"https:\/\/www.visit-ulcinj.com\/blog\/2017\/05\/06\/h-zeneli-ku-shkojne-ulqinaket-pse-nulqin-nuk-rrine\/#primaryimage"},"datePublished":"2017-05-06T09:48:56+00:00","dateModified":"2017-05-11T21:38:52+00:00","author":{"@id":"https:\/\/www.visit-ulcinj.com\/blog\/#\/schema\/person\/dcab619c614d3038751c63bc2aadc06d"},"description":"Nga:Haxhi Zeneli \u00a0\u00a0\u00a0\u00a0 \"KU SHKOJNE ULQINAKET PSE N'ULQIN NUK RRIN\u00cb\"? &nbsp; -\"Punuat shum\u00eb,m\u00ebsuat dhe na flak\u00ebt\"!. -K\u00ebto ishin fjal\u00ebt e nj\u00eb","breadcrumb":{"@id":"https:\/\/www.visit-ulcinj.com\/blog\/2017\/05\/06\/h-zeneli-ku-shkojne-ulqinaket-pse-nulqin-nuk-rrine\/#breadcrumb"},"inLanguage":"en-US","potentialAction":[{"@type":"ReadAction","target":["https:\/\/www.visit-ulcinj.com\/blog\/2017\/05\/06\/h-zeneli-ku-shkojne-ulqinaket-pse-nulqin-nuk-rrine\/"]}]},{"@type":"BreadcrumbList","@id":"https:\/\/www.visit-ulcinj.com\/blog\/2017\/05\/06\/h-zeneli-ku-shkojne-ulqinaket-pse-nulqin-nuk-rrine\/#breadcrumb","itemListElement":[{"@type":"ListItem","position":1,"name":"H. Zeneli: Ku shkojne ulqinaket pse n&#8217;Ulqin nuk rrin\u00eb?"}]},{"@type":"Person","@id":"https:\/\/www.visit-ulcinj.com\/blog\/#\/schema\/person\/dcab619c614d3038751c63bc2aadc06d","name":"ulqini","sameAs":["http:\/\/www.visit-ulcinj.com"],"url":"https:\/\/www.visit-ulcinj.com\/blog\/author\/admin\/"}]}},"jetpack_featured_media_url":"","jetpack_sharing_enabled":true,"jetpack_shortlink":"https:\/\/wp.me\/pe6lTn-riI","_links":{"self":[{"href":"https:\/\/www.visit-ulcinj.com\/blog\/wp-json\/wp\/v2\/posts\/104948"}],"collection":[{"href":"https:\/\/www.visit-ulcinj.com\/blog\/wp-json\/wp\/v2\/posts"}],"about":[{"href":"https:\/\/www.visit-ulcinj.com\/blog\/wp-json\/wp\/v2\/types\/post"}],"author":[{"embeddable":true,"href":"https:\/\/www.visit-ulcinj.com\/blog\/wp-json\/wp\/v2\/users\/1"}],"replies":[{"embeddable":true,"href":"https:\/\/www.visit-ulcinj.com\/blog\/wp-json\/wp\/v2\/comments?post=104948"}],"version-history":[{"count":2,"href":"https:\/\/www.visit-ulcinj.com\/blog\/wp-json\/wp\/v2\/posts\/104948\/revisions"}],"predecessor-version":[{"id":104951,"href":"https:\/\/www.visit-ulcinj.com\/blog\/wp-json\/wp\/v2\/posts\/104948\/revisions\/104951"}],"wp:attachment":[{"href":"https:\/\/www.visit-ulcinj.com\/blog\/wp-json\/wp\/v2\/media?parent=104948"}],"wp:term":[{"taxonomy":"category","embeddable":true,"href":"https:\/\/www.visit-ulcinj.com\/blog\/wp-json\/wp\/v2\/categories?post=104948"},{"taxonomy":"post_tag","embeddable":true,"href":"https:\/\/www.visit-ulcinj.com\/blog\/wp-json\/wp\/v2\/tags?post=104948"}],"curies":[{"name":"wp","href":"https:\/\/api.w.org\/{rel}","templated":true}]}}