{"id":104955,"date":"2017-05-07T08:51:24","date_gmt":"2017-05-07T07:51:24","guid":{"rendered":"http:\/\/www.visit-ulcinj.com\/blog\/?p=104955"},"modified":"2017-05-07T14:09:04","modified_gmt":"2017-05-07T13:09:04","slug":"zeneli-demarkacion-apo-zgjerim-territorial-radhes-per-malin-e-zi","status":"publish","type":"post","link":"https:\/\/www.visit-ulcinj.com\/blog\/2017\/05\/07\/zeneli-demarkacion-apo-zgjerim-territorial-radhes-per-malin-e-zi\/","title":{"rendered":"Zeneli: Demarkacion apo zgjerim territorial i radh\u00ebs p\u00ebr Malin e Zi ?"},"content":{"rendered":"<p class=\"m_-5194836852019368388p3\"><span class=\"m_-5194836852019368388s2\"><a href=\"http:\/\/www.visit-ulcinj.com\/blog\/wp-content\/uploads\/2011\/12\/Xheladin-Zeneli.jpg\"><img loading=\"lazy\" class=\"alignleft wp-image-54655 size-medium\" src=\"http:\/\/www.visit-ulcinj.com\/blog\/wp-content\/uploads\/2011\/12\/Xheladin-Zeneli-225x300.jpg\" alt=\"\" width=\"225\" height=\"300\" srcset=\"https:\/\/www.visit-ulcinj.com\/blog\/wp-content\/uploads\/2011\/12\/Xheladin-Zeneli-225x300.jpg 225w, https:\/\/www.visit-ulcinj.com\/blog\/wp-content\/uploads\/2011\/12\/Xheladin-Zeneli.jpg 540w\" sizes=\"(max-width: 225px) 100vw, 225px\" \/><\/a>Edhe vet\u00eb historian\u00ebt malazez<span class=\"m_-5194836852019368388Apple-converted-space\">\u00a0 <\/span>e pranojn\u00eb faktin se pa ndihm\u00ebn e Fuqive t\u00eb M\u00ebdha t\u00eb koh\u00ebs, n\u00eb fund t\u00eb shekullit 19-t\u00eb, Mali i Zi sot do t\u00eb ishte gjith\u00ebnj\u00eb nj\u00eb vend me madh\u00ebsin\u00eb e nj\u00eb principate, pra me nj\u00eb sip\u00ebrfaqe dy her\u00eb m\u00eb t\u00eb vog\u00ebl se sa sot.<\/span><span class=\"m_-5194836852019368388s1\"> Territori i Malit t\u00eb Zi para Kongresit t\u00eb Berlinit n\u00eb vitin 1878 kishte<span class=\"m_-5194836852019368388Apple-converted-space\">\u00a0 <\/span>4,405 km\u00b2 kurse pas Kongresit 9,475 km\u00b2 duke p\u00ebrfshir\u00eb edhe daljen n\u00eb det t\u00eb tij. Pjesa d\u00ebrmuese e ekspanzionit territorial t\u00eb Malit t\u00eb Zi u arrit kryesisht n\u00eb d\u00ebm t\u00eb territoreve shqiptare.<span class=\"m_-5194836852019368388Apple-converted-space\">\u00a0<\/span><\/span><\/p>\n<p class=\"m_-5194836852019368388p3\"><span class=\"m_-5194836852019368388s1\"><span class=\"m_-5194836852019368388Apple-converted-space\">\u00a0\u00a0 <\/span>\u00cbsht\u00eb shum\u00eb interesant se edhe pas 139 viteve t\u00eb Kongresit s\u00eb Berlinit, vendimet e s\u00eb cilit dyfyshuan territorin e Malit t\u00eb Zi, duket sikur ambicijet territorriale t\u00eb k\u00ebtij shteti po dalin n\u00eb sip\u00ebrfaqe p\u00ebrs\u00ebri, tani n\u00eb form\u00ebn e t\u00eb ashtuquajturit demarkacion t\u00eb kufirit me shtetet fqinje t\u00eb saj. K\u00ebto ambicije v\u00ebrehen posa\u00e7\u00ebrisht me rastin<span class=\"m_-5194836852019368388Apple-converted-space\">\u00a0 <\/span>e p\u00ebrcaktimit t\u00eb kufirit me Kosov\u00ebn, ku Mali i Zi k\u00ebrkon q\u00eb t\u00eb d\u00ebp\u00ebrtoj 8 kilometra brenda kufirit t\u00eb Kosov\u00ebs dhe t\u00eb p\u00ebrvet\u00ebsoj rreth 8000 hektar\u00eb t\u00eb territorit t\u00eb saj.<\/span><\/p>\n<p class=\"m_-5194836852019368388p3\"><span class=\"m_-5194836852019368388s1\">Mu p\u00ebr k\u00ebte arsy \u00e7\u00ebshtja e p\u00ebrcaktimit t\u00eb kufirit, e njohur si Marr\u00ebveshja e demarkacionit n\u00eb mes Malit t\u00eb Zi dhe Kosov\u00ebs, ka hasur n\u00eb reagim t\u00eb ashp\u00ebr t\u00eb opinionit t\u00eb gj\u00ebr\u00eb shqiptar dhe ende nuk \u00ebsht\u00eb ratifikuar nga Kuvendi i Kosov\u00ebs p\u00ebr shkak t\u00eb kund\u00ebrshtimit t\u00eb partive opozitare dhe munges\u00ebs s\u00eb votave t\u00eb mjaftueshme. Bashkimi<span class=\"m_-5194836852019368388Apple-converted-space\">\u00a0 <\/span>Europian \u00ebsht\u00eb duke b\u00ebr\u00eb presion ndaj<span class=\"m_-5194836852019368388Apple-converted-space\">\u00a0 <\/span>Qeveris\u00eb<span class=\"m_-5194836852019368388Apple-converted-space\">\u00a0 <\/span>s\u00eb Kosov\u00ebs p\u00ebr ratifikimin e Marr\u00ebveshjes s\u00eb demarkacionit me Malin e Zi si kusht p\u00ebr liberalizimin e vizave ndaj qytetar\u00ebve t\u00eb Kosov\u00ebs (!?).<\/span><\/p>\n<p class=\"m_-5194836852019368388p3\"><span class=\"m_-5194836852019368388s1\"><span class=\"m_-5194836852019368388Apple-converted-space\">\u00a0\u00a0 \u00a0 \u00a0 <\/span>Mendoj se BE do t\u00eb duhej t\u00eb sillet n\u00eb m\u00ebnyr\u00eb t\u00eb paan\u00ebshme ( neutrale) me rastin e \u00e7\u00ebshtjeve t\u00eb hapaura kufitare n\u00eb mes dy vendeve, s\u00eb paku do t\u00eb duhej q\u00eb mos t&#8217;i vendoste kushte nj\u00ebr\u00ebs pal\u00eb, n\u00eb k\u00ebt\u00eb rast Kosov\u00ebs, por t\u00eb rekomandoj rrug\u00ebn dhe mund\u00ebsin\u00eb e zgjidhjes s\u00eb problemit qoft ajo edhe p\u00ebrmes <span class=\"m_-5194836852019368388Apple-converted-space\">\u00a0 <\/span>procesit legal si\u00e7 \u00ebsht\u00eb arbitrazhi nd\u00ebrkomb\u00ebtar.<\/span><\/p>\n<p class=\"m_-5194836852019368388p2\"><span class=\"m_-5194836852019368388s1\"><span class=\"m_-5194836852019368388Apple-converted-space\">\u00a0 \u00a0 <\/span>Mali i Zi nuk ka pretentime kufitare, vet\u00ebm ndaj Kosov\u00ebs, por edhe ndaj dy shteteve t\u00eb tjera fqinj\u00eb, Kroacis\u00eb dhe Bosnj\u00ebs e Hercegovin\u00ebs dhe mundohet q\u00eb t\u00eb me \u00e7do kusht \u00e7\u00ebshtjet e<span class=\"m_-5194836852019368388Apple-converted-space\">\u00a0 <\/span>kontestuara t\u00eb kufirit ti zgjidh n\u00eb favorin e vet, pra duke p\u00ebrfituar territor. Derisa me Bosnj\u00ebn dhe Hercegovin\u00ebn , ia ka arritur q\u00ebllimit, duket sikur me Kroacin\u00eb do ta ken\u00eb pak si v\u00ebshtir\u00eb duke pasur parasysh se Kroacia nuk l\u00ebshon pe edhe aq leht\u00eb kur \u00ebsht\u00eb \u00e7\u00ebshtja p\u00ebr territorin e saj.<\/span><\/p>\n<p class=\"m_-5194836852019368388p3\"><span class=\"m_-5194836852019368388s2\"><span class=\"m_-5194836852019368388Apple-converted-space\">\u00a0\u00a0 \u00a0 \u00a0 <\/span>Me Bosnj\u00ebn dhe Hercegovin\u00ebn,vendi<span class=\"m_-5194836852019368388Apple-converted-space\">\u00a0 <\/span>kontestues \u00ebsht\u00eb Sutorina, i cili ka dalje n\u00eb det,p\u00ebrkat\u00ebsisht n\u00eb Bok\u00ebn e Kotorrit dhe ka nj\u00eb sip\u00ebrfaqe prej 84,000 metra katror\u00eb . <\/span><span class=\"m_-5194836852019368388s1\">Q\u00eb nga Kongresi i Berlinit i vitit 1878 e deri pas Luft\u00ebs s\u00eb Dyt\u00eb Bot\u00ebrore , konkretisht deri n\u00eb vitin 1947, territori<span class=\"m_-5194836852019368388Apple-converted-space\">\u00a0 <\/span>i Sutorin\u00ebs ishte pjes\u00eb e BH e cila gjat\u00eb asaj periudhe ishte pjes\u00eb e Austro-Hungaris\u00eb dhe Jugosllavis\u00eb s\u00eb par\u00eb, kurse u b\u00eb pjes\u00eb e RS t\u00eb<span class=\"m_-5194836852019368388Apple-converted-space\">\u00a0 <\/span>Malit t\u00eb Zi me formimin e Jugosllavis\u00eb s\u00eb dyt\u00eb.Pas shp\u00ebrb\u00ebrjes s\u00eb Jugosllavis\u00eb n\u00eb fillim t\u00eb viteteve&#8217;90-ta, Suturina kalon n\u00ebn kontrollin e Malit t\u00eb Zi.<\/span><span class=\"m_-5194836852019368388s2\">Shum\u00eb intelektual dhe disa zyrtar\u00eb t\u00eb Bosnj\u00ebs<span class=\"m_-5194836852019368388Apple-converted-space\">\u00a0 <\/span>jan\u00eb t\u00eb mendimit se<span class=\"m_-5194836852019368388Apple-converted-space\">\u00a0 <\/span>Sutorina \u00ebsht\u00eb grabitur ilegalisht nga Mali i Zi n\u00eb vitin 1945.<\/span><\/p>\n<p class=\"m_-5194836852019368388p3\"><span class=\"m_-5194836852019368388s1\"><span class=\"m_-5194836852019368388Apple-converted-space\">\u00a0\u00a0 \u00a0 <\/span>Edhe p\u00ebrkud\u00ebr k\u00ebsaj, me 26 Gusht t\u00eb vitit 2015,<span class=\"m_-5194836852019368388Apple-converted-space\">\u00a0 <\/span>dy qeverit\u00eb e vendeve p\u00ebrkat\u00ebse n\u00ebnshkruan marr\u00ebveshjen e kufirit n\u00eb Vien\u00eb ,<span class=\"m_-5194836852019368388Apple-converted-space\">\u00a0 <\/span>e cila i jep soverenitetin Malit t\u00eb Zi mbi Sutorin\u00ebn, dhe n\u00eb k\u00ebt\u00eb m\u00ebnyr\u00eb<span class=\"m_-5194836852019368388Apple-converted-space\">\u00a0 <\/span>Mali i Zi u zgjerua edhe p\u00ebr 84,000 metra katror\u00eb.<\/span><\/p>\n<p class=\"m_-5194836852019368388p2\"><span class=\"m_-5194836852019368388s1\"><span class=\"m_-5194836852019368388Apple-converted-space\">\u00a0\u00a0 \u00a0 <\/span>Kurse me Kroacin\u00eb , vendi kontestues \u00ebsht\u00eb nj\u00eb siujdhes\u00eb me emrin Prevlaka, i cili ishte<span class=\"m_-5194836852019368388Apple-converted-space\">\u00a0 <\/span>territor i Kroacis\u00eb kur ky shtet ishte republik\u00eb<span class=\"m_-5194836852019368388Apple-converted-space\">\u00a0 <\/span>e Jugosllavis\u00eb, mirpo gjat\u00eb luft\u00ebs s\u00eb fundit t\u00eb viteve &#8217;90-ta, ky vend u b\u00eb objekt shk\u00ebmbimi territoresh n\u00eb mes Kroacis\u00eb dhe Federat\u00ebs s\u00eb Serbis\u00eb dhe Malit t\u00eb Zi. Pas \u00e7lirimit t\u00eb jugut t\u00eb Kroacis\u00eb, n\u00eb Prevlak\u00eb<span class=\"m_-5194836852019368388Apple-converted-space\">\u00a0 <\/span>u vendos\u00ebn misioni i Kombeve t\u00eb Bashkuara i cili u largua n\u00eb vitin 2002 kur u arrit Protokolli p\u00ebr pushtet t\u00eb p\u00ebrkohsh\u00ebm t\u00eb kufirit i cili \u00ebsht\u00eb n\u00eb fuqi edhe sot. Pas ndarjes s\u00eb Malit t\u00eb Zi nga Serbia dhe shpallja e pavar\u00ebsis\u00eb s\u00eb tij, Kroacia insiston n\u00eb kthimin e k\u00ebtij territori dhe q\u00eb nga viti 2006 egziston nj\u00eb Marr\u00ebveshje e p\u00ebrkohshme n\u00eb fuqi. N\u00eb nd\u00ebrkoh\u00eb te dy pal\u00ebt p\u00ebrgatiten q\u00eb \u00e7\u00ebshtja e vendit kufitar t\u00eb Prevlak\u00ebs t\u00eb zgjidhet p\u00ebrmes Gjykat\u00ebs Nd\u00ebrkomb\u00ebtare t\u00eb Drejt\u00ebsis\u00eb n\u00eb Hag\u00eb.<\/span><\/p>\n<p class=\"m_-5194836852019368388p1\"><span class=\"m_-5194836852019368388s1\"><span class=\"m_-5194836852019368388Apple-converted-space\">\u00a0 \u00a0<\/span><\/span><\/p>\n<p class=\"m_-5194836852019368388p3\"><span class=\"m_-5194836852019368388s1\"><span class=\"m_-5194836852019368388Apple-converted-space\">\u00a0\u00a0 \u00a0 <\/span>N\u00ebse vjen<span class=\"m_-5194836852019368388Apple-converted-space\">\u00a0 <\/span>deri te realizimi i vij\u00ebs kufitare me Kosov\u00ebn, sipas Marr\u00ebveshjes<span class=\"m_-5194836852019368388Apple-converted-space\">\u00a0 <\/span>aktuale t\u00eb demarkacionit, at\u00ebher\u00eb Mali i Zi do t\u00eb zgjerohet edhe p\u00ebr 82 km katror\u00eb t\u00eb tjer\u00eb, dhe k\u00ebt\u00eb do t&#8217;a arrij\u00eb n\u00eb d\u00ebm t\u00eb Kosov\u00ebs. Mali i Zi arsyetohet me vendosjen e vij\u00ebs kufitare t\u00eb vitit 1974, dhe harron se at\u00ebher\u00eb<span class=\"m_-5194836852019368388Apple-converted-space\">\u00a0 <\/span>kufijt\u00eb u diktuan nga Beogradi i RFS t\u00eb Jugosllavis\u00eb dhe q\u00eb Kosova, si krahin\u00eb autonome e saj, nuk \u00ebsht\u00eb pyetur fare p\u00ebr<span class=\"m_-5194836852019368388Apple-converted-space\">\u00a0 <\/span>\u00e7\u00ebshtjen e kufij\u00ebve t\u00eb saj.<\/span><\/p>\n<p class=\"m_-5194836852019368388p3\"><span class=\"m_-5194836852019368388s1\"><span class=\"m_-5194836852019368388Apple-converted-space\">\u00a0\u00a0 \u00a0 <\/span>Si n\u00eb rastin e Bosnj\u00ebs e Hercegovin\u00ebs, Kroacis\u00eb ashtu edhe me Kosov\u00ebn, Mali i Zi po tenton q\u00eb procesin e demarkacionit t\u00eb kufirit , t&#8217;a p\u00ebrdor\u00eb p\u00ebr arritjen e aspirat\u00ebs s\u00eb zgjerimit t\u00eb m\u00ebtejsh\u00ebm t\u00eb territorit t\u00eb vet n\u00eb d\u00ebm t\u00eb shteteve fqinj t\u00eb tij.<\/span><\/p>\n<p class=\"m_-5194836852019368388p4\"><span class=\"m_-5194836852019368388s1\"><span class=\"m_-5194836852019368388Apple-converted-space\">\u00a0<\/span><\/span><\/p>\n<p class=\"m_-5194836852019368388p3\"><span class=\"m_-5194836852019368388s1\"><span class=\"m_-5194836852019368388Apple-converted-space\">\u00a0\u00a0 \u00a0 \u00a0 <\/span>Nj\u00ebkoh\u00ebsisht, \u00ebsht\u00eb p\u00ebr t&#8217;u brengosur sjellja dhe veprimi i tanish\u00ebm i Bashkimit Europian i cili duke favorizuar zgjerimin territorial t\u00eb Malit t\u00eb Zi, n&#8217;a p\u00ebrkujton n\u00eb veprimet e Fuqive t\u00eb M\u00ebdha n\u00eb fund t\u00eb shekullit 19-t\u00eb , kur<span class=\"m_-5194836852019368388Apple-converted-space\">\u00a0 <\/span>ky shtet ( pra, Mali i Zi ), fal\u00eb vendimeve t\u00eb tyre<span class=\"m_-5194836852019368388Apple-converted-space\">\u00a0 <\/span>p\u00ebrjetoj nj\u00eb nd\u00ebr ekspanzionet m\u00eb t\u00eb m\u00ebdha territoriale si asnj\u00eb shtet tjet\u00ebr i Ballkanit.<\/span><\/p>\n<p class=\"m_-5194836852019368388p3\"><strong><span class=\"m_-5194836852019368388s1\">Xheladin Zeneli<\/span><\/strong><\/p>\n<p class=\"m_-5194836852019368388p3\"><strong><span class=\"m_-5194836852019368388s1\">7 Maj 2017<\/span><\/strong><\/p>\n","protected":false},"excerpt":{"rendered":"<p>Edhe vet\u00eb historian\u00ebt malazez\u00a0 e pranojn\u00eb faktin se pa ndihm\u00ebn e Fuqive t\u00eb M\u00ebdha t\u00eb koh\u00ebs, n\u00eb fund t\u00eb shekullit 19-t\u00eb, Mali i Zi sot do t\u00eb ishte gjith\u00ebnj\u00eb nj\u00eb vend me madh\u00ebsin\u00eb e nj\u00eb principate, pra me nj\u00eb sip\u00ebrfaqe dy her\u00eb m\u00eb t\u00eb vog\u00ebl se sa sot. Territori i Malit t\u00eb Zi para Kongresit [&hellip;]<\/p>\n","protected":false},"author":1,"featured_media":0,"comment_status":"closed","ping_status":"closed","sticky":false,"template":"","format":"standard","meta":{"spay_email":"","jetpack_publicize_message":"","jetpack_is_tweetstorm":false,"jetpack_publicize_feature_enabled":true},"categories":[7],"tags":[],"jetpack_publicize_connections":[],"yoast_head":"<!-- This site is optimized with the Yoast SEO plugin v19.1 - https:\/\/yoast.com\/wordpress\/plugins\/seo\/ -->\n<title>Zeneli: Demarkacion apo zgjerim territorial i radh\u00ebs p\u00ebr Malin e Zi ? - Lajme nga Ulqini<\/title>\n<meta name=\"description\" content=\"Edhe vet\u00eb historian\u00ebt malazez\u00a0 e pranojn\u00eb faktin se pa ndihm\u00ebn e Fuqive t\u00eb M\u00ebdha t\u00eb koh\u00ebs, n\u00eb fund t\u00eb shekullit 19-t\u00eb, Mali i Zi sot do t\u00eb ishte gjith\u00ebnj\u00eb\" \/>\n<meta name=\"robots\" content=\"index, follow, max-snippet:-1, max-image-preview:large, max-video-preview:-1\" \/>\n<link rel=\"canonical\" href=\"https:\/\/www.visit-ulcinj.com\/blog\/2017\/05\/07\/zeneli-demarkacion-apo-zgjerim-territorial-radhes-per-malin-e-zi\/\" \/>\n<meta property=\"og:locale\" content=\"en_US\" \/>\n<meta property=\"og:type\" content=\"article\" \/>\n<meta property=\"og:title\" content=\"Zeneli: Demarkacion apo zgjerim territorial i radh\u00ebs p\u00ebr Malin e Zi ? - Lajme nga Ulqini\" \/>\n<meta property=\"og:description\" content=\"Edhe vet\u00eb historian\u00ebt malazez\u00a0 e pranojn\u00eb faktin se pa ndihm\u00ebn e Fuqive t\u00eb M\u00ebdha t\u00eb koh\u00ebs, n\u00eb fund t\u00eb shekullit 19-t\u00eb, Mali i Zi sot do t\u00eb ishte gjith\u00ebnj\u00eb\" \/>\n<meta property=\"og:url\" content=\"https:\/\/www.visit-ulcinj.com\/blog\/2017\/05\/07\/zeneli-demarkacion-apo-zgjerim-territorial-radhes-per-malin-e-zi\/\" \/>\n<meta property=\"og:site_name\" content=\"Lajme nga Ulqini\" \/>\n<meta property=\"article:published_time\" content=\"2017-05-07T07:51:24+00:00\" \/>\n<meta property=\"article:modified_time\" content=\"2017-05-07T13:09:04+00:00\" \/>\n<meta property=\"og:image\" content=\"http:\/\/www.visit-ulcinj.com\/blog\/wp-content\/uploads\/2011\/12\/Xheladin-Zeneli-225x300.jpg\" \/>\n<meta name=\"twitter:label1\" content=\"Written by\" \/>\n\t<meta name=\"twitter:data1\" content=\"ulqini\" \/>\n\t<meta name=\"twitter:label2\" content=\"Est. reading time\" \/>\n\t<meta name=\"twitter:data2\" content=\"5 minutes\" \/>\n<script type=\"application\/ld+json\" class=\"yoast-schema-graph\">{\"@context\":\"https:\/\/schema.org\",\"@graph\":[{\"@type\":\"WebSite\",\"@id\":\"https:\/\/www.visit-ulcinj.com\/blog\/#website\",\"url\":\"https:\/\/www.visit-ulcinj.com\/blog\/\",\"name\":\"Lajme nga Ulqini\",\"description\":\"Lajme,Vijesti,Ulqini,Ulqin,Crna Gora,Mali i Zi\",\"potentialAction\":[{\"@type\":\"SearchAction\",\"target\":{\"@type\":\"EntryPoint\",\"urlTemplate\":\"https:\/\/www.visit-ulcinj.com\/blog\/?s={search_term_string}\"},\"query-input\":\"required name=search_term_string\"}],\"inLanguage\":\"en-US\"},{\"@type\":\"ImageObject\",\"inLanguage\":\"en-US\",\"@id\":\"https:\/\/www.visit-ulcinj.com\/blog\/2017\/05\/07\/zeneli-demarkacion-apo-zgjerim-territorial-radhes-per-malin-e-zi\/#primaryimage\",\"url\":\"https:\/\/www.visit-ulcinj.com\/blog\/wp-content\/uploads\/2011\/12\/Xheladin-Zeneli.jpg\",\"contentUrl\":\"https:\/\/www.visit-ulcinj.com\/blog\/wp-content\/uploads\/2011\/12\/Xheladin-Zeneli.jpg\",\"width\":\"540\",\"height\":\"720\"},{\"@type\":\"WebPage\",\"@id\":\"https:\/\/www.visit-ulcinj.com\/blog\/2017\/05\/07\/zeneli-demarkacion-apo-zgjerim-territorial-radhes-per-malin-e-zi\/#webpage\",\"url\":\"https:\/\/www.visit-ulcinj.com\/blog\/2017\/05\/07\/zeneli-demarkacion-apo-zgjerim-territorial-radhes-per-malin-e-zi\/\",\"name\":\"Zeneli: Demarkacion apo zgjerim territorial i radh\u00ebs p\u00ebr Malin e Zi ? - Lajme nga Ulqini\",\"isPartOf\":{\"@id\":\"https:\/\/www.visit-ulcinj.com\/blog\/#website\"},\"primaryImageOfPage\":{\"@id\":\"https:\/\/www.visit-ulcinj.com\/blog\/2017\/05\/07\/zeneli-demarkacion-apo-zgjerim-territorial-radhes-per-malin-e-zi\/#primaryimage\"},\"datePublished\":\"2017-05-07T07:51:24+00:00\",\"dateModified\":\"2017-05-07T13:09:04+00:00\",\"author\":{\"@id\":\"https:\/\/www.visit-ulcinj.com\/blog\/#\/schema\/person\/dcab619c614d3038751c63bc2aadc06d\"},\"description\":\"Edhe vet\u00eb historian\u00ebt malazez\u00a0 e pranojn\u00eb faktin se pa ndihm\u00ebn e Fuqive t\u00eb M\u00ebdha t\u00eb koh\u00ebs, n\u00eb fund t\u00eb shekullit 19-t\u00eb, Mali i Zi sot do t\u00eb ishte gjith\u00ebnj\u00eb\",\"breadcrumb\":{\"@id\":\"https:\/\/www.visit-ulcinj.com\/blog\/2017\/05\/07\/zeneli-demarkacion-apo-zgjerim-territorial-radhes-per-malin-e-zi\/#breadcrumb\"},\"inLanguage\":\"en-US\",\"potentialAction\":[{\"@type\":\"ReadAction\",\"target\":[\"https:\/\/www.visit-ulcinj.com\/blog\/2017\/05\/07\/zeneli-demarkacion-apo-zgjerim-territorial-radhes-per-malin-e-zi\/\"]}]},{\"@type\":\"BreadcrumbList\",\"@id\":\"https:\/\/www.visit-ulcinj.com\/blog\/2017\/05\/07\/zeneli-demarkacion-apo-zgjerim-territorial-radhes-per-malin-e-zi\/#breadcrumb\",\"itemListElement\":[{\"@type\":\"ListItem\",\"position\":1,\"name\":\"Zeneli: Demarkacion apo zgjerim territorial i radh\u00ebs p\u00ebr Malin e Zi ?\"}]},{\"@type\":\"Person\",\"@id\":\"https:\/\/www.visit-ulcinj.com\/blog\/#\/schema\/person\/dcab619c614d3038751c63bc2aadc06d\",\"name\":\"ulqini\",\"sameAs\":[\"http:\/\/www.visit-ulcinj.com\"],\"url\":\"https:\/\/www.visit-ulcinj.com\/blog\/author\/admin\/\"}]}<\/script>\n<!-- \/ Yoast SEO plugin. -->","yoast_head_json":{"title":"Zeneli: Demarkacion apo zgjerim territorial i radh\u00ebs p\u00ebr Malin e Zi ? - Lajme nga Ulqini","description":"Edhe vet\u00eb historian\u00ebt malazez\u00a0 e pranojn\u00eb faktin se pa ndihm\u00ebn e Fuqive t\u00eb M\u00ebdha t\u00eb koh\u00ebs, n\u00eb fund t\u00eb shekullit 19-t\u00eb, Mali i Zi sot do t\u00eb ishte gjith\u00ebnj\u00eb","robots":{"index":"index","follow":"follow","max-snippet":"max-snippet:-1","max-image-preview":"max-image-preview:large","max-video-preview":"max-video-preview:-1"},"canonical":"https:\/\/www.visit-ulcinj.com\/blog\/2017\/05\/07\/zeneli-demarkacion-apo-zgjerim-territorial-radhes-per-malin-e-zi\/","og_locale":"en_US","og_type":"article","og_title":"Zeneli: Demarkacion apo zgjerim territorial i radh\u00ebs p\u00ebr Malin e Zi ? - Lajme nga Ulqini","og_description":"Edhe vet\u00eb historian\u00ebt malazez\u00a0 e pranojn\u00eb faktin se pa ndihm\u00ebn e Fuqive t\u00eb M\u00ebdha t\u00eb koh\u00ebs, n\u00eb fund t\u00eb shekullit 19-t\u00eb, Mali i Zi sot do t\u00eb ishte gjith\u00ebnj\u00eb","og_url":"https:\/\/www.visit-ulcinj.com\/blog\/2017\/05\/07\/zeneli-demarkacion-apo-zgjerim-territorial-radhes-per-malin-e-zi\/","og_site_name":"Lajme nga Ulqini","article_published_time":"2017-05-07T07:51:24+00:00","article_modified_time":"2017-05-07T13:09:04+00:00","og_image":[{"url":"http:\/\/www.visit-ulcinj.com\/blog\/wp-content\/uploads\/2011\/12\/Xheladin-Zeneli-225x300.jpg"}],"twitter_misc":{"Written by":"ulqini","Est. reading time":"5 minutes"},"schema":{"@context":"https:\/\/schema.org","@graph":[{"@type":"WebSite","@id":"https:\/\/www.visit-ulcinj.com\/blog\/#website","url":"https:\/\/www.visit-ulcinj.com\/blog\/","name":"Lajme nga Ulqini","description":"Lajme,Vijesti,Ulqini,Ulqin,Crna Gora,Mali i Zi","potentialAction":[{"@type":"SearchAction","target":{"@type":"EntryPoint","urlTemplate":"https:\/\/www.visit-ulcinj.com\/blog\/?s={search_term_string}"},"query-input":"required name=search_term_string"}],"inLanguage":"en-US"},{"@type":"ImageObject","inLanguage":"en-US","@id":"https:\/\/www.visit-ulcinj.com\/blog\/2017\/05\/07\/zeneli-demarkacion-apo-zgjerim-territorial-radhes-per-malin-e-zi\/#primaryimage","url":"https:\/\/www.visit-ulcinj.com\/blog\/wp-content\/uploads\/2011\/12\/Xheladin-Zeneli.jpg","contentUrl":"https:\/\/www.visit-ulcinj.com\/blog\/wp-content\/uploads\/2011\/12\/Xheladin-Zeneli.jpg","width":"540","height":"720"},{"@type":"WebPage","@id":"https:\/\/www.visit-ulcinj.com\/blog\/2017\/05\/07\/zeneli-demarkacion-apo-zgjerim-territorial-radhes-per-malin-e-zi\/#webpage","url":"https:\/\/www.visit-ulcinj.com\/blog\/2017\/05\/07\/zeneli-demarkacion-apo-zgjerim-territorial-radhes-per-malin-e-zi\/","name":"Zeneli: Demarkacion apo zgjerim territorial i radh\u00ebs p\u00ebr Malin e Zi ? - Lajme nga Ulqini","isPartOf":{"@id":"https:\/\/www.visit-ulcinj.com\/blog\/#website"},"primaryImageOfPage":{"@id":"https:\/\/www.visit-ulcinj.com\/blog\/2017\/05\/07\/zeneli-demarkacion-apo-zgjerim-territorial-radhes-per-malin-e-zi\/#primaryimage"},"datePublished":"2017-05-07T07:51:24+00:00","dateModified":"2017-05-07T13:09:04+00:00","author":{"@id":"https:\/\/www.visit-ulcinj.com\/blog\/#\/schema\/person\/dcab619c614d3038751c63bc2aadc06d"},"description":"Edhe vet\u00eb historian\u00ebt malazez\u00a0 e pranojn\u00eb faktin se pa ndihm\u00ebn e Fuqive t\u00eb M\u00ebdha t\u00eb koh\u00ebs, n\u00eb fund t\u00eb shekullit 19-t\u00eb, Mali i Zi sot do t\u00eb ishte gjith\u00ebnj\u00eb","breadcrumb":{"@id":"https:\/\/www.visit-ulcinj.com\/blog\/2017\/05\/07\/zeneli-demarkacion-apo-zgjerim-territorial-radhes-per-malin-e-zi\/#breadcrumb"},"inLanguage":"en-US","potentialAction":[{"@type":"ReadAction","target":["https:\/\/www.visit-ulcinj.com\/blog\/2017\/05\/07\/zeneli-demarkacion-apo-zgjerim-territorial-radhes-per-malin-e-zi\/"]}]},{"@type":"BreadcrumbList","@id":"https:\/\/www.visit-ulcinj.com\/blog\/2017\/05\/07\/zeneli-demarkacion-apo-zgjerim-territorial-radhes-per-malin-e-zi\/#breadcrumb","itemListElement":[{"@type":"ListItem","position":1,"name":"Zeneli: Demarkacion apo zgjerim territorial i radh\u00ebs p\u00ebr Malin e Zi ?"}]},{"@type":"Person","@id":"https:\/\/www.visit-ulcinj.com\/blog\/#\/schema\/person\/dcab619c614d3038751c63bc2aadc06d","name":"ulqini","sameAs":["http:\/\/www.visit-ulcinj.com"],"url":"https:\/\/www.visit-ulcinj.com\/blog\/author\/admin\/"}]}},"jetpack_featured_media_url":"","jetpack_sharing_enabled":true,"jetpack_shortlink":"https:\/\/wp.me\/pe6lTn-riP","_links":{"self":[{"href":"https:\/\/www.visit-ulcinj.com\/blog\/wp-json\/wp\/v2\/posts\/104955"}],"collection":[{"href":"https:\/\/www.visit-ulcinj.com\/blog\/wp-json\/wp\/v2\/posts"}],"about":[{"href":"https:\/\/www.visit-ulcinj.com\/blog\/wp-json\/wp\/v2\/types\/post"}],"author":[{"embeddable":true,"href":"https:\/\/www.visit-ulcinj.com\/blog\/wp-json\/wp\/v2\/users\/1"}],"replies":[{"embeddable":true,"href":"https:\/\/www.visit-ulcinj.com\/blog\/wp-json\/wp\/v2\/comments?post=104955"}],"version-history":[{"count":1,"href":"https:\/\/www.visit-ulcinj.com\/blog\/wp-json\/wp\/v2\/posts\/104955\/revisions"}],"predecessor-version":[{"id":104956,"href":"https:\/\/www.visit-ulcinj.com\/blog\/wp-json\/wp\/v2\/posts\/104955\/revisions\/104956"}],"wp:attachment":[{"href":"https:\/\/www.visit-ulcinj.com\/blog\/wp-json\/wp\/v2\/media?parent=104955"}],"wp:term":[{"taxonomy":"category","embeddable":true,"href":"https:\/\/www.visit-ulcinj.com\/blog\/wp-json\/wp\/v2\/categories?post=104955"},{"taxonomy":"post_tag","embeddable":true,"href":"https:\/\/www.visit-ulcinj.com\/blog\/wp-json\/wp\/v2\/tags?post=104955"}],"curies":[{"name":"wp","href":"https:\/\/api.w.org\/{rel}","templated":true}]}}