{"id":104957,"date":"2017-05-07T09:29:02","date_gmt":"2017-05-07T08:29:02","guid":{"rendered":"http:\/\/www.visit-ulcinj.com\/blog\/?p=104957"},"modified":"2017-05-07T09:29:40","modified_gmt":"2017-05-07T08:29:40","slug":"opstina-ulcinj-izgubila-spor-sa-radnicima","status":"publish","type":"post","link":"https:\/\/www.visit-ulcinj.com\/blog\/2017\/05\/07\/opstina-ulcinj-izgubila-spor-sa-radnicima\/","title":{"rendered":"Op\u0161tina Ulcinj izgubila spor sa radnicima"},"content":{"rendered":"<p><strong><a href=\"http:\/\/www.visit-ulcinj.com\/blog\/wp-content\/uploads\/2014\/02\/Opstina-Ulcinj_Komuna-e-Ulqinit_presjednik.jpg\"><img loading=\"lazy\" class=\"alignleft wp-image-79110\" src=\"http:\/\/www.visit-ulcinj.com\/blog\/wp-content\/uploads\/2014\/02\/Opstina-Ulcinj_Komuna-e-Ulqinit_presjednik.jpg\" alt=\"\" width=\"508\" height=\"372\" srcset=\"https:\/\/www.visit-ulcinj.com\/blog\/wp-content\/uploads\/2014\/02\/Opstina-Ulcinj_Komuna-e-Ulqinit_presjednik.jpg 968w, https:\/\/www.visit-ulcinj.com\/blog\/wp-content\/uploads\/2014\/02\/Opstina-Ulcinj_Komuna-e-Ulqinit_presjednik-300x219.jpg 300w\" sizes=\"(max-width: 508px) 100vw, 508px\" \/><\/a>Radnicima ispla\u0107eno ne\u0161to vi\u0161e od pola iznosa, a ostatak su zatezne kamate i tro\u0161kovi su\u0111enja koje je platila Op\u0161tina<\/strong><\/p>\n<p><span class=\"credits__author\"> <strong>Autor: <a href=\"http:\/\/www.vijesti.me\/autori\/samir-adrovic-85\/profil\">Samir Adrovi\u0107<\/a> <\/strong><\/span><\/p>\n<p>Biv\u0161im i sada\u0161njim radnicima Op\u0161tine Ulcinj ispla\u0107en je novac po osnovnu naknade \u0161tete zbog nezakonitog umanjenja zarada.<\/p>\n<p>Ukupno 39 radnika novac je dobilo u srijedu na osnovu naknade \u0161tete za period od 1. marta 2012. do 30. aprila 2014. godine, nakon \u0161to je sud presudio u njihovu korist, potvr\u0111eno je &#8220;Vijestima&#8221;.<\/p>\n<p>Op\u0161tina je ostala &#8220;kra\u0107a&#8221; za vi\u0161e od 30.000 eura, od \u010dega zatezne kamate iznose oko 5.000 eura, a tro\u0161kovi su\u0111enja 7.500.<\/p>\n<p>Presudu je 3. aprila ove godine donio sudija ulcinjskog suda Gazmend Kalabrezi, a 15 dana kasnije potvrdio je i Vi\u0161i sud u Podgorici.<\/p>\n<p>U obrazlo\u017eenju presude u koju su \u201cVijesti\u201d imale uvid, stoji da su radnici op\u0161tinskoj komisiji za \u017ealbe, preko advokata Gzima Had\u017eibetija, blagovremeno podnijeli \u017ealbu, koja je odbijena kao neosnovanu.<\/p>\n<p>Tu\u017eiocu su se potom obratili Upravnom sudu koji je nalo\u017eio op\u0161tinskoj komisiji da u roku od 15 dana donese novi akt u izvr\u0161enju presude.<\/p>\n<p>Komisija je 24. marta 2016. poni\u0161tila sva rje\u0161enja kojima je tu\u017eiocima izvr\u0161eno umanjenje koeficijenta za obra\u010dun li\u010dnih primanja od pet odsto.<\/p>\n<p>Radnici su se nakon toga obratili i predsjedniku Op\u0161tine, ali navodno do ju\u010de \u00a0nijesu dobili odgovor.<\/p>\n<p>Me\u0111u strankama nije bio sporan osnov niti visina tu\u017ebenog zahtjeva.<\/p>\n<p><strong>Izvor: Vijesti Online<\/strong><\/p>\n","protected":false},"excerpt":{"rendered":"<p>Radnicima ispla\u0107eno ne\u0161to vi\u0161e od pola iznosa, a ostatak su zatezne kamate i tro\u0161kovi su\u0111enja koje je platila Op\u0161tina Autor: Samir Adrovi\u0107 Biv\u0161im i sada\u0161njim radnicima Op\u0161tine Ulcinj ispla\u0107en je novac po osnovnu naknade \u0161tete zbog nezakonitog umanjenja zarada. Ukupno 39 radnika novac je dobilo u srijedu na osnovu naknade \u0161tete za period od 1. [&hellip;]<\/p>\n","protected":false},"author":1,"featured_media":0,"comment_status":"closed","ping_status":"closed","sticky":false,"template":"","format":"standard","meta":{"spay_email":"","jetpack_publicize_message":"","jetpack_is_tweetstorm":false,"jetpack_publicize_feature_enabled":true},"categories":[8337],"tags":[],"jetpack_publicize_connections":[],"yoast_head":"<!-- This site is optimized with the Yoast SEO plugin v19.1 - https:\/\/yoast.com\/wordpress\/plugins\/seo\/ -->\n<title>Op\u0161tina Ulcinj izgubila spor sa radnicima - Lajme nga Ulqini<\/title>\n<meta name=\"description\" content=\"Radnicima ispla\u0107eno ne\u0161to vi\u0161e od pola iznosa, a ostatak su zatezne kamate i tro\u0161kovi su\u0111enja koje je platila Op\u0161tina Autor: Samir Adrovi\u0107 Biv\u0161im i\" \/>\n<meta name=\"robots\" content=\"index, follow, max-snippet:-1, max-image-preview:large, max-video-preview:-1\" \/>\n<link rel=\"canonical\" href=\"https:\/\/www.visit-ulcinj.com\/blog\/2017\/05\/07\/opstina-ulcinj-izgubila-spor-sa-radnicima\/\" \/>\n<meta property=\"og:locale\" content=\"en_US\" \/>\n<meta property=\"og:type\" content=\"article\" \/>\n<meta property=\"og:title\" content=\"Op\u0161tina Ulcinj izgubila spor sa radnicima - Lajme nga Ulqini\" \/>\n<meta property=\"og:description\" content=\"Radnicima ispla\u0107eno ne\u0161to vi\u0161e od pola iznosa, a ostatak su zatezne kamate i tro\u0161kovi su\u0111enja koje je platila Op\u0161tina Autor: Samir Adrovi\u0107 Biv\u0161im i\" \/>\n<meta property=\"og:url\" content=\"https:\/\/www.visit-ulcinj.com\/blog\/2017\/05\/07\/opstina-ulcinj-izgubila-spor-sa-radnicima\/\" \/>\n<meta property=\"og:site_name\" content=\"Lajme nga Ulqini\" \/>\n<meta property=\"article:published_time\" content=\"2017-05-07T08:29:02+00:00\" \/>\n<meta property=\"article:modified_time\" content=\"2017-05-07T08:29:40+00:00\" \/>\n<meta property=\"og:image\" content=\"http:\/\/www.visit-ulcinj.com\/blog\/wp-content\/uploads\/2014\/02\/Opstina-Ulcinj_Komuna-e-Ulqinit_presjednik.jpg\" \/>\n<meta name=\"twitter:label1\" content=\"Written by\" \/>\n\t<meta name=\"twitter:data1\" content=\"ulqini\" \/>\n\t<meta name=\"twitter:label2\" content=\"Est. reading time\" \/>\n\t<meta name=\"twitter:data2\" content=\"1 minute\" \/>\n<script type=\"application\/ld+json\" class=\"yoast-schema-graph\">{\"@context\":\"https:\/\/schema.org\",\"@graph\":[{\"@type\":\"WebSite\",\"@id\":\"https:\/\/www.visit-ulcinj.com\/blog\/#website\",\"url\":\"https:\/\/www.visit-ulcinj.com\/blog\/\",\"name\":\"Lajme nga Ulqini\",\"description\":\"Lajme,Vijesti,Ulqini,Ulqin,Crna Gora,Mali i Zi\",\"potentialAction\":[{\"@type\":\"SearchAction\",\"target\":{\"@type\":\"EntryPoint\",\"urlTemplate\":\"https:\/\/www.visit-ulcinj.com\/blog\/?s={search_term_string}\"},\"query-input\":\"required name=search_term_string\"}],\"inLanguage\":\"en-US\"},{\"@type\":\"ImageObject\",\"inLanguage\":\"en-US\",\"@id\":\"https:\/\/www.visit-ulcinj.com\/blog\/2017\/05\/07\/opstina-ulcinj-izgubila-spor-sa-radnicima\/#primaryimage\",\"url\":\"https:\/\/www.visit-ulcinj.com\/blog\/wp-content\/uploads\/2014\/02\/Opstina-Ulcinj_Komuna-e-Ulqinit_presjednik.jpg\",\"contentUrl\":\"https:\/\/www.visit-ulcinj.com\/blog\/wp-content\/uploads\/2014\/02\/Opstina-Ulcinj_Komuna-e-Ulqinit_presjednik.jpg\",\"width\":968,\"height\":708},{\"@type\":\"WebPage\",\"@id\":\"https:\/\/www.visit-ulcinj.com\/blog\/2017\/05\/07\/opstina-ulcinj-izgubila-spor-sa-radnicima\/#webpage\",\"url\":\"https:\/\/www.visit-ulcinj.com\/blog\/2017\/05\/07\/opstina-ulcinj-izgubila-spor-sa-radnicima\/\",\"name\":\"Op\u0161tina Ulcinj izgubila spor sa radnicima - Lajme nga Ulqini\",\"isPartOf\":{\"@id\":\"https:\/\/www.visit-ulcinj.com\/blog\/#website\"},\"primaryImageOfPage\":{\"@id\":\"https:\/\/www.visit-ulcinj.com\/blog\/2017\/05\/07\/opstina-ulcinj-izgubila-spor-sa-radnicima\/#primaryimage\"},\"datePublished\":\"2017-05-07T08:29:02+00:00\",\"dateModified\":\"2017-05-07T08:29:40+00:00\",\"author\":{\"@id\":\"https:\/\/www.visit-ulcinj.com\/blog\/#\/schema\/person\/dcab619c614d3038751c63bc2aadc06d\"},\"description\":\"Radnicima ispla\u0107eno ne\u0161to vi\u0161e od pola iznosa, a ostatak su zatezne kamate i tro\u0161kovi su\u0111enja koje je platila Op\u0161tina Autor: Samir Adrovi\u0107 Biv\u0161im i\",\"breadcrumb\":{\"@id\":\"https:\/\/www.visit-ulcinj.com\/blog\/2017\/05\/07\/opstina-ulcinj-izgubila-spor-sa-radnicima\/#breadcrumb\"},\"inLanguage\":\"en-US\",\"potentialAction\":[{\"@type\":\"ReadAction\",\"target\":[\"https:\/\/www.visit-ulcinj.com\/blog\/2017\/05\/07\/opstina-ulcinj-izgubila-spor-sa-radnicima\/\"]}]},{\"@type\":\"BreadcrumbList\",\"@id\":\"https:\/\/www.visit-ulcinj.com\/blog\/2017\/05\/07\/opstina-ulcinj-izgubila-spor-sa-radnicima\/#breadcrumb\",\"itemListElement\":[{\"@type\":\"ListItem\",\"position\":1,\"name\":\"Op\u0161tina Ulcinj izgubila spor sa radnicima\"}]},{\"@type\":\"Person\",\"@id\":\"https:\/\/www.visit-ulcinj.com\/blog\/#\/schema\/person\/dcab619c614d3038751c63bc2aadc06d\",\"name\":\"ulqini\",\"sameAs\":[\"http:\/\/www.visit-ulcinj.com\"],\"url\":\"https:\/\/www.visit-ulcinj.com\/blog\/author\/admin\/\"}]}<\/script>\n<!-- \/ Yoast SEO plugin. -->","yoast_head_json":{"title":"Op\u0161tina Ulcinj izgubila spor sa radnicima - Lajme nga Ulqini","description":"Radnicima ispla\u0107eno ne\u0161to vi\u0161e od pola iznosa, a ostatak su zatezne kamate i tro\u0161kovi su\u0111enja koje je platila Op\u0161tina Autor: Samir Adrovi\u0107 Biv\u0161im i","robots":{"index":"index","follow":"follow","max-snippet":"max-snippet:-1","max-image-preview":"max-image-preview:large","max-video-preview":"max-video-preview:-1"},"canonical":"https:\/\/www.visit-ulcinj.com\/blog\/2017\/05\/07\/opstina-ulcinj-izgubila-spor-sa-radnicima\/","og_locale":"en_US","og_type":"article","og_title":"Op\u0161tina Ulcinj izgubila spor sa radnicima - Lajme nga Ulqini","og_description":"Radnicima ispla\u0107eno ne\u0161to vi\u0161e od pola iznosa, a ostatak su zatezne kamate i tro\u0161kovi su\u0111enja koje je platila Op\u0161tina Autor: Samir Adrovi\u0107 Biv\u0161im i","og_url":"https:\/\/www.visit-ulcinj.com\/blog\/2017\/05\/07\/opstina-ulcinj-izgubila-spor-sa-radnicima\/","og_site_name":"Lajme nga Ulqini","article_published_time":"2017-05-07T08:29:02+00:00","article_modified_time":"2017-05-07T08:29:40+00:00","og_image":[{"url":"http:\/\/www.visit-ulcinj.com\/blog\/wp-content\/uploads\/2014\/02\/Opstina-Ulcinj_Komuna-e-Ulqinit_presjednik.jpg"}],"twitter_misc":{"Written by":"ulqini","Est. reading time":"1 minute"},"schema":{"@context":"https:\/\/schema.org","@graph":[{"@type":"WebSite","@id":"https:\/\/www.visit-ulcinj.com\/blog\/#website","url":"https:\/\/www.visit-ulcinj.com\/blog\/","name":"Lajme nga Ulqini","description":"Lajme,Vijesti,Ulqini,Ulqin,Crna Gora,Mali i Zi","potentialAction":[{"@type":"SearchAction","target":{"@type":"EntryPoint","urlTemplate":"https:\/\/www.visit-ulcinj.com\/blog\/?s={search_term_string}"},"query-input":"required name=search_term_string"}],"inLanguage":"en-US"},{"@type":"ImageObject","inLanguage":"en-US","@id":"https:\/\/www.visit-ulcinj.com\/blog\/2017\/05\/07\/opstina-ulcinj-izgubila-spor-sa-radnicima\/#primaryimage","url":"https:\/\/www.visit-ulcinj.com\/blog\/wp-content\/uploads\/2014\/02\/Opstina-Ulcinj_Komuna-e-Ulqinit_presjednik.jpg","contentUrl":"https:\/\/www.visit-ulcinj.com\/blog\/wp-content\/uploads\/2014\/02\/Opstina-Ulcinj_Komuna-e-Ulqinit_presjednik.jpg","width":968,"height":708},{"@type":"WebPage","@id":"https:\/\/www.visit-ulcinj.com\/blog\/2017\/05\/07\/opstina-ulcinj-izgubila-spor-sa-radnicima\/#webpage","url":"https:\/\/www.visit-ulcinj.com\/blog\/2017\/05\/07\/opstina-ulcinj-izgubila-spor-sa-radnicima\/","name":"Op\u0161tina Ulcinj izgubila spor sa radnicima - Lajme nga Ulqini","isPartOf":{"@id":"https:\/\/www.visit-ulcinj.com\/blog\/#website"},"primaryImageOfPage":{"@id":"https:\/\/www.visit-ulcinj.com\/blog\/2017\/05\/07\/opstina-ulcinj-izgubila-spor-sa-radnicima\/#primaryimage"},"datePublished":"2017-05-07T08:29:02+00:00","dateModified":"2017-05-07T08:29:40+00:00","author":{"@id":"https:\/\/www.visit-ulcinj.com\/blog\/#\/schema\/person\/dcab619c614d3038751c63bc2aadc06d"},"description":"Radnicima ispla\u0107eno ne\u0161to vi\u0161e od pola iznosa, a ostatak su zatezne kamate i tro\u0161kovi su\u0111enja koje je platila Op\u0161tina Autor: Samir Adrovi\u0107 Biv\u0161im i","breadcrumb":{"@id":"https:\/\/www.visit-ulcinj.com\/blog\/2017\/05\/07\/opstina-ulcinj-izgubila-spor-sa-radnicima\/#breadcrumb"},"inLanguage":"en-US","potentialAction":[{"@type":"ReadAction","target":["https:\/\/www.visit-ulcinj.com\/blog\/2017\/05\/07\/opstina-ulcinj-izgubila-spor-sa-radnicima\/"]}]},{"@type":"BreadcrumbList","@id":"https:\/\/www.visit-ulcinj.com\/blog\/2017\/05\/07\/opstina-ulcinj-izgubila-spor-sa-radnicima\/#breadcrumb","itemListElement":[{"@type":"ListItem","position":1,"name":"Op\u0161tina Ulcinj izgubila spor sa radnicima"}]},{"@type":"Person","@id":"https:\/\/www.visit-ulcinj.com\/blog\/#\/schema\/person\/dcab619c614d3038751c63bc2aadc06d","name":"ulqini","sameAs":["http:\/\/www.visit-ulcinj.com"],"url":"https:\/\/www.visit-ulcinj.com\/blog\/author\/admin\/"}]}},"jetpack_featured_media_url":"","jetpack_sharing_enabled":true,"jetpack_shortlink":"https:\/\/wp.me\/pe6lTn-riR","_links":{"self":[{"href":"https:\/\/www.visit-ulcinj.com\/blog\/wp-json\/wp\/v2\/posts\/104957"}],"collection":[{"href":"https:\/\/www.visit-ulcinj.com\/blog\/wp-json\/wp\/v2\/posts"}],"about":[{"href":"https:\/\/www.visit-ulcinj.com\/blog\/wp-json\/wp\/v2\/types\/post"}],"author":[{"embeddable":true,"href":"https:\/\/www.visit-ulcinj.com\/blog\/wp-json\/wp\/v2\/users\/1"}],"replies":[{"embeddable":true,"href":"https:\/\/www.visit-ulcinj.com\/blog\/wp-json\/wp\/v2\/comments?post=104957"}],"version-history":[{"count":2,"href":"https:\/\/www.visit-ulcinj.com\/blog\/wp-json\/wp\/v2\/posts\/104957\/revisions"}],"predecessor-version":[{"id":104959,"href":"https:\/\/www.visit-ulcinj.com\/blog\/wp-json\/wp\/v2\/posts\/104957\/revisions\/104959"}],"wp:attachment":[{"href":"https:\/\/www.visit-ulcinj.com\/blog\/wp-json\/wp\/v2\/media?parent=104957"}],"wp:term":[{"taxonomy":"category","embeddable":true,"href":"https:\/\/www.visit-ulcinj.com\/blog\/wp-json\/wp\/v2\/categories?post=104957"},{"taxonomy":"post_tag","embeddable":true,"href":"https:\/\/www.visit-ulcinj.com\/blog\/wp-json\/wp\/v2\/tags?post=104957"}],"curies":[{"name":"wp","href":"https:\/\/api.w.org\/{rel}","templated":true}]}}