{"id":104963,"date":"2017-05-08T17:00:57","date_gmt":"2017-05-08T16:00:57","guid":{"rendered":"http:\/\/www.visit-ulcinj.com\/blog\/?p=104963"},"modified":"2017-05-08T17:00:57","modified_gmt":"2017-05-08T16:00:57","slug":"obiljezavanje-dana-evrope-u-ulcinju","status":"publish","type":"post","link":"https:\/\/www.visit-ulcinj.com\/blog\/2017\/05\/08\/obiljezavanje-dana-evrope-u-ulcinju\/","title":{"rendered":"Obilje\u017eavanje dana Evrope u Ulcinju"},"content":{"rendered":"<p><strong><a href=\"http:\/\/www.visit-ulcinj.com\/blog\/wp-content\/uploads\/2017\/05\/dan-Evrope-u-Ulcinju.jpg\"><img loading=\"lazy\" class=\"alignleft wp-image-104964\" src=\"http:\/\/www.visit-ulcinj.com\/blog\/wp-content\/uploads\/2017\/05\/dan-Evrope-u-Ulcinju.jpg\" alt=\"\" width=\"508\" height=\"288\" srcset=\"https:\/\/www.visit-ulcinj.com\/blog\/wp-content\/uploads\/2017\/05\/dan-Evrope-u-Ulcinju.jpg 640w, https:\/\/www.visit-ulcinj.com\/blog\/wp-content\/uploads\/2017\/05\/dan-Evrope-u-Ulcinju-300x170.jpg 300w\" sizes=\"(max-width: 508px) 100vw, 508px\" \/><\/a>NAJAVA: Obilje\u017eavanje dana Evrope u Ulcinju<\/strong><\/p>\n<p>Povodom 9. maja, Dana Evrope, Ministarstvo evropskih poslova, u saradnji s Kabinetom predsjednika op\u0161tine Ulcinj, Delegacijom EU u Crnoj Gori i NVO Evropski pokret u Crnoj Gori, organizuje niz informativnih i kulturno\u2013umjetni\u010dkih doga\u0111aja u Ulcinju kojima \u0107e se obilje\u017eiti datum koji ozna\u010dava po\u010detak stvaranja velikog evropskog projekta.<\/p>\n<p>Cilj organizacije obilje\u017eavanja Dana Evrope je pribli\u017eiti gra\u0111anima Crne Gore ideju i vrijednosti ujedinjene Evrope, te zna\u010daj procesa pristupanja Crne Gore u EU.<\/p>\n<p>Manifestacija po\u010dinje <strong>9. maja u 9:30.<\/strong> sastankom ministra evropskih poslova <strong>Aleksandra Andrije Pejovi\u0107a<\/strong> s predsjednikom Op\u0161tine Ulcinj <strong>Nazifom Cunguom<\/strong>, a nastavlja se javnom debatom: \u201eDan Evrope u Ulcinju: evropska ideja na djelu u Crnoj Gori\u201c, koja \u0107e se odr\u017eati u velikoj sali Skup\u0161tine op\u0161tine Ulcinj, s po\u010detkom <strong>u 10:30. <\/strong>Na javnoj debati \u0107e govoriti: predsjednik Op\u0161tin Nazif Cungu, ministar evropskih poslova Aleksandar Andrija Pejovi\u0107, predstavnik Delegacije EU u Crnoj Gori <strong>Andre Lis<\/strong> i predsjednik Evropskog pokreta u Crnoj Gori <strong>Mom\u010dilo Radulovi\u0107.<\/strong><\/p>\n<p>Proslava \u0107e se nastaviti\u00a0centralnom manifestacijom u Galeriji Centra za Kulturu gdje \u0107e biti prire\u0111en kulturno umjetni\u010dki program i organizovano likovno takmi\u010denje osnovaca, s <strong>po\u010detkom u 12:00 sati.<\/strong><\/p>\n<p><strong>U 12:45 sati,<\/strong> ministar Pejovi\u0107 \u0107e, zajedno s predsjednikom Op\u0161tine i predstavnikom Delegacije EU obi\u0107i uspje\u0161no ulcinjsko preduze\u0107e Euroflex.<\/p>\n<p>Zavr\u0161nicu proslave Dana Evrope, \u010dini\u0107e uru\u010divanje nagrada u\u010denicima osnovnih \u0161kola za najbolji likovni rad u <strong>13:30<\/strong>\u00a0u Galeriji Centra za Kulturu.<\/p>\n<p>Pozivamo medije da izvje\u0161tavaju s doga\u0111aja.<\/p>\n","protected":false},"excerpt":{"rendered":"<p>NAJAVA: Obilje\u017eavanje dana Evrope u Ulcinju Povodom 9. maja, Dana Evrope, Ministarstvo evropskih poslova, u saradnji s Kabinetom predsjednika op\u0161tine Ulcinj, Delegacijom EU u Crnoj Gori i NVO Evropski pokret u Crnoj Gori, organizuje niz informativnih i kulturno\u2013umjetni\u010dkih doga\u0111aja u Ulcinju kojima \u0107e se obilje\u017eiti datum koji ozna\u010dava po\u010detak stvaranja velikog evropskog projekta. Cilj organizacije [&hellip;]<\/p>\n","protected":false},"author":1,"featured_media":0,"comment_status":"closed","ping_status":"closed","sticky":false,"template":"","format":"standard","meta":{"spay_email":"","jetpack_publicize_message":"","jetpack_is_tweetstorm":false,"jetpack_publicize_feature_enabled":true},"categories":[8337],"tags":[],"jetpack_publicize_connections":[],"yoast_head":"<!-- This site is optimized with the Yoast SEO plugin v19.1 - https:\/\/yoast.com\/wordpress\/plugins\/seo\/ -->\n<title>Obilje\u017eavanje dana Evrope u Ulcinju - Lajme nga Ulqini<\/title>\n<meta name=\"description\" content=\"NAJAVA: Obilje\u017eavanje dana Evrope u Ulcinju Povodom 9. maja, Dana Evrope, Ministarstvo evropskih poslova, u saradnji s Kabinetom predsjednika op\u0161tine\" \/>\n<meta name=\"robots\" content=\"index, follow, max-snippet:-1, max-image-preview:large, max-video-preview:-1\" \/>\n<link rel=\"canonical\" href=\"https:\/\/www.visit-ulcinj.com\/blog\/2017\/05\/08\/obiljezavanje-dana-evrope-u-ulcinju\/\" \/>\n<meta property=\"og:locale\" content=\"en_US\" \/>\n<meta property=\"og:type\" content=\"article\" \/>\n<meta property=\"og:title\" content=\"Obilje\u017eavanje dana Evrope u Ulcinju - Lajme nga Ulqini\" \/>\n<meta property=\"og:description\" content=\"NAJAVA: Obilje\u017eavanje dana Evrope u Ulcinju Povodom 9. maja, Dana Evrope, Ministarstvo evropskih poslova, u saradnji s Kabinetom predsjednika op\u0161tine\" \/>\n<meta property=\"og:url\" content=\"https:\/\/www.visit-ulcinj.com\/blog\/2017\/05\/08\/obiljezavanje-dana-evrope-u-ulcinju\/\" \/>\n<meta property=\"og:site_name\" content=\"Lajme nga Ulqini\" \/>\n<meta property=\"article:published_time\" content=\"2017-05-08T16:00:57+00:00\" \/>\n<meta property=\"og:image\" content=\"http:\/\/www.visit-ulcinj.com\/blog\/wp-content\/uploads\/2017\/05\/dan-Evrope-u-Ulcinju.jpg\" \/>\n<meta name=\"twitter:label1\" content=\"Written by\" \/>\n\t<meta name=\"twitter:data1\" content=\"ulqini\" \/>\n\t<meta name=\"twitter:label2\" content=\"Est. reading time\" \/>\n\t<meta name=\"twitter:data2\" content=\"1 minute\" \/>\n<script type=\"application\/ld+json\" class=\"yoast-schema-graph\">{\"@context\":\"https:\/\/schema.org\",\"@graph\":[{\"@type\":\"WebSite\",\"@id\":\"https:\/\/www.visit-ulcinj.com\/blog\/#website\",\"url\":\"https:\/\/www.visit-ulcinj.com\/blog\/\",\"name\":\"Lajme nga Ulqini\",\"description\":\"Lajme,Vijesti,Ulqini,Ulqin,Crna Gora,Mali i Zi\",\"potentialAction\":[{\"@type\":\"SearchAction\",\"target\":{\"@type\":\"EntryPoint\",\"urlTemplate\":\"https:\/\/www.visit-ulcinj.com\/blog\/?s={search_term_string}\"},\"query-input\":\"required name=search_term_string\"}],\"inLanguage\":\"en-US\"},{\"@type\":\"ImageObject\",\"inLanguage\":\"en-US\",\"@id\":\"https:\/\/www.visit-ulcinj.com\/blog\/2017\/05\/08\/obiljezavanje-dana-evrope-u-ulcinju\/#primaryimage\",\"url\":\"https:\/\/www.visit-ulcinj.com\/blog\/wp-content\/uploads\/2017\/05\/dan-Evrope-u-Ulcinju.jpg\",\"contentUrl\":\"https:\/\/www.visit-ulcinj.com\/blog\/wp-content\/uploads\/2017\/05\/dan-Evrope-u-Ulcinju.jpg\",\"width\":640,\"height\":363},{\"@type\":\"WebPage\",\"@id\":\"https:\/\/www.visit-ulcinj.com\/blog\/2017\/05\/08\/obiljezavanje-dana-evrope-u-ulcinju\/#webpage\",\"url\":\"https:\/\/www.visit-ulcinj.com\/blog\/2017\/05\/08\/obiljezavanje-dana-evrope-u-ulcinju\/\",\"name\":\"Obilje\u017eavanje dana Evrope u Ulcinju - Lajme nga Ulqini\",\"isPartOf\":{\"@id\":\"https:\/\/www.visit-ulcinj.com\/blog\/#website\"},\"primaryImageOfPage\":{\"@id\":\"https:\/\/www.visit-ulcinj.com\/blog\/2017\/05\/08\/obiljezavanje-dana-evrope-u-ulcinju\/#primaryimage\"},\"datePublished\":\"2017-05-08T16:00:57+00:00\",\"dateModified\":\"2017-05-08T16:00:57+00:00\",\"author\":{\"@id\":\"https:\/\/www.visit-ulcinj.com\/blog\/#\/schema\/person\/dcab619c614d3038751c63bc2aadc06d\"},\"description\":\"NAJAVA: Obilje\u017eavanje dana Evrope u Ulcinju Povodom 9. maja, Dana Evrope, Ministarstvo evropskih poslova, u saradnji s Kabinetom predsjednika op\u0161tine\",\"breadcrumb\":{\"@id\":\"https:\/\/www.visit-ulcinj.com\/blog\/2017\/05\/08\/obiljezavanje-dana-evrope-u-ulcinju\/#breadcrumb\"},\"inLanguage\":\"en-US\",\"potentialAction\":[{\"@type\":\"ReadAction\",\"target\":[\"https:\/\/www.visit-ulcinj.com\/blog\/2017\/05\/08\/obiljezavanje-dana-evrope-u-ulcinju\/\"]}]},{\"@type\":\"BreadcrumbList\",\"@id\":\"https:\/\/www.visit-ulcinj.com\/blog\/2017\/05\/08\/obiljezavanje-dana-evrope-u-ulcinju\/#breadcrumb\",\"itemListElement\":[{\"@type\":\"ListItem\",\"position\":1,\"name\":\"Obilje\u017eavanje dana Evrope u Ulcinju\"}]},{\"@type\":\"Person\",\"@id\":\"https:\/\/www.visit-ulcinj.com\/blog\/#\/schema\/person\/dcab619c614d3038751c63bc2aadc06d\",\"name\":\"ulqini\",\"sameAs\":[\"http:\/\/www.visit-ulcinj.com\"],\"url\":\"https:\/\/www.visit-ulcinj.com\/blog\/author\/admin\/\"}]}<\/script>\n<!-- \/ Yoast SEO plugin. -->","yoast_head_json":{"title":"Obilje\u017eavanje dana Evrope u Ulcinju - Lajme nga Ulqini","description":"NAJAVA: Obilje\u017eavanje dana Evrope u Ulcinju Povodom 9. maja, Dana Evrope, Ministarstvo evropskih poslova, u saradnji s Kabinetom predsjednika op\u0161tine","robots":{"index":"index","follow":"follow","max-snippet":"max-snippet:-1","max-image-preview":"max-image-preview:large","max-video-preview":"max-video-preview:-1"},"canonical":"https:\/\/www.visit-ulcinj.com\/blog\/2017\/05\/08\/obiljezavanje-dana-evrope-u-ulcinju\/","og_locale":"en_US","og_type":"article","og_title":"Obilje\u017eavanje dana Evrope u Ulcinju - Lajme nga Ulqini","og_description":"NAJAVA: Obilje\u017eavanje dana Evrope u Ulcinju Povodom 9. maja, Dana Evrope, Ministarstvo evropskih poslova, u saradnji s Kabinetom predsjednika op\u0161tine","og_url":"https:\/\/www.visit-ulcinj.com\/blog\/2017\/05\/08\/obiljezavanje-dana-evrope-u-ulcinju\/","og_site_name":"Lajme nga Ulqini","article_published_time":"2017-05-08T16:00:57+00:00","og_image":[{"url":"http:\/\/www.visit-ulcinj.com\/blog\/wp-content\/uploads\/2017\/05\/dan-Evrope-u-Ulcinju.jpg"}],"twitter_misc":{"Written by":"ulqini","Est. reading time":"1 minute"},"schema":{"@context":"https:\/\/schema.org","@graph":[{"@type":"WebSite","@id":"https:\/\/www.visit-ulcinj.com\/blog\/#website","url":"https:\/\/www.visit-ulcinj.com\/blog\/","name":"Lajme nga Ulqini","description":"Lajme,Vijesti,Ulqini,Ulqin,Crna Gora,Mali i Zi","potentialAction":[{"@type":"SearchAction","target":{"@type":"EntryPoint","urlTemplate":"https:\/\/www.visit-ulcinj.com\/blog\/?s={search_term_string}"},"query-input":"required name=search_term_string"}],"inLanguage":"en-US"},{"@type":"ImageObject","inLanguage":"en-US","@id":"https:\/\/www.visit-ulcinj.com\/blog\/2017\/05\/08\/obiljezavanje-dana-evrope-u-ulcinju\/#primaryimage","url":"https:\/\/www.visit-ulcinj.com\/blog\/wp-content\/uploads\/2017\/05\/dan-Evrope-u-Ulcinju.jpg","contentUrl":"https:\/\/www.visit-ulcinj.com\/blog\/wp-content\/uploads\/2017\/05\/dan-Evrope-u-Ulcinju.jpg","width":640,"height":363},{"@type":"WebPage","@id":"https:\/\/www.visit-ulcinj.com\/blog\/2017\/05\/08\/obiljezavanje-dana-evrope-u-ulcinju\/#webpage","url":"https:\/\/www.visit-ulcinj.com\/blog\/2017\/05\/08\/obiljezavanje-dana-evrope-u-ulcinju\/","name":"Obilje\u017eavanje dana Evrope u Ulcinju - Lajme nga Ulqini","isPartOf":{"@id":"https:\/\/www.visit-ulcinj.com\/blog\/#website"},"primaryImageOfPage":{"@id":"https:\/\/www.visit-ulcinj.com\/blog\/2017\/05\/08\/obiljezavanje-dana-evrope-u-ulcinju\/#primaryimage"},"datePublished":"2017-05-08T16:00:57+00:00","dateModified":"2017-05-08T16:00:57+00:00","author":{"@id":"https:\/\/www.visit-ulcinj.com\/blog\/#\/schema\/person\/dcab619c614d3038751c63bc2aadc06d"},"description":"NAJAVA: Obilje\u017eavanje dana Evrope u Ulcinju Povodom 9. maja, Dana Evrope, Ministarstvo evropskih poslova, u saradnji s Kabinetom predsjednika op\u0161tine","breadcrumb":{"@id":"https:\/\/www.visit-ulcinj.com\/blog\/2017\/05\/08\/obiljezavanje-dana-evrope-u-ulcinju\/#breadcrumb"},"inLanguage":"en-US","potentialAction":[{"@type":"ReadAction","target":["https:\/\/www.visit-ulcinj.com\/blog\/2017\/05\/08\/obiljezavanje-dana-evrope-u-ulcinju\/"]}]},{"@type":"BreadcrumbList","@id":"https:\/\/www.visit-ulcinj.com\/blog\/2017\/05\/08\/obiljezavanje-dana-evrope-u-ulcinju\/#breadcrumb","itemListElement":[{"@type":"ListItem","position":1,"name":"Obilje\u017eavanje dana Evrope u Ulcinju"}]},{"@type":"Person","@id":"https:\/\/www.visit-ulcinj.com\/blog\/#\/schema\/person\/dcab619c614d3038751c63bc2aadc06d","name":"ulqini","sameAs":["http:\/\/www.visit-ulcinj.com"],"url":"https:\/\/www.visit-ulcinj.com\/blog\/author\/admin\/"}]}},"jetpack_featured_media_url":"","jetpack_sharing_enabled":true,"jetpack_shortlink":"https:\/\/wp.me\/pe6lTn-riX","_links":{"self":[{"href":"https:\/\/www.visit-ulcinj.com\/blog\/wp-json\/wp\/v2\/posts\/104963"}],"collection":[{"href":"https:\/\/www.visit-ulcinj.com\/blog\/wp-json\/wp\/v2\/posts"}],"about":[{"href":"https:\/\/www.visit-ulcinj.com\/blog\/wp-json\/wp\/v2\/types\/post"}],"author":[{"embeddable":true,"href":"https:\/\/www.visit-ulcinj.com\/blog\/wp-json\/wp\/v2\/users\/1"}],"replies":[{"embeddable":true,"href":"https:\/\/www.visit-ulcinj.com\/blog\/wp-json\/wp\/v2\/comments?post=104963"}],"version-history":[{"count":1,"href":"https:\/\/www.visit-ulcinj.com\/blog\/wp-json\/wp\/v2\/posts\/104963\/revisions"}],"predecessor-version":[{"id":104965,"href":"https:\/\/www.visit-ulcinj.com\/blog\/wp-json\/wp\/v2\/posts\/104963\/revisions\/104965"}],"wp:attachment":[{"href":"https:\/\/www.visit-ulcinj.com\/blog\/wp-json\/wp\/v2\/media?parent=104963"}],"wp:term":[{"taxonomy":"category","embeddable":true,"href":"https:\/\/www.visit-ulcinj.com\/blog\/wp-json\/wp\/v2\/categories?post=104963"},{"taxonomy":"post_tag","embeddable":true,"href":"https:\/\/www.visit-ulcinj.com\/blog\/wp-json\/wp\/v2\/tags?post=104963"}],"curies":[{"name":"wp","href":"https:\/\/api.w.org\/{rel}","templated":true}]}}