{"id":104974,"date":"2017-05-08T17:28:17","date_gmt":"2017-05-08T16:28:17","guid":{"rendered":"http:\/\/www.visit-ulcinj.com\/blog\/?p=104974"},"modified":"2017-05-08T17:29:27","modified_gmt":"2017-05-08T16:29:27","slug":"zavrsena-manifestacija-svi-za-turizam-2017-ulcinj","status":"publish","type":"post","link":"https:\/\/www.visit-ulcinj.com\/blog\/2017\/05\/08\/zavrsena-manifestacija-svi-za-turizam-2017-ulcinj\/","title":{"rendered":"Zavr\u0161ena manifestacija \u201cSvi za turizam 2017\u201d Ulcinj"},"content":{"rendered":"<p style=\"text-align: center;\"><strong><a href=\"http:\/\/www.visit-ulcinj.com\/blog\/wp-content\/uploads\/2017\/05\/P\u00ebrfundon-manifestimi-T\u00eb-gjith\u00eb-p\u00ebr-turiz\u00ebm-2017-n\u00eb-Ulqin-3.jpg\"><img loading=\"lazy\" class=\"alignleft wp-image-104970\" src=\"http:\/\/www.visit-ulcinj.com\/blog\/wp-content\/uploads\/2017\/05\/P\u00ebrfundon-manifestimi-T\u00eb-gjith\u00eb-p\u00ebr-turiz\u00ebm-2017-n\u00eb-Ulqin-3.jpg\" alt=\"\" width=\"508\" height=\"355\" srcset=\"https:\/\/www.visit-ulcinj.com\/blog\/wp-content\/uploads\/2017\/05\/P\u00ebrfundon-manifestimi-T\u00eb-gjith\u00eb-p\u00ebr-turiz\u00ebm-2017-n\u00eb-Ulqin-3.jpg 960w, https:\/\/www.visit-ulcinj.com\/blog\/wp-content\/uploads\/2017\/05\/P\u00ebrfundon-manifestimi-T\u00eb-gjith\u00eb-p\u00ebr-turiz\u00ebm-2017-n\u00eb-Ulqin-3-300x210.jpg 300w, https:\/\/www.visit-ulcinj.com\/blog\/wp-content\/uploads\/2017\/05\/P\u00ebrfundon-manifestimi-T\u00eb-gjith\u00eb-p\u00ebr-turiz\u00ebm-2017-n\u00eb-Ulqin-3-768x537.jpg 768w\" sizes=\"(max-width: 508px) 100vw, 508px\" \/><\/a>Zavr\u0161ena manifestacija Svi za Turizam<\/strong><\/p>\n<p>&nbsp;<\/p>\n<p>Glamurom modne revije i umjetni\u010dkim djelima poznatih umjetnika iz raznih dijelova svijeta zavr\u0161ena je jo\u0161 jedna manifestacija kojom je Turisti\u010dka Organizacija Ulcinj zvani\u010dno otvorila ljetnju turisti\u010dku sezonu za 2017.godinu. Manifestacija \u201cSvi za turizam\u201d koja se odr\u017eava dugi niz godina, okupila je ove godine umjetnike, pjeva\u010de, slikare, modne dizajnere i ostale na jednom mjestu, koji su svi zajedno sa\u010dinili ovu manifestaciju nesvakida\u0161njim doga\u0111ajem u na\u0161em gradu.<\/p>\n<p>Sajmom doma\u0107e radinosti na kojem je svoje radove izlo\u017eilo preko 70 izlaga\u010da iz svih krajeva Crne Gore i koncertom povodom me\u0111unarodnog dana plesa na Maloj pla\u017ei po\u010dela je ova manifestacija koja je trajala nekoliko dana.<\/p>\n<p>03.maja, po prvi put Turisti\u010dka Organizacija Ulcinj je organizovala simpozijum \u201cServantes kroz vrijeme\u201d, simpozijum o mogu\u0107nosti boravka slavnog \u0161panskog pisca Miguela de Servantesa u na\u0161em Starom gradu. Na panelu su govorili Ertugul Onalp iz Turske, Jolanda Bestiero de la Fuente iz \u0160panije, Daniel Sesilia tako\u0111e iz \u0160panije kao i profesori Ruzhdi Ushaku i Ismet Karamanaga iz Ulcinja. Uz prisustvo tako\u0111e biranih nau\u010dnika i poznavalaca \u017eivota i djela slavnog pisca diskutovalo se o mogu\u0107nostima boravka Servantesa kod nas. Ova kako ka\u017eu ili legenda ili istinita pri\u010da zadnjih godina sve vi\u0161e i vi\u0161e dobija na zna\u010daju, a naravno mi kao Turisti\u010dka Organizacija i grad Ulcinj poku\u0161a\u0107emo da je podignemo na ve\u0107i nivo kako bi svima nama postala inspiracija za mnoge aktivnosti.<\/p>\n<p>04 i 05.maja, odr\u017ean je \u201cMe\u0111unarodni festival starogradske muzike\u201d, na kojem su nastupali klape iz Turske, Pe\u0107i, Gnjilana, Podgorice, Budve, Kotora, Bara ali i Ulcinja. Svi oni koji su bili prisutni mogli su da u\u017eivaju u zvucima ove predivne muzike ali i prisje\u0107ati se uz nekoliko snimaka radu na\u0161ih klapa i grupa po kojima je Ulcinj itekako bio poznat. Odala se \u010dast i onima koji nisu vi\u0161e sa nama i koji su doprinjeli radu ovih klapa ali i veliki pozdrav i drugim \u010dlanovima koji su sa nostalgijom pratili ovaj festival.<\/p>\n<p>06.maja, me\u0111u drevne zidine Starog grada odr\u017eana je \u201cModna revija \u2013 Fashion night\u201d. Kombinacija mladosti, ljepote, talenta i glamura te ve\u010deri je pokazala da su na\u0161a o\u010dekivanja bila opravdana i da je na\u0161 trud da se ne\u0161to uradi za na\u0161 grad isplatio. Sa mnogo ljubavi uspjeli smo da Ulcinj postavimo na mapi svjestkih doga\u0111aja i manifestacija.<\/p>\n<p>07.maja tako\u0111e u muzeju u Starom gradu, odr\u017eana je Izlo\u017eba poznatih slikara iz Crne Gore, Brazila, Palestine, Kine, Njemacke,Engleske, Rusije, Slovenije, Hrvatske, Bosne, Makedonije, Srbija, Kosova I Albanije.<\/p>\n<p>Turisti\u010dka Organizacija Ulcinj i direktor Mr Fuad Had\u017eibeti se zahvaljuje svima koji su u\u010destvovali u organizovanju svih ovih aktivnosti i time doprinjeli boljoj promociji turisti\u010dke ponude grada i na jako lijep na\u010din otvorili ovogodi\u0161nju sezonu za koju se nadamo da \u0107e biti uspje\u0161na i beri\u0107etna.<\/p>\n\n\t\t<style type=\"text\/css\">\n\t\t\t#gallery-1 {\n\t\t\t\tmargin: auto;\n\t\t\t}\n\t\t\t#gallery-1 .gallery-item {\n\t\t\t\tfloat: left;\n\t\t\t\tmargin-top: 10px;\n\t\t\t\ttext-align: center;\n\t\t\t\twidth: 33%;\n\t\t\t}\n\t\t\t#gallery-1 img {\n\t\t\t\tborder: 2px solid #cfcfcf;\n\t\t\t}\n\t\t\t#gallery-1 .gallery-caption {\n\t\t\t\tmargin-left: 0;\n\t\t\t}\n\t\t\t\/* see gallery_shortcode() in wp-includes\/media.php *\/\n\t\t<\/style>\n\t\t<div id='gallery-1' class='gallery galleryid-104974 gallery-columns-3 gallery-size-thumbnail'><dl class='gallery-item'>\n\t\t\t<dt class='gallery-icon landscape'>\n\t\t\t\t<a href='https:\/\/www.visit-ulcinj.com\/blog\/2017\/05\/08\/perfundon-manifestimi-te-gjithe-per-turizem-2017-ne-ulqin\/perfundon-manifestimi-te-gjithe-per-turizem-2017-ne-ulqin-5\/'><img width=\"150\" height=\"150\" src=\"https:\/\/www.visit-ulcinj.com\/blog\/wp-content\/uploads\/2017\/05\/P\u00ebrfundon-manifestimi-T\u00eb-gjith\u00eb-p\u00ebr-turiz\u00ebm-2017-n\u00eb-Ulqin-5-150x150.jpg\" class=\"attachment-thumbnail size-thumbnail\" alt=\"\" loading=\"lazy\" \/><\/a>\n\t\t\t<\/dt><\/dl><dl class='gallery-item'>\n\t\t\t<dt class='gallery-icon landscape'>\n\t\t\t\t<a href='https:\/\/www.visit-ulcinj.com\/blog\/2017\/05\/08\/perfundon-manifestimi-te-gjithe-per-turizem-2017-ne-ulqin\/perfundon-manifestimi-te-gjithe-per-turizem-2017-ne-ulqin-4\/'><img width=\"150\" height=\"150\" src=\"https:\/\/www.visit-ulcinj.com\/blog\/wp-content\/uploads\/2017\/05\/P\u00ebrfundon-manifestimi-T\u00eb-gjith\u00eb-p\u00ebr-turiz\u00ebm-2017-n\u00eb-Ulqin-4-150x150.jpg\" class=\"attachment-thumbnail size-thumbnail\" alt=\"\" loading=\"lazy\" \/><\/a>\n\t\t\t<\/dt><\/dl><dl class='gallery-item'>\n\t\t\t<dt class='gallery-icon landscape'>\n\t\t\t\t<a href='https:\/\/www.visit-ulcinj.com\/blog\/2017\/05\/08\/perfundon-manifestimi-te-gjithe-per-turizem-2017-ne-ulqin\/perfundon-manifestimi-te-gjithe-per-turizem-2017-ne-ulqin-2\/'><img width=\"150\" height=\"150\" src=\"https:\/\/www.visit-ulcinj.com\/blog\/wp-content\/uploads\/2017\/05\/P\u00ebrfundon-manifestimi-T\u00eb-gjith\u00eb-p\u00ebr-turiz\u00ebm-2017-n\u00eb-Ulqin-2-150x150.jpg\" class=\"attachment-thumbnail size-thumbnail\" alt=\"\" loading=\"lazy\" \/><\/a>\n\t\t\t<\/dt><\/dl><br style=\"clear: both\" \/><dl class='gallery-item'>\n\t\t\t<dt class='gallery-icon landscape'>\n\t\t\t\t<a href='https:\/\/www.visit-ulcinj.com\/blog\/2017\/05\/08\/perfundon-manifestimi-te-gjithe-per-turizem-2017-ne-ulqin\/perfundon-manifestimi-te-gjithe-per-turizem-2017-ne-ulqin-1\/'><img width=\"150\" height=\"150\" src=\"https:\/\/www.visit-ulcinj.com\/blog\/wp-content\/uploads\/2017\/05\/P\u00ebrfundon-manifestimi-T\u00eb-gjith\u00eb-p\u00ebr-turiz\u00ebm-2017-n\u00eb-Ulqin-1-150x150.jpg\" class=\"attachment-thumbnail size-thumbnail\" alt=\"\" loading=\"lazy\" \/><\/a>\n\t\t\t<\/dt><\/dl><dl class='gallery-item'>\n\t\t\t<dt class='gallery-icon landscape'>\n\t\t\t\t<a href='https:\/\/www.visit-ulcinj.com\/blog\/2017\/05\/08\/perfundon-manifestimi-te-gjithe-per-turizem-2017-ne-ulqin\/perfundon-manifestimi-te-gjithe-per-turizem-2017-ne-ulqin\/'><img width=\"150\" height=\"150\" src=\"https:\/\/www.visit-ulcinj.com\/blog\/wp-content\/uploads\/2017\/05\/P\u00ebrfundon-manifestimi-T\u00eb-gjith\u00eb-p\u00ebr-turiz\u00ebm-2017-n\u00eb-Ulqin-150x150.jpg\" class=\"attachment-thumbnail size-thumbnail\" alt=\"\" loading=\"lazy\" \/><\/a>\n\t\t\t<\/dt><\/dl><dl class='gallery-item'>\n\t\t\t<dt class='gallery-icon landscape'>\n\t\t\t\t<a href='https:\/\/www.visit-ulcinj.com\/blog\/2017\/05\/08\/perfundon-manifestimi-te-gjithe-per-turizem-2017-ne-ulqin\/perfundon-manifestimi-te-gjithe-per-turizem-2017-ne-ulqin-3\/'><img width=\"150\" height=\"150\" src=\"https:\/\/www.visit-ulcinj.com\/blog\/wp-content\/uploads\/2017\/05\/P\u00ebrfundon-manifestimi-T\u00eb-gjith\u00eb-p\u00ebr-turiz\u00ebm-2017-n\u00eb-Ulqin-3-150x150.jpg\" class=\"attachment-thumbnail size-thumbnail\" alt=\"\" loading=\"lazy\" \/><\/a>\n\t\t\t<\/dt><\/dl><br style=\"clear: both\" \/>\n\t\t<\/div>\n\n","protected":false},"excerpt":{"rendered":"<p>Zavr\u0161ena manifestacija Svi za Turizam &nbsp; Glamurom modne revije i umjetni\u010dkim djelima poznatih umjetnika iz raznih dijelova svijeta zavr\u0161ena je jo\u0161 jedna manifestacija kojom je Turisti\u010dka Organizacija Ulcinj zvani\u010dno otvorila ljetnju turisti\u010dku sezonu za 2017.godinu. Manifestacija \u201cSvi za turizam\u201d koja se odr\u017eava dugi niz godina, okupila je ove godine umjetnike, pjeva\u010de, slikare, modne dizajnere i [&hellip;]<\/p>\n","protected":false},"author":1,"featured_media":0,"comment_status":"closed","ping_status":"closed","sticky":false,"template":"","format":"standard","meta":{"spay_email":"","jetpack_publicize_message":"","jetpack_is_tweetstorm":false,"jetpack_publicize_feature_enabled":true},"categories":[8337],"tags":[],"jetpack_publicize_connections":[],"yoast_head":"<!-- This site is optimized with the Yoast SEO plugin v19.1 - https:\/\/yoast.com\/wordpress\/plugins\/seo\/ -->\n<title>Zavr\u0161ena manifestacija \u201cSvi za turizam 2017\u201d Ulcinj - Lajme nga Ulqini<\/title>\n<meta name=\"description\" content=\"Zavr\u0161ena manifestacija Svi za Turizam &nbsp; Glamurom modne revije i umjetni\u010dkim djelima poznatih umjetnika iz raznih dijelova svijeta zavr\u0161ena je jo\u0161\" \/>\n<meta name=\"robots\" content=\"index, follow, max-snippet:-1, max-image-preview:large, max-video-preview:-1\" \/>\n<link rel=\"canonical\" href=\"https:\/\/www.visit-ulcinj.com\/blog\/2017\/05\/08\/zavrsena-manifestacija-svi-za-turizam-2017-ulcinj\/\" \/>\n<meta property=\"og:locale\" content=\"en_US\" \/>\n<meta property=\"og:type\" content=\"article\" \/>\n<meta property=\"og:title\" content=\"Zavr\u0161ena manifestacija \u201cSvi za turizam 2017\u201d Ulcinj - Lajme nga Ulqini\" \/>\n<meta property=\"og:description\" content=\"Zavr\u0161ena manifestacija Svi za Turizam &nbsp; Glamurom modne revije i umjetni\u010dkim djelima poznatih umjetnika iz raznih dijelova svijeta zavr\u0161ena je jo\u0161\" \/>\n<meta property=\"og:url\" content=\"https:\/\/www.visit-ulcinj.com\/blog\/2017\/05\/08\/zavrsena-manifestacija-svi-za-turizam-2017-ulcinj\/\" \/>\n<meta property=\"og:site_name\" content=\"Lajme nga Ulqini\" \/>\n<meta property=\"article:published_time\" content=\"2017-05-08T16:28:17+00:00\" \/>\n<meta property=\"article:modified_time\" content=\"2017-05-08T16:29:27+00:00\" \/>\n<meta property=\"og:image\" content=\"https:\/\/www.visit-ulcinj.com\/blog\/wp-content\/uploads\/2017\/05\/P\u00ebrfundon-manifestimi-T\u00eb-gjith\u00eb-p\u00ebr-turiz\u00ebm-2017-n\u00eb-Ulqin-5-150x150.jpg\" \/>\n<meta name=\"twitter:label1\" content=\"Written by\" \/>\n\t<meta name=\"twitter:data1\" content=\"ulqini\" \/>\n\t<meta name=\"twitter:label2\" content=\"Est. reading time\" \/>\n\t<meta name=\"twitter:data2\" content=\"3 minutes\" \/>\n<script type=\"application\/ld+json\" class=\"yoast-schema-graph\">{\"@context\":\"https:\/\/schema.org\",\"@graph\":[{\"@type\":\"WebSite\",\"@id\":\"https:\/\/www.visit-ulcinj.com\/blog\/#website\",\"url\":\"https:\/\/www.visit-ulcinj.com\/blog\/\",\"name\":\"Lajme nga Ulqini\",\"description\":\"Lajme,Vijesti,Ulqini,Ulqin,Crna Gora,Mali i Zi\",\"potentialAction\":[{\"@type\":\"SearchAction\",\"target\":{\"@type\":\"EntryPoint\",\"urlTemplate\":\"https:\/\/www.visit-ulcinj.com\/blog\/?s={search_term_string}\"},\"query-input\":\"required name=search_term_string\"}],\"inLanguage\":\"en-US\"},{\"@type\":\"WebPage\",\"@id\":\"https:\/\/www.visit-ulcinj.com\/blog\/2017\/05\/08\/zavrsena-manifestacija-svi-za-turizam-2017-ulcinj\/#webpage\",\"url\":\"https:\/\/www.visit-ulcinj.com\/blog\/2017\/05\/08\/zavrsena-manifestacija-svi-za-turizam-2017-ulcinj\/\",\"name\":\"Zavr\u0161ena manifestacija \u201cSvi za turizam 2017\u201d Ulcinj - Lajme nga Ulqini\",\"isPartOf\":{\"@id\":\"https:\/\/www.visit-ulcinj.com\/blog\/#website\"},\"datePublished\":\"2017-05-08T16:28:17+00:00\",\"dateModified\":\"2017-05-08T16:29:27+00:00\",\"author\":{\"@id\":\"https:\/\/www.visit-ulcinj.com\/blog\/#\/schema\/person\/dcab619c614d3038751c63bc2aadc06d\"},\"description\":\"Zavr\u0161ena manifestacija Svi za Turizam &nbsp; Glamurom modne revije i umjetni\u010dkim djelima poznatih umjetnika iz raznih dijelova svijeta zavr\u0161ena je jo\u0161\",\"breadcrumb\":{\"@id\":\"https:\/\/www.visit-ulcinj.com\/blog\/2017\/05\/08\/zavrsena-manifestacija-svi-za-turizam-2017-ulcinj\/#breadcrumb\"},\"inLanguage\":\"en-US\",\"potentialAction\":[{\"@type\":\"ReadAction\",\"target\":[\"https:\/\/www.visit-ulcinj.com\/blog\/2017\/05\/08\/zavrsena-manifestacija-svi-za-turizam-2017-ulcinj\/\"]}]},{\"@type\":\"BreadcrumbList\",\"@id\":\"https:\/\/www.visit-ulcinj.com\/blog\/2017\/05\/08\/zavrsena-manifestacija-svi-za-turizam-2017-ulcinj\/#breadcrumb\",\"itemListElement\":[{\"@type\":\"ListItem\",\"position\":1,\"name\":\"Zavr\u0161ena manifestacija \u201cSvi za turizam 2017\u201d Ulcinj\"}]},{\"@type\":\"Person\",\"@id\":\"https:\/\/www.visit-ulcinj.com\/blog\/#\/schema\/person\/dcab619c614d3038751c63bc2aadc06d\",\"name\":\"ulqini\",\"sameAs\":[\"http:\/\/www.visit-ulcinj.com\"],\"url\":\"https:\/\/www.visit-ulcinj.com\/blog\/author\/admin\/\"}]}<\/script>\n<!-- \/ Yoast SEO plugin. -->","yoast_head_json":{"title":"Zavr\u0161ena manifestacija \u201cSvi za turizam 2017\u201d Ulcinj - Lajme nga Ulqini","description":"Zavr\u0161ena manifestacija Svi za Turizam &nbsp; Glamurom modne revije i umjetni\u010dkim djelima poznatih umjetnika iz raznih dijelova svijeta zavr\u0161ena je jo\u0161","robots":{"index":"index","follow":"follow","max-snippet":"max-snippet:-1","max-image-preview":"max-image-preview:large","max-video-preview":"max-video-preview:-1"},"canonical":"https:\/\/www.visit-ulcinj.com\/blog\/2017\/05\/08\/zavrsena-manifestacija-svi-za-turizam-2017-ulcinj\/","og_locale":"en_US","og_type":"article","og_title":"Zavr\u0161ena manifestacija \u201cSvi za turizam 2017\u201d Ulcinj - Lajme nga Ulqini","og_description":"Zavr\u0161ena manifestacija Svi za Turizam &nbsp; Glamurom modne revije i umjetni\u010dkim djelima poznatih umjetnika iz raznih dijelova svijeta zavr\u0161ena je jo\u0161","og_url":"https:\/\/www.visit-ulcinj.com\/blog\/2017\/05\/08\/zavrsena-manifestacija-svi-za-turizam-2017-ulcinj\/","og_site_name":"Lajme nga Ulqini","article_published_time":"2017-05-08T16:28:17+00:00","article_modified_time":"2017-05-08T16:29:27+00:00","og_image":[{"url":"https:\/\/www.visit-ulcinj.com\/blog\/wp-content\/uploads\/2017\/05\/P\u00ebrfundon-manifestimi-T\u00eb-gjith\u00eb-p\u00ebr-turiz\u00ebm-2017-n\u00eb-Ulqin-5-150x150.jpg"}],"twitter_misc":{"Written by":"ulqini","Est. reading time":"3 minutes"},"schema":{"@context":"https:\/\/schema.org","@graph":[{"@type":"WebSite","@id":"https:\/\/www.visit-ulcinj.com\/blog\/#website","url":"https:\/\/www.visit-ulcinj.com\/blog\/","name":"Lajme nga Ulqini","description":"Lajme,Vijesti,Ulqini,Ulqin,Crna Gora,Mali i Zi","potentialAction":[{"@type":"SearchAction","target":{"@type":"EntryPoint","urlTemplate":"https:\/\/www.visit-ulcinj.com\/blog\/?s={search_term_string}"},"query-input":"required name=search_term_string"}],"inLanguage":"en-US"},{"@type":"WebPage","@id":"https:\/\/www.visit-ulcinj.com\/blog\/2017\/05\/08\/zavrsena-manifestacija-svi-za-turizam-2017-ulcinj\/#webpage","url":"https:\/\/www.visit-ulcinj.com\/blog\/2017\/05\/08\/zavrsena-manifestacija-svi-za-turizam-2017-ulcinj\/","name":"Zavr\u0161ena manifestacija \u201cSvi za turizam 2017\u201d Ulcinj - Lajme nga Ulqini","isPartOf":{"@id":"https:\/\/www.visit-ulcinj.com\/blog\/#website"},"datePublished":"2017-05-08T16:28:17+00:00","dateModified":"2017-05-08T16:29:27+00:00","author":{"@id":"https:\/\/www.visit-ulcinj.com\/blog\/#\/schema\/person\/dcab619c614d3038751c63bc2aadc06d"},"description":"Zavr\u0161ena manifestacija Svi za Turizam &nbsp; Glamurom modne revije i umjetni\u010dkim djelima poznatih umjetnika iz raznih dijelova svijeta zavr\u0161ena je jo\u0161","breadcrumb":{"@id":"https:\/\/www.visit-ulcinj.com\/blog\/2017\/05\/08\/zavrsena-manifestacija-svi-za-turizam-2017-ulcinj\/#breadcrumb"},"inLanguage":"en-US","potentialAction":[{"@type":"ReadAction","target":["https:\/\/www.visit-ulcinj.com\/blog\/2017\/05\/08\/zavrsena-manifestacija-svi-za-turizam-2017-ulcinj\/"]}]},{"@type":"BreadcrumbList","@id":"https:\/\/www.visit-ulcinj.com\/blog\/2017\/05\/08\/zavrsena-manifestacija-svi-za-turizam-2017-ulcinj\/#breadcrumb","itemListElement":[{"@type":"ListItem","position":1,"name":"Zavr\u0161ena manifestacija \u201cSvi za turizam 2017\u201d Ulcinj"}]},{"@type":"Person","@id":"https:\/\/www.visit-ulcinj.com\/blog\/#\/schema\/person\/dcab619c614d3038751c63bc2aadc06d","name":"ulqini","sameAs":["http:\/\/www.visit-ulcinj.com"],"url":"https:\/\/www.visit-ulcinj.com\/blog\/author\/admin\/"}]}},"jetpack_featured_media_url":"","jetpack_sharing_enabled":true,"jetpack_shortlink":"https:\/\/wp.me\/pe6lTn-rj8","_links":{"self":[{"href":"https:\/\/www.visit-ulcinj.com\/blog\/wp-json\/wp\/v2\/posts\/104974"}],"collection":[{"href":"https:\/\/www.visit-ulcinj.com\/blog\/wp-json\/wp\/v2\/posts"}],"about":[{"href":"https:\/\/www.visit-ulcinj.com\/blog\/wp-json\/wp\/v2\/types\/post"}],"author":[{"embeddable":true,"href":"https:\/\/www.visit-ulcinj.com\/blog\/wp-json\/wp\/v2\/users\/1"}],"replies":[{"embeddable":true,"href":"https:\/\/www.visit-ulcinj.com\/blog\/wp-json\/wp\/v2\/comments?post=104974"}],"version-history":[{"count":1,"href":"https:\/\/www.visit-ulcinj.com\/blog\/wp-json\/wp\/v2\/posts\/104974\/revisions"}],"predecessor-version":[{"id":104975,"href":"https:\/\/www.visit-ulcinj.com\/blog\/wp-json\/wp\/v2\/posts\/104974\/revisions\/104975"}],"wp:attachment":[{"href":"https:\/\/www.visit-ulcinj.com\/blog\/wp-json\/wp\/v2\/media?parent=104974"}],"wp:term":[{"taxonomy":"category","embeddable":true,"href":"https:\/\/www.visit-ulcinj.com\/blog\/wp-json\/wp\/v2\/categories?post=104974"},{"taxonomy":"post_tag","embeddable":true,"href":"https:\/\/www.visit-ulcinj.com\/blog\/wp-json\/wp\/v2\/tags?post=104974"}],"curies":[{"name":"wp","href":"https:\/\/api.w.org\/{rel}","templated":true}]}}