{"id":104990,"date":"2017-05-11T23:03:17","date_gmt":"2017-05-11T22:03:17","guid":{"rendered":"http:\/\/www.visit-ulcinj.com\/blog\/?p=104990"},"modified":"2017-05-11T23:03:17","modified_gmt":"2017-05-11T22:03:17","slug":"qeverise-dhe-presidentit-te-malit-te-zi-kerkohet-amnistia-per-nail-dragen","status":"publish","type":"post","link":"https:\/\/www.visit-ulcinj.com\/blog\/2017\/05\/11\/qeverise-dhe-presidentit-te-malit-te-zi-kerkohet-amnistia-per-nail-dragen\/","title":{"rendered":"Qeveris\u00eb dhe Presidentit  t\u00eb Malit t\u00eb Zi i k\u00ebrkohet amnistia p\u00ebr Nail Drag\u00ebn"},"content":{"rendered":"<p><a href=\"http:\/\/www.visit-ulcinj.com\/blog\/wp-content\/uploads\/2017\/05\/Tubim-p\u00ebrkrah\u00ebs-per-Nail-Dragen-Ulqin.jpg\"><img loading=\"lazy\" class=\"alignleft wp-image-104991\" src=\"http:\/\/www.visit-ulcinj.com\/blog\/wp-content\/uploads\/2017\/05\/Tubim-p\u00ebrkrah\u00ebs-per-Nail-Dragen-Ulqin.jpg\" alt=\"\" width=\"508\" height=\"381\" srcset=\"https:\/\/www.visit-ulcinj.com\/blog\/wp-content\/uploads\/2017\/05\/Tubim-p\u00ebrkrah\u00ebs-per-Nail-Dragen-Ulqin.jpg 999w, https:\/\/www.visit-ulcinj.com\/blog\/wp-content\/uploads\/2017\/05\/Tubim-p\u00ebrkrah\u00ebs-per-Nail-Dragen-Ulqin-300x225.jpg 300w, https:\/\/www.visit-ulcinj.com\/blog\/wp-content\/uploads\/2017\/05\/Tubim-p\u00ebrkrah\u00ebs-per-Nail-Dragen-Ulqin-768x576.jpg 768w\" sizes=\"(max-width: 508px) 100vw, 508px\" \/><\/a>N\u00eb tubimin joformal t\u00eb nj\u00eb grupi p\u00ebrfaq\u00ebsuesish t\u00eb organizatave joqeveritare dhe intelektual\u00ebsh nga Ulqini u soll vendimi q\u00eb t\u00eb iniciohet n\u00ebnshkrimi i on-line peticionit me t\u00eb cilin do t\u00eb k\u00ebrkohet publikisht nga kryetari i Malit t\u00eb Zi Filip Vujanoviq q\u00eb t\u00eb amnistoj\u00eb Dr. Nail Drag\u00ebn, raporton portali Ul.info.<\/p>\n<p>Z\u00ebvend\u00ebs drejtori i Qendr\u00ebs p\u00ebr kultur\u00eb n\u00eb Ulqin nga e h\u00ebna po vuan d\u00ebnimin gjasht\u00eb mujor me burg t\u00eb cilin ia caktoi vitin e kaluar Gjykata e lart\u00eb n\u00eb Podgoric\u00eb p\u00ebr shkak t\u00eb \u201ckeqp\u00ebrdorimit t\u00eb pozit\u00ebs zyrtare\u201d.<\/p>\n<p>\u201cAjo \u00e7far\u00eb i \u00ebsht\u00eb ngarkuar Dr. Drag\u00ebs \u00ebsht\u00eb e pap\u00ebrfillshme me at\u00eb \u00e7far\u00eb \u00ebsht\u00eb b\u00ebr\u00eb k\u00ebtij qyteti, e p\u00ebr \u00e7\u2019gj\u00eb askush nuk mban p\u00ebrgjegj\u00ebsi\u201d, u tha n\u00eb k\u00ebt\u00eb tubim.<\/p>\n<p>\u00cbsht\u00eb paralajm\u00ebruar q\u00eb apeli publik Vujanoviqit do t\u2019i d\u00ebrgohet jav\u00ebn e ardhshme.<\/p>\n","protected":false},"excerpt":{"rendered":"<p>N\u00eb tubimin joformal t\u00eb nj\u00eb grupi p\u00ebrfaq\u00ebsuesish t\u00eb organizatave joqeveritare dhe intelektual\u00ebsh nga Ulqini u soll vendimi q\u00eb t\u00eb iniciohet n\u00ebnshkrimi i on-line peticionit me t\u00eb cilin do t\u00eb k\u00ebrkohet publikisht nga kryetari i Malit t\u00eb Zi Filip Vujanoviq q\u00eb t\u00eb amnistoj\u00eb Dr. Nail Drag\u00ebn, raporton portali Ul.info. Z\u00ebvend\u00ebs drejtori i Qendr\u00ebs p\u00ebr kultur\u00eb n\u00eb [&hellip;]<\/p>\n","protected":false},"author":1,"featured_media":0,"comment_status":"closed","ping_status":"closed","sticky":false,"template":"","format":"standard","meta":{"spay_email":"","jetpack_publicize_message":"","jetpack_is_tweetstorm":false,"jetpack_publicize_feature_enabled":true},"categories":[12],"tags":[],"jetpack_publicize_connections":[],"yoast_head":"<!-- This site is optimized with the Yoast SEO plugin v19.1 - https:\/\/yoast.com\/wordpress\/plugins\/seo\/ -->\n<title>Qeveris\u00eb dhe Presidentit t\u00eb Malit t\u00eb Zi i k\u00ebrkohet amnistia p\u00ebr Nail Drag\u00ebn - Lajme nga Ulqini<\/title>\n<meta name=\"description\" content=\"N\u00eb tubimin joformal t\u00eb nj\u00eb grupi p\u00ebrfaq\u00ebsuesish t\u00eb organizatave joqeveritare dhe intelektual\u00ebsh nga Ulqini u soll vendimi q\u00eb t\u00eb iniciohet n\u00ebnshkrimi i\" \/>\n<meta name=\"robots\" content=\"index, follow, max-snippet:-1, max-image-preview:large, max-video-preview:-1\" \/>\n<link rel=\"canonical\" href=\"https:\/\/www.visit-ulcinj.com\/blog\/2017\/05\/11\/qeverise-dhe-presidentit-te-malit-te-zi-kerkohet-amnistia-per-nail-dragen\/\" \/>\n<meta property=\"og:locale\" content=\"en_US\" \/>\n<meta property=\"og:type\" content=\"article\" \/>\n<meta property=\"og:title\" content=\"Qeveris\u00eb dhe Presidentit t\u00eb Malit t\u00eb Zi i k\u00ebrkohet amnistia p\u00ebr Nail Drag\u00ebn - Lajme nga Ulqini\" \/>\n<meta property=\"og:description\" content=\"N\u00eb tubimin joformal t\u00eb nj\u00eb grupi p\u00ebrfaq\u00ebsuesish t\u00eb organizatave joqeveritare dhe intelektual\u00ebsh nga Ulqini u soll vendimi q\u00eb t\u00eb iniciohet n\u00ebnshkrimi i\" \/>\n<meta property=\"og:url\" content=\"https:\/\/www.visit-ulcinj.com\/blog\/2017\/05\/11\/qeverise-dhe-presidentit-te-malit-te-zi-kerkohet-amnistia-per-nail-dragen\/\" \/>\n<meta property=\"og:site_name\" content=\"Lajme nga Ulqini\" \/>\n<meta property=\"article:published_time\" content=\"2017-05-11T22:03:17+00:00\" \/>\n<meta name=\"twitter:label1\" content=\"Written by\" \/>\n\t<meta name=\"twitter:data1\" content=\"ulqini\" \/>\n\t<meta name=\"twitter:label2\" content=\"Est. reading time\" \/>\n\t<meta name=\"twitter:data2\" content=\"1 minute\" \/>\n<script type=\"application\/ld+json\" class=\"yoast-schema-graph\">{\"@context\":\"https:\/\/schema.org\",\"@graph\":[{\"@type\":\"WebSite\",\"@id\":\"https:\/\/www.visit-ulcinj.com\/blog\/#website\",\"url\":\"https:\/\/www.visit-ulcinj.com\/blog\/\",\"name\":\"Lajme nga Ulqini\",\"description\":\"Lajme,Vijesti,Ulqini,Ulqin,Crna Gora,Mali i Zi\",\"potentialAction\":[{\"@type\":\"SearchAction\",\"target\":{\"@type\":\"EntryPoint\",\"urlTemplate\":\"https:\/\/www.visit-ulcinj.com\/blog\/?s={search_term_string}\"},\"query-input\":\"required name=search_term_string\"}],\"inLanguage\":\"en-US\"},{\"@type\":\"WebPage\",\"@id\":\"https:\/\/www.visit-ulcinj.com\/blog\/2017\/05\/11\/qeverise-dhe-presidentit-te-malit-te-zi-kerkohet-amnistia-per-nail-dragen\/#webpage\",\"url\":\"https:\/\/www.visit-ulcinj.com\/blog\/2017\/05\/11\/qeverise-dhe-presidentit-te-malit-te-zi-kerkohet-amnistia-per-nail-dragen\/\",\"name\":\"Qeveris\u00eb dhe Presidentit t\u00eb Malit t\u00eb Zi i k\u00ebrkohet amnistia p\u00ebr Nail Drag\u00ebn - Lajme nga Ulqini\",\"isPartOf\":{\"@id\":\"https:\/\/www.visit-ulcinj.com\/blog\/#website\"},\"datePublished\":\"2017-05-11T22:03:17+00:00\",\"dateModified\":\"2017-05-11T22:03:17+00:00\",\"author\":{\"@id\":\"https:\/\/www.visit-ulcinj.com\/blog\/#\/schema\/person\/dcab619c614d3038751c63bc2aadc06d\"},\"description\":\"N\u00eb tubimin joformal t\u00eb nj\u00eb grupi p\u00ebrfaq\u00ebsuesish t\u00eb organizatave joqeveritare dhe intelektual\u00ebsh nga Ulqini u soll vendimi q\u00eb t\u00eb iniciohet n\u00ebnshkrimi i\",\"breadcrumb\":{\"@id\":\"https:\/\/www.visit-ulcinj.com\/blog\/2017\/05\/11\/qeverise-dhe-presidentit-te-malit-te-zi-kerkohet-amnistia-per-nail-dragen\/#breadcrumb\"},\"inLanguage\":\"en-US\",\"potentialAction\":[{\"@type\":\"ReadAction\",\"target\":[\"https:\/\/www.visit-ulcinj.com\/blog\/2017\/05\/11\/qeverise-dhe-presidentit-te-malit-te-zi-kerkohet-amnistia-per-nail-dragen\/\"]}]},{\"@type\":\"BreadcrumbList\",\"@id\":\"https:\/\/www.visit-ulcinj.com\/blog\/2017\/05\/11\/qeverise-dhe-presidentit-te-malit-te-zi-kerkohet-amnistia-per-nail-dragen\/#breadcrumb\",\"itemListElement\":[{\"@type\":\"ListItem\",\"position\":1,\"name\":\"Qeveris\u00eb dhe Presidentit t\u00eb Malit t\u00eb Zi i k\u00ebrkohet amnistia p\u00ebr Nail Drag\u00ebn\"}]},{\"@type\":\"Person\",\"@id\":\"https:\/\/www.visit-ulcinj.com\/blog\/#\/schema\/person\/dcab619c614d3038751c63bc2aadc06d\",\"name\":\"ulqini\",\"sameAs\":[\"http:\/\/www.visit-ulcinj.com\"],\"url\":\"https:\/\/www.visit-ulcinj.com\/blog\/author\/admin\/\"}]}<\/script>\n<!-- \/ Yoast SEO plugin. -->","yoast_head_json":{"title":"Qeveris\u00eb dhe Presidentit t\u00eb Malit t\u00eb Zi i k\u00ebrkohet amnistia p\u00ebr Nail Drag\u00ebn - Lajme nga Ulqini","description":"N\u00eb tubimin joformal t\u00eb nj\u00eb grupi p\u00ebrfaq\u00ebsuesish t\u00eb organizatave joqeveritare dhe intelektual\u00ebsh nga Ulqini u soll vendimi q\u00eb t\u00eb iniciohet n\u00ebnshkrimi i","robots":{"index":"index","follow":"follow","max-snippet":"max-snippet:-1","max-image-preview":"max-image-preview:large","max-video-preview":"max-video-preview:-1"},"canonical":"https:\/\/www.visit-ulcinj.com\/blog\/2017\/05\/11\/qeverise-dhe-presidentit-te-malit-te-zi-kerkohet-amnistia-per-nail-dragen\/","og_locale":"en_US","og_type":"article","og_title":"Qeveris\u00eb dhe Presidentit t\u00eb Malit t\u00eb Zi i k\u00ebrkohet amnistia p\u00ebr Nail Drag\u00ebn - Lajme nga Ulqini","og_description":"N\u00eb tubimin joformal t\u00eb nj\u00eb grupi p\u00ebrfaq\u00ebsuesish t\u00eb organizatave joqeveritare dhe intelektual\u00ebsh nga Ulqini u soll vendimi q\u00eb t\u00eb iniciohet n\u00ebnshkrimi i","og_url":"https:\/\/www.visit-ulcinj.com\/blog\/2017\/05\/11\/qeverise-dhe-presidentit-te-malit-te-zi-kerkohet-amnistia-per-nail-dragen\/","og_site_name":"Lajme nga Ulqini","article_published_time":"2017-05-11T22:03:17+00:00","twitter_misc":{"Written by":"ulqini","Est. reading time":"1 minute"},"schema":{"@context":"https:\/\/schema.org","@graph":[{"@type":"WebSite","@id":"https:\/\/www.visit-ulcinj.com\/blog\/#website","url":"https:\/\/www.visit-ulcinj.com\/blog\/","name":"Lajme nga Ulqini","description":"Lajme,Vijesti,Ulqini,Ulqin,Crna Gora,Mali i Zi","potentialAction":[{"@type":"SearchAction","target":{"@type":"EntryPoint","urlTemplate":"https:\/\/www.visit-ulcinj.com\/blog\/?s={search_term_string}"},"query-input":"required name=search_term_string"}],"inLanguage":"en-US"},{"@type":"WebPage","@id":"https:\/\/www.visit-ulcinj.com\/blog\/2017\/05\/11\/qeverise-dhe-presidentit-te-malit-te-zi-kerkohet-amnistia-per-nail-dragen\/#webpage","url":"https:\/\/www.visit-ulcinj.com\/blog\/2017\/05\/11\/qeverise-dhe-presidentit-te-malit-te-zi-kerkohet-amnistia-per-nail-dragen\/","name":"Qeveris\u00eb dhe Presidentit t\u00eb Malit t\u00eb Zi i k\u00ebrkohet amnistia p\u00ebr Nail Drag\u00ebn - Lajme nga Ulqini","isPartOf":{"@id":"https:\/\/www.visit-ulcinj.com\/blog\/#website"},"datePublished":"2017-05-11T22:03:17+00:00","dateModified":"2017-05-11T22:03:17+00:00","author":{"@id":"https:\/\/www.visit-ulcinj.com\/blog\/#\/schema\/person\/dcab619c614d3038751c63bc2aadc06d"},"description":"N\u00eb tubimin joformal t\u00eb nj\u00eb grupi p\u00ebrfaq\u00ebsuesish t\u00eb organizatave joqeveritare dhe intelektual\u00ebsh nga Ulqini u soll vendimi q\u00eb t\u00eb iniciohet n\u00ebnshkrimi i","breadcrumb":{"@id":"https:\/\/www.visit-ulcinj.com\/blog\/2017\/05\/11\/qeverise-dhe-presidentit-te-malit-te-zi-kerkohet-amnistia-per-nail-dragen\/#breadcrumb"},"inLanguage":"en-US","potentialAction":[{"@type":"ReadAction","target":["https:\/\/www.visit-ulcinj.com\/blog\/2017\/05\/11\/qeverise-dhe-presidentit-te-malit-te-zi-kerkohet-amnistia-per-nail-dragen\/"]}]},{"@type":"BreadcrumbList","@id":"https:\/\/www.visit-ulcinj.com\/blog\/2017\/05\/11\/qeverise-dhe-presidentit-te-malit-te-zi-kerkohet-amnistia-per-nail-dragen\/#breadcrumb","itemListElement":[{"@type":"ListItem","position":1,"name":"Qeveris\u00eb dhe Presidentit t\u00eb Malit t\u00eb Zi i k\u00ebrkohet amnistia p\u00ebr Nail Drag\u00ebn"}]},{"@type":"Person","@id":"https:\/\/www.visit-ulcinj.com\/blog\/#\/schema\/person\/dcab619c614d3038751c63bc2aadc06d","name":"ulqini","sameAs":["http:\/\/www.visit-ulcinj.com"],"url":"https:\/\/www.visit-ulcinj.com\/blog\/author\/admin\/"}]}},"jetpack_featured_media_url":"","jetpack_sharing_enabled":true,"jetpack_shortlink":"https:\/\/wp.me\/pe6lTn-rjo","_links":{"self":[{"href":"https:\/\/www.visit-ulcinj.com\/blog\/wp-json\/wp\/v2\/posts\/104990"}],"collection":[{"href":"https:\/\/www.visit-ulcinj.com\/blog\/wp-json\/wp\/v2\/posts"}],"about":[{"href":"https:\/\/www.visit-ulcinj.com\/blog\/wp-json\/wp\/v2\/types\/post"}],"author":[{"embeddable":true,"href":"https:\/\/www.visit-ulcinj.com\/blog\/wp-json\/wp\/v2\/users\/1"}],"replies":[{"embeddable":true,"href":"https:\/\/www.visit-ulcinj.com\/blog\/wp-json\/wp\/v2\/comments?post=104990"}],"version-history":[{"count":1,"href":"https:\/\/www.visit-ulcinj.com\/blog\/wp-json\/wp\/v2\/posts\/104990\/revisions"}],"predecessor-version":[{"id":104992,"href":"https:\/\/www.visit-ulcinj.com\/blog\/wp-json\/wp\/v2\/posts\/104990\/revisions\/104992"}],"wp:attachment":[{"href":"https:\/\/www.visit-ulcinj.com\/blog\/wp-json\/wp\/v2\/media?parent=104990"}],"wp:term":[{"taxonomy":"category","embeddable":true,"href":"https:\/\/www.visit-ulcinj.com\/blog\/wp-json\/wp\/v2\/categories?post=104990"},{"taxonomy":"post_tag","embeddable":true,"href":"https:\/\/www.visit-ulcinj.com\/blog\/wp-json\/wp\/v2\/tags?post=104990"}],"curies":[{"name":"wp","href":"https:\/\/api.w.org\/{rel}","templated":true}]}}