{"id":104993,"date":"2017-05-11T23:09:58","date_gmt":"2017-05-11T22:09:58","guid":{"rendered":"http:\/\/www.visit-ulcinj.com\/blog\/?p=104993"},"modified":"2017-05-11T23:09:58","modified_gmt":"2017-05-11T22:09:58","slug":"mali-zi-behet-anetari-29-te-nato-s","status":"publish","type":"post","link":"https:\/\/www.visit-ulcinj.com\/blog\/2017\/05\/11\/mali-zi-behet-anetari-29-te-nato-s\/","title":{"rendered":"Mali i Zi b\u00ebhet an\u00ebtari i 29-t\u00eb i NATO-s"},"content":{"rendered":"<p><strong><a href=\"http:\/\/www.visit-ulcinj.com\/blog\/wp-content\/uploads\/2017\/05\/Mali-i-Zi-b\u00ebhet-an\u00ebtari-i-29-t\u00eb-i-NATO-s.jpg\"><img loading=\"lazy\" class=\"alignleft wp-image-104994\" src=\"http:\/\/www.visit-ulcinj.com\/blog\/wp-content\/uploads\/2017\/05\/Mali-i-Zi-b\u00ebhet-an\u00ebtari-i-29-t\u00eb-i-NATO-s.jpg\" alt=\"\" width=\"508\" height=\"286\" srcset=\"https:\/\/www.visit-ulcinj.com\/blog\/wp-content\/uploads\/2017\/05\/Mali-i-Zi-b\u00ebhet-an\u00ebtari-i-29-t\u00eb-i-NATO-s.jpg 780w, https:\/\/www.visit-ulcinj.com\/blog\/wp-content\/uploads\/2017\/05\/Mali-i-Zi-b\u00ebhet-an\u00ebtari-i-29-t\u00eb-i-NATO-s-300x169.jpg 300w, https:\/\/www.visit-ulcinj.com\/blog\/wp-content\/uploads\/2017\/05\/Mali-i-Zi-b\u00ebhet-an\u00ebtari-i-29-t\u00eb-i-NATO-s-768x432.jpg 768w\" sizes=\"(max-width: 508px) 100vw, 508px\" \/><\/a>Pasi Dhoma e Lart\u00eb e Parlamentit spanjoll ratifikoi t\u00eb m\u00ebrkur\u00ebn protokollin mbi pranimin e Malit t\u00eb Zi n\u00eb NATO, ka p\u00ebrfunduar procesi i ratifikimit nga t\u00eb gjitha 28 shtetet an\u00ebtare Aleanc\u00ebs.<\/strong><\/p>\n<p>\u201cPas 1 qershorit, hyn n\u00eb fuqi akti i ratifikimit n\u00eb Holand\u00eb, ku p\u00ebrfundon procedura komb\u00ebtare, dhe do t\u00eb pasoj\u00eb ftesa nga Sekretari i P\u00ebrgjithsh\u00ebm Jens Stoltenberg, d\u00ebrguar Malit t\u00eb Zi p\u00ebr t\u2019u bashkuar me NATO-n\u201d, thuhej n\u00eb njoftimin e qeveris\u00eb malazeze, transmeton Telegrafi.<\/p>\n<p>Qeveria e k\u00ebtij vendi ka njoftuar se si Mali i Zi, me krenari po p\u00ebrfundon nj\u00eb nga objektivat e saj prioritare p\u00ebr zhvillimin e nj\u00eb shteti modern dhe demokratik.<\/p>\n<p>Procesi i ratifikimit t\u00eb protokollit t\u00eb an\u00ebtar\u00ebsimit kishte filluar n\u00eb shtetet an\u00ebtare t\u00eb NATO-s n\u00eb qershor t\u00eb vitit 2016, kurse vet\u00ebm dy dit\u00eb m\u00eb von\u00eb, vendi i par\u00eb q\u00eb e ka b\u00ebr\u00eb nj\u00eb gj\u00eb t\u00eb till\u00eb ishte Islanda, e cila pik\u00ebrisht dhjet\u00eb vite m\u00eb par\u00eb, ishte shteti i par\u00eb q\u00eb njohu pavar\u00ebsin\u00eb e Malit t\u00eb Zi. \/Telegrafi\/<\/p>\n","protected":false},"excerpt":{"rendered":"<p>Pasi Dhoma e Lart\u00eb e Parlamentit spanjoll ratifikoi t\u00eb m\u00ebrkur\u00ebn protokollin mbi pranimin e Malit t\u00eb Zi n\u00eb NATO, ka p\u00ebrfunduar procesi i ratifikimit nga t\u00eb gjitha 28 shtetet an\u00ebtare Aleanc\u00ebs. \u201cPas 1 qershorit, hyn n\u00eb fuqi akti i ratifikimit n\u00eb Holand\u00eb, ku p\u00ebrfundon procedura komb\u00ebtare, dhe do t\u00eb pasoj\u00eb ftesa nga Sekretari i P\u00ebrgjithsh\u00ebm [&hellip;]<\/p>\n","protected":false},"author":1,"featured_media":0,"comment_status":"closed","ping_status":"closed","sticky":false,"template":"","format":"standard","meta":{"spay_email":"","jetpack_publicize_message":"","jetpack_is_tweetstorm":false,"jetpack_publicize_feature_enabled":true},"categories":[14],"tags":[],"jetpack_publicize_connections":[],"yoast_head":"<!-- This site is optimized with the Yoast SEO plugin v19.1 - https:\/\/yoast.com\/wordpress\/plugins\/seo\/ -->\n<title>Mali i Zi b\u00ebhet an\u00ebtari i 29-t\u00eb i NATO-s - Lajme nga Ulqini<\/title>\n<meta name=\"description\" content=\"Pasi Dhoma e Lart\u00eb e Parlamentit spanjoll ratifikoi t\u00eb m\u00ebrkur\u00ebn protokollin mbi pranimin e Malit t\u00eb Zi n\u00eb NATO, ka p\u00ebrfunduar procesi i ratifikimit nga t\u00eb\" \/>\n<meta name=\"robots\" content=\"index, follow, max-snippet:-1, max-image-preview:large, max-video-preview:-1\" \/>\n<link rel=\"canonical\" href=\"https:\/\/www.visit-ulcinj.com\/blog\/2017\/05\/11\/mali-zi-behet-anetari-29-te-nato-s\/\" \/>\n<meta property=\"og:locale\" content=\"en_US\" \/>\n<meta property=\"og:type\" content=\"article\" \/>\n<meta property=\"og:title\" content=\"Mali i Zi b\u00ebhet an\u00ebtari i 29-t\u00eb i NATO-s - Lajme nga Ulqini\" \/>\n<meta property=\"og:description\" content=\"Pasi Dhoma e Lart\u00eb e Parlamentit spanjoll ratifikoi t\u00eb m\u00ebrkur\u00ebn protokollin mbi pranimin e Malit t\u00eb Zi n\u00eb NATO, ka p\u00ebrfunduar procesi i ratifikimit nga t\u00eb\" \/>\n<meta property=\"og:url\" content=\"https:\/\/www.visit-ulcinj.com\/blog\/2017\/05\/11\/mali-zi-behet-anetari-29-te-nato-s\/\" \/>\n<meta property=\"og:site_name\" content=\"Lajme nga Ulqini\" \/>\n<meta property=\"article:published_time\" content=\"2017-05-11T22:09:58+00:00\" \/>\n<meta name=\"twitter:label1\" content=\"Written by\" \/>\n\t<meta name=\"twitter:data1\" content=\"ulqini\" \/>\n\t<meta name=\"twitter:label2\" content=\"Est. reading time\" \/>\n\t<meta name=\"twitter:data2\" content=\"1 minute\" \/>\n<script type=\"application\/ld+json\" class=\"yoast-schema-graph\">{\"@context\":\"https:\/\/schema.org\",\"@graph\":[{\"@type\":\"WebSite\",\"@id\":\"https:\/\/www.visit-ulcinj.com\/blog\/#website\",\"url\":\"https:\/\/www.visit-ulcinj.com\/blog\/\",\"name\":\"Lajme nga Ulqini\",\"description\":\"Lajme,Vijesti,Ulqini,Ulqin,Crna Gora,Mali i Zi\",\"potentialAction\":[{\"@type\":\"SearchAction\",\"target\":{\"@type\":\"EntryPoint\",\"urlTemplate\":\"https:\/\/www.visit-ulcinj.com\/blog\/?s={search_term_string}\"},\"query-input\":\"required name=search_term_string\"}],\"inLanguage\":\"en-US\"},{\"@type\":\"WebPage\",\"@id\":\"https:\/\/www.visit-ulcinj.com\/blog\/2017\/05\/11\/mali-zi-behet-anetari-29-te-nato-s\/#webpage\",\"url\":\"https:\/\/www.visit-ulcinj.com\/blog\/2017\/05\/11\/mali-zi-behet-anetari-29-te-nato-s\/\",\"name\":\"Mali i Zi b\u00ebhet an\u00ebtari i 29-t\u00eb i NATO-s - Lajme nga Ulqini\",\"isPartOf\":{\"@id\":\"https:\/\/www.visit-ulcinj.com\/blog\/#website\"},\"datePublished\":\"2017-05-11T22:09:58+00:00\",\"dateModified\":\"2017-05-11T22:09:58+00:00\",\"author\":{\"@id\":\"https:\/\/www.visit-ulcinj.com\/blog\/#\/schema\/person\/dcab619c614d3038751c63bc2aadc06d\"},\"description\":\"Pasi Dhoma e Lart\u00eb e Parlamentit spanjoll ratifikoi t\u00eb m\u00ebrkur\u00ebn protokollin mbi pranimin e Malit t\u00eb Zi n\u00eb NATO, ka p\u00ebrfunduar procesi i ratifikimit nga t\u00eb\",\"breadcrumb\":{\"@id\":\"https:\/\/www.visit-ulcinj.com\/blog\/2017\/05\/11\/mali-zi-behet-anetari-29-te-nato-s\/#breadcrumb\"},\"inLanguage\":\"en-US\",\"potentialAction\":[{\"@type\":\"ReadAction\",\"target\":[\"https:\/\/www.visit-ulcinj.com\/blog\/2017\/05\/11\/mali-zi-behet-anetari-29-te-nato-s\/\"]}]},{\"@type\":\"BreadcrumbList\",\"@id\":\"https:\/\/www.visit-ulcinj.com\/blog\/2017\/05\/11\/mali-zi-behet-anetari-29-te-nato-s\/#breadcrumb\",\"itemListElement\":[{\"@type\":\"ListItem\",\"position\":1,\"name\":\"Mali i Zi b\u00ebhet an\u00ebtari i 29-t\u00eb i NATO-s\"}]},{\"@type\":\"Person\",\"@id\":\"https:\/\/www.visit-ulcinj.com\/blog\/#\/schema\/person\/dcab619c614d3038751c63bc2aadc06d\",\"name\":\"ulqini\",\"sameAs\":[\"http:\/\/www.visit-ulcinj.com\"],\"url\":\"https:\/\/www.visit-ulcinj.com\/blog\/author\/admin\/\"}]}<\/script>\n<!-- \/ Yoast SEO plugin. -->","yoast_head_json":{"title":"Mali i Zi b\u00ebhet an\u00ebtari i 29-t\u00eb i NATO-s - Lajme nga Ulqini","description":"Pasi Dhoma e Lart\u00eb e Parlamentit spanjoll ratifikoi t\u00eb m\u00ebrkur\u00ebn protokollin mbi pranimin e Malit t\u00eb Zi n\u00eb NATO, ka p\u00ebrfunduar procesi i ratifikimit nga t\u00eb","robots":{"index":"index","follow":"follow","max-snippet":"max-snippet:-1","max-image-preview":"max-image-preview:large","max-video-preview":"max-video-preview:-1"},"canonical":"https:\/\/www.visit-ulcinj.com\/blog\/2017\/05\/11\/mali-zi-behet-anetari-29-te-nato-s\/","og_locale":"en_US","og_type":"article","og_title":"Mali i Zi b\u00ebhet an\u00ebtari i 29-t\u00eb i NATO-s - Lajme nga Ulqini","og_description":"Pasi Dhoma e Lart\u00eb e Parlamentit spanjoll ratifikoi t\u00eb m\u00ebrkur\u00ebn protokollin mbi pranimin e Malit t\u00eb Zi n\u00eb NATO, ka p\u00ebrfunduar procesi i ratifikimit nga t\u00eb","og_url":"https:\/\/www.visit-ulcinj.com\/blog\/2017\/05\/11\/mali-zi-behet-anetari-29-te-nato-s\/","og_site_name":"Lajme nga Ulqini","article_published_time":"2017-05-11T22:09:58+00:00","twitter_misc":{"Written by":"ulqini","Est. reading time":"1 minute"},"schema":{"@context":"https:\/\/schema.org","@graph":[{"@type":"WebSite","@id":"https:\/\/www.visit-ulcinj.com\/blog\/#website","url":"https:\/\/www.visit-ulcinj.com\/blog\/","name":"Lajme nga Ulqini","description":"Lajme,Vijesti,Ulqini,Ulqin,Crna Gora,Mali i Zi","potentialAction":[{"@type":"SearchAction","target":{"@type":"EntryPoint","urlTemplate":"https:\/\/www.visit-ulcinj.com\/blog\/?s={search_term_string}"},"query-input":"required name=search_term_string"}],"inLanguage":"en-US"},{"@type":"WebPage","@id":"https:\/\/www.visit-ulcinj.com\/blog\/2017\/05\/11\/mali-zi-behet-anetari-29-te-nato-s\/#webpage","url":"https:\/\/www.visit-ulcinj.com\/blog\/2017\/05\/11\/mali-zi-behet-anetari-29-te-nato-s\/","name":"Mali i Zi b\u00ebhet an\u00ebtari i 29-t\u00eb i NATO-s - Lajme nga Ulqini","isPartOf":{"@id":"https:\/\/www.visit-ulcinj.com\/blog\/#website"},"datePublished":"2017-05-11T22:09:58+00:00","dateModified":"2017-05-11T22:09:58+00:00","author":{"@id":"https:\/\/www.visit-ulcinj.com\/blog\/#\/schema\/person\/dcab619c614d3038751c63bc2aadc06d"},"description":"Pasi Dhoma e Lart\u00eb e Parlamentit spanjoll ratifikoi t\u00eb m\u00ebrkur\u00ebn protokollin mbi pranimin e Malit t\u00eb Zi n\u00eb NATO, ka p\u00ebrfunduar procesi i ratifikimit nga t\u00eb","breadcrumb":{"@id":"https:\/\/www.visit-ulcinj.com\/blog\/2017\/05\/11\/mali-zi-behet-anetari-29-te-nato-s\/#breadcrumb"},"inLanguage":"en-US","potentialAction":[{"@type":"ReadAction","target":["https:\/\/www.visit-ulcinj.com\/blog\/2017\/05\/11\/mali-zi-behet-anetari-29-te-nato-s\/"]}]},{"@type":"BreadcrumbList","@id":"https:\/\/www.visit-ulcinj.com\/blog\/2017\/05\/11\/mali-zi-behet-anetari-29-te-nato-s\/#breadcrumb","itemListElement":[{"@type":"ListItem","position":1,"name":"Mali i Zi b\u00ebhet an\u00ebtari i 29-t\u00eb i NATO-s"}]},{"@type":"Person","@id":"https:\/\/www.visit-ulcinj.com\/blog\/#\/schema\/person\/dcab619c614d3038751c63bc2aadc06d","name":"ulqini","sameAs":["http:\/\/www.visit-ulcinj.com"],"url":"https:\/\/www.visit-ulcinj.com\/blog\/author\/admin\/"}]}},"jetpack_featured_media_url":"","jetpack_sharing_enabled":true,"jetpack_shortlink":"https:\/\/wp.me\/pe6lTn-rjr","_links":{"self":[{"href":"https:\/\/www.visit-ulcinj.com\/blog\/wp-json\/wp\/v2\/posts\/104993"}],"collection":[{"href":"https:\/\/www.visit-ulcinj.com\/blog\/wp-json\/wp\/v2\/posts"}],"about":[{"href":"https:\/\/www.visit-ulcinj.com\/blog\/wp-json\/wp\/v2\/types\/post"}],"author":[{"embeddable":true,"href":"https:\/\/www.visit-ulcinj.com\/blog\/wp-json\/wp\/v2\/users\/1"}],"replies":[{"embeddable":true,"href":"https:\/\/www.visit-ulcinj.com\/blog\/wp-json\/wp\/v2\/comments?post=104993"}],"version-history":[{"count":1,"href":"https:\/\/www.visit-ulcinj.com\/blog\/wp-json\/wp\/v2\/posts\/104993\/revisions"}],"predecessor-version":[{"id":104995,"href":"https:\/\/www.visit-ulcinj.com\/blog\/wp-json\/wp\/v2\/posts\/104993\/revisions\/104995"}],"wp:attachment":[{"href":"https:\/\/www.visit-ulcinj.com\/blog\/wp-json\/wp\/v2\/media?parent=104993"}],"wp:term":[{"taxonomy":"category","embeddable":true,"href":"https:\/\/www.visit-ulcinj.com\/blog\/wp-json\/wp\/v2\/categories?post=104993"},{"taxonomy":"post_tag","embeddable":true,"href":"https:\/\/www.visit-ulcinj.com\/blog\/wp-json\/wp\/v2\/tags?post=104993"}],"curies":[{"name":"wp","href":"https:\/\/api.w.org\/{rel}","templated":true}]}}