{"id":105002,"date":"2017-05-11T23:28:33","date_gmt":"2017-05-11T22:28:33","guid":{"rendered":"http:\/\/www.visit-ulcinj.com\/blog\/?p=105002"},"modified":"2017-05-11T23:28:33","modified_gmt":"2017-05-11T22:28:33","slug":"turisticka-organizacija-ulcinj-u-sajam-lukavac-2017","status":"publish","type":"post","link":"https:\/\/www.visit-ulcinj.com\/blog\/2017\/05\/11\/turisticka-organizacija-ulcinj-u-sajam-lukavac-2017\/","title":{"rendered":"Turisti\u010dka Organizacija Ulcinj u sajam Lukavac 2017"},"content":{"rendered":"<p><strong><a href=\"http:\/\/www.visit-ulcinj.com\/blog\/wp-content\/uploads\/2017\/05\/Turisticka-Organizacija-Ulcinj-u-sajam-Lukavac-2017.jpg\"><img loading=\"lazy\" class=\"alignleft wp-image-105003\" src=\"http:\/\/www.visit-ulcinj.com\/blog\/wp-content\/uploads\/2017\/05\/Turisticka-Organizacija-Ulcinj-u-sajam-Lukavac-2017.jpg\" alt=\"\" width=\"508\" height=\"381\" srcset=\"https:\/\/www.visit-ulcinj.com\/blog\/wp-content\/uploads\/2017\/05\/Turisticka-Organizacija-Ulcinj-u-sajam-Lukavac-2017.jpg 640w, https:\/\/www.visit-ulcinj.com\/blog\/wp-content\/uploads\/2017\/05\/Turisticka-Organizacija-Ulcinj-u-sajam-Lukavac-2017-300x225.jpg 300w\" sizes=\"(max-width: 508px) 100vw, 508px\" \/><\/a>Sajam List 2017 \u2013 Lukavac 11-13.05.2017<\/strong><\/p>\n<p>Turisti\u010dka Organizacija Ulcinj u\u010destvuje na sajmu turizma List 2017 u Lukavcu koji se odr\u017eava od 11 do 13.maja i obezbjedila je \u0161tand od 20m2 a nastupa u saradnji sa NTO i Turisti\u010dkom Organizacijom Tivat. Na sve\u010danom otvaranju sajma govorili su organizatori g.Nuhanovi\u0107, gradona\u010delnik Lukavcka g.Edin Deli\u0107.<\/p>\n<p>Nas \u0161tand su posjetili potpredsjednik Opstine Edin Deli\u0107, direktor sajma g.Nuhanovi\u0107, predsjednik Privredne komore BH Bruno Boji\u0107, Premijer Kantona Bego Gutic, ministar turizma i saobracaja u vladi Tuzlanskog kantona Mirsad Gluhi\u0107, a direktor TO Ulcinj Mr.Fuad Had\u017eibeti je tako\u0111e iskoristio priliku da se vidi i porazgovara sa delegacijom grada Lukavca sa kojima je potpisao sporazum o bratimljenju prije tri godine.\u00a0 Udruzenje \u201cDevetak\u201d koji su bili nasi gosti tokom manifestacije \u201cDolcinium International Fest\u201d su tako\u0111e posjetili nas stand tokom prvog dana sajma. Od turistickih privrednika koji su odlu\u010dili da svoju ponudu predstave na ovom sajmu su hoteli Continental i Cruiser.<\/p>\n<p>Interesovanje za nas grad je bilo veliko a o\u010dekujemo da \u0107e do kraja sajma posje\u0107enost biti ve\u0107a u odnosu na ranije godine. Sajam okuplja 130 izlaga\u010da iz 10 zemalja a jedan je od najzna\u010dajnijih u Bosni i Hercegovini koja je veoma vazno tr\u017ei\u0161te za Ulcinj, jer broj gostiju iz ove zemlje raste iz godine u godinu. Broj gostiju iz ove zemlje koji su posjetili Ulcinj tokom 2016.godine je 19.822 a broj realizovanih no\u0107enja je 98.622.<\/p>\n<p>Nadamo se da \u0107e promovisanje turisti\u010dke ponude, ali i na\u0161e u\u010destvovanje na ovom sajmu koji se odrzava pred turisti\u010dku sezonu doprinjeti tome da broj turista bude ve\u0107i. Naravno, \u010dinjenica je da je najve\u0107i broj realizovanih no\u0107enja u Ulcinju upravo iz zemalja regiona,<\/p>\n<p>Stru\u010dna slu\u017eba TO Ulcinj<\/p>\n","protected":false},"excerpt":{"rendered":"<p>Sajam List 2017 \u2013 Lukavac 11-13.05.2017 Turisti\u010dka Organizacija Ulcinj u\u010destvuje na sajmu turizma List 2017 u Lukavcu koji se odr\u017eava od 11 do 13.maja i obezbjedila je \u0161tand od 20m2 a nastupa u saradnji sa NTO i Turisti\u010dkom Organizacijom Tivat. Na sve\u010danom otvaranju sajma govorili su organizatori g.Nuhanovi\u0107, gradona\u010delnik Lukavcka g.Edin Deli\u0107. Nas \u0161tand su [&hellip;]<\/p>\n","protected":false},"author":1,"featured_media":0,"comment_status":"closed","ping_status":"closed","sticky":false,"template":"","format":"standard","meta":{"spay_email":"","jetpack_publicize_message":"","jetpack_is_tweetstorm":false,"jetpack_publicize_feature_enabled":true},"categories":[8337],"tags":[],"jetpack_publicize_connections":[],"yoast_head":"<!-- This site is optimized with the Yoast SEO plugin v19.1 - https:\/\/yoast.com\/wordpress\/plugins\/seo\/ -->\n<title>Turisti\u010dka Organizacija Ulcinj u sajam Lukavac 2017 - Lajme nga Ulqini<\/title>\n<meta name=\"description\" content=\"Sajam List 2017 \u2013 Lukavac 11-13.05.2017 Turisti\u010dka Organizacija Ulcinj u\u010destvuje na sajmu turizma List 2017 u Lukavcu koji se odr\u017eava od 11 do 13.maja i\" \/>\n<meta name=\"robots\" content=\"index, follow, max-snippet:-1, max-image-preview:large, max-video-preview:-1\" \/>\n<link rel=\"canonical\" href=\"https:\/\/www.visit-ulcinj.com\/blog\/2017\/05\/11\/turisticka-organizacija-ulcinj-u-sajam-lukavac-2017\/\" \/>\n<meta property=\"og:locale\" content=\"en_US\" \/>\n<meta property=\"og:type\" content=\"article\" \/>\n<meta property=\"og:title\" content=\"Turisti\u010dka Organizacija Ulcinj u sajam Lukavac 2017 - Lajme nga Ulqini\" \/>\n<meta property=\"og:description\" content=\"Sajam List 2017 \u2013 Lukavac 11-13.05.2017 Turisti\u010dka Organizacija Ulcinj u\u010destvuje na sajmu turizma List 2017 u Lukavcu koji se odr\u017eava od 11 do 13.maja i\" \/>\n<meta property=\"og:url\" content=\"https:\/\/www.visit-ulcinj.com\/blog\/2017\/05\/11\/turisticka-organizacija-ulcinj-u-sajam-lukavac-2017\/\" \/>\n<meta property=\"og:site_name\" content=\"Lajme nga Ulqini\" \/>\n<meta property=\"article:published_time\" content=\"2017-05-11T22:28:33+00:00\" \/>\n<meta property=\"og:image\" content=\"http:\/\/www.visit-ulcinj.com\/blog\/wp-content\/uploads\/2017\/05\/Turisticka-Organizacija-Ulcinj-u-sajam-Lukavac-2017.jpg\" \/>\n<meta name=\"twitter:label1\" content=\"Written by\" \/>\n\t<meta name=\"twitter:data1\" content=\"ulqini\" \/>\n\t<meta name=\"twitter:label2\" content=\"Est. reading time\" \/>\n\t<meta name=\"twitter:data2\" content=\"1 minute\" \/>\n<script type=\"application\/ld+json\" class=\"yoast-schema-graph\">{\"@context\":\"https:\/\/schema.org\",\"@graph\":[{\"@type\":\"WebSite\",\"@id\":\"https:\/\/www.visit-ulcinj.com\/blog\/#website\",\"url\":\"https:\/\/www.visit-ulcinj.com\/blog\/\",\"name\":\"Lajme nga Ulqini\",\"description\":\"Lajme,Vijesti,Ulqini,Ulqin,Crna Gora,Mali i Zi\",\"potentialAction\":[{\"@type\":\"SearchAction\",\"target\":{\"@type\":\"EntryPoint\",\"urlTemplate\":\"https:\/\/www.visit-ulcinj.com\/blog\/?s={search_term_string}\"},\"query-input\":\"required name=search_term_string\"}],\"inLanguage\":\"en-US\"},{\"@type\":\"ImageObject\",\"inLanguage\":\"en-US\",\"@id\":\"https:\/\/www.visit-ulcinj.com\/blog\/2017\/05\/11\/turisticka-organizacija-ulcinj-u-sajam-lukavac-2017\/#primaryimage\",\"url\":\"https:\/\/www.visit-ulcinj.com\/blog\/wp-content\/uploads\/2017\/05\/Turisticka-Organizacija-Ulcinj-u-sajam-Lukavac-2017.jpg\",\"contentUrl\":\"https:\/\/www.visit-ulcinj.com\/blog\/wp-content\/uploads\/2017\/05\/Turisticka-Organizacija-Ulcinj-u-sajam-Lukavac-2017.jpg\",\"width\":640,\"height\":480},{\"@type\":\"WebPage\",\"@id\":\"https:\/\/www.visit-ulcinj.com\/blog\/2017\/05\/11\/turisticka-organizacija-ulcinj-u-sajam-lukavac-2017\/#webpage\",\"url\":\"https:\/\/www.visit-ulcinj.com\/blog\/2017\/05\/11\/turisticka-organizacija-ulcinj-u-sajam-lukavac-2017\/\",\"name\":\"Turisti\u010dka Organizacija Ulcinj u sajam Lukavac 2017 - Lajme nga Ulqini\",\"isPartOf\":{\"@id\":\"https:\/\/www.visit-ulcinj.com\/blog\/#website\"},\"primaryImageOfPage\":{\"@id\":\"https:\/\/www.visit-ulcinj.com\/blog\/2017\/05\/11\/turisticka-organizacija-ulcinj-u-sajam-lukavac-2017\/#primaryimage\"},\"datePublished\":\"2017-05-11T22:28:33+00:00\",\"dateModified\":\"2017-05-11T22:28:33+00:00\",\"author\":{\"@id\":\"https:\/\/www.visit-ulcinj.com\/blog\/#\/schema\/person\/dcab619c614d3038751c63bc2aadc06d\"},\"description\":\"Sajam List 2017 \u2013 Lukavac 11-13.05.2017 Turisti\u010dka Organizacija Ulcinj u\u010destvuje na sajmu turizma List 2017 u Lukavcu koji se odr\u017eava od 11 do 13.maja i\",\"breadcrumb\":{\"@id\":\"https:\/\/www.visit-ulcinj.com\/blog\/2017\/05\/11\/turisticka-organizacija-ulcinj-u-sajam-lukavac-2017\/#breadcrumb\"},\"inLanguage\":\"en-US\",\"potentialAction\":[{\"@type\":\"ReadAction\",\"target\":[\"https:\/\/www.visit-ulcinj.com\/blog\/2017\/05\/11\/turisticka-organizacija-ulcinj-u-sajam-lukavac-2017\/\"]}]},{\"@type\":\"BreadcrumbList\",\"@id\":\"https:\/\/www.visit-ulcinj.com\/blog\/2017\/05\/11\/turisticka-organizacija-ulcinj-u-sajam-lukavac-2017\/#breadcrumb\",\"itemListElement\":[{\"@type\":\"ListItem\",\"position\":1,\"name\":\"Turisti\u010dka Organizacija Ulcinj u sajam Lukavac 2017\"}]},{\"@type\":\"Person\",\"@id\":\"https:\/\/www.visit-ulcinj.com\/blog\/#\/schema\/person\/dcab619c614d3038751c63bc2aadc06d\",\"name\":\"ulqini\",\"sameAs\":[\"http:\/\/www.visit-ulcinj.com\"],\"url\":\"https:\/\/www.visit-ulcinj.com\/blog\/author\/admin\/\"}]}<\/script>\n<!-- \/ Yoast SEO plugin. -->","yoast_head_json":{"title":"Turisti\u010dka Organizacija Ulcinj u sajam Lukavac 2017 - Lajme nga Ulqini","description":"Sajam List 2017 \u2013 Lukavac 11-13.05.2017 Turisti\u010dka Organizacija Ulcinj u\u010destvuje na sajmu turizma List 2017 u Lukavcu koji se odr\u017eava od 11 do 13.maja i","robots":{"index":"index","follow":"follow","max-snippet":"max-snippet:-1","max-image-preview":"max-image-preview:large","max-video-preview":"max-video-preview:-1"},"canonical":"https:\/\/www.visit-ulcinj.com\/blog\/2017\/05\/11\/turisticka-organizacija-ulcinj-u-sajam-lukavac-2017\/","og_locale":"en_US","og_type":"article","og_title":"Turisti\u010dka Organizacija Ulcinj u sajam Lukavac 2017 - Lajme nga Ulqini","og_description":"Sajam List 2017 \u2013 Lukavac 11-13.05.2017 Turisti\u010dka Organizacija Ulcinj u\u010destvuje na sajmu turizma List 2017 u Lukavcu koji se odr\u017eava od 11 do 13.maja i","og_url":"https:\/\/www.visit-ulcinj.com\/blog\/2017\/05\/11\/turisticka-organizacija-ulcinj-u-sajam-lukavac-2017\/","og_site_name":"Lajme nga Ulqini","article_published_time":"2017-05-11T22:28:33+00:00","og_image":[{"url":"http:\/\/www.visit-ulcinj.com\/blog\/wp-content\/uploads\/2017\/05\/Turisticka-Organizacija-Ulcinj-u-sajam-Lukavac-2017.jpg"}],"twitter_misc":{"Written by":"ulqini","Est. reading time":"1 minute"},"schema":{"@context":"https:\/\/schema.org","@graph":[{"@type":"WebSite","@id":"https:\/\/www.visit-ulcinj.com\/blog\/#website","url":"https:\/\/www.visit-ulcinj.com\/blog\/","name":"Lajme nga Ulqini","description":"Lajme,Vijesti,Ulqini,Ulqin,Crna Gora,Mali i Zi","potentialAction":[{"@type":"SearchAction","target":{"@type":"EntryPoint","urlTemplate":"https:\/\/www.visit-ulcinj.com\/blog\/?s={search_term_string}"},"query-input":"required name=search_term_string"}],"inLanguage":"en-US"},{"@type":"ImageObject","inLanguage":"en-US","@id":"https:\/\/www.visit-ulcinj.com\/blog\/2017\/05\/11\/turisticka-organizacija-ulcinj-u-sajam-lukavac-2017\/#primaryimage","url":"https:\/\/www.visit-ulcinj.com\/blog\/wp-content\/uploads\/2017\/05\/Turisticka-Organizacija-Ulcinj-u-sajam-Lukavac-2017.jpg","contentUrl":"https:\/\/www.visit-ulcinj.com\/blog\/wp-content\/uploads\/2017\/05\/Turisticka-Organizacija-Ulcinj-u-sajam-Lukavac-2017.jpg","width":640,"height":480},{"@type":"WebPage","@id":"https:\/\/www.visit-ulcinj.com\/blog\/2017\/05\/11\/turisticka-organizacija-ulcinj-u-sajam-lukavac-2017\/#webpage","url":"https:\/\/www.visit-ulcinj.com\/blog\/2017\/05\/11\/turisticka-organizacija-ulcinj-u-sajam-lukavac-2017\/","name":"Turisti\u010dka Organizacija Ulcinj u sajam Lukavac 2017 - Lajme nga Ulqini","isPartOf":{"@id":"https:\/\/www.visit-ulcinj.com\/blog\/#website"},"primaryImageOfPage":{"@id":"https:\/\/www.visit-ulcinj.com\/blog\/2017\/05\/11\/turisticka-organizacija-ulcinj-u-sajam-lukavac-2017\/#primaryimage"},"datePublished":"2017-05-11T22:28:33+00:00","dateModified":"2017-05-11T22:28:33+00:00","author":{"@id":"https:\/\/www.visit-ulcinj.com\/blog\/#\/schema\/person\/dcab619c614d3038751c63bc2aadc06d"},"description":"Sajam List 2017 \u2013 Lukavac 11-13.05.2017 Turisti\u010dka Organizacija Ulcinj u\u010destvuje na sajmu turizma List 2017 u Lukavcu koji se odr\u017eava od 11 do 13.maja i","breadcrumb":{"@id":"https:\/\/www.visit-ulcinj.com\/blog\/2017\/05\/11\/turisticka-organizacija-ulcinj-u-sajam-lukavac-2017\/#breadcrumb"},"inLanguage":"en-US","potentialAction":[{"@type":"ReadAction","target":["https:\/\/www.visit-ulcinj.com\/blog\/2017\/05\/11\/turisticka-organizacija-ulcinj-u-sajam-lukavac-2017\/"]}]},{"@type":"BreadcrumbList","@id":"https:\/\/www.visit-ulcinj.com\/blog\/2017\/05\/11\/turisticka-organizacija-ulcinj-u-sajam-lukavac-2017\/#breadcrumb","itemListElement":[{"@type":"ListItem","position":1,"name":"Turisti\u010dka Organizacija Ulcinj u sajam Lukavac 2017"}]},{"@type":"Person","@id":"https:\/\/www.visit-ulcinj.com\/blog\/#\/schema\/person\/dcab619c614d3038751c63bc2aadc06d","name":"ulqini","sameAs":["http:\/\/www.visit-ulcinj.com"],"url":"https:\/\/www.visit-ulcinj.com\/blog\/author\/admin\/"}]}},"jetpack_featured_media_url":"","jetpack_sharing_enabled":true,"jetpack_shortlink":"https:\/\/wp.me\/pe6lTn-rjA","_links":{"self":[{"href":"https:\/\/www.visit-ulcinj.com\/blog\/wp-json\/wp\/v2\/posts\/105002"}],"collection":[{"href":"https:\/\/www.visit-ulcinj.com\/blog\/wp-json\/wp\/v2\/posts"}],"about":[{"href":"https:\/\/www.visit-ulcinj.com\/blog\/wp-json\/wp\/v2\/types\/post"}],"author":[{"embeddable":true,"href":"https:\/\/www.visit-ulcinj.com\/blog\/wp-json\/wp\/v2\/users\/1"}],"replies":[{"embeddable":true,"href":"https:\/\/www.visit-ulcinj.com\/blog\/wp-json\/wp\/v2\/comments?post=105002"}],"version-history":[{"count":1,"href":"https:\/\/www.visit-ulcinj.com\/blog\/wp-json\/wp\/v2\/posts\/105002\/revisions"}],"predecessor-version":[{"id":105004,"href":"https:\/\/www.visit-ulcinj.com\/blog\/wp-json\/wp\/v2\/posts\/105002\/revisions\/105004"}],"wp:attachment":[{"href":"https:\/\/www.visit-ulcinj.com\/blog\/wp-json\/wp\/v2\/media?parent=105002"}],"wp:term":[{"taxonomy":"category","embeddable":true,"href":"https:\/\/www.visit-ulcinj.com\/blog\/wp-json\/wp\/v2\/categories?post=105002"},{"taxonomy":"post_tag","embeddable":true,"href":"https:\/\/www.visit-ulcinj.com\/blog\/wp-json\/wp\/v2\/tags?post=105002"}],"curies":[{"name":"wp","href":"https:\/\/api.w.org\/{rel}","templated":true}]}}