{"id":105005,"date":"2017-05-11T23:45:21","date_gmt":"2017-05-11T22:45:21","guid":{"rendered":"http:\/\/www.visit-ulcinj.com\/blog\/?p=105005"},"modified":"2017-05-11T23:47:38","modified_gmt":"2017-05-11T22:47:38","slug":"u-obali-ulcinja-zaplijenjena-tona-i-po-droge-foto","status":"publish","type":"post","link":"https:\/\/www.visit-ulcinj.com\/blog\/2017\/05\/11\/u-obali-ulcinja-zaplijenjena-tona-i-po-droge-foto\/","title":{"rendered":"U obali Ulcinja zaplijenjena tona i po droge + Foto"},"content":{"rendered":"<p><strong><a href=\"http:\/\/www.visit-ulcinj.com\/blog\/wp-content\/uploads\/2017\/05\/U-obali-Ulcinja-zaplijenjena-tona-i-po-droge.jpg\"><img loading=\"lazy\" class=\"alignleft wp-image-105006\" src=\"http:\/\/www.visit-ulcinj.com\/blog\/wp-content\/uploads\/2017\/05\/U-obali-Ulcinja-zaplijenjena-tona-i-po-droge.jpg\" alt=\"\" width=\"508\" height=\"381\" srcset=\"https:\/\/www.visit-ulcinj.com\/blog\/wp-content\/uploads\/2017\/05\/U-obali-Ulcinja-zaplijenjena-tona-i-po-droge.jpg 900w, https:\/\/www.visit-ulcinj.com\/blog\/wp-content\/uploads\/2017\/05\/U-obali-Ulcinja-zaplijenjena-tona-i-po-droge-300x225.jpg 300w, https:\/\/www.visit-ulcinj.com\/blog\/wp-content\/uploads\/2017\/05\/U-obali-Ulcinja-zaplijenjena-tona-i-po-droge-768x576.jpg 768w\" sizes=\"(max-width: 508px) 100vw, 508px\" \/><\/a>Slu\u017ebenici regionalnog centra JUG sektora grani\u010dne policije zaplijenili su veliku koli\u010dinu droge i to na moru kod Ulcinja, na osam milja od obale.<\/strong><\/p>\n<p>Kako je saop\u0161tila savjetnica za odnose s javno\u0161\u0107u Uprave policije MUP-a Tamara Popovi\u0107, danas je sprije\u010deno krijum\u010darenje velike koli\u010dine skanka iz Albanije u Italiju, na oko osam nauti\u010dkih milja od obale Ulcinja, kada je u gliseru u kojem su se nalazila dva albanska dr\u017eavljanina otkriveno 78 plasti\u010dnih vre\u0107a u kojima se nalazio skank.<\/p>\n<p><a href=\"http:\/\/www.visit-ulcinj.com\/blog\/wp-content\/uploads\/2017\/05\/Kapet-sasi-e-madhe-droge-n\u00eb-Ulqin-Sekuestrohet-1.5-ton-drog\u00eb.jpg\"><img loading=\"lazy\" class=\"alignleft wp-image-104981\" src=\"http:\/\/www.visit-ulcinj.com\/blog\/wp-content\/uploads\/2017\/05\/Kapet-sasi-e-madhe-droge-n\u00eb-Ulqin-Sekuestrohet-1.5-ton-drog\u00eb.jpg\" alt=\"\" width=\"508\" height=\"288\" srcset=\"https:\/\/www.visit-ulcinj.com\/blog\/wp-content\/uploads\/2017\/05\/Kapet-sasi-e-madhe-droge-n\u00eb-Ulqin-Sekuestrohet-1.5-ton-drog\u00eb.jpg 680w, https:\/\/www.visit-ulcinj.com\/blog\/wp-content\/uploads\/2017\/05\/Kapet-sasi-e-madhe-droge-n\u00eb-Ulqin-Sekuestrohet-1.5-ton-drog\u00eb-300x170.jpg 300w\" sizes=\"(max-width: 508px) 100vw, 508px\" \/><\/a><\/p>\n<p>Procjenjuje se da se u ovim vre\u0107ama nalazilo oko tona i po skanka. Albanski dr\u017eavljani su uhap\u0161eni.<\/p>\n<p>&#8220;Naime, slu\u017ebenici grani\u010dne policije \u2013 Regionalnog centra Jug su danas oko 10,30 sati, na oko osam nauti\u010dkih milja od obale Velike pla\u017ee u Ulcinju, u na\u0161im teritorijalnim vodama u pravcu prema Republici Italiji, kontrolisali plovilo \u2013 ve\u0107i gliser \u201eClub Man 28\u201c, na kojem su se nalazila dva lica, B.T. (33) i E.C. (40), oba dr\u017eavljani Republike Albanije. U gliseru su prona\u0111ena 78 velika pakovanja odnosno plasti\u010dne vre\u0107e sa sadr\u017eajem biljne materije tamnozelene boje za koju se sumnja da je opojna droga marihuana tipa skank. O pronalasku droge obavije\u0161teni su slu\u017ebenici Odsjeka za borbu protiv droge. B.T. i E.C. su li\u0161eni slobode. Slu\u017ebenici Odsjeka su preuzeli lica i vre\u0107e sa skankom. O doga\u0111aju je obavije\u0161ten dr\u017eavni tu\u017eilac u Vi\u0161em dr\u017eavnom tu\u017eila\u0161tvu u Podgorici&#8221;, saop\u0161tila je Popovi\u0107.<\/p>\n<p><a href=\"http:\/\/www.visit-ulcinj.com\/blog\/wp-content\/uploads\/2017\/05\/Kapet-sasi-e-madhe-droge-n\u00eb-Ulqin-Sekuestrohet-1.5-ton-drog\u00eb-2.jpg\"><img loading=\"lazy\" class=\"alignleft wp-image-104983\" src=\"http:\/\/www.visit-ulcinj.com\/blog\/wp-content\/uploads\/2017\/05\/Kapet-sasi-e-madhe-droge-n\u00eb-Ulqin-Sekuestrohet-1.5-ton-drog\u00eb-2.jpg\" alt=\"\" width=\"508\" height=\"498\" srcset=\"https:\/\/www.visit-ulcinj.com\/blog\/wp-content\/uploads\/2017\/05\/Kapet-sasi-e-madhe-droge-n\u00eb-Ulqin-Sekuestrohet-1.5-ton-drog\u00eb-2.jpg 960w, https:\/\/www.visit-ulcinj.com\/blog\/wp-content\/uploads\/2017\/05\/Kapet-sasi-e-madhe-droge-n\u00eb-Ulqin-Sekuestrohet-1.5-ton-drog\u00eb-2-300x294.jpg 300w, https:\/\/www.visit-ulcinj.com\/blog\/wp-content\/uploads\/2017\/05\/Kapet-sasi-e-madhe-droge-n\u00eb-Ulqin-Sekuestrohet-1.5-ton-drog\u00eb-2-768x753.jpg 768w\" sizes=\"(max-width: 508px) 100vw, 508px\" \/><\/a><\/p>\n<p>Gliser u kojem je bila droga policija je, nakon du\u017ee potjere, dovukla do pristani\u0161ta ispod Starog grada.<\/p>\n<p>Policijski slu\u017ebenici, zajedno sa pripadnicima Vojske koji su u me\u0111uvremenu pristigli kako bi pomogli u potrazi, pretra\u017euju lice mjesta, na oko osam nauti\u010dkih milja od obale, jer se sumnja da su B.T. i E.C. prilikom prilaska policijskog plovila izbacili iz glisera manju koli\u010dinu ove opojne droge, navodi Popovi\u0107.<\/p>\n<p>Policija vjeruje da su B.T. i E.C. 78 vre\u0107a sa skankom morskim putem prokrijum\u010darili iz Albanije u namjeri da skank dalje prokrijum\u010dare plovilom u Italiju, u \u010demu su ih sprije\u010dili slu\u017ebenici Plovne jedinice crnogorske grani\u010dne policije.<\/p>\n<p><a href=\"http:\/\/www.visit-ulcinj.com\/blog\/wp-content\/uploads\/2017\/05\/Kapet-sasi-e-madhe-droge-n\u00eb-Ulqin-Sekuestrohet-1.5-ton-drog\u00eb-1.jpg\"><img loading=\"lazy\" class=\"alignleft wp-image-104984\" src=\"http:\/\/www.visit-ulcinj.com\/blog\/wp-content\/uploads\/2017\/05\/Kapet-sasi-e-madhe-droge-n\u00eb-Ulqin-Sekuestrohet-1.5-ton-drog\u00eb-1.jpg\" alt=\"\" width=\"508\" height=\"545\" srcset=\"https:\/\/www.visit-ulcinj.com\/blog\/wp-content\/uploads\/2017\/05\/Kapet-sasi-e-madhe-droge-n\u00eb-Ulqin-Sekuestrohet-1.5-ton-drog\u00eb-1.jpg 960w, https:\/\/www.visit-ulcinj.com\/blog\/wp-content\/uploads\/2017\/05\/Kapet-sasi-e-madhe-droge-n\u00eb-Ulqin-Sekuestrohet-1.5-ton-drog\u00eb-1-280x300.jpg 280w, https:\/\/www.visit-ulcinj.com\/blog\/wp-content\/uploads\/2017\/05\/Kapet-sasi-e-madhe-droge-n\u00eb-Ulqin-Sekuestrohet-1.5-ton-drog\u00eb-1-768x823.jpg 768w, https:\/\/www.visit-ulcinj.com\/blog\/wp-content\/uploads\/2017\/05\/Kapet-sasi-e-madhe-droge-n\u00eb-Ulqin-Sekuestrohet-1.5-ton-drog\u00eb-1-955x1024.jpg 955w\" sizes=\"(max-width: 508px) 100vw, 508px\" \/><\/a><\/p>\n<p>Slu\u017ebenici Odsjeka za borbu protiv droge \u0107e, kako navodi Popovi\u0107, u komunikaciji sa kolegama iz Italije i Albanije i u koordinaciji sa nadle\u017enim tu\u017eiocem preduzeti aktivnosti u vezi sa daljim radom na ovom predmetu.<\/p>\n<p>Izvor: RTCG<\/p>\n","protected":false},"excerpt":{"rendered":"<p>Slu\u017ebenici regionalnog centra JUG sektora grani\u010dne policije zaplijenili su veliku koli\u010dinu droge i to na moru kod Ulcinja, na osam milja od obale. Kako je saop\u0161tila savjetnica za odnose s javno\u0161\u0107u Uprave policije MUP-a Tamara Popovi\u0107, danas je sprije\u010deno krijum\u010darenje velike koli\u010dine skanka iz Albanije u Italiju, na oko osam nauti\u010dkih milja od obale Ulcinja, [&hellip;]<\/p>\n","protected":false},"author":1,"featured_media":0,"comment_status":"closed","ping_status":"closed","sticky":false,"template":"","format":"standard","meta":{"spay_email":"","jetpack_publicize_message":"","jetpack_is_tweetstorm":false,"jetpack_publicize_feature_enabled":true},"categories":[6950],"tags":[],"jetpack_publicize_connections":[],"yoast_head":"<!-- This site is optimized with the Yoast SEO plugin v19.1 - https:\/\/yoast.com\/wordpress\/plugins\/seo\/ -->\n<title>U obali Ulcinja zaplijenjena tona i po droge + Foto - Lajme nga Ulqini<\/title>\n<meta name=\"description\" content=\"Slu\u017ebenici regionalnog centra JUG sektora grani\u010dne policije zaplijenili su veliku koli\u010dinu droge i to na moru kod Ulcinja, na osam milja od obale. Kako je\" \/>\n<meta name=\"robots\" content=\"index, follow, max-snippet:-1, max-image-preview:large, max-video-preview:-1\" \/>\n<link rel=\"canonical\" href=\"https:\/\/www.visit-ulcinj.com\/blog\/2017\/05\/11\/u-obali-ulcinja-zaplijenjena-tona-i-po-droge-foto\/\" \/>\n<meta property=\"og:locale\" content=\"en_US\" \/>\n<meta property=\"og:type\" content=\"article\" \/>\n<meta property=\"og:title\" content=\"U obali Ulcinja zaplijenjena tona i po droge + Foto - Lajme nga Ulqini\" \/>\n<meta property=\"og:description\" content=\"Slu\u017ebenici regionalnog centra JUG sektora grani\u010dne policije zaplijenili su veliku koli\u010dinu droge i to na moru kod Ulcinja, na osam milja od obale. Kako je\" \/>\n<meta property=\"og:url\" content=\"https:\/\/www.visit-ulcinj.com\/blog\/2017\/05\/11\/u-obali-ulcinja-zaplijenjena-tona-i-po-droge-foto\/\" \/>\n<meta property=\"og:site_name\" content=\"Lajme nga Ulqini\" \/>\n<meta property=\"article:published_time\" content=\"2017-05-11T22:45:21+00:00\" \/>\n<meta property=\"article:modified_time\" content=\"2017-05-11T22:47:38+00:00\" \/>\n<meta property=\"og:image\" content=\"http:\/\/www.visit-ulcinj.com\/blog\/wp-content\/uploads\/2017\/05\/U-obali-Ulcinja-zaplijenjena-tona-i-po-droge.jpg\" \/>\n<meta name=\"twitter:label1\" content=\"Written by\" \/>\n\t<meta name=\"twitter:data1\" content=\"ulqini\" \/>\n\t<meta name=\"twitter:label2\" content=\"Est. reading time\" \/>\n\t<meta name=\"twitter:data2\" content=\"2 minutes\" \/>\n<script type=\"application\/ld+json\" class=\"yoast-schema-graph\">{\"@context\":\"https:\/\/schema.org\",\"@graph\":[{\"@type\":\"WebSite\",\"@id\":\"https:\/\/www.visit-ulcinj.com\/blog\/#website\",\"url\":\"https:\/\/www.visit-ulcinj.com\/blog\/\",\"name\":\"Lajme nga Ulqini\",\"description\":\"Lajme,Vijesti,Ulqini,Ulqin,Crna Gora,Mali i Zi\",\"potentialAction\":[{\"@type\":\"SearchAction\",\"target\":{\"@type\":\"EntryPoint\",\"urlTemplate\":\"https:\/\/www.visit-ulcinj.com\/blog\/?s={search_term_string}\"},\"query-input\":\"required name=search_term_string\"}],\"inLanguage\":\"en-US\"},{\"@type\":\"ImageObject\",\"inLanguage\":\"en-US\",\"@id\":\"https:\/\/www.visit-ulcinj.com\/blog\/2017\/05\/11\/u-obali-ulcinja-zaplijenjena-tona-i-po-droge-foto\/#primaryimage\",\"url\":\"https:\/\/www.visit-ulcinj.com\/blog\/wp-content\/uploads\/2017\/05\/U-obali-Ulcinja-zaplijenjena-tona-i-po-droge.jpg\",\"contentUrl\":\"https:\/\/www.visit-ulcinj.com\/blog\/wp-content\/uploads\/2017\/05\/U-obali-Ulcinja-zaplijenjena-tona-i-po-droge.jpg\",\"width\":900,\"height\":675},{\"@type\":\"WebPage\",\"@id\":\"https:\/\/www.visit-ulcinj.com\/blog\/2017\/05\/11\/u-obali-ulcinja-zaplijenjena-tona-i-po-droge-foto\/#webpage\",\"url\":\"https:\/\/www.visit-ulcinj.com\/blog\/2017\/05\/11\/u-obali-ulcinja-zaplijenjena-tona-i-po-droge-foto\/\",\"name\":\"U obali Ulcinja zaplijenjena tona i po droge + Foto - Lajme nga Ulqini\",\"isPartOf\":{\"@id\":\"https:\/\/www.visit-ulcinj.com\/blog\/#website\"},\"primaryImageOfPage\":{\"@id\":\"https:\/\/www.visit-ulcinj.com\/blog\/2017\/05\/11\/u-obali-ulcinja-zaplijenjena-tona-i-po-droge-foto\/#primaryimage\"},\"datePublished\":\"2017-05-11T22:45:21+00:00\",\"dateModified\":\"2017-05-11T22:47:38+00:00\",\"author\":{\"@id\":\"https:\/\/www.visit-ulcinj.com\/blog\/#\/schema\/person\/dcab619c614d3038751c63bc2aadc06d\"},\"description\":\"Slu\u017ebenici regionalnog centra JUG sektora grani\u010dne policije zaplijenili su veliku koli\u010dinu droge i to na moru kod Ulcinja, na osam milja od obale. Kako je\",\"breadcrumb\":{\"@id\":\"https:\/\/www.visit-ulcinj.com\/blog\/2017\/05\/11\/u-obali-ulcinja-zaplijenjena-tona-i-po-droge-foto\/#breadcrumb\"},\"inLanguage\":\"en-US\",\"potentialAction\":[{\"@type\":\"ReadAction\",\"target\":[\"https:\/\/www.visit-ulcinj.com\/blog\/2017\/05\/11\/u-obali-ulcinja-zaplijenjena-tona-i-po-droge-foto\/\"]}]},{\"@type\":\"BreadcrumbList\",\"@id\":\"https:\/\/www.visit-ulcinj.com\/blog\/2017\/05\/11\/u-obali-ulcinja-zaplijenjena-tona-i-po-droge-foto\/#breadcrumb\",\"itemListElement\":[{\"@type\":\"ListItem\",\"position\":1,\"name\":\"U obali Ulcinja zaplijenjena tona i po droge + Foto\"}]},{\"@type\":\"Person\",\"@id\":\"https:\/\/www.visit-ulcinj.com\/blog\/#\/schema\/person\/dcab619c614d3038751c63bc2aadc06d\",\"name\":\"ulqini\",\"sameAs\":[\"http:\/\/www.visit-ulcinj.com\"],\"url\":\"https:\/\/www.visit-ulcinj.com\/blog\/author\/admin\/\"}]}<\/script>\n<!-- \/ Yoast SEO plugin. -->","yoast_head_json":{"title":"U obali Ulcinja zaplijenjena tona i po droge + Foto - Lajme nga Ulqini","description":"Slu\u017ebenici regionalnog centra JUG sektora grani\u010dne policije zaplijenili su veliku koli\u010dinu droge i to na moru kod Ulcinja, na osam milja od obale. Kako je","robots":{"index":"index","follow":"follow","max-snippet":"max-snippet:-1","max-image-preview":"max-image-preview:large","max-video-preview":"max-video-preview:-1"},"canonical":"https:\/\/www.visit-ulcinj.com\/blog\/2017\/05\/11\/u-obali-ulcinja-zaplijenjena-tona-i-po-droge-foto\/","og_locale":"en_US","og_type":"article","og_title":"U obali Ulcinja zaplijenjena tona i po droge + Foto - Lajme nga Ulqini","og_description":"Slu\u017ebenici regionalnog centra JUG sektora grani\u010dne policije zaplijenili su veliku koli\u010dinu droge i to na moru kod Ulcinja, na osam milja od obale. Kako je","og_url":"https:\/\/www.visit-ulcinj.com\/blog\/2017\/05\/11\/u-obali-ulcinja-zaplijenjena-tona-i-po-droge-foto\/","og_site_name":"Lajme nga Ulqini","article_published_time":"2017-05-11T22:45:21+00:00","article_modified_time":"2017-05-11T22:47:38+00:00","og_image":[{"url":"http:\/\/www.visit-ulcinj.com\/blog\/wp-content\/uploads\/2017\/05\/U-obali-Ulcinja-zaplijenjena-tona-i-po-droge.jpg"}],"twitter_misc":{"Written by":"ulqini","Est. reading time":"2 minutes"},"schema":{"@context":"https:\/\/schema.org","@graph":[{"@type":"WebSite","@id":"https:\/\/www.visit-ulcinj.com\/blog\/#website","url":"https:\/\/www.visit-ulcinj.com\/blog\/","name":"Lajme nga Ulqini","description":"Lajme,Vijesti,Ulqini,Ulqin,Crna Gora,Mali i Zi","potentialAction":[{"@type":"SearchAction","target":{"@type":"EntryPoint","urlTemplate":"https:\/\/www.visit-ulcinj.com\/blog\/?s={search_term_string}"},"query-input":"required name=search_term_string"}],"inLanguage":"en-US"},{"@type":"ImageObject","inLanguage":"en-US","@id":"https:\/\/www.visit-ulcinj.com\/blog\/2017\/05\/11\/u-obali-ulcinja-zaplijenjena-tona-i-po-droge-foto\/#primaryimage","url":"https:\/\/www.visit-ulcinj.com\/blog\/wp-content\/uploads\/2017\/05\/U-obali-Ulcinja-zaplijenjena-tona-i-po-droge.jpg","contentUrl":"https:\/\/www.visit-ulcinj.com\/blog\/wp-content\/uploads\/2017\/05\/U-obali-Ulcinja-zaplijenjena-tona-i-po-droge.jpg","width":900,"height":675},{"@type":"WebPage","@id":"https:\/\/www.visit-ulcinj.com\/blog\/2017\/05\/11\/u-obali-ulcinja-zaplijenjena-tona-i-po-droge-foto\/#webpage","url":"https:\/\/www.visit-ulcinj.com\/blog\/2017\/05\/11\/u-obali-ulcinja-zaplijenjena-tona-i-po-droge-foto\/","name":"U obali Ulcinja zaplijenjena tona i po droge + Foto - Lajme nga Ulqini","isPartOf":{"@id":"https:\/\/www.visit-ulcinj.com\/blog\/#website"},"primaryImageOfPage":{"@id":"https:\/\/www.visit-ulcinj.com\/blog\/2017\/05\/11\/u-obali-ulcinja-zaplijenjena-tona-i-po-droge-foto\/#primaryimage"},"datePublished":"2017-05-11T22:45:21+00:00","dateModified":"2017-05-11T22:47:38+00:00","author":{"@id":"https:\/\/www.visit-ulcinj.com\/blog\/#\/schema\/person\/dcab619c614d3038751c63bc2aadc06d"},"description":"Slu\u017ebenici regionalnog centra JUG sektora grani\u010dne policije zaplijenili su veliku koli\u010dinu droge i to na moru kod Ulcinja, na osam milja od obale. Kako je","breadcrumb":{"@id":"https:\/\/www.visit-ulcinj.com\/blog\/2017\/05\/11\/u-obali-ulcinja-zaplijenjena-tona-i-po-droge-foto\/#breadcrumb"},"inLanguage":"en-US","potentialAction":[{"@type":"ReadAction","target":["https:\/\/www.visit-ulcinj.com\/blog\/2017\/05\/11\/u-obali-ulcinja-zaplijenjena-tona-i-po-droge-foto\/"]}]},{"@type":"BreadcrumbList","@id":"https:\/\/www.visit-ulcinj.com\/blog\/2017\/05\/11\/u-obali-ulcinja-zaplijenjena-tona-i-po-droge-foto\/#breadcrumb","itemListElement":[{"@type":"ListItem","position":1,"name":"U obali Ulcinja zaplijenjena tona i po droge + Foto"}]},{"@type":"Person","@id":"https:\/\/www.visit-ulcinj.com\/blog\/#\/schema\/person\/dcab619c614d3038751c63bc2aadc06d","name":"ulqini","sameAs":["http:\/\/www.visit-ulcinj.com"],"url":"https:\/\/www.visit-ulcinj.com\/blog\/author\/admin\/"}]}},"jetpack_featured_media_url":"","jetpack_sharing_enabled":true,"jetpack_shortlink":"https:\/\/wp.me\/pe6lTn-rjD","_links":{"self":[{"href":"https:\/\/www.visit-ulcinj.com\/blog\/wp-json\/wp\/v2\/posts\/105005"}],"collection":[{"href":"https:\/\/www.visit-ulcinj.com\/blog\/wp-json\/wp\/v2\/posts"}],"about":[{"href":"https:\/\/www.visit-ulcinj.com\/blog\/wp-json\/wp\/v2\/types\/post"}],"author":[{"embeddable":true,"href":"https:\/\/www.visit-ulcinj.com\/blog\/wp-json\/wp\/v2\/users\/1"}],"replies":[{"embeddable":true,"href":"https:\/\/www.visit-ulcinj.com\/blog\/wp-json\/wp\/v2\/comments?post=105005"}],"version-history":[{"count":3,"href":"https:\/\/www.visit-ulcinj.com\/blog\/wp-json\/wp\/v2\/posts\/105005\/revisions"}],"predecessor-version":[{"id":105009,"href":"https:\/\/www.visit-ulcinj.com\/blog\/wp-json\/wp\/v2\/posts\/105005\/revisions\/105009"}],"wp:attachment":[{"href":"https:\/\/www.visit-ulcinj.com\/blog\/wp-json\/wp\/v2\/media?parent=105005"}],"wp:term":[{"taxonomy":"category","embeddable":true,"href":"https:\/\/www.visit-ulcinj.com\/blog\/wp-json\/wp\/v2\/categories?post=105005"},{"taxonomy":"post_tag","embeddable":true,"href":"https:\/\/www.visit-ulcinj.com\/blog\/wp-json\/wp\/v2\/tags?post=105005"}],"curies":[{"name":"wp","href":"https:\/\/api.w.org\/{rel}","templated":true}]}}