{"id":105010,"date":"2017-05-12T21:59:32","date_gmt":"2017-05-12T20:59:32","guid":{"rendered":"http:\/\/www.visit-ulcinj.com\/blog\/?p=105010"},"modified":"2017-05-13T23:31:03","modified_gmt":"2017-05-13T22:31:03","slug":"shka-dulcinea-nga-data-15-maj-22-maj-ne-festivalin-nderkombetar-folklorik-ne-turqi-antali","status":"publish","type":"post","link":"https:\/\/www.visit-ulcinj.com\/blog\/2017\/05\/12\/shka-dulcinea-nga-data-15-maj-22-maj-ne-festivalin-nderkombetar-folklorik-ne-turqi-antali\/","title":{"rendered":"Shka \u201cDulcinea\u201d nga data 15 maj \u2013 22 maj ne Festivalin nderkombetar folklorik ne Turqi &#8211; Antali"},"content":{"rendered":"<p><strong><a href=\"http:\/\/www.visit-ulcinj.com\/blog\/wp-content\/uploads\/2017\/03\/Festivali-Flakadani-i-Karadakut-SHKA-Dulcinea-nga-Ulqini-3.jpg\"><img loading=\"lazy\" class=\"alignleft wp-image-103841\" src=\"http:\/\/www.visit-ulcinj.com\/blog\/wp-content\/uploads\/2017\/03\/Festivali-Flakadani-i-Karadakut-SHKA-Dulcinea-nga-Ulqini-3.jpg\" alt=\"\" width=\"508\" height=\"381\" srcset=\"https:\/\/www.visit-ulcinj.com\/blog\/wp-content\/uploads\/2017\/03\/Festivali-Flakadani-i-Karadakut-SHKA-Dulcinea-nga-Ulqini-3.jpg 960w, https:\/\/www.visit-ulcinj.com\/blog\/wp-content\/uploads\/2017\/03\/Festivali-Flakadani-i-Karadakut-SHKA-Dulcinea-nga-Ulqini-3-300x225.jpg 300w, https:\/\/www.visit-ulcinj.com\/blog\/wp-content\/uploads\/2017\/03\/Festivali-Flakadani-i-Karadakut-SHKA-Dulcinea-nga-Ulqini-3-768x576.jpg 768w\" sizes=\"(max-width: 508px) 100vw, 508px\" \/><\/a>Shoqata kulturore artistike \u201cDulcinea\u201d do t\u00eb marr\u00eb pjes\u00eb n\u00eb festivalin foklorike nd\u00ebrkomb\u00ebtare q\u00eb mbahen n\u00eb Turqi ne qytetin e Antalis. Trupa e saj do t\u00eb prezantohet me vallen e peshkatareve, valle me motive te dasmes Ulqinake dhe me valle kollazh nga krahina t\u00eb ndryshme shqiptare.<\/strong><\/p>\n<p>Shka \u201cDulcinea\u201d, nga Ulqini, do te udhetoje te Henen p\u00ebr n\u00eb Turqi. Nga data 15 maj deri m\u00eb 22 maj ajo do t\u00eb marr\u00eb pjes\u00eb n\u00eb Festivalin e 4-t\u00eb Nd\u00ebrkomb\u00ebtar t\u00eb Kultur\u00ebs dhe Artit n\u00eb Belek te Antalis , i cili tashm\u00eb \u00ebsht\u00eb festival i njohur nd\u00ebrkomb\u00ebtar.<\/p>\n<p>Musa Hoxha, koreografi dhe drjetuesi i shka \u201cDulcinea\u201d, b\u00ebri t\u00eb ditur se festivali ka karakter shoqeror dhe n\u00eb to do t\u00eb marrin pjes\u00eb ansamblet shtet\u00ebrore apo shoq\u00ebrit\u00eb artistike t\u00eb 20 vendeve nga Evropa, Azia dhe Afrika. Sipas programit t\u00eb festivaleve, ansamblet do t\u00eb shfaqin me kolazhe t\u00eb valleve popullore, t\u00eb cilat prezantojn\u00eb tiparet karakteristike t\u00eb folklorit e tradit\u00ebs s\u00eb vendeve apo rajoneve prej nga vijn\u00eb.<\/p>\n<p>Po k\u00ebshtu, \u00ebsht\u00eb p\u00ebrgatitur edhe p\u00ebr defilet\u00eb prezantuese t\u00eb pjes\u00ebmarr\u00ebsve t\u00eb festivaleve, n\u00ebp\u00ebr rrug\u00ebt e qyteteve nikoqire, n\u00eb t\u00eb cilat prezantohen vlerat m\u00eb t\u00eb ve\u00e7anta folklorike t\u00eb vendeve apo t\u00eb krahinave t\u00eb tyre, si: k\u00ebng\u00ebt, vallet, kostumet \u00a0popullore, etj.<\/p>\n<p>Musa Hoxha shprehu k\u00ebnaq\u00ebsin\u00eb q\u00eb shka \u201cDulcinea\u201d do t\u00eb paraqitet n\u00eb festivale me programe mjaft t\u00eb larmishme, t\u00eb cilat p\u00ebrfaq\u00ebsojn\u00eb n\u00eb m\u00ebnyr\u00eb\u00a0 t\u00eb denj\u00eb qytetin e Ulqinit . Kjo eshte hera e pare qe Shka \u201cDulcinea\u201d \u00a0merr pjes\u00eb ne kete festival por koreografi Musa Hoxha me shkollen e njohur te vallezimit\u00a0 \u201c Porta di Danza \u201c ka marre pjese edhe ne vitin 2008 dhe 2009\u00a0 n\u00eb festivalin e njohur\u00a0 te Antalis\u00a0 te organizates se njohur \u00a0FOMGED \u00a0dhe \u00ebsht\u00eb pritur shum\u00eb mir\u00eb nga publiku, si edhe nga shikuesit e shumt\u00eb t\u00eb festivalit, midis t\u00eb cil\u00ebve ka pasur edhe shtetas me origjin\u00eb nga krahinat e ndryshme shqiptare, t\u00eb zhvendosur n\u00eb Turqi n\u00eb gjysm\u00ebn e dyt\u00eb t\u00eb shekullit 20.<\/p>\n<p>Edhe pse ishte shume e veshtire per te mberritur ne kete festival qe te perfaqesojm qytetin tone Ulqinin, ne emer te shoqates\u00a0 falemdorjm te gjithe sponzoret te cilat na kane perkrahur dhe vazdojn te ne perkrahin dhe te gjithe ato qe na kane ndihmuar ne menyre te ndryshme.\u00a0 Sponzoret te cilet na kane perkrahur do ti bejme te ditur gjate festivalit.<\/p>\n<p><a href=\"http:\/\/www.visit-ulcinj.com\/blog\/wp-content\/uploads\/2017\/05\/Shoqata-kulturore-artistike-Dulcinea-Ulqin.png\"><img loading=\"lazy\" class=\"alignleft wp-image-105012\" src=\"http:\/\/www.visit-ulcinj.com\/blog\/wp-content\/uploads\/2017\/05\/Shoqata-kulturore-artistike-Dulcinea-Ulqin.png\" alt=\"\" width=\"508\" height=\"392\" srcset=\"https:\/\/www.visit-ulcinj.com\/blog\/wp-content\/uploads\/2017\/05\/Shoqata-kulturore-artistike-Dulcinea-Ulqin.png 960w, https:\/\/www.visit-ulcinj.com\/blog\/wp-content\/uploads\/2017\/05\/Shoqata-kulturore-artistike-Dulcinea-Ulqin-300x232.png 300w, https:\/\/www.visit-ulcinj.com\/blog\/wp-content\/uploads\/2017\/05\/Shoqata-kulturore-artistike-Dulcinea-Ulqin-768x593.png 768w\" sizes=\"(max-width: 508px) 100vw, 508px\" \/><\/a><\/p>\n","protected":false},"excerpt":{"rendered":"<p>Shoqata kulturore artistike \u201cDulcinea\u201d do t\u00eb marr\u00eb pjes\u00eb n\u00eb festivalin foklorike nd\u00ebrkomb\u00ebtare q\u00eb mbahen n\u00eb Turqi ne qytetin e Antalis. Trupa e saj do t\u00eb prezantohet me vallen e peshkatareve, valle me motive te dasmes Ulqinake dhe me valle kollazh nga krahina t\u00eb ndryshme shqiptare. Shka \u201cDulcinea\u201d, nga Ulqini, do te udhetoje te Henen p\u00ebr [&hellip;]<\/p>\n","protected":false},"author":1,"featured_media":0,"comment_status":"closed","ping_status":"closed","sticky":false,"template":"","format":"standard","meta":{"spay_email":"","jetpack_publicize_message":"","jetpack_is_tweetstorm":false,"jetpack_publicize_feature_enabled":true},"categories":[1],"tags":[],"jetpack_publicize_connections":[],"yoast_head":"<!-- This site is optimized with the Yoast SEO plugin v19.1 - https:\/\/yoast.com\/wordpress\/plugins\/seo\/ -->\n<title>Shka \u201cDulcinea\u201d nga data 15 maj \u2013 22 maj ne Festivalin nderkombetar folklorik ne Turqi - Antali - Lajme nga Ulqini<\/title>\n<meta name=\"description\" content=\"Shoqata kulturore artistike \u201cDulcinea\u201d do t\u00eb marr\u00eb pjes\u00eb n\u00eb festivalin foklorike nd\u00ebrkomb\u00ebtare q\u00eb mbahen n\u00eb Turqi ne qytetin e Antalis. Trupa e saj do t\u00eb\" \/>\n<meta name=\"robots\" content=\"index, follow, max-snippet:-1, max-image-preview:large, max-video-preview:-1\" \/>\n<link rel=\"canonical\" href=\"https:\/\/www.visit-ulcinj.com\/blog\/2017\/05\/12\/shka-dulcinea-nga-data-15-maj-22-maj-ne-festivalin-nderkombetar-folklorik-ne-turqi-antali\/\" \/>\n<meta property=\"og:locale\" content=\"en_US\" \/>\n<meta property=\"og:type\" content=\"article\" \/>\n<meta property=\"og:title\" content=\"Shka \u201cDulcinea\u201d nga data 15 maj \u2013 22 maj ne Festivalin nderkombetar folklorik ne Turqi - Antali - Lajme nga Ulqini\" \/>\n<meta property=\"og:description\" content=\"Shoqata kulturore artistike \u201cDulcinea\u201d do t\u00eb marr\u00eb pjes\u00eb n\u00eb festivalin foklorike nd\u00ebrkomb\u00ebtare q\u00eb mbahen n\u00eb Turqi ne qytetin e Antalis. Trupa e saj do t\u00eb\" \/>\n<meta property=\"og:url\" content=\"https:\/\/www.visit-ulcinj.com\/blog\/2017\/05\/12\/shka-dulcinea-nga-data-15-maj-22-maj-ne-festivalin-nderkombetar-folklorik-ne-turqi-antali\/\" \/>\n<meta property=\"og:site_name\" content=\"Lajme nga Ulqini\" \/>\n<meta property=\"article:published_time\" content=\"2017-05-12T20:59:32+00:00\" \/>\n<meta property=\"article:modified_time\" content=\"2017-05-13T22:31:03+00:00\" \/>\n<meta property=\"og:image\" content=\"http:\/\/www.visit-ulcinj.com\/blog\/wp-content\/uploads\/2017\/03\/Festivali-Flakadani-i-Karadakut-SHKA-Dulcinea-nga-Ulqini-3.jpg\" \/>\n<meta name=\"twitter:label1\" content=\"Written by\" \/>\n\t<meta name=\"twitter:data1\" content=\"ulqini\" \/>\n\t<meta name=\"twitter:label2\" content=\"Est. reading time\" \/>\n\t<meta name=\"twitter:data2\" content=\"2 minutes\" \/>\n<script type=\"application\/ld+json\" class=\"yoast-schema-graph\">{\"@context\":\"https:\/\/schema.org\",\"@graph\":[{\"@type\":\"WebSite\",\"@id\":\"https:\/\/www.visit-ulcinj.com\/blog\/#website\",\"url\":\"https:\/\/www.visit-ulcinj.com\/blog\/\",\"name\":\"Lajme nga Ulqini\",\"description\":\"Lajme,Vijesti,Ulqini,Ulqin,Crna Gora,Mali i Zi\",\"potentialAction\":[{\"@type\":\"SearchAction\",\"target\":{\"@type\":\"EntryPoint\",\"urlTemplate\":\"https:\/\/www.visit-ulcinj.com\/blog\/?s={search_term_string}\"},\"query-input\":\"required name=search_term_string\"}],\"inLanguage\":\"en-US\"},{\"@type\":\"ImageObject\",\"inLanguage\":\"en-US\",\"@id\":\"https:\/\/www.visit-ulcinj.com\/blog\/2017\/05\/12\/shka-dulcinea-nga-data-15-maj-22-maj-ne-festivalin-nderkombetar-folklorik-ne-turqi-antali\/#primaryimage\",\"url\":\"https:\/\/www.visit-ulcinj.com\/blog\/wp-content\/uploads\/2017\/03\/Festivali-Flakadani-i-Karadakut-SHKA-Dulcinea-nga-Ulqini-3.jpg\",\"contentUrl\":\"https:\/\/www.visit-ulcinj.com\/blog\/wp-content\/uploads\/2017\/03\/Festivali-Flakadani-i-Karadakut-SHKA-Dulcinea-nga-Ulqini-3.jpg\",\"width\":960,\"height\":720},{\"@type\":\"WebPage\",\"@id\":\"https:\/\/www.visit-ulcinj.com\/blog\/2017\/05\/12\/shka-dulcinea-nga-data-15-maj-22-maj-ne-festivalin-nderkombetar-folklorik-ne-turqi-antali\/#webpage\",\"url\":\"https:\/\/www.visit-ulcinj.com\/blog\/2017\/05\/12\/shka-dulcinea-nga-data-15-maj-22-maj-ne-festivalin-nderkombetar-folklorik-ne-turqi-antali\/\",\"name\":\"Shka \u201cDulcinea\u201d nga data 15 maj \u2013 22 maj ne Festivalin nderkombetar folklorik ne Turqi - Antali - Lajme nga Ulqini\",\"isPartOf\":{\"@id\":\"https:\/\/www.visit-ulcinj.com\/blog\/#website\"},\"primaryImageOfPage\":{\"@id\":\"https:\/\/www.visit-ulcinj.com\/blog\/2017\/05\/12\/shka-dulcinea-nga-data-15-maj-22-maj-ne-festivalin-nderkombetar-folklorik-ne-turqi-antali\/#primaryimage\"},\"datePublished\":\"2017-05-12T20:59:32+00:00\",\"dateModified\":\"2017-05-13T22:31:03+00:00\",\"author\":{\"@id\":\"https:\/\/www.visit-ulcinj.com\/blog\/#\/schema\/person\/dcab619c614d3038751c63bc2aadc06d\"},\"description\":\"Shoqata kulturore artistike \u201cDulcinea\u201d do t\u00eb marr\u00eb pjes\u00eb n\u00eb festivalin foklorike nd\u00ebrkomb\u00ebtare q\u00eb mbahen n\u00eb Turqi ne qytetin e Antalis. Trupa e saj do t\u00eb\",\"breadcrumb\":{\"@id\":\"https:\/\/www.visit-ulcinj.com\/blog\/2017\/05\/12\/shka-dulcinea-nga-data-15-maj-22-maj-ne-festivalin-nderkombetar-folklorik-ne-turqi-antali\/#breadcrumb\"},\"inLanguage\":\"en-US\",\"potentialAction\":[{\"@type\":\"ReadAction\",\"target\":[\"https:\/\/www.visit-ulcinj.com\/blog\/2017\/05\/12\/shka-dulcinea-nga-data-15-maj-22-maj-ne-festivalin-nderkombetar-folklorik-ne-turqi-antali\/\"]}]},{\"@type\":\"BreadcrumbList\",\"@id\":\"https:\/\/www.visit-ulcinj.com\/blog\/2017\/05\/12\/shka-dulcinea-nga-data-15-maj-22-maj-ne-festivalin-nderkombetar-folklorik-ne-turqi-antali\/#breadcrumb\",\"itemListElement\":[{\"@type\":\"ListItem\",\"position\":1,\"name\":\"Shka \u201cDulcinea\u201d nga data 15 maj \u2013 22 maj ne Festivalin nderkombetar folklorik ne Turqi &#8211; Antali\"}]},{\"@type\":\"Person\",\"@id\":\"https:\/\/www.visit-ulcinj.com\/blog\/#\/schema\/person\/dcab619c614d3038751c63bc2aadc06d\",\"name\":\"ulqini\",\"sameAs\":[\"http:\/\/www.visit-ulcinj.com\"],\"url\":\"https:\/\/www.visit-ulcinj.com\/blog\/author\/admin\/\"}]}<\/script>\n<!-- \/ Yoast SEO plugin. -->","yoast_head_json":{"title":"Shka \u201cDulcinea\u201d nga data 15 maj \u2013 22 maj ne Festivalin nderkombetar folklorik ne Turqi - Antali - Lajme nga Ulqini","description":"Shoqata kulturore artistike \u201cDulcinea\u201d do t\u00eb marr\u00eb pjes\u00eb n\u00eb festivalin foklorike nd\u00ebrkomb\u00ebtare q\u00eb mbahen n\u00eb Turqi ne qytetin e Antalis. Trupa e saj do t\u00eb","robots":{"index":"index","follow":"follow","max-snippet":"max-snippet:-1","max-image-preview":"max-image-preview:large","max-video-preview":"max-video-preview:-1"},"canonical":"https:\/\/www.visit-ulcinj.com\/blog\/2017\/05\/12\/shka-dulcinea-nga-data-15-maj-22-maj-ne-festivalin-nderkombetar-folklorik-ne-turqi-antali\/","og_locale":"en_US","og_type":"article","og_title":"Shka \u201cDulcinea\u201d nga data 15 maj \u2013 22 maj ne Festivalin nderkombetar folklorik ne Turqi - Antali - Lajme nga Ulqini","og_description":"Shoqata kulturore artistike \u201cDulcinea\u201d do t\u00eb marr\u00eb pjes\u00eb n\u00eb festivalin foklorike nd\u00ebrkomb\u00ebtare q\u00eb mbahen n\u00eb Turqi ne qytetin e Antalis. Trupa e saj do t\u00eb","og_url":"https:\/\/www.visit-ulcinj.com\/blog\/2017\/05\/12\/shka-dulcinea-nga-data-15-maj-22-maj-ne-festivalin-nderkombetar-folklorik-ne-turqi-antali\/","og_site_name":"Lajme nga Ulqini","article_published_time":"2017-05-12T20:59:32+00:00","article_modified_time":"2017-05-13T22:31:03+00:00","og_image":[{"url":"http:\/\/www.visit-ulcinj.com\/blog\/wp-content\/uploads\/2017\/03\/Festivali-Flakadani-i-Karadakut-SHKA-Dulcinea-nga-Ulqini-3.jpg"}],"twitter_misc":{"Written by":"ulqini","Est. reading time":"2 minutes"},"schema":{"@context":"https:\/\/schema.org","@graph":[{"@type":"WebSite","@id":"https:\/\/www.visit-ulcinj.com\/blog\/#website","url":"https:\/\/www.visit-ulcinj.com\/blog\/","name":"Lajme nga Ulqini","description":"Lajme,Vijesti,Ulqini,Ulqin,Crna Gora,Mali i Zi","potentialAction":[{"@type":"SearchAction","target":{"@type":"EntryPoint","urlTemplate":"https:\/\/www.visit-ulcinj.com\/blog\/?s={search_term_string}"},"query-input":"required name=search_term_string"}],"inLanguage":"en-US"},{"@type":"ImageObject","inLanguage":"en-US","@id":"https:\/\/www.visit-ulcinj.com\/blog\/2017\/05\/12\/shka-dulcinea-nga-data-15-maj-22-maj-ne-festivalin-nderkombetar-folklorik-ne-turqi-antali\/#primaryimage","url":"https:\/\/www.visit-ulcinj.com\/blog\/wp-content\/uploads\/2017\/03\/Festivali-Flakadani-i-Karadakut-SHKA-Dulcinea-nga-Ulqini-3.jpg","contentUrl":"https:\/\/www.visit-ulcinj.com\/blog\/wp-content\/uploads\/2017\/03\/Festivali-Flakadani-i-Karadakut-SHKA-Dulcinea-nga-Ulqini-3.jpg","width":960,"height":720},{"@type":"WebPage","@id":"https:\/\/www.visit-ulcinj.com\/blog\/2017\/05\/12\/shka-dulcinea-nga-data-15-maj-22-maj-ne-festivalin-nderkombetar-folklorik-ne-turqi-antali\/#webpage","url":"https:\/\/www.visit-ulcinj.com\/blog\/2017\/05\/12\/shka-dulcinea-nga-data-15-maj-22-maj-ne-festivalin-nderkombetar-folklorik-ne-turqi-antali\/","name":"Shka \u201cDulcinea\u201d nga data 15 maj \u2013 22 maj ne Festivalin nderkombetar folklorik ne Turqi - Antali - Lajme nga Ulqini","isPartOf":{"@id":"https:\/\/www.visit-ulcinj.com\/blog\/#website"},"primaryImageOfPage":{"@id":"https:\/\/www.visit-ulcinj.com\/blog\/2017\/05\/12\/shka-dulcinea-nga-data-15-maj-22-maj-ne-festivalin-nderkombetar-folklorik-ne-turqi-antali\/#primaryimage"},"datePublished":"2017-05-12T20:59:32+00:00","dateModified":"2017-05-13T22:31:03+00:00","author":{"@id":"https:\/\/www.visit-ulcinj.com\/blog\/#\/schema\/person\/dcab619c614d3038751c63bc2aadc06d"},"description":"Shoqata kulturore artistike \u201cDulcinea\u201d do t\u00eb marr\u00eb pjes\u00eb n\u00eb festivalin foklorike nd\u00ebrkomb\u00ebtare q\u00eb mbahen n\u00eb Turqi ne qytetin e Antalis. Trupa e saj do t\u00eb","breadcrumb":{"@id":"https:\/\/www.visit-ulcinj.com\/blog\/2017\/05\/12\/shka-dulcinea-nga-data-15-maj-22-maj-ne-festivalin-nderkombetar-folklorik-ne-turqi-antali\/#breadcrumb"},"inLanguage":"en-US","potentialAction":[{"@type":"ReadAction","target":["https:\/\/www.visit-ulcinj.com\/blog\/2017\/05\/12\/shka-dulcinea-nga-data-15-maj-22-maj-ne-festivalin-nderkombetar-folklorik-ne-turqi-antali\/"]}]},{"@type":"BreadcrumbList","@id":"https:\/\/www.visit-ulcinj.com\/blog\/2017\/05\/12\/shka-dulcinea-nga-data-15-maj-22-maj-ne-festivalin-nderkombetar-folklorik-ne-turqi-antali\/#breadcrumb","itemListElement":[{"@type":"ListItem","position":1,"name":"Shka \u201cDulcinea\u201d nga data 15 maj \u2013 22 maj ne Festivalin nderkombetar folklorik ne Turqi &#8211; Antali"}]},{"@type":"Person","@id":"https:\/\/www.visit-ulcinj.com\/blog\/#\/schema\/person\/dcab619c614d3038751c63bc2aadc06d","name":"ulqini","sameAs":["http:\/\/www.visit-ulcinj.com"],"url":"https:\/\/www.visit-ulcinj.com\/blog\/author\/admin\/"}]}},"jetpack_featured_media_url":"","jetpack_sharing_enabled":true,"jetpack_shortlink":"https:\/\/wp.me\/pe6lTn-rjI","_links":{"self":[{"href":"https:\/\/www.visit-ulcinj.com\/blog\/wp-json\/wp\/v2\/posts\/105010"}],"collection":[{"href":"https:\/\/www.visit-ulcinj.com\/blog\/wp-json\/wp\/v2\/posts"}],"about":[{"href":"https:\/\/www.visit-ulcinj.com\/blog\/wp-json\/wp\/v2\/types\/post"}],"author":[{"embeddable":true,"href":"https:\/\/www.visit-ulcinj.com\/blog\/wp-json\/wp\/v2\/users\/1"}],"replies":[{"embeddable":true,"href":"https:\/\/www.visit-ulcinj.com\/blog\/wp-json\/wp\/v2\/comments?post=105010"}],"version-history":[{"count":2,"href":"https:\/\/www.visit-ulcinj.com\/blog\/wp-json\/wp\/v2\/posts\/105010\/revisions"}],"predecessor-version":[{"id":105013,"href":"https:\/\/www.visit-ulcinj.com\/blog\/wp-json\/wp\/v2\/posts\/105010\/revisions\/105013"}],"wp:attachment":[{"href":"https:\/\/www.visit-ulcinj.com\/blog\/wp-json\/wp\/v2\/media?parent=105010"}],"wp:term":[{"taxonomy":"category","embeddable":true,"href":"https:\/\/www.visit-ulcinj.com\/blog\/wp-json\/wp\/v2\/categories?post=105010"},{"taxonomy":"post_tag","embeddable":true,"href":"https:\/\/www.visit-ulcinj.com\/blog\/wp-json\/wp\/v2\/tags?post=105010"}],"curies":[{"name":"wp","href":"https:\/\/api.w.org\/{rel}","templated":true}]}}