{"id":105025,"date":"2017-05-13T23:28:33","date_gmt":"2017-05-13T22:28:33","guid":{"rendered":"http:\/\/www.visit-ulcinj.com\/blog\/?p=105025"},"modified":"2017-05-14T20:30:25","modified_gmt":"2017-05-14T19:30:25","slug":"zeneli-denimi-i-dr-nail-drages-dhe-farsa-e-shtetit-ligjor-malazez","status":"publish","type":"post","link":"https:\/\/www.visit-ulcinj.com\/blog\/2017\/05\/13\/zeneli-denimi-i-dr-nail-drages-dhe-farsa-e-shtetit-ligjor-malazez\/","title":{"rendered":"Zeneli: D\u00ebnimi i Dr. Nail Drag\u00ebs dhe farsa e &#8221; Shtetit ligjor &#8220;Malazez !"},"content":{"rendered":"<p><a href=\"http:\/\/www.visit-ulcinj.com\/blog\/wp-content\/uploads\/2013\/12\/Nail-Draga-1.jpg\"><img loading=\"lazy\" class=\"alignleft wp-image-77334\" src=\"http:\/\/www.visit-ulcinj.com\/blog\/wp-content\/uploads\/2013\/12\/Nail-Draga-1.jpg\" alt=\"\" width=\"508\" height=\"381\" srcset=\"https:\/\/www.visit-ulcinj.com\/blog\/wp-content\/uploads\/2013\/12\/Nail-Draga-1.jpg 960w, https:\/\/www.visit-ulcinj.com\/blog\/wp-content\/uploads\/2013\/12\/Nail-Draga-1-300x225.jpg 300w\" sizes=\"(max-width: 508px) 100vw, 508px\" \/><\/a>D\u00ebnimi me burg me afat prej 6 muajsh i ish drejtorit t\u00eb Qendr\u00ebs s\u00eb Kultur\u00ebs n\u00eb Ulqin, Dr. Nail Drag\u00ebs me akuz\u00ebn e &#8221; keqp\u00ebrdorimit t\u00eb pozit\u00ebs zyrtare&#8221;, \u00ebsht\u00eb nj\u00eb akt skandaloz p\u00ebr institucionet e ashtuquajtuara t\u00eb drejt\u00ebsis\u00eb n\u00eb Mal t\u00eb Zi, p\u00ebr arsyen e thjesht\u00eb se organet gjygj\u00ebsore ndjekin penalisht nj\u00eb ish drejtues t\u00eb nj\u00eb institucioni kulturor p\u00ebr kin\u00ebse nj\u00eb gabim t\u00eb natyr\u00ebs procedurale, por anashkalojn\u00eb dhe mohojn\u00eb krimet e v\u00ebrteta dhe korrupcionin politik e ekonomik q\u00eb kryehen n\u00eb maj\u00ebn e piramid\u00ebs s\u00eb pushtetit n\u00eb Mal t\u00eb Zi !.<\/p>\n<p>Gjithashtu, z. Draga i ngarkohet edhe akuza e dh\u00ebnies me qira nj\u00eb objekt ( pron\u00eb e Sht\u00ebpis\u00eb s\u00eb Kultur\u00ebs), &#8220;pa shpalljen e tenderit publik&#8221; (!?).<span class=\"m_-7742926183589183860Apple-converted-space\">\u00a0 <\/span>P\u00ebr t\u00eb par\u00eb se si &#8220;drejt\u00ebsia apo gjykata&#8221; malazeze vepron n\u00eb m\u00ebnyr\u00eb selektive duke ndjekur penalisht raste tep\u00ebr t\u00eb pa r\u00ebnd\u00ebsishme apo me q\u00ebllime t\u00eb caktuara ,kurse n\u00eb an\u00ebn tjet\u00ebr duke mbyllur syt\u00eb ndaj epidemis\u00eb s\u00eb korrupcionit q\u00eb ka kapluar aparatin shtet\u00ebror, po iu sjellim disa<span class=\"m_-7742926183589183860Apple-converted-space\">\u00a0 <\/span>d\u00ebshmi interesante.<span class=\"m_-7742926183589183860Apple-converted-space\">\u00a0<\/span><\/p>\n<p class=\"m_-7742926183589183860p1\"><span class=\"m_-7742926183589183860s1\"><span class=\"m_-7742926183589183860Apple-converted-space\">\u00a0\u00a0 \u00a0 \u00a0 <\/span>MANS,nj\u00eb organizat\u00eb joqeveritare e cila merret me hetimin<span class=\"m_-7742926183589183860Apple-converted-space\">\u00a0 <\/span>e korrupcionit shtet\u00ebror,<span class=\"m_-7742926183589183860Apple-converted-space\">\u00a0 <\/span>raporton se n\u00eb vitin 2012 agjensit\u00eb qeveritare n\u00eb Mal t\u00eb Zi kan\u00eb n\u00ebnshkruar 147 marr\u00ebveshje paraprake, pa deklaruar tenderin publik.<span class=\"m_-7742926183589183860Apple-converted-space\">\u00a0 <\/span>Shpesh\u00ebher\u00eb zyrtar\u00ebt qeveritar manipulojn\u00eb me tender\u00ebt publik me q\u00ebllim q\u00eb t\u00eb p\u00ebrfitojn\u00eb kompanit\u00eb q\u00eb jan\u00eb m\u00eb af\u00ebr apo q\u00eb preferohen nga partia n\u00eb pushtet .Tentimet p\u00ebr t\u00eb hetuar ,persekutuar dhe d\u00ebnuar zyrtar\u00ebt e lart\u00eb shtet\u00ebror p\u00ebr korrupcion apo krime t\u00eb ngjajshme, nuk sjellin rezulltate .<\/span><\/p>\n<p class=\"m_-7742926183589183860p1\"><span class=\"m_-7742926183589183860s1\"><span class=\"m_-7742926183589183860Apple-converted-space\">\u00a0 \u00a0 \u00a0 \u00a0 <\/span>MANS ka hetuar 333 raste t\u00eb korrupcionit prej vitit 2006-2012 dhe ka zbuluar se gjykatat japin denime jokonsistente n\u00eb k\u00ebt\u00eb aspekt.<span class=\"m_-7742926183589183860Apple-converted-space\">\u00a0 <\/span>D\u00ebnimet zakonisht jan\u00eb t\u00eb ashp\u00ebrta p\u00ebr punonj\u00ebsit q\u00eb kan\u00eb pozita t\u00eb ulta apo t\u00eb mesme, kurse p\u00ebr zyrtar\u00ebt e lart\u00eb t\u00eb Qeveris\u00eb marrin d\u00ebnime m\u00eb t\u00eb buta p\u00ebr kryerjen e krimeve m\u00eb serioze si\u00e7 \u00ebsht\u00eb abuzimi apo keqp\u00ebrdorimi i pozit\u00ebs. Shembull m\u00eb mir\u00eb p\u00ebr k\u00ebt\u00eb \u00ebsht\u00eb rasti i<span class=\"m_-7742926183589183860Apple-converted-space\">\u00a0 <\/span>ish zyrtarit t\u00eb lart\u00eb t\u00eb PDS-s\u00eb ,Svetozar Maroviq i cili abuzoj me pozit\u00ebn e tij udh\u00ebheq\u00ebse duke pla\u00e7kitur vite me radh\u00eb ,buxhetin<span class=\"m_-7742926183589183860Apple-converted-space\">\u00a0 <\/span>e Komun\u00ebs s\u00eb Budv\u00ebs<span class=\"m_-7742926183589183860Apple-converted-space\">\u00a0 <\/span>me dhjetra miliona dollar\u00eb dhe p\u00ebr k\u00ebte krim ai \u00ebsht\u00eb d\u00ebnuar vet\u00ebm me tre vite e dhjet\u00eb muaj heqje lirije<span class=\"m_-7742926183589183860Apple-converted-space\">\u00a0 <\/span>(!?). MANS gjithashtu raporton se n\u00eb vitin 2014 , 59 institucione shtet\u00ebrore t\u00eb nivelit qendror dhe lokal kan\u00eb kryer veprime antiligjore me rastin e transakcioneve t\u00eb ndryshme pron\u00ebsore, por asnj\u00eb nga drejtuesit e tyre<span class=\"m_-7742926183589183860Apple-converted-space\">\u00a0 <\/span>nuk jan\u00eb sjellur para gjygjit. Edhe Departamenti i Shtetit Amerikan , n\u00eb raportet e tij p\u00ebr t\u00eb drejtat e njeriut , vazhdimisht ka t\u00ebrhequr v\u00ebrejtjen lidhur me problemin e korrupcionit t\u00eb zyrtar\u00ebve t\u00eb lart\u00eb n\u00eb Mal t\u00eb Zi duke theksuar se<span class=\"m_-7742926183589183860Apple-converted-space\">\u00a0 <\/span>edhe &#8220;p\u00ebrkund\u00ebr faktit se ligjet ofrojn\u00eb d\u00ebnime kund\u00ebr zyrtar\u00ebve t\u00eb korruptuar, megjithate qeveria nuk i implementon me efikasitet t\u00eb duhur &#8221; .<\/span><\/p>\n<p class=\"m_-7742926183589183860p1\"><span class=\"m_-7742926183589183860s1\"><span class=\"m_-7742926183589183860Apple-converted-space\">\u00a0 \u00a0 \u00a0 <\/span>Korrupcioni, keqp\u00ebrdorimi i pozit\u00ebs dhe<span class=\"m_-7742926183589183860Apple-converted-space\">\u00a0 <\/span>krimi i organizuar fillon nga majat m\u00eb t\u00eb larta t\u00eb pushtetit, pra nga politikan\u00ebt dhe udh\u00ebheq\u00ebsit kryesor shtet\u00ebror n\u00eb Mal t\u00eb Zi. T\u00eb flitet p\u00ebr korrupcion , p\u00ebr krim t\u00eb organizuar, p\u00ebr keqp\u00ebrdorim t\u00eb pozit\u00ebs dhe veprime t\u00eb tjera antiligjore n\u00eb k\u00ebt\u00eb shtet, nuk mundet pa u p\u00ebrmend emri i ish kryeministrit dhe shefit t\u00eb partis\u00eb s\u00eb<span class=\"m_-7742926183589183860Apple-converted-space\">\u00a0 <\/span>PDS-s\u00eb, Millo Gjukanoviq i cili p\u00ebr rreth tre dekada me radh\u00eb( her\u00eb si kryeminist\u00ebr e her\u00eb si president i Malit t\u00eb Zi), sh\u00ebrbeu si<span class=\"m_-7742926183589183860Apple-converted-space\">\u00a0 <\/span>politikani num\u00ebr nj\u00eb i Malit t\u00eb Zi. Mali i Zi konsiderohet nj\u00eb shtet i vog\u00ebl dhe i varf\u00ebr por q\u00eb Millo Gjukanoviq me familjen e tij ka nj\u00eb fuqi t\u00eb madhe ekonomike dhe konsiderohet si nj\u00eb nd\u00ebr klanet politike sunduese<span class=\"m_-7742926183589183860Apple-converted-space\">\u00a0 <\/span>m\u00eb t\u00eb pasur n\u00eb bot\u00eb, kurse revista<span class=\"m_-7742926183589183860Apple-converted-space\">\u00a0 <\/span>britaneze &#8221; Indepedent&#8221;, e klasifikon<span class=\"m_-7742926183589183860Apple-converted-space\">\u00a0 <\/span>Millo Gjukanoviq-in si nj\u00eb nd\u00ebr 20 politikan\u00ebt m\u00eb t\u00eb pasur n\u00eb bot\u00eb. N\u00eb vitin 2015 Gjukanoviq u shpall &#8221; Person i vitit p\u00ebr krim t\u00eb organizuar dhe p\u00ebr korrupcion&#8221; nga OCCRP, ( Organized Crime and Corruption Reporting Procect ) nj\u00eb oganizat\u00eb e njohur e cila merret me hetimin e korrupcionit t\u00eb udh\u00ebheq\u00ebve qeveritar .<\/span><\/p>\n<p class=\"m_-7742926183589183860p1\"><span class=\"m_-7742926183589183860s1\"><span class=\"m_-7742926183589183860Apple-converted-space\">\u00a0 \u00a0 \u00a0 <\/span>Pas gjith\u00eb k\u00ebsaj q\u00eb u tha m\u00eb lart\u00eb, burgosja e Dr. Drag\u00ebs ting\u00ebllon si fars\u00eb e veprimit t\u00eb &#8221; shtetit ligjor&#8221;. Pra, kur Qeveria arreston<span class=\"m_-7742926183589183860Apple-converted-space\">\u00a0 <\/span>dhe burgos punonj\u00ebs apo drejtues t\u00eb thjesht\u00eb ,p\u00ebr shkak t\u00eb ndonj\u00eb \u00e7\u00ebshtje procedurale, mundohen t\u00eb tregojn\u00eb<span class=\"m_-7742926183589183860Apple-converted-space\">\u00a0 <\/span>se &#8220;drejt\u00ebsia&#8221; vepron dhe se n\u00eb Mali i Zi kin\u00ebse luftohet korrupcioni! Gjithashtu,n\u00eb k\u00ebt\u00eb m\u00ebnyr\u00eb nj\u00ebherit tentohet q\u00eb t\u00eb t\u00ebrheqet v\u00ebmendja nga krimet serioze q\u00eb b\u00ebhen n\u00eb nivel shtet\u00ebror, ku jan\u00eb t\u00eb p\u00ebrfshir\u00eb shum\u00eb funksioner\u00eb t\u00eb klas\u00ebs politike dhe q\u00eb p\u00ebr nj\u00eb koh\u00eb t\u00eb gjat\u00eb d\u00ebmtojn\u00eb shoq\u00ebrin\u00eb duke u pasuruar n\u00eb kurriz t\u00eb qytetar\u00ebve, por q\u00eb dora e drejt\u00ebsis\u00eb nuk i arrin dot.<\/span><\/p>\n<p class=\"m_-7742926183589183860p1\"><span class=\"m_-7742926183589183860s1\"><span class=\"m_-7742926183589183860Apple-converted-space\">\u00a0\u00a0 \u00a0 <\/span>N\u00ebse e nj\u00ebjta akuz\u00eb apo kriterijum q\u00eb \u00ebsht\u00eb aplikuar ndaj z. Draga me rastin e d\u00ebnimit t\u00eb tij, t\u00eb ishte aplikuar ndaj t\u00eb gjith\u00eb t\u00eb tjer\u00ebve q\u00eb ushtrojn\u00eb funksione t\u00eb sh\u00ebrbimeve publike n\u00eb Mal t\u00eb Zi, at\u00ebher\u00eb do t\u00eb kishim d\u00ebnime dhe burgime t\u00eb p\u00ebrditshme n\u00eb Mal t\u00eb Zi !.<\/span><\/p>\n<p class=\"m_-7742926183589183860p1\"><span class=\"m_-7742926183589183860s1\"><span class=\"m_-7742926183589183860Apple-converted-space\">\u00a0 \u00a0 \u00a0 <\/span>Pse u burgus Dr. Nail Draga ?<\/span><\/p>\n<p class=\"m_-7742926183589183860p1\"><span class=\"m_-7742926183589183860s1\"><span class=\"m_-7742926183589183860Apple-converted-space\">\u00a0\u00a0 \u00a0 <\/span>Dr. Nail Draga \u00ebsht\u00eb nj\u00eb intelektual i njohur jo vet\u00ebm nd\u00ebr shqiptar\u00ebt n\u00eb Mal t\u00eb Zi por n\u00eb mbar\u00eb hap\u00ebsir\u00ebn shqiptare n\u00eb p\u00ebrgjith\u00ebsi i cili mban grad\u00ebn Doktor<span class=\"m_-7742926183589183860Apple-converted-space\">\u00a0 <\/span>i shkencave gjeografike. \u00cbsht\u00eb autor i disa librave, ku kryesisht trajton \u00e7\u00ebshtjen e shqiptar\u00ebve n\u00eb Mal t\u00eb Zi .<\/span><\/p>\n<p class=\"m_-7742926183589183860p1\"><span class=\"m_-7742926183589183860s1\"><span class=\"m_-7742926183589183860Apple-converted-space\">\u00a0\u00a0 \u00a0 <\/span>Gjat\u00eb viteve &#8220;80-ta, si intelektual i ri, dal\u00eb nga Univerziteti<span class=\"m_-7742926183589183860Apple-converted-space\">\u00a0 <\/span>i Prishtin\u00ebs, p\u00ebr aktivitietin e tij,v\u00ebzhgohej dhe p\u00ebrndjekej vazhdimisht nga organet e at\u00ebher\u00ebshme t\u00eb sigurimit malazezo-jugosllav, me \u00e7&#8217;rast policia e at\u00ebhershme i konfiskoj librarin\u00eb e tij private e cila<span class=\"m_-7742926183589183860Apple-converted-space\">\u00a0 <\/span>nuk iu \u00ebsht\u00eb kthyer asnj\u00ebher\u00eb.<\/span><\/p>\n<p class=\"m_-7742926183589183860p1\"><span class=\"m_-7742926183589183860s1\"><span class=\"m_-7742926183589183860Apple-converted-space\">\u00a0\u00a0 \u00a0 <\/span>Me vendosjen e sistemit shumpartiak n\u00eb Mal t\u00eb Zi, ishte nj\u00eb nd\u00ebr t\u00eb par\u00ebt q\u00eb u aktivizua duke ndihmuar n\u00eb p\u00ebrpilimin<span class=\"m_-7742926183589183860Apple-converted-space\">\u00a0 <\/span>e Statusit Special t\u00eb Shqiptar\u00ebve n\u00eb Mal t\u00eb Zi n\u00eb vitin 1992, nj\u00eb dokument i at\u00ebhersh\u00ebm me r\u00ebnd\u00ebsi p\u00ebr t\u00eb drejtat e shqiptar\u00ebve n\u00eb k\u00ebte republik\u00eb. I ftuar nga LQSHA n\u00eb vitin 2003 d\u00ebshmon n\u00eb Kongresin Amerikan n\u00eb Washington DC, lidhur me diskriminimin e shqiptar\u00ebve n\u00eb Mal t\u00eb Zi. Organizon dhe merr pjes\u00eb vazhdimisht n\u00eb simpozijume, takime ,prezentime e mbledhje shkencore ku diskutohen \u00e7\u00ebshtjet me r\u00ebnd\u00ebsi jetike p\u00ebr shqiptar\u00ebt n\u00eb rajon. N\u00eb kuad\u00ebr t\u00eb ART-CLUB-it n\u00eb Ulqin ( Shoqat\u00ebs s\u00eb Intelektual\u00ebve dhe Artist\u00ebve ) ka redaktuar dhe organizuar promovimin e dhjetra librave t\u00eb autor\u00ebve t\u00eb ndrysh\u00ebm shqiptar\u00eb.<span class=\"m_-7742926183589183860Apple-converted-space\">\u00a0 <\/span>P\u00ebrmes shkrimeve, publikimeve, analizave t\u00eb tija t\u00eb shumta gjith\u00ebnj\u00eb shpreh shqet\u00ebsimin p\u00ebr pozit\u00ebn e shqiptar\u00ebve n\u00eb Mal t\u00eb Zi dhe \u00e7do her\u00eb ngrit z\u00ebrin e tij p\u00ebr padrejt\u00ebsit\u00eb q\u00eb iu b\u00ebh\u00ebn shqiptar\u00ebve n\u00eb shum\u00eb sfera t\u00eb jet\u00ebs shoq\u00ebrore dhe n\u00eb k\u00ebt\u00eb m\u00ebnyr\u00eb \u00ebsht\u00eb b\u00ebr\u00eb nj\u00eb z\u00eb i fuqish\u00ebm i nd\u00ebrgjegj\u00ebsimit t\u00eb \u00e7\u00ebshtjes shqiptare n\u00eb Mal t\u00eb Zi.<span class=\"m_-7742926183589183860Apple-converted-space\">\u00a0<\/span><\/span><\/p>\n<p class=\"m_-7742926183589183860p1\"><span class=\"m_-7742926183589183860s1\"><span class=\"m_-7742926183589183860Apple-converted-space\">\u00a0 \u00a0 \u00a0 \u00a0 \u00a0 <\/span>Dr. Nail Draga n\u00eb t\u00eb gjitha pozitat q\u00eb ka mbajtur deri m\u00eb sot nd\u00ebr t\u00eb cilat ishin edhe drejtor i SHF &#8221; Bedri Ekezaga&#8221; n\u00eb Kat\u00ebrkoll\u00eb ( An\u00eb t\u00eb Malit) si dhe drejtor i QK n\u00eb Ulqin, i ka kryer me dinjitet, me nd\u00ebrgjegje , etik\u00eb t\u00eb lart\u00eb t\u00eb pun\u00ebs dhe<span class=\"m_-7742926183589183860Apple-converted-space\">\u00a0 <\/span>me p\u00ebrgjegj\u00ebsi t\u00eb plot\u00eb<span class=\"m_-7742926183589183860Apple-converted-space\">\u00a0 <\/span>dhe n\u00eb asnj\u00eb rast nuk ka pasur p\u00ebrfitime materiale. K\u00ebt\u00eb e v\u00ebrteton edhe standardi modest i jet\u00ebs<span class=\"m_-7742926183589183860Apple-converted-space\">\u00a0 <\/span>s\u00eb tij prej intelektuali. Vlen t\u00eb p\u00ebrmendet se derisa ishte drejtor i Qendr\u00ebs p\u00ebr Kultur\u00eb n\u00eb Ulqin ka inicuar e organizuar aktivitete t\u00eb shumta kulturore si Mbr\u00ebmjet e shumta Poetike , Panairet vjetore Librit etj. dhe ka dh\u00ebn\u00eb nj\u00eb kontribut t\u00eb ve\u00e7ant\u00eb p\u00ebr jet\u00ebn kultorore dhe artistike t\u00eb k\u00ebtij qyteti.<\/span><\/p>\n<p class=\"m_-7742926183589183860p1\"><span class=\"m_-7742926183589183860s1\"><span class=\"m_-7742926183589183860Apple-converted-space\">\u00a0 \u00a0 <\/span>Duke pasur parasysh nj\u00eb aktivitet t\u00eb buj\u00ebsh\u00ebm t\u00eb nj\u00eb intelektuali t\u00eb dalluar t\u00eb \u00e7\u00ebshtjes komb\u00ebtare ,nuk ka se si t\u00eb mos ngjallen dyshime lidhur me q\u00ebllimet dhe prapavij\u00ebn e vertet\u00eb e burgosjes s\u00eb Dr. Nail Drag\u00ebs nga autoritetet malazeze!<span class=\"m_-7742926183589183860Apple-converted-space\">\u00a0 <\/span>Dihet mir\u00eb se n\u00eb nj\u00eb shtet ku<span class=\"m_-7742926183589183860Apple-converted-space\">\u00a0 <\/span>gjykata dhe institucionet e drejt\u00ebsis\u00eb jan\u00eb t\u00eb korruptuar dhe i sh\u00ebrbejn\u00eb klik\u00ebs s\u00eb ngusht t\u00eb pushtetit, po i nj\u00ebjti shtet \u00ebsht\u00eb n\u00eb gjendje q\u00eb t\u00eb kurdis\u00eb akte t\u00eb caktuara gjygj\u00ebsore ndaj t\u00eb &#8220;pad\u00ebshiruar\u00ebve&#8221; , ndaj atyre q\u00eb ngrisin z\u00ebrin vazhdimisht ndaj atij pushteti apo ndaj atyre q\u00eb angazhohen p\u00ebr mbrojtjen e t\u00eb drejtave t\u00eb popullit t\u00eb vet.<\/span><\/p>\n<p class=\"m_-7742926183589183860p2\"><span class=\"m_-7742926183589183860s1\"><span class=\"m_-7742926183589183860Apple-converted-space\">\u00a0\u00a0 \u00a0<\/span><\/span><\/p>\n<p class=\"m_-7742926183589183860p1\"><span class=\"m_-7742926183589183860s1\"><span class=\"m_-7742926183589183860Apple-converted-space\">\u00a0\u00a0 \u00a0 <\/span>D\u00ebnimi dhe heqja e liris\u00eb s\u00eb intelektuali n\u00eb \u00e7do shoq\u00ebri<span class=\"m_-7742926183589183860Apple-converted-space\">\u00a0 <\/span>\u00ebsht\u00eb p\u00ebr t&#8217;u shqet\u00ebsuar, posa\u00e7\u00ebrisht d\u00ebnimi i nj\u00eb intelektuali me p\u00ebrkat\u00ebsi komb\u00ebtare shqiptare n\u00eb Mal t\u00eb Zi, ( pra, t\u00eb Dr. Drag\u00ebs), duke pasur parasysh t\u00eb kaluar\u00ebn e hidhur e regjimeve sllave ndaj intelegjencis\u00eb shqiptare, por nj\u00ebherit dhe trajtimin dhe statusin e tanish\u00ebm t\u00eb pabarabart\u00eb t\u00eb shqiptar\u00ebve n\u00eb p\u00ebrgjith\u00ebsi n\u00eb k\u00ebt\u00eb shtet.<\/span><\/p>\n<p class=\"m_-7742926183589183860p1\"><span class=\"m_-7742926183589183860s1\">Xheladin Zeneli<\/span><\/p>\n<p class=\"m_-7742926183589183860p1\"><span class=\"m_-7742926183589183860s1\">13 Maj 2017<\/span><\/p>\n","protected":false},"excerpt":{"rendered":"<p>D\u00ebnimi me burg me afat prej 6 muajsh i ish drejtorit t\u00eb Qendr\u00ebs s\u00eb Kultur\u00ebs n\u00eb Ulqin, Dr. Nail Drag\u00ebs me akuz\u00ebn e &#8221; keqp\u00ebrdorimit t\u00eb pozit\u00ebs zyrtare&#8221;, \u00ebsht\u00eb nj\u00eb akt skandaloz p\u00ebr institucionet e ashtuquajtuara t\u00eb drejt\u00ebsis\u00eb n\u00eb Mal t\u00eb Zi, p\u00ebr arsyen e thjesht\u00eb se organet gjygj\u00ebsore ndjekin penalisht nj\u00eb ish drejtues t\u00eb [&hellip;]<\/p>\n","protected":false},"author":1,"featured_media":0,"comment_status":"closed","ping_status":"closed","sticky":false,"template":"","format":"standard","meta":{"spay_email":"","jetpack_publicize_message":"","jetpack_is_tweetstorm":false,"jetpack_publicize_feature_enabled":true},"categories":[7,1],"tags":[],"jetpack_publicize_connections":[],"yoast_head":"<!-- This site is optimized with the Yoast SEO plugin v19.1 - https:\/\/yoast.com\/wordpress\/plugins\/seo\/ -->\n<title>Zeneli: D\u00ebnimi i Dr. Nail Drag\u00ebs dhe farsa e &quot; Shtetit ligjor &quot;Malazez ! - Lajme nga Ulqini<\/title>\n<meta name=\"description\" content=\"D\u00ebnimi me burg me afat prej 6 muajsh i ish drejtorit t\u00eb Qendr\u00ebs s\u00eb Kultur\u00ebs n\u00eb Ulqin, Dr. Nail Drag\u00ebs me akuz\u00ebn e &quot; keqp\u00ebrdorimit t\u00eb pozit\u00ebs zyrtare&quot;,\" \/>\n<meta name=\"robots\" content=\"index, follow, max-snippet:-1, max-image-preview:large, max-video-preview:-1\" \/>\n<link rel=\"canonical\" href=\"https:\/\/www.visit-ulcinj.com\/blog\/2017\/05\/13\/zeneli-denimi-i-dr-nail-drages-dhe-farsa-e-shtetit-ligjor-malazez\/\" \/>\n<meta property=\"og:locale\" content=\"en_US\" \/>\n<meta property=\"og:type\" content=\"article\" \/>\n<meta property=\"og:title\" content=\"Zeneli: D\u00ebnimi i Dr. Nail Drag\u00ebs dhe farsa e &quot; Shtetit ligjor &quot;Malazez ! - Lajme nga Ulqini\" \/>\n<meta property=\"og:description\" content=\"D\u00ebnimi me burg me afat prej 6 muajsh i ish drejtorit t\u00eb Qendr\u00ebs s\u00eb Kultur\u00ebs n\u00eb Ulqin, Dr. Nail Drag\u00ebs me akuz\u00ebn e &quot; keqp\u00ebrdorimit t\u00eb pozit\u00ebs zyrtare&quot;,\" \/>\n<meta property=\"og:url\" content=\"https:\/\/www.visit-ulcinj.com\/blog\/2017\/05\/13\/zeneli-denimi-i-dr-nail-drages-dhe-farsa-e-shtetit-ligjor-malazez\/\" \/>\n<meta property=\"og:site_name\" content=\"Lajme nga Ulqini\" \/>\n<meta property=\"article:published_time\" content=\"2017-05-13T22:28:33+00:00\" \/>\n<meta property=\"article:modified_time\" content=\"2017-05-14T19:30:25+00:00\" \/>\n<meta property=\"og:image\" content=\"http:\/\/www.visit-ulcinj.com\/blog\/wp-content\/uploads\/2013\/12\/Nail-Draga-1.jpg\" \/>\n<meta name=\"twitter:label1\" content=\"Written by\" \/>\n\t<meta name=\"twitter:data1\" content=\"ulqini\" \/>\n\t<meta name=\"twitter:label2\" content=\"Est. reading time\" \/>\n\t<meta name=\"twitter:data2\" content=\"8 minutes\" \/>\n<script type=\"application\/ld+json\" class=\"yoast-schema-graph\">{\"@context\":\"https:\/\/schema.org\",\"@graph\":[{\"@type\":\"WebSite\",\"@id\":\"https:\/\/www.visit-ulcinj.com\/blog\/#website\",\"url\":\"https:\/\/www.visit-ulcinj.com\/blog\/\",\"name\":\"Lajme nga Ulqini\",\"description\":\"Lajme,Vijesti,Ulqini,Ulqin,Crna Gora,Mali i Zi\",\"potentialAction\":[{\"@type\":\"SearchAction\",\"target\":{\"@type\":\"EntryPoint\",\"urlTemplate\":\"https:\/\/www.visit-ulcinj.com\/blog\/?s={search_term_string}\"},\"query-input\":\"required name=search_term_string\"}],\"inLanguage\":\"en-US\"},{\"@type\":\"ImageObject\",\"inLanguage\":\"en-US\",\"@id\":\"https:\/\/www.visit-ulcinj.com\/blog\/2017\/05\/13\/zeneli-denimi-i-dr-nail-drages-dhe-farsa-e-shtetit-ligjor-malazez\/#primaryimage\",\"url\":\"https:\/\/www.visit-ulcinj.com\/blog\/wp-content\/uploads\/2013\/12\/Nail-Draga-1.jpg\",\"contentUrl\":\"https:\/\/www.visit-ulcinj.com\/blog\/wp-content\/uploads\/2013\/12\/Nail-Draga-1.jpg\",\"width\":960,\"height\":720},{\"@type\":\"WebPage\",\"@id\":\"https:\/\/www.visit-ulcinj.com\/blog\/2017\/05\/13\/zeneli-denimi-i-dr-nail-drages-dhe-farsa-e-shtetit-ligjor-malazez\/#webpage\",\"url\":\"https:\/\/www.visit-ulcinj.com\/blog\/2017\/05\/13\/zeneli-denimi-i-dr-nail-drages-dhe-farsa-e-shtetit-ligjor-malazez\/\",\"name\":\"Zeneli: D\u00ebnimi i Dr. Nail Drag\u00ebs dhe farsa e \\\" Shtetit ligjor \\\"Malazez ! - Lajme nga Ulqini\",\"isPartOf\":{\"@id\":\"https:\/\/www.visit-ulcinj.com\/blog\/#website\"},\"primaryImageOfPage\":{\"@id\":\"https:\/\/www.visit-ulcinj.com\/blog\/2017\/05\/13\/zeneli-denimi-i-dr-nail-drages-dhe-farsa-e-shtetit-ligjor-malazez\/#primaryimage\"},\"datePublished\":\"2017-05-13T22:28:33+00:00\",\"dateModified\":\"2017-05-14T19:30:25+00:00\",\"author\":{\"@id\":\"https:\/\/www.visit-ulcinj.com\/blog\/#\/schema\/person\/dcab619c614d3038751c63bc2aadc06d\"},\"description\":\"D\u00ebnimi me burg me afat prej 6 muajsh i ish drejtorit t\u00eb Qendr\u00ebs s\u00eb Kultur\u00ebs n\u00eb Ulqin, Dr. Nail Drag\u00ebs me akuz\u00ebn e \\\" keqp\u00ebrdorimit t\u00eb pozit\u00ebs zyrtare\\\",\",\"breadcrumb\":{\"@id\":\"https:\/\/www.visit-ulcinj.com\/blog\/2017\/05\/13\/zeneli-denimi-i-dr-nail-drages-dhe-farsa-e-shtetit-ligjor-malazez\/#breadcrumb\"},\"inLanguage\":\"en-US\",\"potentialAction\":[{\"@type\":\"ReadAction\",\"target\":[\"https:\/\/www.visit-ulcinj.com\/blog\/2017\/05\/13\/zeneli-denimi-i-dr-nail-drages-dhe-farsa-e-shtetit-ligjor-malazez\/\"]}]},{\"@type\":\"BreadcrumbList\",\"@id\":\"https:\/\/www.visit-ulcinj.com\/blog\/2017\/05\/13\/zeneli-denimi-i-dr-nail-drages-dhe-farsa-e-shtetit-ligjor-malazez\/#breadcrumb\",\"itemListElement\":[{\"@type\":\"ListItem\",\"position\":1,\"name\":\"Zeneli: D\u00ebnimi i Dr. Nail Drag\u00ebs dhe farsa e &#8221; Shtetit ligjor &#8220;Malazez !\"}]},{\"@type\":\"Person\",\"@id\":\"https:\/\/www.visit-ulcinj.com\/blog\/#\/schema\/person\/dcab619c614d3038751c63bc2aadc06d\",\"name\":\"ulqini\",\"sameAs\":[\"http:\/\/www.visit-ulcinj.com\"],\"url\":\"https:\/\/www.visit-ulcinj.com\/blog\/author\/admin\/\"}]}<\/script>\n<!-- \/ Yoast SEO plugin. -->","yoast_head_json":{"title":"Zeneli: D\u00ebnimi i Dr. Nail Drag\u00ebs dhe farsa e \" Shtetit ligjor \"Malazez ! - Lajme nga Ulqini","description":"D\u00ebnimi me burg me afat prej 6 muajsh i ish drejtorit t\u00eb Qendr\u00ebs s\u00eb Kultur\u00ebs n\u00eb Ulqin, Dr. Nail Drag\u00ebs me akuz\u00ebn e \" keqp\u00ebrdorimit t\u00eb pozit\u00ebs zyrtare\",","robots":{"index":"index","follow":"follow","max-snippet":"max-snippet:-1","max-image-preview":"max-image-preview:large","max-video-preview":"max-video-preview:-1"},"canonical":"https:\/\/www.visit-ulcinj.com\/blog\/2017\/05\/13\/zeneli-denimi-i-dr-nail-drages-dhe-farsa-e-shtetit-ligjor-malazez\/","og_locale":"en_US","og_type":"article","og_title":"Zeneli: D\u00ebnimi i Dr. Nail Drag\u00ebs dhe farsa e \" Shtetit ligjor \"Malazez ! - Lajme nga Ulqini","og_description":"D\u00ebnimi me burg me afat prej 6 muajsh i ish drejtorit t\u00eb Qendr\u00ebs s\u00eb Kultur\u00ebs n\u00eb Ulqin, Dr. Nail Drag\u00ebs me akuz\u00ebn e \" keqp\u00ebrdorimit t\u00eb pozit\u00ebs zyrtare\",","og_url":"https:\/\/www.visit-ulcinj.com\/blog\/2017\/05\/13\/zeneli-denimi-i-dr-nail-drages-dhe-farsa-e-shtetit-ligjor-malazez\/","og_site_name":"Lajme nga Ulqini","article_published_time":"2017-05-13T22:28:33+00:00","article_modified_time":"2017-05-14T19:30:25+00:00","og_image":[{"url":"http:\/\/www.visit-ulcinj.com\/blog\/wp-content\/uploads\/2013\/12\/Nail-Draga-1.jpg"}],"twitter_misc":{"Written by":"ulqini","Est. reading time":"8 minutes"},"schema":{"@context":"https:\/\/schema.org","@graph":[{"@type":"WebSite","@id":"https:\/\/www.visit-ulcinj.com\/blog\/#website","url":"https:\/\/www.visit-ulcinj.com\/blog\/","name":"Lajme nga Ulqini","description":"Lajme,Vijesti,Ulqini,Ulqin,Crna Gora,Mali i Zi","potentialAction":[{"@type":"SearchAction","target":{"@type":"EntryPoint","urlTemplate":"https:\/\/www.visit-ulcinj.com\/blog\/?s={search_term_string}"},"query-input":"required name=search_term_string"}],"inLanguage":"en-US"},{"@type":"ImageObject","inLanguage":"en-US","@id":"https:\/\/www.visit-ulcinj.com\/blog\/2017\/05\/13\/zeneli-denimi-i-dr-nail-drages-dhe-farsa-e-shtetit-ligjor-malazez\/#primaryimage","url":"https:\/\/www.visit-ulcinj.com\/blog\/wp-content\/uploads\/2013\/12\/Nail-Draga-1.jpg","contentUrl":"https:\/\/www.visit-ulcinj.com\/blog\/wp-content\/uploads\/2013\/12\/Nail-Draga-1.jpg","width":960,"height":720},{"@type":"WebPage","@id":"https:\/\/www.visit-ulcinj.com\/blog\/2017\/05\/13\/zeneli-denimi-i-dr-nail-drages-dhe-farsa-e-shtetit-ligjor-malazez\/#webpage","url":"https:\/\/www.visit-ulcinj.com\/blog\/2017\/05\/13\/zeneli-denimi-i-dr-nail-drages-dhe-farsa-e-shtetit-ligjor-malazez\/","name":"Zeneli: D\u00ebnimi i Dr. Nail Drag\u00ebs dhe farsa e \" Shtetit ligjor \"Malazez ! - Lajme nga Ulqini","isPartOf":{"@id":"https:\/\/www.visit-ulcinj.com\/blog\/#website"},"primaryImageOfPage":{"@id":"https:\/\/www.visit-ulcinj.com\/blog\/2017\/05\/13\/zeneli-denimi-i-dr-nail-drages-dhe-farsa-e-shtetit-ligjor-malazez\/#primaryimage"},"datePublished":"2017-05-13T22:28:33+00:00","dateModified":"2017-05-14T19:30:25+00:00","author":{"@id":"https:\/\/www.visit-ulcinj.com\/blog\/#\/schema\/person\/dcab619c614d3038751c63bc2aadc06d"},"description":"D\u00ebnimi me burg me afat prej 6 muajsh i ish drejtorit t\u00eb Qendr\u00ebs s\u00eb Kultur\u00ebs n\u00eb Ulqin, Dr. Nail Drag\u00ebs me akuz\u00ebn e \" keqp\u00ebrdorimit t\u00eb pozit\u00ebs zyrtare\",","breadcrumb":{"@id":"https:\/\/www.visit-ulcinj.com\/blog\/2017\/05\/13\/zeneli-denimi-i-dr-nail-drages-dhe-farsa-e-shtetit-ligjor-malazez\/#breadcrumb"},"inLanguage":"en-US","potentialAction":[{"@type":"ReadAction","target":["https:\/\/www.visit-ulcinj.com\/blog\/2017\/05\/13\/zeneli-denimi-i-dr-nail-drages-dhe-farsa-e-shtetit-ligjor-malazez\/"]}]},{"@type":"BreadcrumbList","@id":"https:\/\/www.visit-ulcinj.com\/blog\/2017\/05\/13\/zeneli-denimi-i-dr-nail-drages-dhe-farsa-e-shtetit-ligjor-malazez\/#breadcrumb","itemListElement":[{"@type":"ListItem","position":1,"name":"Zeneli: D\u00ebnimi i Dr. Nail Drag\u00ebs dhe farsa e &#8221; Shtetit ligjor &#8220;Malazez !"}]},{"@type":"Person","@id":"https:\/\/www.visit-ulcinj.com\/blog\/#\/schema\/person\/dcab619c614d3038751c63bc2aadc06d","name":"ulqini","sameAs":["http:\/\/www.visit-ulcinj.com"],"url":"https:\/\/www.visit-ulcinj.com\/blog\/author\/admin\/"}]}},"jetpack_featured_media_url":"","jetpack_sharing_enabled":true,"jetpack_shortlink":"https:\/\/wp.me\/pe6lTn-rjX","_links":{"self":[{"href":"https:\/\/www.visit-ulcinj.com\/blog\/wp-json\/wp\/v2\/posts\/105025"}],"collection":[{"href":"https:\/\/www.visit-ulcinj.com\/blog\/wp-json\/wp\/v2\/posts"}],"about":[{"href":"https:\/\/www.visit-ulcinj.com\/blog\/wp-json\/wp\/v2\/types\/post"}],"author":[{"embeddable":true,"href":"https:\/\/www.visit-ulcinj.com\/blog\/wp-json\/wp\/v2\/users\/1"}],"replies":[{"embeddable":true,"href":"https:\/\/www.visit-ulcinj.com\/blog\/wp-json\/wp\/v2\/comments?post=105025"}],"version-history":[{"count":1,"href":"https:\/\/www.visit-ulcinj.com\/blog\/wp-json\/wp\/v2\/posts\/105025\/revisions"}],"predecessor-version":[{"id":105027,"href":"https:\/\/www.visit-ulcinj.com\/blog\/wp-json\/wp\/v2\/posts\/105025\/revisions\/105027"}],"wp:attachment":[{"href":"https:\/\/www.visit-ulcinj.com\/blog\/wp-json\/wp\/v2\/media?parent=105025"}],"wp:term":[{"taxonomy":"category","embeddable":true,"href":"https:\/\/www.visit-ulcinj.com\/blog\/wp-json\/wp\/v2\/categories?post=105025"},{"taxonomy":"post_tag","embeddable":true,"href":"https:\/\/www.visit-ulcinj.com\/blog\/wp-json\/wp\/v2\/tags?post=105025"}],"curies":[{"name":"wp","href":"https:\/\/api.w.org\/{rel}","templated":true}]}}