{"id":105039,"date":"2017-05-14T20:33:29","date_gmt":"2017-05-14T19:33:29","guid":{"rendered":"http:\/\/www.visit-ulcinj.com\/blog\/?p=105039"},"modified":"2017-05-14T23:11:02","modified_gmt":"2017-05-14T22:11:02","slug":"shaban-burri-jane-muslimanet-te-mbrapametur","status":"publish","type":"post","link":"https:\/\/www.visit-ulcinj.com\/blog\/2017\/05\/14\/shaban-burri-jane-muslimanet-te-mbrapametur\/","title":{"rendered":"Shaban Burri: A jan\u00eb musliman\u00ebt t\u00eb mbrapametur?"},"content":{"rendered":"<p><a href=\"http:\/\/www.visit-ulcinj.com\/blog\/wp-content\/uploads\/2017\/05\/Shaban-Burri.jpg\"><img loading=\"lazy\" class=\"alignleft wp-image-105045\" src=\"http:\/\/www.visit-ulcinj.com\/blog\/wp-content\/uploads\/2017\/05\/Shaban-Burri.jpg\" alt=\"\" width=\"508\" height=\"384\" srcset=\"https:\/\/www.visit-ulcinj.com\/blog\/wp-content\/uploads\/2017\/05\/Shaban-Burri.jpg 768w, https:\/\/www.visit-ulcinj.com\/blog\/wp-content\/uploads\/2017\/05\/Shaban-Burri-300x227.jpg 300w\" sizes=\"(max-width: 508px) 100vw, 508px\" \/><\/a>Nj\u00eb sugjerim p\u00ebr debatin e brendsh\u00ebm-islamik. N\u00eb dit\u00ebt e fundit, propagandat t\u00eb publikuara kund\u00ebr musliman\u00ebve jan\u00eb t\u00eb frikshme. \u00cbsht\u00eb koha q\u00eb ne musliman\u00ebt k\u00ebt\u00eb problem t\u00eb trajtojm\u00eb m\u00eb kritik sa m\u00eb par\u00eb!<\/p>\n<p>Racist\u00ebt t\u00eb sken\u00ebs ultra t\u00eb djatht\u00eb e kan\u00eb ditur gjithmon\u00eb k\u00ebt\u00eb. Musliman\u00ebt jan\u00eb t\u00eb trash\u00eb\/mbrapametur dhe penges\u00eb n\u00eb prozesin e zhvilimit dhe intergrimit me per\u00ebndimin, p\u00ebr k\u00ebt\u00eb takojn\u00eb &#8220;transferuar&#8221; n\u00eb atdheun e tyre \u201earabin\u201c.<br \/>\nMe ndodhje t\u00eb montumuna nga anmiqt e Islamit ata mundohen me ja p\u00ebrshkru Islamit pamundesin p\u00ebr rregulimin e problemeve shoqeror\u00eb dhe mundohen ne \u00e7do menyr me ja qit faq\u00ebn e zes dhe me shpreh pamundesin\u00eb e musliman\u00ebve\/besimtar\u00ebve p\u00ebr t\u2019u integruar me gjith\u00eb t\u00eb tjer\u00ebt i mungon kultura p\u00ebr t\u00eb avancuar \u00e7\u00ebshtjen komb\u00ebtare gjat\u00eb procesit t\u00eb zhvillimit dhe p\u00ebrparimit. Shfrytezojne rastin me ja hedh BI nj\u00eb pik\u00eb benzin\u00eb dhe \u201ce pat puna\u201d.<br \/>\nT\u00eb majtas, por me t\u00eb drejt\u00eb theksojn\u00eb se mungesa s\u00eb dijenis\u00eb n\u00eb mesin e musliman\u00ebve ishte m\u00eb shum\u00eb n\u00eb lidhje me statusin e tyre social. Organizatat muslimane thjeshte v\u00ebn\u00eb n\u00eb dukje se kjo nuk \u00ebsht\u00eb e vertet.<\/p>\n<p>Mysliman\u00ebt duhen me vendosm\u00ebri ta refuzojn\u00eb mendimet t\u00eb \u00e7mendura racore se djatht\u00ebs njaq na ndihmojn dhe deklaratat e t\u00eb majt\u00ebsa, se mbeten fakti se musliman\u00ebt p\u00ebr ta jan\u00eb nji midis m\u00eb pak t\u00eb shkolluar t\u00eb Republik\u00ebs dhe peng\u00ebs n\u00eb intergrim t\u00eb evropes. P\u00ebr k\u00ebto perendimi \u00ebsht\u00eb non plus ultra i kultures dhe perparimit. Argumenti p\u00ebr munges\u00ebn e kultur\u00ebs s\u00eb prind\u00ebrve pas brezit t\u00eb tret\u00eb n\u00eb komuniz\u00ebm mund t\u00eb merren s\u00ebrish n\u00eb pyetje!<\/p>\n<p>Por \u00e7far\u00eb jan\u00eb arsyet? Do t\u00eb shp\u00ebrthej struktur\u00ebn s\u00eb nj\u00eb artikull\u00ebs t\u00eb shkurt p\u00ebr t\u00eb analizuar t\u00eb gjitha arsyet n\u00eb detaje, p\u00ebratsy kjo qasje diskutimit po kufizohet n\u00eb aspektet q\u00eb jan\u00eb direkt ose indirekt me Islamin. Lexuesi nuk duhet t\u00eb pret nga ky artikul asnj\u00eb p\u00ebrgjigje, por ajo duhet t\u00eb ngren\u00eb pyetje p\u00ebr nj\u00eb dialog t\u00eb brendsh\u00ebm-islamik.<\/p>\n<p>Islami n\u00eb vetvete &#8211; gjith\u00eb musliman\u00ebt jan\u00eb dakord &#8211; nuk mund t\u00eb faj\u00ebsohet p\u00ebr mjerimet, ajo \u00ebsht\u00eb feja q\u00eb ka prodhuar shpallj\u00ebn e par\u00eb &#8220;Lexo&#8221; dhe n\u00eb t\u00eb cil\u00ebn jan\u00eb dijenija dhe shkenca, vlerat m\u00eb t\u00eb larta. Boj\u00eb\/mereqepi e nj\u00eb studiues \u00ebsht\u00eb krahasuar me gjakun e martirit\/shehidit. Po \u00e7ka \u00ebsht\u00eb me musliman\u00ebt? Po n\u00eb lidhje me musliman\u00ebt n\u00eb vendin ton\u00eb? Sigurisht ne mund p\u00ebrs\u00ebri t\u00eb kerkojm\u00eb arsyetim n\u00eb kuptimin q\u00eb ne themi se nuk ka &#8220;ato musliman&#8221;. Megjithat\u00eb, ne jemi nj\u00eb komunitet me vell\u00ebzer besimtar\u00eb dhe motrat besimtar\u00eb, p\u00ebr t\u00eb cilat ne mbajm\u00eb nj\u00eb pjes\u00eb t\u00eb p\u00ebrgjegj\u00ebsis\u00eb.<\/p>\n<p>Si \u00ebsht\u00eb arsimi nd\u00ebr ne musliman?<br \/>\nSi nj\u00eb indikator\/tregues t\u00eb problemit t\u00eb arsimit n\u00eb vendin ton\u00eb \u00ebsht\u00eb shkalla lexues s\u00eb gazetave ditore t\u00eb ndrysh\u00ebm, shikimi i kinemas se per\u00ebndimit e tjer&#8230; Por si \u00ebsht\u00eb nd\u00ebr ne? Cilat gazeta ne lexojm\u00eb, cilet program\u00eb ne shikojm\u00eb? Dhe si \u00ebsht\u00eb me leximin e librave? Sa shum\u00eb libra lexojn\u00eb musliman\u00ebt, dhe kush i inkurajon q\u00eb t\u00eb lexojn\u00eb libra dhe t\u00eb mendojn\u00eb p\u00ebr ta? Hebrenjt\u00eb dhe t\u00eb krishter\u00ebt kan\u00eb shkollat e tyre private, t\u00eb cilat \u00e7ojn\u00eb n\u00eb grad\u00eb m\u00eb t\u00eb lart\u00eb akademik. Sa shum\u00eb shkolla private mund dhe duan ti financojn\u00eb musliman\u00ebt? A korrespondon n\u00eb realitetin ton\u00eb n\u00eb lidhje me fen\u00eb, nderimin p\u00ebr t\u00eb cil\u00ebn Islami i jep arsimit?<\/p>\n<p>Leximi ka t\u00eb b\u00ebj\u00eb me njohjen e gjuh\u00ebve:<br \/>\nSa shum\u00eb gjuh\u00eb flasin musliman\u00ebt? A flasin ma t\u00eb pakt\u00ebn nj\u00eb gjuh\u00eb? Cila gjuh\u00eb flitet n\u00eb xhamia? A \u00ebsht\u00eb e p\u00ebrshtatsh\u00ebm syunetit s\u00eb Pejgamberit p\u00ebr t\u00eb folur n\u00eb xhami nj\u00eb gjuh\u00eb arabe cil\u00ebn shumica e shoq\u00ebris\u00eb n\u00eb vendin ton\u00eb se kupton? Dhe se sa t\u00eb rinj i arrijm\u00eb, kur ne japim mesim n\u00eb &#8220;gjuh\u00ebn e arabe&#8221;? Sa prej shkenc\u00ebtar\u00ebve tan\u00eb jan\u00eb n\u00eb gjendje t\u00eb flasin shqip ne gjuh te populit? Dhe \u00e7far\u00eb ata e din\u00eb p\u00ebr vendin, problemet e rinis\u00eb? A \u00ebsht\u00eb syneti (shembull) i Pejgamberit, se kryetar\u00ebt e xhamijav\u00eb, t\u00eb jetojn\u00eb t\u00eb ndar\u00eb nga shoq\u00ebria? Sa shpesh ata diskutojn\u00eb me t\u00eb rinj, \u00e7far\u00eb do t\u00eb jet\u00eb nj\u00eb grup i pyetjeve m\u00ebtejsh\u00ebm!<\/p>\n<p>Po si duket gjendja me kultur\u00ebn e debatit midis mysliman\u00ebve? \u00e7ka diskutohet n\u00eb xhami? Edhe vet Pejgamberi i ka inkurajuar shok\u00ebt e tij p\u00ebr t\u00eb diskutuar me nj\u00ebri-tjetrin? Sa kryetar s\u00eb xhamijave jan\u00eb t\u00eb gatsh\u00ebm t\u00eb debatojn\u00eb n\u00eb m\u00ebnyr\u00eb t\u00eb lir\u00eb dhe e lejojn nj\u00eb pamje t\u00eb kund\u00ebrt te interpretimit? Sa jan\u00eb tolerant p\u00ebr nj\u00eb mendim t\u00eb ndrysh\u00ebm? Si \u00ebsht\u00eb kultura e debatit n\u00eb familje? Si duket me strukturat patriarhe shpesh t\u00eb v\u00ebrejtuar, a ishte kjo ideja e Islamit? A kemi ne prind\u00ebr, edukator n\u00eb p\u00ebrgjegj\u00ebsin\u00eb e tyre t\u00eb lart\u00eb p\u00ebr familjen, t\u00eb gjith\u00eb an\u00ebtar\u00ebt e familjes t\u00eb vet\u00eb ti edukojn\u00eb p\u00ebrgjegj\u00ebsin\u00eb n\u00eb m\u00ebnyr\u00eb t\u00eb pavarur -dhe lirin e shpirtit? T\u00ebr\u00eb kompleksi n\u00eb realitetin e tij t\u00eb tash\u00ebm mund t\u00eb ken\u00eb nevoj\u00eb p\u00ebr prove dhe bonvaki t\u00eb anasjell\u00ebt n\u00eb krye!<\/p>\n<p>Dhe sa libra lexojn\u00eb grat muslimane, kur ata duhet nj\u00ebkoh\u00ebsisht ti rrisin pes\u00eb f\u00ebmij\u00eb? N\u00eb \u00e7far\u00eb mase jan\u00eb musliman\u00eb t\u00eb shkolluar dhe dijn metodat kontraceptive? Gjithsesi, si duket me temen e seksualitetit dhe njohurit\u00eb e tij? A nuk ishin nj\u00eb her\u00eb musliman\u00ebt n\u00eb bot\u00eb ma te shkolluar n\u00eb qoft\u00eb se i studijojm\u00eb traditat\/historin? Kush i p\u00ebrgjigjet pytjeve t\u00eb sotit, p\u00ebr frik\u00ebn, idet\u00eb dhe idet\u00eb e gabuara e t\u00eb rinjve musliman\u00eb? Dhe kush ja mundeson \u00e7ifteve t\u00eb martuara p\u00ebrmbushjen e nj\u00eb jet\u00ebs seksuale me informata t\u00eb mjaftueshme q\u00eb t\u00eb shkojn\u00eb p\u00ebrtej &#8220;teknikes&#8221; dhe ndihmon p\u00ebr zgjidhjen e problemeve? Dhe a ja ofrojm\u00eb mund\u00ebsin t\u00eb rinjv\u00eb, p\u00ebr t\u00eb gjetur partnerin e duhur?<\/p>\n<p>Arsimi gjithashtu ka t\u00eb b\u00ebj\u00eb me koh\u00ebn e lir\u00eb? \u00c7far\u00eb \u00ebsht\u00eb form\u00ebsimi\/krijimi i koh\u00ebs s\u00eb lir\u00eb i musliman\u00ebve. A i ofron trupi dhe mendja m\u00eb af\u00ebr Per\u00ebndis\u00eb? Si \u00ebsht\u00eb ajo n\u00eb klubet e futbollit? A shijojn\u00eb musliman\u00ebt n\u00eb shoqatat e tyre me drejt\u00ebsi? Dhe \u00e7far\u00eb aktivitete t\u00eb tjera rekreative ne ofrojm\u00eb t\u00eb cilat jan\u00eb t\u00ebrheq\u00ebse p\u00ebr t\u00eb rinjt\u00eb? Si \u00ebsht\u00eb me muzik\u00eb? Sa k\u00ebng\u00eb islame ka n\u00eb nj\u00eb gjuh\u00eb t\u00eb kuptueshme p\u00ebr t\u00eb rinjt\u00eb dhe i ofron ato me vlerat islame? Po n\u00eb lidhje me lojra? \u00c7far\u00eb lojra arsimore prind\u00ebrit luajn\u00eb me f\u00ebmij\u00ebt e tyre? Ose n\u00eb t\u00eb gjith, \u00e7var aktivitetesh kryejn\u00eb p\u00ebrbashk\u00ebt?<\/p>\n<p>Arsimimi p\u00ebrfshin d\u00ebshmit t\u00eb arsyeshme, t\u00eb pakt\u00ebn ne t\u00eb p\u00ebrpiqemi dhe te mundohemi ti mesojm\u00eb. Si \u00ebsht\u00eb situata me pirjen e duhanit n\u00eb mesin e musliman\u00ebve? A \u00ebsht\u00eb p\u00ebrqindja me e ul\u00ebta e duhanpir\u00ebsve n\u00eb popullat\u00ebn e p\u00ebrgjithshme? Dhe \u00e7far\u00eb duket ne lidhje me respektin p\u00ebr ligjin &#8211; q\u00eb t\u00eb pakt\u00ebn duhet me pas dij\u00eb p\u00ebr ta, para t\u00eb p\u00ebrmbahemi atyre? Dhe \u00e7far\u00eb duket p\u00ebr shembull me ushqim hallall, si parashikon Islami p\u00ebrmbajtjen e s\u00eb cil\u00ebs ne duhet t\u00eb dim\u00eb, dhe ne lejohet. Pra, nj\u00eb jet\u00eb e vet\u00ebdijsh\u00ebm n\u00eb sektorin e ushqimit? Sa \u00ebsht\u00eb konsumimi i Koka-Koles, nj\u00eb pije q\u00eb reklamon, se nuk i dihet sekreti i prodhimit? Sa konsumohet kjo pije edhe n\u00eb xhamija?<\/p>\n<p>Arsimi \u00ebsht\u00eb m\u00eb mire i mundsh\u00ebm brenda nj\u00eb komuniteti t\u00eb madh koheziv. Sa bashk\u00ebpunojn\u00eb xhamit fqinj\u00eb me nj\u00ebri-tjetrin? Sa shpesh ata b\u00ebjn\u00eb ngjarje te p\u00ebrbashk\u00ebta? Sa shpesh ata s\u00eb bashku vendosin p\u00ebr di\u00e7ka, edhe n\u00ebse ata flasin t\u00eb nj\u00ebjt\u00ebn gjuh\u00eb?<\/p>\n<p>Arsimi do t\u00eb thot\u00eb p\u00ebrpjekje (xhihad). Sa jemi t\u00eb gjith\u00eb t\u00eb gatsh\u00ebm p\u00ebr p\u00ebrpjekje t\u00eb tilla, m\u00eb shum\u00eb se pjesa tjet\u00ebr e shoq\u00ebris\u00eb, t\u00eb punojm\u00eb dit\u00ebn dhe nat\u00ebn n\u00eb fusha t\u00eb ndryshme e t\u00eb v\u00ebshtira t\u00eb ushtrojm\u00eb dhe kemi g\u00ebzim n\u00eb ato p\u00ebrpjekjet?<\/p>\n<p>Le t\u00eb pranojm\u00eb, er\u00eb e keqe e mbeturinave nga 1400 vjet sundim i Omajideve, Abbasidave, Osman\u00ebt, Safavids, dhe shum\u00eb dinastit\u00eb t\u00eb tjera ende \u00ebsht\u00eb n\u00eb k\u00ebpuc\u00ebt tona q\u00eb ne kemi harruar p\u00ebr t\u00eb ndryshuar k\u00ebpuc\u00ebt, dhe t\u00eb lirohemi prej saj. Ne, musliman\u00ebt jena ata q\u00eb e kan\u00eb p\u00ebrdhunuar Islamin, e jo kund\u00ebrshtar\u00ebt tan\u00eb. Ata e kan\u00eb shfryt\u00ebzuar k\u00ebt\u00eb situat\u00eb p\u00ebr q\u00ebllimet e tyre!<\/p>\n<p>Ideali islam \u00ebsht\u00eb nj\u00eb musliman apo muslimane, e cila ose i cili (t\u00ebr jet\u00ebn) e zhvillon n\u00eb p\u00ebrpjekjet t\u00eb arsimit t\u00eb lart\u00eb, \u00ebsht\u00eb p\u00ebr njer\u00ebzit m\u00eb i dashur n\u00eb shoq\u00ebrin\u00eb e tij, dhe pavar\u00ebsisht nga \u00e7do veprim armiq\u00ebsor t\u00eb favorshme kund\u00ebr ti p\u00ebr t\u00eb mir\u00ebn e njer\u00ebzve vepron. Dhe n\u00eb sh\u00ebrbim t\u00eb njer\u00ebzimit, ai e njeh adhurimin e mrekulluesh\u00ebm, e cila at\u00eb\/at e mbush me g\u00ebzim t\u00eb madh. Ai nuk pret asgj\u00eb nga njer\u00ebzit, por krenohet n\u00eb hirin e Zotit. Ai \u00ebsht\u00eb mir\u00ebnjoh\u00ebs p\u00ebr \u00e7do njohuri e dobishme q\u00eb ati \u00ebsht\u00eb dhuruar dhe aj ka deshir\u00eb k\u00ebt t\u00eb shum\u00ebfishon dhe t\u00eb jap m\u00eb tej. Njer\u00ebzit t\u00eb cil\u00ebt e njohin at\u00eb\/at personalisht i vler\u00ebsojn\u00eb ata dhe nuk duan heqin dor\u00eb nga af\u00ebrsia e tyre. Angazhimin e tij n\u00eb familje, lagje, p\u00ebr vet\u00eb shoq\u00ebrin \u00ebsht\u00eb e respektuar dhe nga kund\u00ebrshtar\u00ebt e tij, ata e njohin se edhe ata mund t\u00eb p\u00ebrfitojn\u00eb prej tij n\u00eb rrug\u00ebn p\u00ebr t\u00eb v\u00ebrtet\u00ebn. Nj\u00eb p\u00ebrshkrim m\u00eb t\u00eb gjera t\u00eb idealit do t\u00eb jet\u00eb p\u00ebrtej fush\u00ebs dhe mund ti mbush librat.<\/p>\n<p>Po, ka, ka njer\u00ebz t\u00eb till\u00eb n\u00eb t\u00eb gjitha fet\u00eb dhe n\u00eb t\u00eb gjitha sferat e jet\u00ebs, edhe n\u00eb qoft\u00eb se ato jan\u00eb m\u00eb pak midis t\u00eb super pasurve\/zenjinave! Ato ekzistojn\u00eb edhe n\u00eb mesin e musliman\u00ebve n\u00eb vendet tona: v\u00ebllez\u00ebrit dhe motrat, t\u00eb cil\u00ebt sepakt\u00ebn mundoh\u00ebn p\u00ebr k\u00ebt\u00eb ideal, dhe b\u00ebjn\u00eb p\u00ebrpjekje dhe kane k\u00ebnaq\u00ebsi n\u00eb ket. Megjithat\u00eb, besoj se besimtar\u00ebt, motrat dhe v\u00ebllez\u00ebrt k\u00ebt\u00eb artikull nuk do t\u00eb me marin p\u00ebr keq, sepse ata i din\u00eb shum\u00eb mir\u00eb deficitet pak p\u00ebrmendur dhe shum\u00eb te pap\u00ebrmendur.<\/p>\n<p>Ky artikull ka p\u00ebr q\u00ebllim t\u00eb stimuloj\u00eb nj\u00eb diskutim n\u00eb lidhje me k\u00ebt\u00eb, n\u00eb m\u00ebnyr\u00eb q\u00eb s\u00eb bashku ne t\u00eb dalim nga kjo rr\u00ebmuj\u00eb Inshaallah. Ne duhet p\u00ebrve\u00e7 nevoj\u00ebn urgjente p\u00ebr zhvillimin dhe spastrimit se vet\u00ebs &#8211; &#8211; t\u00eb pyesim se si ne mund t\u00eb arrijm\u00eb t\u00eb gjitha, ose m\u00eb mir\u00eb, mund ti arijm ato cilet nuk lexojn\u00eb, nuk vizitojn\u00eb xhamit, nuk diskutojn, nuk m\u00ebsojn\u00eb, nuk punojn\u00eb, nuk p\u00ebrpiq\u00ebn, dhe n\u00eb fund t\u00eb fundit n\u00eb \u00e7do shoq\u00ebri mund t\u00eb shkaktojn\u00eb d\u00ebm, dhe ata paraqesin barr\u00eb p\u00ebr shoq\u00ebrin\u00eb.<\/p>\n<p>P\u00ebr t&#8217;iu p\u00ebrgjigjur pyetjes fillestare: musliman\u00ebt nuk jan\u00eb sigurisht m\u00eb t\u00eb trash\u00eb apo t\u00eb mbrapmetur se pjesa tjet\u00ebr e shoq\u00ebris\u00eb, por ata me siguri jan\u00eb m\u00eb larg nga idealet e tyre se shumica e shoq\u00ebris\u00eb!<\/p>\n<p><strong>Shaban BURRI<\/strong><\/p>\n<p>&nbsp;<\/p>\n","protected":false},"excerpt":{"rendered":"<p>Nj\u00eb sugjerim p\u00ebr debatin e brendsh\u00ebm-islamik. N\u00eb dit\u00ebt e fundit, propagandat t\u00eb publikuara kund\u00ebr musliman\u00ebve jan\u00eb t\u00eb frikshme. \u00cbsht\u00eb koha q\u00eb ne musliman\u00ebt k\u00ebt\u00eb problem t\u00eb trajtojm\u00eb m\u00eb kritik sa m\u00eb par\u00eb! Racist\u00ebt t\u00eb sken\u00ebs ultra t\u00eb djatht\u00eb e kan\u00eb ditur gjithmon\u00eb k\u00ebt\u00eb. Musliman\u00ebt jan\u00eb t\u00eb trash\u00eb\/mbrapametur dhe penges\u00eb n\u00eb prozesin e zhvilimit dhe intergrimit [&hellip;]<\/p>\n","protected":false},"author":1,"featured_media":0,"comment_status":"closed","ping_status":"closed","sticky":false,"template":"","format":"standard","meta":{"spay_email":"","jetpack_publicize_message":"","jetpack_is_tweetstorm":false,"jetpack_publicize_feature_enabled":true},"categories":[14249],"tags":[],"jetpack_publicize_connections":[],"yoast_head":"<!-- This site is optimized with the Yoast SEO plugin v19.1 - https:\/\/yoast.com\/wordpress\/plugins\/seo\/ -->\n<title>Shaban Burri: A jan\u00eb musliman\u00ebt t\u00eb mbrapametur? - Lajme nga Ulqini<\/title>\n<meta name=\"description\" content=\"Nj\u00eb sugjerim p\u00ebr debatin e brendsh\u00ebm-islamik. N\u00eb dit\u00ebt e fundit, propagandat t\u00eb publikuara kund\u00ebr musliman\u00ebve jan\u00eb t\u00eb frikshme. \u00cbsht\u00eb koha q\u00eb ne\" \/>\n<meta name=\"robots\" content=\"index, follow, max-snippet:-1, max-image-preview:large, max-video-preview:-1\" \/>\n<link rel=\"canonical\" href=\"https:\/\/www.visit-ulcinj.com\/blog\/2017\/05\/14\/shaban-burri-jane-muslimanet-te-mbrapametur\/\" \/>\n<meta property=\"og:locale\" content=\"en_US\" \/>\n<meta property=\"og:type\" content=\"article\" \/>\n<meta property=\"og:title\" content=\"Shaban Burri: A jan\u00eb musliman\u00ebt t\u00eb mbrapametur? - Lajme nga Ulqini\" \/>\n<meta property=\"og:description\" content=\"Nj\u00eb sugjerim p\u00ebr debatin e brendsh\u00ebm-islamik. N\u00eb dit\u00ebt e fundit, propagandat t\u00eb publikuara kund\u00ebr musliman\u00ebve jan\u00eb t\u00eb frikshme. \u00cbsht\u00eb koha q\u00eb ne\" \/>\n<meta property=\"og:url\" content=\"https:\/\/www.visit-ulcinj.com\/blog\/2017\/05\/14\/shaban-burri-jane-muslimanet-te-mbrapametur\/\" \/>\n<meta property=\"og:site_name\" content=\"Lajme nga Ulqini\" \/>\n<meta property=\"article:published_time\" content=\"2017-05-14T19:33:29+00:00\" \/>\n<meta property=\"article:modified_time\" content=\"2017-05-14T22:11:02+00:00\" \/>\n<meta property=\"og:image\" content=\"http:\/\/www.visit-ulcinj.com\/blog\/wp-content\/uploads\/2017\/05\/Shaban-Burri.jpg\" \/>\n<meta name=\"twitter:label1\" content=\"Written by\" \/>\n\t<meta name=\"twitter:data1\" content=\"ulqini\" \/>\n\t<meta name=\"twitter:label2\" content=\"Est. reading time\" \/>\n\t<meta name=\"twitter:data2\" content=\"10 minutes\" \/>\n<script type=\"application\/ld+json\" class=\"yoast-schema-graph\">{\"@context\":\"https:\/\/schema.org\",\"@graph\":[{\"@type\":\"WebSite\",\"@id\":\"https:\/\/www.visit-ulcinj.com\/blog\/#website\",\"url\":\"https:\/\/www.visit-ulcinj.com\/blog\/\",\"name\":\"Lajme nga Ulqini\",\"description\":\"Lajme,Vijesti,Ulqini,Ulqin,Crna Gora,Mali i Zi\",\"potentialAction\":[{\"@type\":\"SearchAction\",\"target\":{\"@type\":\"EntryPoint\",\"urlTemplate\":\"https:\/\/www.visit-ulcinj.com\/blog\/?s={search_term_string}\"},\"query-input\":\"required name=search_term_string\"}],\"inLanguage\":\"en-US\"},{\"@type\":\"ImageObject\",\"inLanguage\":\"en-US\",\"@id\":\"https:\/\/www.visit-ulcinj.com\/blog\/2017\/05\/14\/shaban-burri-jane-muslimanet-te-mbrapametur\/#primaryimage\",\"url\":\"https:\/\/www.visit-ulcinj.com\/blog\/wp-content\/uploads\/2017\/05\/Shaban-Burri.jpg\",\"contentUrl\":\"https:\/\/www.visit-ulcinj.com\/blog\/wp-content\/uploads\/2017\/05\/Shaban-Burri.jpg\",\"width\":768,\"height\":581},{\"@type\":\"WebPage\",\"@id\":\"https:\/\/www.visit-ulcinj.com\/blog\/2017\/05\/14\/shaban-burri-jane-muslimanet-te-mbrapametur\/#webpage\",\"url\":\"https:\/\/www.visit-ulcinj.com\/blog\/2017\/05\/14\/shaban-burri-jane-muslimanet-te-mbrapametur\/\",\"name\":\"Shaban Burri: A jan\u00eb musliman\u00ebt t\u00eb mbrapametur? - Lajme nga Ulqini\",\"isPartOf\":{\"@id\":\"https:\/\/www.visit-ulcinj.com\/blog\/#website\"},\"primaryImageOfPage\":{\"@id\":\"https:\/\/www.visit-ulcinj.com\/blog\/2017\/05\/14\/shaban-burri-jane-muslimanet-te-mbrapametur\/#primaryimage\"},\"datePublished\":\"2017-05-14T19:33:29+00:00\",\"dateModified\":\"2017-05-14T22:11:02+00:00\",\"author\":{\"@id\":\"https:\/\/www.visit-ulcinj.com\/blog\/#\/schema\/person\/dcab619c614d3038751c63bc2aadc06d\"},\"description\":\"Nj\u00eb sugjerim p\u00ebr debatin e brendsh\u00ebm-islamik. N\u00eb dit\u00ebt e fundit, propagandat t\u00eb publikuara kund\u00ebr musliman\u00ebve jan\u00eb t\u00eb frikshme. \u00cbsht\u00eb koha q\u00eb ne\",\"breadcrumb\":{\"@id\":\"https:\/\/www.visit-ulcinj.com\/blog\/2017\/05\/14\/shaban-burri-jane-muslimanet-te-mbrapametur\/#breadcrumb\"},\"inLanguage\":\"en-US\",\"potentialAction\":[{\"@type\":\"ReadAction\",\"target\":[\"https:\/\/www.visit-ulcinj.com\/blog\/2017\/05\/14\/shaban-burri-jane-muslimanet-te-mbrapametur\/\"]}]},{\"@type\":\"BreadcrumbList\",\"@id\":\"https:\/\/www.visit-ulcinj.com\/blog\/2017\/05\/14\/shaban-burri-jane-muslimanet-te-mbrapametur\/#breadcrumb\",\"itemListElement\":[{\"@type\":\"ListItem\",\"position\":1,\"name\":\"Shaban Burri: A jan\u00eb musliman\u00ebt t\u00eb mbrapametur?\"}]},{\"@type\":\"Person\",\"@id\":\"https:\/\/www.visit-ulcinj.com\/blog\/#\/schema\/person\/dcab619c614d3038751c63bc2aadc06d\",\"name\":\"ulqini\",\"sameAs\":[\"http:\/\/www.visit-ulcinj.com\"],\"url\":\"https:\/\/www.visit-ulcinj.com\/blog\/author\/admin\/\"}]}<\/script>\n<!-- \/ Yoast SEO plugin. -->","yoast_head_json":{"title":"Shaban Burri: A jan\u00eb musliman\u00ebt t\u00eb mbrapametur? - Lajme nga Ulqini","description":"Nj\u00eb sugjerim p\u00ebr debatin e brendsh\u00ebm-islamik. N\u00eb dit\u00ebt e fundit, propagandat t\u00eb publikuara kund\u00ebr musliman\u00ebve jan\u00eb t\u00eb frikshme. \u00cbsht\u00eb koha q\u00eb ne","robots":{"index":"index","follow":"follow","max-snippet":"max-snippet:-1","max-image-preview":"max-image-preview:large","max-video-preview":"max-video-preview:-1"},"canonical":"https:\/\/www.visit-ulcinj.com\/blog\/2017\/05\/14\/shaban-burri-jane-muslimanet-te-mbrapametur\/","og_locale":"en_US","og_type":"article","og_title":"Shaban Burri: A jan\u00eb musliman\u00ebt t\u00eb mbrapametur? - Lajme nga Ulqini","og_description":"Nj\u00eb sugjerim p\u00ebr debatin e brendsh\u00ebm-islamik. N\u00eb dit\u00ebt e fundit, propagandat t\u00eb publikuara kund\u00ebr musliman\u00ebve jan\u00eb t\u00eb frikshme. \u00cbsht\u00eb koha q\u00eb ne","og_url":"https:\/\/www.visit-ulcinj.com\/blog\/2017\/05\/14\/shaban-burri-jane-muslimanet-te-mbrapametur\/","og_site_name":"Lajme nga Ulqini","article_published_time":"2017-05-14T19:33:29+00:00","article_modified_time":"2017-05-14T22:11:02+00:00","og_image":[{"url":"http:\/\/www.visit-ulcinj.com\/blog\/wp-content\/uploads\/2017\/05\/Shaban-Burri.jpg"}],"twitter_misc":{"Written by":"ulqini","Est. reading time":"10 minutes"},"schema":{"@context":"https:\/\/schema.org","@graph":[{"@type":"WebSite","@id":"https:\/\/www.visit-ulcinj.com\/blog\/#website","url":"https:\/\/www.visit-ulcinj.com\/blog\/","name":"Lajme nga Ulqini","description":"Lajme,Vijesti,Ulqini,Ulqin,Crna Gora,Mali i Zi","potentialAction":[{"@type":"SearchAction","target":{"@type":"EntryPoint","urlTemplate":"https:\/\/www.visit-ulcinj.com\/blog\/?s={search_term_string}"},"query-input":"required name=search_term_string"}],"inLanguage":"en-US"},{"@type":"ImageObject","inLanguage":"en-US","@id":"https:\/\/www.visit-ulcinj.com\/blog\/2017\/05\/14\/shaban-burri-jane-muslimanet-te-mbrapametur\/#primaryimage","url":"https:\/\/www.visit-ulcinj.com\/blog\/wp-content\/uploads\/2017\/05\/Shaban-Burri.jpg","contentUrl":"https:\/\/www.visit-ulcinj.com\/blog\/wp-content\/uploads\/2017\/05\/Shaban-Burri.jpg","width":768,"height":581},{"@type":"WebPage","@id":"https:\/\/www.visit-ulcinj.com\/blog\/2017\/05\/14\/shaban-burri-jane-muslimanet-te-mbrapametur\/#webpage","url":"https:\/\/www.visit-ulcinj.com\/blog\/2017\/05\/14\/shaban-burri-jane-muslimanet-te-mbrapametur\/","name":"Shaban Burri: A jan\u00eb musliman\u00ebt t\u00eb mbrapametur? - Lajme nga Ulqini","isPartOf":{"@id":"https:\/\/www.visit-ulcinj.com\/blog\/#website"},"primaryImageOfPage":{"@id":"https:\/\/www.visit-ulcinj.com\/blog\/2017\/05\/14\/shaban-burri-jane-muslimanet-te-mbrapametur\/#primaryimage"},"datePublished":"2017-05-14T19:33:29+00:00","dateModified":"2017-05-14T22:11:02+00:00","author":{"@id":"https:\/\/www.visit-ulcinj.com\/blog\/#\/schema\/person\/dcab619c614d3038751c63bc2aadc06d"},"description":"Nj\u00eb sugjerim p\u00ebr debatin e brendsh\u00ebm-islamik. N\u00eb dit\u00ebt e fundit, propagandat t\u00eb publikuara kund\u00ebr musliman\u00ebve jan\u00eb t\u00eb frikshme. \u00cbsht\u00eb koha q\u00eb ne","breadcrumb":{"@id":"https:\/\/www.visit-ulcinj.com\/blog\/2017\/05\/14\/shaban-burri-jane-muslimanet-te-mbrapametur\/#breadcrumb"},"inLanguage":"en-US","potentialAction":[{"@type":"ReadAction","target":["https:\/\/www.visit-ulcinj.com\/blog\/2017\/05\/14\/shaban-burri-jane-muslimanet-te-mbrapametur\/"]}]},{"@type":"BreadcrumbList","@id":"https:\/\/www.visit-ulcinj.com\/blog\/2017\/05\/14\/shaban-burri-jane-muslimanet-te-mbrapametur\/#breadcrumb","itemListElement":[{"@type":"ListItem","position":1,"name":"Shaban Burri: A jan\u00eb musliman\u00ebt t\u00eb mbrapametur?"}]},{"@type":"Person","@id":"https:\/\/www.visit-ulcinj.com\/blog\/#\/schema\/person\/dcab619c614d3038751c63bc2aadc06d","name":"ulqini","sameAs":["http:\/\/www.visit-ulcinj.com"],"url":"https:\/\/www.visit-ulcinj.com\/blog\/author\/admin\/"}]}},"jetpack_featured_media_url":"","jetpack_sharing_enabled":true,"jetpack_shortlink":"https:\/\/wp.me\/pe6lTn-rkb","_links":{"self":[{"href":"https:\/\/www.visit-ulcinj.com\/blog\/wp-json\/wp\/v2\/posts\/105039"}],"collection":[{"href":"https:\/\/www.visit-ulcinj.com\/blog\/wp-json\/wp\/v2\/posts"}],"about":[{"href":"https:\/\/www.visit-ulcinj.com\/blog\/wp-json\/wp\/v2\/types\/post"}],"author":[{"embeddable":true,"href":"https:\/\/www.visit-ulcinj.com\/blog\/wp-json\/wp\/v2\/users\/1"}],"replies":[{"embeddable":true,"href":"https:\/\/www.visit-ulcinj.com\/blog\/wp-json\/wp\/v2\/comments?post=105039"}],"version-history":[{"count":4,"href":"https:\/\/www.visit-ulcinj.com\/blog\/wp-json\/wp\/v2\/posts\/105039\/revisions"}],"predecessor-version":[{"id":105048,"href":"https:\/\/www.visit-ulcinj.com\/blog\/wp-json\/wp\/v2\/posts\/105039\/revisions\/105048"}],"wp:attachment":[{"href":"https:\/\/www.visit-ulcinj.com\/blog\/wp-json\/wp\/v2\/media?parent=105039"}],"wp:term":[{"taxonomy":"category","embeddable":true,"href":"https:\/\/www.visit-ulcinj.com\/blog\/wp-json\/wp\/v2\/categories?post=105039"},{"taxonomy":"post_tag","embeddable":true,"href":"https:\/\/www.visit-ulcinj.com\/blog\/wp-json\/wp\/v2\/tags?post=105039"}],"curies":[{"name":"wp","href":"https:\/\/api.w.org\/{rel}","templated":true}]}}