{"id":105051,"date":"2017-05-16T06:56:54","date_gmt":"2017-05-16T05:56:54","guid":{"rendered":"http:\/\/www.visit-ulcinj.com\/blog\/?p=105051"},"modified":"2017-05-16T19:35:24","modified_gmt":"2017-05-16T18:35:24","slug":"nika-kujt-duhet-ne-shas-kisha-kala-dhe-amfiteater-e-pse","status":"publish","type":"post","link":"https:\/\/www.visit-ulcinj.com\/blog\/2017\/05\/16\/nika-kujt-duhet-ne-shas-kisha-kala-dhe-amfiteater-e-pse\/","title":{"rendered":"Nika: Kujt i duhet n\u00eb Shas kisha &#8211; kala dhe me amfiteat\u00ebr e pse?!"},"content":{"rendered":"<p><strong><em><a href=\"http:\/\/www.visit-ulcinj.com\/blog\/wp-content\/uploads\/2017\/05\/Kujt-i-duhet-n\u00eb-Shas-kisha-kala-NIKA.jpg\"><img loading=\"lazy\" class=\"alignleft wp-image-105052\" src=\"http:\/\/www.visit-ulcinj.com\/blog\/wp-content\/uploads\/2017\/05\/Kujt-i-duhet-n\u00eb-Shas-kisha-kala-NIKA.jpg\" alt=\"\" width=\"508\" height=\"365\" srcset=\"https:\/\/www.visit-ulcinj.com\/blog\/wp-content\/uploads\/2017\/05\/Kujt-i-duhet-n\u00eb-Shas-kisha-kala-NIKA.jpg 588w, https:\/\/www.visit-ulcinj.com\/blog\/wp-content\/uploads\/2017\/05\/Kujt-i-duhet-n\u00eb-Shas-kisha-kala-NIKA-300x216.jpg 300w\" sizes=\"(max-width: 508px) 100vw, 508px\" \/><\/a>SHKRUAN MUHAMET \u00a0NIKA<\/em><\/strong><\/p>\n<p>Un\u00eb\u00a0 e di \u00a0nj\u00eb\u00a0 fjal\u00eb q\u00eb thot\u00a0 se &#8211; \u00a0kush dvet\u00eb\u00a0 nuk tret\u00eb, por ama t\u00eb tres\u00ebsh rrug\u00eb\u00a0 pa dal mir\u00eb prej pork\u00ebs s\u00eb oborrit , kjo nuk m\u00eb duket\u00a0 di\u00e7ka\u00a0 normale?!\u00a0 Fatkeq\u00ebsisht \u00a0k\u00ebt\u00eb po e b\u00ebjn\u00eb\u00a0 ata \u00a0\u00a0t\u00eb cil\u00ebt i kan\u00eb v\u00ebn\u00eb vet\u00ebs do detyra \u2013 pa iu k\u00ebrkuar kush .<\/p>\n<p>Fjal\u00ebn e kemi p\u00ebr pllakatin e programit \u2013Pranvera n\u00eb An\u00eb t\u00eb Malit t\u00eb sivjetsh\u00ebm dhe pik\u00ebrisht kur thuhet se \u201c n\u00eb or\u00ebn 19 ,N\u00cb AMFITEATRIN E KALAS\u00cb S\u00cb SHASIT..\u201d b\u00ebhet prezantimi i trash\u00ebgimis\u00eb kulturore&#8230;?!<\/p>\n<p>Pasi jam nga Ana e Malit\u00a0 dhe deri diku , njoh\u00ebs i mir\u00eb i historis dhe\u00a0\u00a0 legjendave\u00a0 t\u00eb Shasit , nuk mund t\u00eb rri pa th\u00ebn\u00eb se at\u00eb\u00a0 q\u00eb\u00a0 k\u00ebta t\u00eb\u00a0 Shoqat\u00ebs \u201c Ora \u201c e marrin p\u00ebr kala , harrojn\u00eb faktin\u00a0 se p\u00ebr tjer\u00ebt\u00a0 \u00ebsht\u00eb \u00a0kish\u00eb. Bile argument\u00ebt jan\u00eb n\u00eb an\u00ebn e t\u00eb dyt\u00ebve&#8230;?!<\/p>\n<p>Me gjith\u00eb \u00a0k\u00ebt\u00eb \u2013 pa u lodhur\u00a0 me histori,\u00a0 logjika ta thot\u00eb\u00a0 se\u00a0 po t\u00eb ishte kala , at\u00ebher\u00eb brenda mureve t\u00eb saj do ishin muret e kish\u00ebs etj.etj,\u00a0 dhe jo \u00a0brenda kish\u00ebs kalaja?! Por nejse, \u00a0edhe k\u00ebt\u00eb e p\u00ebrpim\u00eb disi, mir\u00ebpo kur\u00a0 brenda saj vendosim amfiteat\u00ebr \u00a0k\u00ebt\u00eb \u00a0nuk e kuptoj?<\/p>\n<p>A mos \u00ebsht\u00eb edhe \u00a0kjo\u00a0 nj\u00eb p\u00ebrrall\u00eb e dyt\u00eb t\u00eb tipit t\u00eb \u00a0Servetit (Servantesit) n\u00eb \u00a0Kalan\u00eb e Ulqinit, e shpikur nga impotent\u00ebt e kultur\u00ebs, \u00a0po duket se\u00a0 po?!<\/p>\n<p>Un\u00eb nuk e kuptoj pse nuk u iket gj\u00ebrave t\u00eb dyshimta , t\u00eb pakten ne nuk kemi nevoj\u00eb ta b\u00ebjm\u00eb k\u00ebt\u00eb me Shasin kultura e t\u00eb cilit shkon p\u00ebrtej mija vjet\u00ebve.<\/p>\n<p>Mendoj\u00a0 q\u00eb mjaft\u00a0 u mor\u00ebt me histori t\u00eb Shasit\u00a0 dhe mbase \u00ebsht\u00eb m\u00eb mir\u00eb t\u00eb merreni me mitet p\u00ebr Shasin , e q\u00eb jan\u00eb t\u00eb koh\u00ebs\u00a0 para nd\u00ebrtimit t\u00eb\u00a0 kishave , kalave dhe amfiteatrave.<\/p>\n<p>Kultura e miteve do shihni se \u00a0d\u00ebshmon nj\u00eb qytet\u00ebrim akoma m\u00eb t\u00eb lasht\u00eb. Dhe k\u00ebt\u00eb\u00a0 lasht\u00ebsi Shasi \u00a0e ruante \u00a0t\u00eb pakt\u00ebn deri n\u00eb vitin\u00a0 1596 kur n\u00eb nj\u00eb hart\u00eb t\u00eb k\u00ebtij viti \u00a0v\u00ebrejm\u00eb se \u00a0qyteti \u00a0kish edhe \u00a0nj\u00eb em\u00ebr tjet\u00ebr ,duke u quajtur \u00a0RRIZAN\u00cb( RRI+ ZAN\u00cb)?!<\/p>\n<p>Kujtojm\u00eb p\u00ebr kuriozitet\u00a0 se k\u00ebshtu quheshin bijat e Af\u00ebrdit\u00ebs\u00a0 t\u00eb lindura nga Zeusi( Zot- os) q\u00eb Platoni e quante\u00a0 sipas d\u00ebshmive t\u00eb Porfirit\u00a0 ZAN.dhe vajzat e tija kuptohet Zana.<\/p>\n<p>N\u00eb fakt Kronosi (koha ) k\u00ebtu \u00a0del t\u00eb \u00a0ishte babai i Zeusit, icili lindi n\u00eb nj\u00eb \u00a0shpell\u00eb\u00a0 e jo n\u00eb kish\u00eb e \u00a0\u00a0me amfiteat\u00ebr\u00a0 apo \u00a0edhe n\u00eb kala si mendojn\u00eb disa?!Nd\u00ebrsa\u00a0 gjithashtu shtojm\u00eb\u00a0 se \u00a0, \u00a0n\u00eb popull( An\u00eb t\u00eb Malit apo \u00a0Rrizan\u00eb), \u00a0zanat- njiheshin edhe si OR\u00cbT-ashtu si emri i\u00a0 shoqat\u00ebs \u00a0Ora. Nd\u00ebrsa nryshe or\u00ebt\u00a0 e malit( zanat) quheshin\u00a0 edhe \u00a0\u00a0\u00a0&#8211; shtoj zo(t) valle\u00a0 &#8211; ( kujto \u00a0sirenat e Iliad\u00ebs)?!<\/p>\n<p>Duke mos e zgjatur -Respekt, por \u00a0kjo q\u00eb po b\u00ebhet \u00ebsht\u00eb bjerrje kohe&#8230; dhe nj\u00eb rrug\u00eb t\u00eb cil\u00ebs nuk i dihet fundi&#8230;?!<\/p>\n","protected":false},"excerpt":{"rendered":"<p>SHKRUAN MUHAMET \u00a0NIKA Un\u00eb\u00a0 e di \u00a0nj\u00eb\u00a0 fjal\u00eb q\u00eb thot\u00a0 se &#8211; \u00a0kush dvet\u00eb\u00a0 nuk tret\u00eb, por ama t\u00eb tres\u00ebsh rrug\u00eb\u00a0 pa dal mir\u00eb prej pork\u00ebs s\u00eb oborrit , kjo nuk m\u00eb duket\u00a0 di\u00e7ka\u00a0 normale?!\u00a0 Fatkeq\u00ebsisht \u00a0k\u00ebt\u00eb po e b\u00ebjn\u00eb\u00a0 ata \u00a0\u00a0t\u00eb cil\u00ebt i kan\u00eb v\u00ebn\u00eb vet\u00ebs do detyra \u2013 pa iu k\u00ebrkuar kush . [&hellip;]<\/p>\n","protected":false},"author":1,"featured_media":0,"comment_status":"closed","ping_status":"closed","sticky":false,"template":"","format":"standard","meta":{"spay_email":"","jetpack_publicize_message":"","jetpack_is_tweetstorm":false,"jetpack_publicize_feature_enabled":true},"categories":[1,6950],"tags":[],"jetpack_publicize_connections":[],"yoast_head":"<!-- This site is optimized with the Yoast SEO plugin v19.1 - https:\/\/yoast.com\/wordpress\/plugins\/seo\/ -->\n<title>Nika: Kujt i duhet n\u00eb Shas kisha - kala dhe me amfiteat\u00ebr e pse?! - Lajme nga Ulqini<\/title>\n<meta name=\"description\" content=\"SHKRUAN MUHAMET \u00a0NIKA Un\u00eb\u00a0 e di \u00a0nj\u00eb\u00a0 fjal\u00eb q\u00eb thot\u00a0 se - \u00a0kush dvet\u00eb\u00a0 nuk tret\u00eb, por ama t\u00eb tres\u00ebsh rrug\u00eb\u00a0 pa dal mir\u00eb prej pork\u00ebs s\u00eb oborrit , kjo nuk\" \/>\n<meta name=\"robots\" content=\"index, follow, max-snippet:-1, max-image-preview:large, max-video-preview:-1\" \/>\n<link rel=\"canonical\" href=\"https:\/\/www.visit-ulcinj.com\/blog\/2017\/05\/16\/nika-kujt-duhet-ne-shas-kisha-kala-dhe-amfiteater-e-pse\/\" \/>\n<meta property=\"og:locale\" content=\"en_US\" \/>\n<meta property=\"og:type\" content=\"article\" \/>\n<meta property=\"og:title\" content=\"Nika: Kujt i duhet n\u00eb Shas kisha - kala dhe me amfiteat\u00ebr e pse?! - Lajme nga Ulqini\" \/>\n<meta property=\"og:description\" content=\"SHKRUAN MUHAMET \u00a0NIKA Un\u00eb\u00a0 e di \u00a0nj\u00eb\u00a0 fjal\u00eb q\u00eb thot\u00a0 se - \u00a0kush dvet\u00eb\u00a0 nuk tret\u00eb, por ama t\u00eb tres\u00ebsh rrug\u00eb\u00a0 pa dal mir\u00eb prej pork\u00ebs s\u00eb oborrit , kjo nuk\" \/>\n<meta property=\"og:url\" content=\"https:\/\/www.visit-ulcinj.com\/blog\/2017\/05\/16\/nika-kujt-duhet-ne-shas-kisha-kala-dhe-amfiteater-e-pse\/\" \/>\n<meta property=\"og:site_name\" content=\"Lajme nga Ulqini\" \/>\n<meta property=\"article:published_time\" content=\"2017-05-16T05:56:54+00:00\" \/>\n<meta property=\"article:modified_time\" content=\"2017-05-16T18:35:24+00:00\" \/>\n<meta name=\"twitter:label1\" content=\"Written by\" \/>\n\t<meta name=\"twitter:data1\" content=\"ulqini\" \/>\n\t<meta name=\"twitter:label2\" content=\"Est. reading time\" \/>\n\t<meta name=\"twitter:data2\" content=\"3 minutes\" \/>\n<script type=\"application\/ld+json\" class=\"yoast-schema-graph\">{\"@context\":\"https:\/\/schema.org\",\"@graph\":[{\"@type\":\"WebSite\",\"@id\":\"https:\/\/www.visit-ulcinj.com\/blog\/#website\",\"url\":\"https:\/\/www.visit-ulcinj.com\/blog\/\",\"name\":\"Lajme nga Ulqini\",\"description\":\"Lajme,Vijesti,Ulqini,Ulqin,Crna Gora,Mali i Zi\",\"potentialAction\":[{\"@type\":\"SearchAction\",\"target\":{\"@type\":\"EntryPoint\",\"urlTemplate\":\"https:\/\/www.visit-ulcinj.com\/blog\/?s={search_term_string}\"},\"query-input\":\"required name=search_term_string\"}],\"inLanguage\":\"en-US\"},{\"@type\":\"WebPage\",\"@id\":\"https:\/\/www.visit-ulcinj.com\/blog\/2017\/05\/16\/nika-kujt-duhet-ne-shas-kisha-kala-dhe-amfiteater-e-pse\/#webpage\",\"url\":\"https:\/\/www.visit-ulcinj.com\/blog\/2017\/05\/16\/nika-kujt-duhet-ne-shas-kisha-kala-dhe-amfiteater-e-pse\/\",\"name\":\"Nika: Kujt i duhet n\u00eb Shas kisha - kala dhe me amfiteat\u00ebr e pse?! - Lajme nga Ulqini\",\"isPartOf\":{\"@id\":\"https:\/\/www.visit-ulcinj.com\/blog\/#website\"},\"datePublished\":\"2017-05-16T05:56:54+00:00\",\"dateModified\":\"2017-05-16T18:35:24+00:00\",\"author\":{\"@id\":\"https:\/\/www.visit-ulcinj.com\/blog\/#\/schema\/person\/dcab619c614d3038751c63bc2aadc06d\"},\"description\":\"SHKRUAN MUHAMET \u00a0NIKA Un\u00eb\u00a0 e di \u00a0nj\u00eb\u00a0 fjal\u00eb q\u00eb thot\u00a0 se - \u00a0kush dvet\u00eb\u00a0 nuk tret\u00eb, por ama t\u00eb tres\u00ebsh rrug\u00eb\u00a0 pa dal mir\u00eb prej pork\u00ebs s\u00eb oborrit , kjo nuk\",\"breadcrumb\":{\"@id\":\"https:\/\/www.visit-ulcinj.com\/blog\/2017\/05\/16\/nika-kujt-duhet-ne-shas-kisha-kala-dhe-amfiteater-e-pse\/#breadcrumb\"},\"inLanguage\":\"en-US\",\"potentialAction\":[{\"@type\":\"ReadAction\",\"target\":[\"https:\/\/www.visit-ulcinj.com\/blog\/2017\/05\/16\/nika-kujt-duhet-ne-shas-kisha-kala-dhe-amfiteater-e-pse\/\"]}]},{\"@type\":\"BreadcrumbList\",\"@id\":\"https:\/\/www.visit-ulcinj.com\/blog\/2017\/05\/16\/nika-kujt-duhet-ne-shas-kisha-kala-dhe-amfiteater-e-pse\/#breadcrumb\",\"itemListElement\":[{\"@type\":\"ListItem\",\"position\":1,\"name\":\"Nika: Kujt i duhet n\u00eb Shas kisha &#8211; kala dhe me amfiteat\u00ebr e pse?!\"}]},{\"@type\":\"Person\",\"@id\":\"https:\/\/www.visit-ulcinj.com\/blog\/#\/schema\/person\/dcab619c614d3038751c63bc2aadc06d\",\"name\":\"ulqini\",\"sameAs\":[\"http:\/\/www.visit-ulcinj.com\"],\"url\":\"https:\/\/www.visit-ulcinj.com\/blog\/author\/admin\/\"}]}<\/script>\n<!-- \/ Yoast SEO plugin. -->","yoast_head_json":{"title":"Nika: Kujt i duhet n\u00eb Shas kisha - kala dhe me amfiteat\u00ebr e pse?! - Lajme nga Ulqini","description":"SHKRUAN MUHAMET \u00a0NIKA Un\u00eb\u00a0 e di \u00a0nj\u00eb\u00a0 fjal\u00eb q\u00eb thot\u00a0 se - \u00a0kush dvet\u00eb\u00a0 nuk tret\u00eb, por ama t\u00eb tres\u00ebsh rrug\u00eb\u00a0 pa dal mir\u00eb prej pork\u00ebs s\u00eb oborrit , kjo nuk","robots":{"index":"index","follow":"follow","max-snippet":"max-snippet:-1","max-image-preview":"max-image-preview:large","max-video-preview":"max-video-preview:-1"},"canonical":"https:\/\/www.visit-ulcinj.com\/blog\/2017\/05\/16\/nika-kujt-duhet-ne-shas-kisha-kala-dhe-amfiteater-e-pse\/","og_locale":"en_US","og_type":"article","og_title":"Nika: Kujt i duhet n\u00eb Shas kisha - kala dhe me amfiteat\u00ebr e pse?! - Lajme nga Ulqini","og_description":"SHKRUAN MUHAMET \u00a0NIKA Un\u00eb\u00a0 e di \u00a0nj\u00eb\u00a0 fjal\u00eb q\u00eb thot\u00a0 se - \u00a0kush dvet\u00eb\u00a0 nuk tret\u00eb, por ama t\u00eb tres\u00ebsh rrug\u00eb\u00a0 pa dal mir\u00eb prej pork\u00ebs s\u00eb oborrit , kjo nuk","og_url":"https:\/\/www.visit-ulcinj.com\/blog\/2017\/05\/16\/nika-kujt-duhet-ne-shas-kisha-kala-dhe-amfiteater-e-pse\/","og_site_name":"Lajme nga Ulqini","article_published_time":"2017-05-16T05:56:54+00:00","article_modified_time":"2017-05-16T18:35:24+00:00","twitter_misc":{"Written by":"ulqini","Est. reading time":"3 minutes"},"schema":{"@context":"https:\/\/schema.org","@graph":[{"@type":"WebSite","@id":"https:\/\/www.visit-ulcinj.com\/blog\/#website","url":"https:\/\/www.visit-ulcinj.com\/blog\/","name":"Lajme nga Ulqini","description":"Lajme,Vijesti,Ulqini,Ulqin,Crna Gora,Mali i Zi","potentialAction":[{"@type":"SearchAction","target":{"@type":"EntryPoint","urlTemplate":"https:\/\/www.visit-ulcinj.com\/blog\/?s={search_term_string}"},"query-input":"required name=search_term_string"}],"inLanguage":"en-US"},{"@type":"WebPage","@id":"https:\/\/www.visit-ulcinj.com\/blog\/2017\/05\/16\/nika-kujt-duhet-ne-shas-kisha-kala-dhe-amfiteater-e-pse\/#webpage","url":"https:\/\/www.visit-ulcinj.com\/blog\/2017\/05\/16\/nika-kujt-duhet-ne-shas-kisha-kala-dhe-amfiteater-e-pse\/","name":"Nika: Kujt i duhet n\u00eb Shas kisha - kala dhe me amfiteat\u00ebr e pse?! - Lajme nga Ulqini","isPartOf":{"@id":"https:\/\/www.visit-ulcinj.com\/blog\/#website"},"datePublished":"2017-05-16T05:56:54+00:00","dateModified":"2017-05-16T18:35:24+00:00","author":{"@id":"https:\/\/www.visit-ulcinj.com\/blog\/#\/schema\/person\/dcab619c614d3038751c63bc2aadc06d"},"description":"SHKRUAN MUHAMET \u00a0NIKA Un\u00eb\u00a0 e di \u00a0nj\u00eb\u00a0 fjal\u00eb q\u00eb thot\u00a0 se - \u00a0kush dvet\u00eb\u00a0 nuk tret\u00eb, por ama t\u00eb tres\u00ebsh rrug\u00eb\u00a0 pa dal mir\u00eb prej pork\u00ebs s\u00eb oborrit , kjo nuk","breadcrumb":{"@id":"https:\/\/www.visit-ulcinj.com\/blog\/2017\/05\/16\/nika-kujt-duhet-ne-shas-kisha-kala-dhe-amfiteater-e-pse\/#breadcrumb"},"inLanguage":"en-US","potentialAction":[{"@type":"ReadAction","target":["https:\/\/www.visit-ulcinj.com\/blog\/2017\/05\/16\/nika-kujt-duhet-ne-shas-kisha-kala-dhe-amfiteater-e-pse\/"]}]},{"@type":"BreadcrumbList","@id":"https:\/\/www.visit-ulcinj.com\/blog\/2017\/05\/16\/nika-kujt-duhet-ne-shas-kisha-kala-dhe-amfiteater-e-pse\/#breadcrumb","itemListElement":[{"@type":"ListItem","position":1,"name":"Nika: Kujt i duhet n\u00eb Shas kisha &#8211; kala dhe me amfiteat\u00ebr e pse?!"}]},{"@type":"Person","@id":"https:\/\/www.visit-ulcinj.com\/blog\/#\/schema\/person\/dcab619c614d3038751c63bc2aadc06d","name":"ulqini","sameAs":["http:\/\/www.visit-ulcinj.com"],"url":"https:\/\/www.visit-ulcinj.com\/blog\/author\/admin\/"}]}},"jetpack_featured_media_url":"","jetpack_sharing_enabled":true,"jetpack_shortlink":"https:\/\/wp.me\/pe6lTn-rkn","_links":{"self":[{"href":"https:\/\/www.visit-ulcinj.com\/blog\/wp-json\/wp\/v2\/posts\/105051"}],"collection":[{"href":"https:\/\/www.visit-ulcinj.com\/blog\/wp-json\/wp\/v2\/posts"}],"about":[{"href":"https:\/\/www.visit-ulcinj.com\/blog\/wp-json\/wp\/v2\/types\/post"}],"author":[{"embeddable":true,"href":"https:\/\/www.visit-ulcinj.com\/blog\/wp-json\/wp\/v2\/users\/1"}],"replies":[{"embeddable":true,"href":"https:\/\/www.visit-ulcinj.com\/blog\/wp-json\/wp\/v2\/comments?post=105051"}],"version-history":[{"count":1,"href":"https:\/\/www.visit-ulcinj.com\/blog\/wp-json\/wp\/v2\/posts\/105051\/revisions"}],"predecessor-version":[{"id":105053,"href":"https:\/\/www.visit-ulcinj.com\/blog\/wp-json\/wp\/v2\/posts\/105051\/revisions\/105053"}],"wp:attachment":[{"href":"https:\/\/www.visit-ulcinj.com\/blog\/wp-json\/wp\/v2\/media?parent=105051"}],"wp:term":[{"taxonomy":"category","embeddable":true,"href":"https:\/\/www.visit-ulcinj.com\/blog\/wp-json\/wp\/v2\/categories?post=105051"},{"taxonomy":"post_tag","embeddable":true,"href":"https:\/\/www.visit-ulcinj.com\/blog\/wp-json\/wp\/v2\/tags?post=105051"}],"curies":[{"name":"wp","href":"https:\/\/api.w.org\/{rel}","templated":true}]}}