{"id":105055,"date":"2017-05-16T07:02:49","date_gmt":"2017-05-16T06:02:49","guid":{"rendered":"http:\/\/www.visit-ulcinj.com\/blog\/?p=105055"},"modified":"2017-05-16T07:02:49","modified_gmt":"2017-05-16T06:02:49","slug":"20-dhe-21-maj-manifestimi-tradicional-gjithepopullor-dita-e-rumise-2017-programi","status":"publish","type":"post","link":"https:\/\/www.visit-ulcinj.com\/blog\/2017\/05\/16\/20-dhe-21-maj-manifestimi-tradicional-gjithepopullor-dita-e-rumise-2017-programi\/","title":{"rendered":"Me 20 dhe 21 maj, Manifestimi tradicional gjith\u00ebpopullor &#8221;Dita e Rumis\u00eb 2017&#8221; &#8211; PROGRAMI"},"content":{"rendered":"<p><strong><a href=\"http:\/\/www.visit-ulcinj.com\/blog\/wp-content\/uploads\/2017\/05\/Manifestimi-tradicional-gjith\u00ebpopullor-Dita-e-Rumis\u00eb-2017.jpg\"><img loading=\"lazy\" class=\"alignleft wp-image-105056\" src=\"http:\/\/www.visit-ulcinj.com\/blog\/wp-content\/uploads\/2017\/05\/Manifestimi-tradicional-gjith\u00ebpopullor-Dita-e-Rumis\u00eb-2017.jpg\" alt=\"\" width=\"508\" height=\"381\" srcset=\"https:\/\/www.visit-ulcinj.com\/blog\/wp-content\/uploads\/2017\/05\/Manifestimi-tradicional-gjith\u00ebpopullor-Dita-e-Rumis\u00eb-2017.jpg 823w, https:\/\/www.visit-ulcinj.com\/blog\/wp-content\/uploads\/2017\/05\/Manifestimi-tradicional-gjith\u00ebpopullor-Dita-e-Rumis\u00eb-2017-300x225.jpg 300w, https:\/\/www.visit-ulcinj.com\/blog\/wp-content\/uploads\/2017\/05\/Manifestimi-tradicional-gjith\u00ebpopullor-Dita-e-Rumis\u00eb-2017-768x576.jpg 768w\" sizes=\"(max-width: 508px) 100vw, 508px\" \/><\/a>K\u00ebsaj fundjave manifestimi tradicional gjith\u00ebpopullor &#8221;Dita e Rumis\u00eb 2017&#8221; &#8211; PROGRAMI<\/strong><\/p>\n<p>&nbsp;<\/p>\n<p>K\u00ebsaj fundjave, me 20 dhe 21 maj, Shoqata e bjeshkatar\u00ebve &#8221;Rumia&#8221; nga Ulqini organizon p\u00ebr t\u00eb gjashtin vit me radh\u00eb manifestimin tradicional gjith\u00ebpopullor &#8221;Dita e Rumis\u00eb 2017&#8221;.<br \/>\nQ\u00ebllimi kryesor i k\u00ebtij manifestimi \u00ebsht\u00eb ruajtja dhe p\u00ebrt\u00ebritja e tradit\u00ebs shum\u00ebshekullore t\u00eb popullat\u00ebs vendore t\u00eb daljes n\u00eb majen e malit Rumis\u00eb, i cili konsderohet si simbol i ekzistenc\u00ebs s\u00eb tyre. Poashtu q\u00ebllim n\u00eb vehte \u00ebsht\u00eb njohja me bukurit\u00eb natyrore t\u00eb k\u00ebsaj ane si dhe shoq\u00ebrimi i bjeshkatareve dhe krijimi i njohjeve t\u00eb reja nd\u00ebrmjet tyre.<br \/>\n&#8221;Dita e Rumis\u00eb&#8221; si maniestim unik vler\u00ebsohet nd\u00ebr veprimtarit\u00eb kryesore t\u00eb k\u00ebsaj treve duke tubuar adhuruesit e tradit\u00ebs, historis\u00eb, kultur\u00ebs, natyr\u00ebs, bjeshkataris\u00eb etj. Gjat\u00eb viteve t\u00eb kaluara pjes\u00ebmarr\u00ebs kan\u00eb qen\u00eb me qindra bjeshkatar\u00eb nga Kraja, Tivari, Ulqini, Ana e Malit, Mal\u00ebsia, Shqip\u00ebria, Kosova etj, duke ndikuar n\u00eb masivizimin e k\u00ebtij manifestimi i cili me vlerat q\u00eb p\u00ebr\u00e7on \u00ebsht\u00eb b\u00ebr\u00eb tashm\u00eb pjes\u00eb e ofert\u00ebs turistike.<\/p>\n<p>&nbsp;<\/p>\n<p>P\u00ebr t\u00eb gjith\u00eb pjes\u00ebmarr\u00ebsit q\u00eb k\u00ebt\u00eb fundjav\u00eb do t\u00eb na bashkangjiten, m\u00eb posht\u00eb \u00ebsht\u00eb programi i k\u00ebtij aktiviteti.<br \/>\n<strong>PROGRAMI<\/p>\n<p><\/strong><\/p>\n<p><strong><em>E shtun\u00eb, me 20 maj 2017<\/em><\/strong><\/p>\n<ul>\n<li>Ora 20:00<br \/>\nKamping t\u00ebr\u00eb nat\u00ebn n\u00eb fshatin Brisk Nalt t\u00eb Kraj\u00ebs,<\/li>\n<\/ul>\n<p>&nbsp;<\/p>\n<p><strong><em>E diel\u00eb, <\/em><\/strong><strong><em>me 21 maj 2017<\/em><\/strong><\/p>\n<ul>\n<li>Ora 04:00<br \/>\nNisja e bjeshkatareve nga Ulqini, para komun\u00ebs,<\/li>\n<li>Ora 05:30 \u2013 06:00<br \/>\nGrumbullimi i bjeshkatar\u00ebt n\u00eb fshatin Brisk Nalt,<\/li>\n<li>Ora 06:00<br \/>\nNisja e bjeshkatareve p\u00ebr n\u00eb Majen e Rumis\u00eb,<\/li>\n<li>Ora 11:00<br \/>\nMb\u00ebrritja e bjeshkatareve n\u00eb Maje t\u00eb Rumis\u00eb (1595m lmd)<\/li>\n<li>Ora 12:00<br \/>\nGarat popullore n\u00eb Djerr t\u00ebm Rumis\u00eb<\/li>\n<li>Ora 13:00<br \/>\nZbritja e bjeshkatareve n\u00eb fshatin Brisk Nalt,<\/li>\n<li>Ora 16:00 \u2013 16:30<br \/>\nProgrami\u00a0kulturo-artistik n\u00eb fshatin Brisk Nalt,<\/li>\n<li>Ora 18:00<br \/>\nShp\u00ebrndarja e bjeshkatar\u00ebve dhe p\u00ebrfundimi i Manifestimi tradicional gjith\u00ebpopullor \u2018\u2019Dita e Rumis\u00eb 2017\u2019\u2019<\/li>\n<\/ul>\n<p><em>P\u00ebr m\u00eb shum\u00eb detaje vizitoni faqen <strong>Shoqata e bjeshkatareve \u2018\u2019Rumia\u2019\u2019 \u2013 Ulqin<\/strong> n\u00eb facebook<\/em><\/p>\n<p>&nbsp;<\/p>\n<p>&nbsp;<\/p>\n<p>&nbsp;<\/p>\n","protected":false},"excerpt":{"rendered":"<p>K\u00ebsaj fundjave manifestimi tradicional gjith\u00ebpopullor &#8221;Dita e Rumis\u00eb 2017&#8221; &#8211; PROGRAMI &nbsp; K\u00ebsaj fundjave, me 20 dhe 21 maj, Shoqata e bjeshkatar\u00ebve &#8221;Rumia&#8221; nga Ulqini organizon p\u00ebr t\u00eb gjashtin vit me radh\u00eb manifestimin tradicional gjith\u00ebpopullor &#8221;Dita e Rumis\u00eb 2017&#8221;. Q\u00ebllimi kryesor i k\u00ebtij manifestimi \u00ebsht\u00eb ruajtja dhe p\u00ebrt\u00ebritja e tradit\u00ebs shum\u00ebshekullore t\u00eb popullat\u00ebs vendore t\u00eb [&hellip;]<\/p>\n","protected":false},"author":1,"featured_media":0,"comment_status":"closed","ping_status":"closed","sticky":false,"template":"","format":"standard","meta":{"spay_email":"","jetpack_publicize_message":"","jetpack_is_tweetstorm":false,"jetpack_publicize_feature_enabled":true},"categories":[6950],"tags":[],"jetpack_publicize_connections":[],"yoast_head":"<!-- This site is optimized with the Yoast SEO plugin v19.1 - https:\/\/yoast.com\/wordpress\/plugins\/seo\/ -->\n<title>Me 20 dhe 21 maj, Manifestimi tradicional gjith\u00ebpopullor &#039;&#039;Dita e Rumis\u00eb 2017&#039;&#039; - PROGRAMI - Lajme nga Ulqini<\/title>\n<meta name=\"description\" content=\"K\u00ebsaj fundjave manifestimi tradicional gjith\u00ebpopullor &#039;&#039;Dita e Rumis\u00eb 2017&#039;&#039; - PROGRAMI &nbsp; K\u00ebsaj fundjave, me 20 dhe 21 maj, Shoqata e bjeshkatar\u00ebve\" \/>\n<meta name=\"robots\" content=\"index, follow, max-snippet:-1, max-image-preview:large, max-video-preview:-1\" \/>\n<link rel=\"canonical\" href=\"https:\/\/www.visit-ulcinj.com\/blog\/2017\/05\/16\/20-dhe-21-maj-manifestimi-tradicional-gjithepopullor-dita-e-rumise-2017-programi\/\" \/>\n<meta property=\"og:locale\" content=\"en_US\" \/>\n<meta property=\"og:type\" content=\"article\" \/>\n<meta property=\"og:title\" content=\"Me 20 dhe 21 maj, Manifestimi tradicional gjith\u00ebpopullor &#039;&#039;Dita e Rumis\u00eb 2017&#039;&#039; - PROGRAMI - Lajme nga Ulqini\" \/>\n<meta property=\"og:description\" content=\"K\u00ebsaj fundjave manifestimi tradicional gjith\u00ebpopullor &#039;&#039;Dita e Rumis\u00eb 2017&#039;&#039; - PROGRAMI &nbsp; K\u00ebsaj fundjave, me 20 dhe 21 maj, Shoqata e bjeshkatar\u00ebve\" \/>\n<meta property=\"og:url\" content=\"https:\/\/www.visit-ulcinj.com\/blog\/2017\/05\/16\/20-dhe-21-maj-manifestimi-tradicional-gjithepopullor-dita-e-rumise-2017-programi\/\" \/>\n<meta property=\"og:site_name\" content=\"Lajme nga Ulqini\" \/>\n<meta property=\"article:published_time\" content=\"2017-05-16T06:02:49+00:00\" \/>\n<meta name=\"twitter:label1\" content=\"Written by\" \/>\n\t<meta name=\"twitter:data1\" content=\"ulqini\" \/>\n\t<meta name=\"twitter:label2\" content=\"Est. reading time\" \/>\n\t<meta name=\"twitter:data2\" content=\"2 minutes\" \/>\n<script type=\"application\/ld+json\" class=\"yoast-schema-graph\">{\"@context\":\"https:\/\/schema.org\",\"@graph\":[{\"@type\":\"WebSite\",\"@id\":\"https:\/\/www.visit-ulcinj.com\/blog\/#website\",\"url\":\"https:\/\/www.visit-ulcinj.com\/blog\/\",\"name\":\"Lajme nga Ulqini\",\"description\":\"Lajme,Vijesti,Ulqini,Ulqin,Crna Gora,Mali i Zi\",\"potentialAction\":[{\"@type\":\"SearchAction\",\"target\":{\"@type\":\"EntryPoint\",\"urlTemplate\":\"https:\/\/www.visit-ulcinj.com\/blog\/?s={search_term_string}\"},\"query-input\":\"required name=search_term_string\"}],\"inLanguage\":\"en-US\"},{\"@type\":\"WebPage\",\"@id\":\"https:\/\/www.visit-ulcinj.com\/blog\/2017\/05\/16\/20-dhe-21-maj-manifestimi-tradicional-gjithepopullor-dita-e-rumise-2017-programi\/#webpage\",\"url\":\"https:\/\/www.visit-ulcinj.com\/blog\/2017\/05\/16\/20-dhe-21-maj-manifestimi-tradicional-gjithepopullor-dita-e-rumise-2017-programi\/\",\"name\":\"Me 20 dhe 21 maj, Manifestimi tradicional gjith\u00ebpopullor ''Dita e Rumis\u00eb 2017'' - PROGRAMI - Lajme nga Ulqini\",\"isPartOf\":{\"@id\":\"https:\/\/www.visit-ulcinj.com\/blog\/#website\"},\"datePublished\":\"2017-05-16T06:02:49+00:00\",\"dateModified\":\"2017-05-16T06:02:49+00:00\",\"author\":{\"@id\":\"https:\/\/www.visit-ulcinj.com\/blog\/#\/schema\/person\/dcab619c614d3038751c63bc2aadc06d\"},\"description\":\"K\u00ebsaj fundjave manifestimi tradicional gjith\u00ebpopullor ''Dita e Rumis\u00eb 2017'' - PROGRAMI &nbsp; K\u00ebsaj fundjave, me 20 dhe 21 maj, Shoqata e bjeshkatar\u00ebve\",\"breadcrumb\":{\"@id\":\"https:\/\/www.visit-ulcinj.com\/blog\/2017\/05\/16\/20-dhe-21-maj-manifestimi-tradicional-gjithepopullor-dita-e-rumise-2017-programi\/#breadcrumb\"},\"inLanguage\":\"en-US\",\"potentialAction\":[{\"@type\":\"ReadAction\",\"target\":[\"https:\/\/www.visit-ulcinj.com\/blog\/2017\/05\/16\/20-dhe-21-maj-manifestimi-tradicional-gjithepopullor-dita-e-rumise-2017-programi\/\"]}]},{\"@type\":\"BreadcrumbList\",\"@id\":\"https:\/\/www.visit-ulcinj.com\/blog\/2017\/05\/16\/20-dhe-21-maj-manifestimi-tradicional-gjithepopullor-dita-e-rumise-2017-programi\/#breadcrumb\",\"itemListElement\":[{\"@type\":\"ListItem\",\"position\":1,\"name\":\"Me 20 dhe 21 maj, Manifestimi tradicional gjith\u00ebpopullor &#8221;Dita e Rumis\u00eb 2017&#8221; &#8211; PROGRAMI\"}]},{\"@type\":\"Person\",\"@id\":\"https:\/\/www.visit-ulcinj.com\/blog\/#\/schema\/person\/dcab619c614d3038751c63bc2aadc06d\",\"name\":\"ulqini\",\"sameAs\":[\"http:\/\/www.visit-ulcinj.com\"],\"url\":\"https:\/\/www.visit-ulcinj.com\/blog\/author\/admin\/\"}]}<\/script>\n<!-- \/ Yoast SEO plugin. -->","yoast_head_json":{"title":"Me 20 dhe 21 maj, Manifestimi tradicional gjith\u00ebpopullor ''Dita e Rumis\u00eb 2017'' - PROGRAMI - Lajme nga Ulqini","description":"K\u00ebsaj fundjave manifestimi tradicional gjith\u00ebpopullor ''Dita e Rumis\u00eb 2017'' - PROGRAMI &nbsp; K\u00ebsaj fundjave, me 20 dhe 21 maj, Shoqata e bjeshkatar\u00ebve","robots":{"index":"index","follow":"follow","max-snippet":"max-snippet:-1","max-image-preview":"max-image-preview:large","max-video-preview":"max-video-preview:-1"},"canonical":"https:\/\/www.visit-ulcinj.com\/blog\/2017\/05\/16\/20-dhe-21-maj-manifestimi-tradicional-gjithepopullor-dita-e-rumise-2017-programi\/","og_locale":"en_US","og_type":"article","og_title":"Me 20 dhe 21 maj, Manifestimi tradicional gjith\u00ebpopullor ''Dita e Rumis\u00eb 2017'' - PROGRAMI - Lajme nga Ulqini","og_description":"K\u00ebsaj fundjave manifestimi tradicional gjith\u00ebpopullor ''Dita e Rumis\u00eb 2017'' - PROGRAMI &nbsp; K\u00ebsaj fundjave, me 20 dhe 21 maj, Shoqata e bjeshkatar\u00ebve","og_url":"https:\/\/www.visit-ulcinj.com\/blog\/2017\/05\/16\/20-dhe-21-maj-manifestimi-tradicional-gjithepopullor-dita-e-rumise-2017-programi\/","og_site_name":"Lajme nga Ulqini","article_published_time":"2017-05-16T06:02:49+00:00","twitter_misc":{"Written by":"ulqini","Est. reading time":"2 minutes"},"schema":{"@context":"https:\/\/schema.org","@graph":[{"@type":"WebSite","@id":"https:\/\/www.visit-ulcinj.com\/blog\/#website","url":"https:\/\/www.visit-ulcinj.com\/blog\/","name":"Lajme nga Ulqini","description":"Lajme,Vijesti,Ulqini,Ulqin,Crna Gora,Mali i Zi","potentialAction":[{"@type":"SearchAction","target":{"@type":"EntryPoint","urlTemplate":"https:\/\/www.visit-ulcinj.com\/blog\/?s={search_term_string}"},"query-input":"required name=search_term_string"}],"inLanguage":"en-US"},{"@type":"WebPage","@id":"https:\/\/www.visit-ulcinj.com\/blog\/2017\/05\/16\/20-dhe-21-maj-manifestimi-tradicional-gjithepopullor-dita-e-rumise-2017-programi\/#webpage","url":"https:\/\/www.visit-ulcinj.com\/blog\/2017\/05\/16\/20-dhe-21-maj-manifestimi-tradicional-gjithepopullor-dita-e-rumise-2017-programi\/","name":"Me 20 dhe 21 maj, Manifestimi tradicional gjith\u00ebpopullor ''Dita e Rumis\u00eb 2017'' - PROGRAMI - Lajme nga Ulqini","isPartOf":{"@id":"https:\/\/www.visit-ulcinj.com\/blog\/#website"},"datePublished":"2017-05-16T06:02:49+00:00","dateModified":"2017-05-16T06:02:49+00:00","author":{"@id":"https:\/\/www.visit-ulcinj.com\/blog\/#\/schema\/person\/dcab619c614d3038751c63bc2aadc06d"},"description":"K\u00ebsaj fundjave manifestimi tradicional gjith\u00ebpopullor ''Dita e Rumis\u00eb 2017'' - PROGRAMI &nbsp; K\u00ebsaj fundjave, me 20 dhe 21 maj, Shoqata e bjeshkatar\u00ebve","breadcrumb":{"@id":"https:\/\/www.visit-ulcinj.com\/blog\/2017\/05\/16\/20-dhe-21-maj-manifestimi-tradicional-gjithepopullor-dita-e-rumise-2017-programi\/#breadcrumb"},"inLanguage":"en-US","potentialAction":[{"@type":"ReadAction","target":["https:\/\/www.visit-ulcinj.com\/blog\/2017\/05\/16\/20-dhe-21-maj-manifestimi-tradicional-gjithepopullor-dita-e-rumise-2017-programi\/"]}]},{"@type":"BreadcrumbList","@id":"https:\/\/www.visit-ulcinj.com\/blog\/2017\/05\/16\/20-dhe-21-maj-manifestimi-tradicional-gjithepopullor-dita-e-rumise-2017-programi\/#breadcrumb","itemListElement":[{"@type":"ListItem","position":1,"name":"Me 20 dhe 21 maj, Manifestimi tradicional gjith\u00ebpopullor &#8221;Dita e Rumis\u00eb 2017&#8221; &#8211; PROGRAMI"}]},{"@type":"Person","@id":"https:\/\/www.visit-ulcinj.com\/blog\/#\/schema\/person\/dcab619c614d3038751c63bc2aadc06d","name":"ulqini","sameAs":["http:\/\/www.visit-ulcinj.com"],"url":"https:\/\/www.visit-ulcinj.com\/blog\/author\/admin\/"}]}},"jetpack_featured_media_url":"","jetpack_sharing_enabled":true,"jetpack_shortlink":"https:\/\/wp.me\/pe6lTn-rkr","_links":{"self":[{"href":"https:\/\/www.visit-ulcinj.com\/blog\/wp-json\/wp\/v2\/posts\/105055"}],"collection":[{"href":"https:\/\/www.visit-ulcinj.com\/blog\/wp-json\/wp\/v2\/posts"}],"about":[{"href":"https:\/\/www.visit-ulcinj.com\/blog\/wp-json\/wp\/v2\/types\/post"}],"author":[{"embeddable":true,"href":"https:\/\/www.visit-ulcinj.com\/blog\/wp-json\/wp\/v2\/users\/1"}],"replies":[{"embeddable":true,"href":"https:\/\/www.visit-ulcinj.com\/blog\/wp-json\/wp\/v2\/comments?post=105055"}],"version-history":[{"count":1,"href":"https:\/\/www.visit-ulcinj.com\/blog\/wp-json\/wp\/v2\/posts\/105055\/revisions"}],"predecessor-version":[{"id":105057,"href":"https:\/\/www.visit-ulcinj.com\/blog\/wp-json\/wp\/v2\/posts\/105055\/revisions\/105057"}],"wp:attachment":[{"href":"https:\/\/www.visit-ulcinj.com\/blog\/wp-json\/wp\/v2\/media?parent=105055"}],"wp:term":[{"taxonomy":"category","embeddable":true,"href":"https:\/\/www.visit-ulcinj.com\/blog\/wp-json\/wp\/v2\/categories?post=105055"},{"taxonomy":"post_tag","embeddable":true,"href":"https:\/\/www.visit-ulcinj.com\/blog\/wp-json\/wp\/v2\/tags?post=105055"}],"curies":[{"name":"wp","href":"https:\/\/api.w.org\/{rel}","templated":true}]}}