{"id":105058,"date":"2017-05-16T07:10:12","date_gmt":"2017-05-16T06:10:12","guid":{"rendered":"http:\/\/www.visit-ulcinj.com\/blog\/?p=105058"},"modified":"2017-05-16T07:10:12","modified_gmt":"2017-05-16T06:10:12","slug":"tou-u-sajam-aktivnog-turizma-beograd-13-14-maj","status":"publish","type":"post","link":"https:\/\/www.visit-ulcinj.com\/blog\/2017\/05\/16\/tou-u-sajam-aktivnog-turizma-beograd-13-14-maj\/","title":{"rendered":"TOU u Sajam aktivnog turizma \u2013 Beograd 13-14.maj"},"content":{"rendered":"<p><a href=\"http:\/\/www.visit-ulcinj.com\/blog\/wp-content\/uploads\/2017\/05\/TOU-u-Sajam-aktivnog-turizma-\u2013-Beograd.jpg\"><img loading=\"lazy\" class=\"alignleft wp-image-105059\" src=\"http:\/\/www.visit-ulcinj.com\/blog\/wp-content\/uploads\/2017\/05\/TOU-u-Sajam-aktivnog-turizma-\u2013-Beograd.jpg\" alt=\"\" width=\"508\" height=\"285\" srcset=\"https:\/\/www.visit-ulcinj.com\/blog\/wp-content\/uploads\/2017\/05\/TOU-u-Sajam-aktivnog-turizma-\u2013-Beograd.jpg 960w, https:\/\/www.visit-ulcinj.com\/blog\/wp-content\/uploads\/2017\/05\/TOU-u-Sajam-aktivnog-turizma-\u2013-Beograd-300x168.jpg 300w, https:\/\/www.visit-ulcinj.com\/blog\/wp-content\/uploads\/2017\/05\/TOU-u-Sajam-aktivnog-turizma-\u2013-Beograd-768x431.jpg 768w\" sizes=\"(max-width: 508px) 100vw, 508px\" \/><\/a>Nakon veoma uspje\u0161nog nastupa na Lukava\u010dkom sajmu i dobijanja nagrade za doprinos i organizovanje sajma u Lukavcu, a po tradiciji jednu od glavnih nagrada je dodijelila TO Ulcinj i to sedmodnevni boravak za dvije osobe, Turisti\u010dka Organizacija Ulcinj je uzela u\u010de\u0161\u0107e na sajmu zdravog i aktivnog turizma u Beogradu koji se odr\u017eao 13 i 14.maja.<\/p>\n<p>&nbsp;<\/p>\n<p>Me\u0111unarodni\u00a0sajam, zdravog i aktivnog turizma je okupio brojne izlaga\u010de iz regije jugoisto\u010dne Evrope, a prije svega one koji u svojoj ponudi imaju programe zdravog i aktivnog turizma, raznovrsnu animaciju u prirodi, specifi\u010dne tretmane za tijelo itd.<\/p>\n<p>Uz besplatan ulaz za oba sajamska dana, posjetioci su imali priliku da dobiju razne informacije, a na \u0161tandu Turisti\u010dke Organizacije Ulcinj su mogli da se informi\u0161u o Kite surfingu, \u017eenskoj pla\u017ei i sumpornoj vodi, mogu\u0107nostima jahanja na Adi, pje\u0161a\u010dkim rutamana i jo\u0161 mnogo toga.<\/p>\n<p>Ovaj sajam je organizovala \u201eTuristi\u010dka prizma\u201c\u00a0u saradnji sa destinacijskim partnerima Turisti\u010dkom organizacijom Beograda, Turisti\u010dkim centrom Zlatibor i gradovima-\u00a0partnerima Banja Lukom i Ulcinjem.<\/p>\n<p>&nbsp;<\/p>\n<p>Na otvaranju ovog sajma, pozdravnu rije\u010d je imao direktor TO Ulcinj mr Fuad Had\u017eibeti, a na\u0161a folklorna grupa Zana e Ulqinit je odu\u0161evila prisutne i organizatore ovog sajma, tradicionalnim ulcinjskim igrama.<\/p>\n<p>&nbsp;<\/p>\n<p>Nadamo se da \u0107e na\u0161e prezentacije doprinijeti pove\u0107anju broja gostiju sa ovih veoma va\u017enih tr\u017ei\u0161ta za na\u0161 grad.<\/p>\n<p>&nbsp;<\/p>\n<p>Stru\u010dna slu\u017eba TO Ulcinj<\/p>\n","protected":false},"excerpt":{"rendered":"<p>Nakon veoma uspje\u0161nog nastupa na Lukava\u010dkom sajmu i dobijanja nagrade za doprinos i organizovanje sajma u Lukavcu, a po tradiciji jednu od glavnih nagrada je dodijelila TO Ulcinj i to sedmodnevni boravak za dvije osobe, Turisti\u010dka Organizacija Ulcinj je uzela u\u010de\u0161\u0107e na sajmu zdravog i aktivnog turizma u Beogradu koji se odr\u017eao 13 i 14.maja. [&hellip;]<\/p>\n","protected":false},"author":1,"featured_media":0,"comment_status":"closed","ping_status":"closed","sticky":false,"template":"","format":"standard","meta":{"spay_email":"","jetpack_publicize_message":"","jetpack_is_tweetstorm":false,"jetpack_publicize_feature_enabled":true},"categories":[8337],"tags":[],"jetpack_publicize_connections":[],"yoast_head":"<!-- This site is optimized with the Yoast SEO plugin v19.1 - https:\/\/yoast.com\/wordpress\/plugins\/seo\/ -->\n<title>TOU u Sajam aktivnog turizma \u2013 Beograd 13-14.maj - Lajme nga Ulqini<\/title>\n<meta name=\"description\" content=\"Nakon veoma uspje\u0161nog nastupa na Lukava\u010dkom sajmu i dobijanja nagrade za doprinos i organizovanje sajma u Lukavcu, a po tradiciji jednu od glavnih nagrada\" \/>\n<meta name=\"robots\" content=\"index, follow, max-snippet:-1, max-image-preview:large, max-video-preview:-1\" \/>\n<link rel=\"canonical\" href=\"https:\/\/www.visit-ulcinj.com\/blog\/2017\/05\/16\/tou-u-sajam-aktivnog-turizma-beograd-13-14-maj\/\" \/>\n<meta property=\"og:locale\" content=\"en_US\" \/>\n<meta property=\"og:type\" content=\"article\" \/>\n<meta property=\"og:title\" content=\"TOU u Sajam aktivnog turizma \u2013 Beograd 13-14.maj - Lajme nga Ulqini\" \/>\n<meta property=\"og:description\" content=\"Nakon veoma uspje\u0161nog nastupa na Lukava\u010dkom sajmu i dobijanja nagrade za doprinos i organizovanje sajma u Lukavcu, a po tradiciji jednu od glavnih nagrada\" \/>\n<meta property=\"og:url\" content=\"https:\/\/www.visit-ulcinj.com\/blog\/2017\/05\/16\/tou-u-sajam-aktivnog-turizma-beograd-13-14-maj\/\" \/>\n<meta property=\"og:site_name\" content=\"Lajme nga Ulqini\" \/>\n<meta property=\"article:published_time\" content=\"2017-05-16T06:10:12+00:00\" \/>\n<meta name=\"twitter:label1\" content=\"Written by\" \/>\n\t<meta name=\"twitter:data1\" content=\"ulqini\" \/>\n\t<meta name=\"twitter:label2\" content=\"Est. reading time\" \/>\n\t<meta name=\"twitter:data2\" content=\"1 minute\" \/>\n<script type=\"application\/ld+json\" class=\"yoast-schema-graph\">{\"@context\":\"https:\/\/schema.org\",\"@graph\":[{\"@type\":\"WebSite\",\"@id\":\"https:\/\/www.visit-ulcinj.com\/blog\/#website\",\"url\":\"https:\/\/www.visit-ulcinj.com\/blog\/\",\"name\":\"Lajme nga Ulqini\",\"description\":\"Lajme,Vijesti,Ulqini,Ulqin,Crna Gora,Mali i Zi\",\"potentialAction\":[{\"@type\":\"SearchAction\",\"target\":{\"@type\":\"EntryPoint\",\"urlTemplate\":\"https:\/\/www.visit-ulcinj.com\/blog\/?s={search_term_string}\"},\"query-input\":\"required name=search_term_string\"}],\"inLanguage\":\"en-US\"},{\"@type\":\"WebPage\",\"@id\":\"https:\/\/www.visit-ulcinj.com\/blog\/2017\/05\/16\/tou-u-sajam-aktivnog-turizma-beograd-13-14-maj\/#webpage\",\"url\":\"https:\/\/www.visit-ulcinj.com\/blog\/2017\/05\/16\/tou-u-sajam-aktivnog-turizma-beograd-13-14-maj\/\",\"name\":\"TOU u Sajam aktivnog turizma \u2013 Beograd 13-14.maj - Lajme nga Ulqini\",\"isPartOf\":{\"@id\":\"https:\/\/www.visit-ulcinj.com\/blog\/#website\"},\"datePublished\":\"2017-05-16T06:10:12+00:00\",\"dateModified\":\"2017-05-16T06:10:12+00:00\",\"author\":{\"@id\":\"https:\/\/www.visit-ulcinj.com\/blog\/#\/schema\/person\/dcab619c614d3038751c63bc2aadc06d\"},\"description\":\"Nakon veoma uspje\u0161nog nastupa na Lukava\u010dkom sajmu i dobijanja nagrade za doprinos i organizovanje sajma u Lukavcu, a po tradiciji jednu od glavnih nagrada\",\"breadcrumb\":{\"@id\":\"https:\/\/www.visit-ulcinj.com\/blog\/2017\/05\/16\/tou-u-sajam-aktivnog-turizma-beograd-13-14-maj\/#breadcrumb\"},\"inLanguage\":\"en-US\",\"potentialAction\":[{\"@type\":\"ReadAction\",\"target\":[\"https:\/\/www.visit-ulcinj.com\/blog\/2017\/05\/16\/tou-u-sajam-aktivnog-turizma-beograd-13-14-maj\/\"]}]},{\"@type\":\"BreadcrumbList\",\"@id\":\"https:\/\/www.visit-ulcinj.com\/blog\/2017\/05\/16\/tou-u-sajam-aktivnog-turizma-beograd-13-14-maj\/#breadcrumb\",\"itemListElement\":[{\"@type\":\"ListItem\",\"position\":1,\"name\":\"TOU u Sajam aktivnog turizma \u2013 Beograd 13-14.maj\"}]},{\"@type\":\"Person\",\"@id\":\"https:\/\/www.visit-ulcinj.com\/blog\/#\/schema\/person\/dcab619c614d3038751c63bc2aadc06d\",\"name\":\"ulqini\",\"sameAs\":[\"http:\/\/www.visit-ulcinj.com\"],\"url\":\"https:\/\/www.visit-ulcinj.com\/blog\/author\/admin\/\"}]}<\/script>\n<!-- \/ Yoast SEO plugin. -->","yoast_head_json":{"title":"TOU u Sajam aktivnog turizma \u2013 Beograd 13-14.maj - Lajme nga Ulqini","description":"Nakon veoma uspje\u0161nog nastupa na Lukava\u010dkom sajmu i dobijanja nagrade za doprinos i organizovanje sajma u Lukavcu, a po tradiciji jednu od glavnih nagrada","robots":{"index":"index","follow":"follow","max-snippet":"max-snippet:-1","max-image-preview":"max-image-preview:large","max-video-preview":"max-video-preview:-1"},"canonical":"https:\/\/www.visit-ulcinj.com\/blog\/2017\/05\/16\/tou-u-sajam-aktivnog-turizma-beograd-13-14-maj\/","og_locale":"en_US","og_type":"article","og_title":"TOU u Sajam aktivnog turizma \u2013 Beograd 13-14.maj - Lajme nga Ulqini","og_description":"Nakon veoma uspje\u0161nog nastupa na Lukava\u010dkom sajmu i dobijanja nagrade za doprinos i organizovanje sajma u Lukavcu, a po tradiciji jednu od glavnih nagrada","og_url":"https:\/\/www.visit-ulcinj.com\/blog\/2017\/05\/16\/tou-u-sajam-aktivnog-turizma-beograd-13-14-maj\/","og_site_name":"Lajme nga Ulqini","article_published_time":"2017-05-16T06:10:12+00:00","twitter_misc":{"Written by":"ulqini","Est. reading time":"1 minute"},"schema":{"@context":"https:\/\/schema.org","@graph":[{"@type":"WebSite","@id":"https:\/\/www.visit-ulcinj.com\/blog\/#website","url":"https:\/\/www.visit-ulcinj.com\/blog\/","name":"Lajme nga Ulqini","description":"Lajme,Vijesti,Ulqini,Ulqin,Crna Gora,Mali i Zi","potentialAction":[{"@type":"SearchAction","target":{"@type":"EntryPoint","urlTemplate":"https:\/\/www.visit-ulcinj.com\/blog\/?s={search_term_string}"},"query-input":"required name=search_term_string"}],"inLanguage":"en-US"},{"@type":"WebPage","@id":"https:\/\/www.visit-ulcinj.com\/blog\/2017\/05\/16\/tou-u-sajam-aktivnog-turizma-beograd-13-14-maj\/#webpage","url":"https:\/\/www.visit-ulcinj.com\/blog\/2017\/05\/16\/tou-u-sajam-aktivnog-turizma-beograd-13-14-maj\/","name":"TOU u Sajam aktivnog turizma \u2013 Beograd 13-14.maj - Lajme nga Ulqini","isPartOf":{"@id":"https:\/\/www.visit-ulcinj.com\/blog\/#website"},"datePublished":"2017-05-16T06:10:12+00:00","dateModified":"2017-05-16T06:10:12+00:00","author":{"@id":"https:\/\/www.visit-ulcinj.com\/blog\/#\/schema\/person\/dcab619c614d3038751c63bc2aadc06d"},"description":"Nakon veoma uspje\u0161nog nastupa na Lukava\u010dkom sajmu i dobijanja nagrade za doprinos i organizovanje sajma u Lukavcu, a po tradiciji jednu od glavnih nagrada","breadcrumb":{"@id":"https:\/\/www.visit-ulcinj.com\/blog\/2017\/05\/16\/tou-u-sajam-aktivnog-turizma-beograd-13-14-maj\/#breadcrumb"},"inLanguage":"en-US","potentialAction":[{"@type":"ReadAction","target":["https:\/\/www.visit-ulcinj.com\/blog\/2017\/05\/16\/tou-u-sajam-aktivnog-turizma-beograd-13-14-maj\/"]}]},{"@type":"BreadcrumbList","@id":"https:\/\/www.visit-ulcinj.com\/blog\/2017\/05\/16\/tou-u-sajam-aktivnog-turizma-beograd-13-14-maj\/#breadcrumb","itemListElement":[{"@type":"ListItem","position":1,"name":"TOU u Sajam aktivnog turizma \u2013 Beograd 13-14.maj"}]},{"@type":"Person","@id":"https:\/\/www.visit-ulcinj.com\/blog\/#\/schema\/person\/dcab619c614d3038751c63bc2aadc06d","name":"ulqini","sameAs":["http:\/\/www.visit-ulcinj.com"],"url":"https:\/\/www.visit-ulcinj.com\/blog\/author\/admin\/"}]}},"jetpack_featured_media_url":"","jetpack_sharing_enabled":true,"jetpack_shortlink":"https:\/\/wp.me\/pe6lTn-rku","_links":{"self":[{"href":"https:\/\/www.visit-ulcinj.com\/blog\/wp-json\/wp\/v2\/posts\/105058"}],"collection":[{"href":"https:\/\/www.visit-ulcinj.com\/blog\/wp-json\/wp\/v2\/posts"}],"about":[{"href":"https:\/\/www.visit-ulcinj.com\/blog\/wp-json\/wp\/v2\/types\/post"}],"author":[{"embeddable":true,"href":"https:\/\/www.visit-ulcinj.com\/blog\/wp-json\/wp\/v2\/users\/1"}],"replies":[{"embeddable":true,"href":"https:\/\/www.visit-ulcinj.com\/blog\/wp-json\/wp\/v2\/comments?post=105058"}],"version-history":[{"count":1,"href":"https:\/\/www.visit-ulcinj.com\/blog\/wp-json\/wp\/v2\/posts\/105058\/revisions"}],"predecessor-version":[{"id":105060,"href":"https:\/\/www.visit-ulcinj.com\/blog\/wp-json\/wp\/v2\/posts\/105058\/revisions\/105060"}],"wp:attachment":[{"href":"https:\/\/www.visit-ulcinj.com\/blog\/wp-json\/wp\/v2\/media?parent=105058"}],"wp:term":[{"taxonomy":"category","embeddable":true,"href":"https:\/\/www.visit-ulcinj.com\/blog\/wp-json\/wp\/v2\/categories?post=105058"},{"taxonomy":"post_tag","embeddable":true,"href":"https:\/\/www.visit-ulcinj.com\/blog\/wp-json\/wp\/v2\/tags?post=105058"}],"curies":[{"name":"wp","href":"https:\/\/api.w.org\/{rel}","templated":true}]}}