{"id":105061,"date":"2017-05-16T07:12:16","date_gmt":"2017-05-16T06:12:16","guid":{"rendered":"http:\/\/www.visit-ulcinj.com\/blog\/?p=105061"},"modified":"2017-05-16T07:12:16","modified_gmt":"2017-05-16T06:12:16","slug":"otu-ne-panairin-e-turizmit-aktiv-beograd-13-14-maj","status":"publish","type":"post","link":"https:\/\/www.visit-ulcinj.com\/blog\/2017\/05\/16\/otu-ne-panairin-e-turizmit-aktiv-beograd-13-14-maj\/","title":{"rendered":"OTU n\u00eb Panairin e turizmit aktiv \u2013 Beograd 13-14 maj"},"content":{"rendered":"<p><a href=\"http:\/\/www.visit-ulcinj.com\/blog\/wp-content\/uploads\/2017\/05\/TOU-u-Sajam-aktivnog-turizma-\u2013-Beograd.jpg\"><img loading=\"lazy\" class=\"alignleft wp-image-105059\" src=\"http:\/\/www.visit-ulcinj.com\/blog\/wp-content\/uploads\/2017\/05\/TOU-u-Sajam-aktivnog-turizma-\u2013-Beograd.jpg\" alt=\"\" width=\"508\" height=\"285\" srcset=\"https:\/\/www.visit-ulcinj.com\/blog\/wp-content\/uploads\/2017\/05\/TOU-u-Sajam-aktivnog-turizma-\u2013-Beograd.jpg 960w, https:\/\/www.visit-ulcinj.com\/blog\/wp-content\/uploads\/2017\/05\/TOU-u-Sajam-aktivnog-turizma-\u2013-Beograd-300x168.jpg 300w, https:\/\/www.visit-ulcinj.com\/blog\/wp-content\/uploads\/2017\/05\/TOU-u-Sajam-aktivnog-turizma-\u2013-Beograd-768x431.jpg 768w\" sizes=\"(max-width: 508px) 100vw, 508px\" \/><\/a>Pas nj\u00eb prezantimi shum\u00eb t\u00eb suksessh\u00ebm n\u00eb panairin e Lukavacit ku edhe kemi fituar paket\u00ebn a art\u00eb p\u00ebr kontribut dhe organizim t\u00eb k\u00ebtij panairi, dhe sipas tradit\u00ebs kemi dh\u00ebn\u00eb nj\u00eb nd\u00ebr shp\u00ebrblimet kryesore, dhe at\u00eb pushimin p\u00ebr shtat\u00eb dit\u00eb p\u00ebr dy persona, Organizata Turistike e Ulqinit ka marr\u00eb pjes\u00eb edhe ne panairin e turizmit sh\u00ebndet\u00ebsor dhe aktiv q\u00eb \u00ebsht\u00eb mbajtur n\u00eb Beograd me 13 dhe 14 maj.<\/p>\n<p>&nbsp;<\/p>\n<p>Panairi nd\u00ebrkomb\u00ebtar i turizmit sh\u00ebndet\u00ebsor dhe aktiv ka mbledhur nj\u00eb num\u00ebr t\u00eb madh t\u00eb ekspozuesve nga rajoni i Evropes juglindore, por mbi t\u00eb gjith\u00eb ato q\u00eb kan\u00eb n\u00eb ofert\u00ebn e tyre programe p\u00ebr turizmin sh\u00ebndet\u00ebsor dhe aktiv, animacione t\u00eb ndryshme n\u00eb natyre, tretmane specifike per trupin etj.<\/p>\n<p>T\u00eb gjith\u00eb vizituesit pasi q\u00eb edhe hyrja ka qen\u00eb pa pages\u00eb, kan\u00eb patur mund\u00ebsin\u00eb t\u00eb fitojn\u00eb informata t\u00eb ndryshme, nd\u00ebrsa n\u00eb stend\u00ebn e Organizat\u00ebs turistike t\u00eb Ulqinit jan\u00eb informuar p\u00ebr Kite surf, Plazhin e grave dhe ujin sulfurik, kal\u00ebrimin n\u00eb Ad\u00eb, rutat e t\u00eb ecurit dhe shum\u00eb t\u00eb tjera.<\/p>\n<p>Ky panair \u00ebsht\u00eb organizuar nga firma e njohur n\u00eb S\u00ebrbi, Turisti\u010dka prizma \u2013 Prizma turistike, n\u00eb bashk\u00ebpunim me partnered, Organizat\u00ebn turistike t\u00eb Beogradit, Zlatiborit, dhe me qytetet partner Banja Luk\u00ebn dhe Ulqinin.<\/p>\n<p>&nbsp;<\/p>\n<p>N\u00eb hapjen e k\u00ebtij panairi fjal\u00ebn p\u00ebrshendet\u00ebse e ka patur drejtori i OT Mr Fuad Haxhibeti, nd\u00ebrsa shoqata Zana e Ulqinit ka befasuar t\u00eb pranishmit dhe organizator\u00ebt me k\u00ebrcimet dhe k\u00ebng\u00ebt tradicionale ulqinake.<\/p>\n<p>Shpresojm\u00eb q\u00eb prezantimet tona do t\u00eb ndikojn\u00eb n\u00eb rritjen e numrit t\u00eb vizitor\u00ebve nga k\u00ebto vende mjaft t\u00eb r\u00ebnd\u00ebsishme p\u00ebr qytetin ton\u00eb.<\/p>\n<p>&nbsp;<\/p>\n<p>Sh\u00ebrbimi i OT Ulqin<\/p>\n","protected":false},"excerpt":{"rendered":"<p>Pas nj\u00eb prezantimi shum\u00eb t\u00eb suksessh\u00ebm n\u00eb panairin e Lukavacit ku edhe kemi fituar paket\u00ebn a art\u00eb p\u00ebr kontribut dhe organizim t\u00eb k\u00ebtij panairi, dhe sipas tradit\u00ebs kemi dh\u00ebn\u00eb nj\u00eb nd\u00ebr shp\u00ebrblimet kryesore, dhe at\u00eb pushimin p\u00ebr shtat\u00eb dit\u00eb p\u00ebr dy persona, Organizata Turistike e Ulqinit ka marr\u00eb pjes\u00eb edhe ne panairin e turizmit sh\u00ebndet\u00ebsor [&hellip;]<\/p>\n","protected":false},"author":1,"featured_media":0,"comment_status":"closed","ping_status":"closed","sticky":false,"template":"","format":"standard","meta":{"spay_email":"","jetpack_publicize_message":"","jetpack_is_tweetstorm":false,"jetpack_publicize_feature_enabled":true},"categories":[15],"tags":[],"jetpack_publicize_connections":[],"yoast_head":"<!-- This site is optimized with the Yoast SEO plugin v19.1 - https:\/\/yoast.com\/wordpress\/plugins\/seo\/ -->\n<title>OTU n\u00eb Panairin e turizmit aktiv \u2013 Beograd 13-14 maj - Lajme nga Ulqini<\/title>\n<meta name=\"description\" content=\"Pas nj\u00eb prezantimi shum\u00eb t\u00eb suksessh\u00ebm n\u00eb panairin e Lukavacit ku edhe kemi fituar paket\u00ebn a art\u00eb p\u00ebr kontribut dhe organizim t\u00eb k\u00ebtij panairi, dhe sipas\" \/>\n<meta name=\"robots\" content=\"index, follow, max-snippet:-1, max-image-preview:large, max-video-preview:-1\" \/>\n<link rel=\"canonical\" href=\"https:\/\/www.visit-ulcinj.com\/blog\/2017\/05\/16\/otu-ne-panairin-e-turizmit-aktiv-beograd-13-14-maj\/\" \/>\n<meta property=\"og:locale\" content=\"en_US\" \/>\n<meta property=\"og:type\" content=\"article\" \/>\n<meta property=\"og:title\" content=\"OTU n\u00eb Panairin e turizmit aktiv \u2013 Beograd 13-14 maj - Lajme nga Ulqini\" \/>\n<meta property=\"og:description\" content=\"Pas nj\u00eb prezantimi shum\u00eb t\u00eb suksessh\u00ebm n\u00eb panairin e Lukavacit ku edhe kemi fituar paket\u00ebn a art\u00eb p\u00ebr kontribut dhe organizim t\u00eb k\u00ebtij panairi, dhe sipas\" \/>\n<meta property=\"og:url\" content=\"https:\/\/www.visit-ulcinj.com\/blog\/2017\/05\/16\/otu-ne-panairin-e-turizmit-aktiv-beograd-13-14-maj\/\" \/>\n<meta property=\"og:site_name\" content=\"Lajme nga Ulqini\" \/>\n<meta property=\"article:published_time\" content=\"2017-05-16T06:12:16+00:00\" \/>\n<meta name=\"twitter:label1\" content=\"Written by\" \/>\n\t<meta name=\"twitter:data1\" content=\"ulqini\" \/>\n\t<meta name=\"twitter:label2\" content=\"Est. reading time\" \/>\n\t<meta name=\"twitter:data2\" content=\"2 minutes\" \/>\n<script type=\"application\/ld+json\" class=\"yoast-schema-graph\">{\"@context\":\"https:\/\/schema.org\",\"@graph\":[{\"@type\":\"WebSite\",\"@id\":\"https:\/\/www.visit-ulcinj.com\/blog\/#website\",\"url\":\"https:\/\/www.visit-ulcinj.com\/blog\/\",\"name\":\"Lajme nga Ulqini\",\"description\":\"Lajme,Vijesti,Ulqini,Ulqin,Crna Gora,Mali i Zi\",\"potentialAction\":[{\"@type\":\"SearchAction\",\"target\":{\"@type\":\"EntryPoint\",\"urlTemplate\":\"https:\/\/www.visit-ulcinj.com\/blog\/?s={search_term_string}\"},\"query-input\":\"required name=search_term_string\"}],\"inLanguage\":\"en-US\"},{\"@type\":\"WebPage\",\"@id\":\"https:\/\/www.visit-ulcinj.com\/blog\/2017\/05\/16\/otu-ne-panairin-e-turizmit-aktiv-beograd-13-14-maj\/#webpage\",\"url\":\"https:\/\/www.visit-ulcinj.com\/blog\/2017\/05\/16\/otu-ne-panairin-e-turizmit-aktiv-beograd-13-14-maj\/\",\"name\":\"OTU n\u00eb Panairin e turizmit aktiv \u2013 Beograd 13-14 maj - Lajme nga Ulqini\",\"isPartOf\":{\"@id\":\"https:\/\/www.visit-ulcinj.com\/blog\/#website\"},\"datePublished\":\"2017-05-16T06:12:16+00:00\",\"dateModified\":\"2017-05-16T06:12:16+00:00\",\"author\":{\"@id\":\"https:\/\/www.visit-ulcinj.com\/blog\/#\/schema\/person\/dcab619c614d3038751c63bc2aadc06d\"},\"description\":\"Pas nj\u00eb prezantimi shum\u00eb t\u00eb suksessh\u00ebm n\u00eb panairin e Lukavacit ku edhe kemi fituar paket\u00ebn a art\u00eb p\u00ebr kontribut dhe organizim t\u00eb k\u00ebtij panairi, dhe sipas\",\"breadcrumb\":{\"@id\":\"https:\/\/www.visit-ulcinj.com\/blog\/2017\/05\/16\/otu-ne-panairin-e-turizmit-aktiv-beograd-13-14-maj\/#breadcrumb\"},\"inLanguage\":\"en-US\",\"potentialAction\":[{\"@type\":\"ReadAction\",\"target\":[\"https:\/\/www.visit-ulcinj.com\/blog\/2017\/05\/16\/otu-ne-panairin-e-turizmit-aktiv-beograd-13-14-maj\/\"]}]},{\"@type\":\"BreadcrumbList\",\"@id\":\"https:\/\/www.visit-ulcinj.com\/blog\/2017\/05\/16\/otu-ne-panairin-e-turizmit-aktiv-beograd-13-14-maj\/#breadcrumb\",\"itemListElement\":[{\"@type\":\"ListItem\",\"position\":1,\"name\":\"OTU n\u00eb Panairin e turizmit aktiv \u2013 Beograd 13-14 maj\"}]},{\"@type\":\"Person\",\"@id\":\"https:\/\/www.visit-ulcinj.com\/blog\/#\/schema\/person\/dcab619c614d3038751c63bc2aadc06d\",\"name\":\"ulqini\",\"sameAs\":[\"http:\/\/www.visit-ulcinj.com\"],\"url\":\"https:\/\/www.visit-ulcinj.com\/blog\/author\/admin\/\"}]}<\/script>\n<!-- \/ Yoast SEO plugin. -->","yoast_head_json":{"title":"OTU n\u00eb Panairin e turizmit aktiv \u2013 Beograd 13-14 maj - Lajme nga Ulqini","description":"Pas nj\u00eb prezantimi shum\u00eb t\u00eb suksessh\u00ebm n\u00eb panairin e Lukavacit ku edhe kemi fituar paket\u00ebn a art\u00eb p\u00ebr kontribut dhe organizim t\u00eb k\u00ebtij panairi, dhe sipas","robots":{"index":"index","follow":"follow","max-snippet":"max-snippet:-1","max-image-preview":"max-image-preview:large","max-video-preview":"max-video-preview:-1"},"canonical":"https:\/\/www.visit-ulcinj.com\/blog\/2017\/05\/16\/otu-ne-panairin-e-turizmit-aktiv-beograd-13-14-maj\/","og_locale":"en_US","og_type":"article","og_title":"OTU n\u00eb Panairin e turizmit aktiv \u2013 Beograd 13-14 maj - Lajme nga Ulqini","og_description":"Pas nj\u00eb prezantimi shum\u00eb t\u00eb suksessh\u00ebm n\u00eb panairin e Lukavacit ku edhe kemi fituar paket\u00ebn a art\u00eb p\u00ebr kontribut dhe organizim t\u00eb k\u00ebtij panairi, dhe sipas","og_url":"https:\/\/www.visit-ulcinj.com\/blog\/2017\/05\/16\/otu-ne-panairin-e-turizmit-aktiv-beograd-13-14-maj\/","og_site_name":"Lajme nga Ulqini","article_published_time":"2017-05-16T06:12:16+00:00","twitter_misc":{"Written by":"ulqini","Est. reading time":"2 minutes"},"schema":{"@context":"https:\/\/schema.org","@graph":[{"@type":"WebSite","@id":"https:\/\/www.visit-ulcinj.com\/blog\/#website","url":"https:\/\/www.visit-ulcinj.com\/blog\/","name":"Lajme nga Ulqini","description":"Lajme,Vijesti,Ulqini,Ulqin,Crna Gora,Mali i Zi","potentialAction":[{"@type":"SearchAction","target":{"@type":"EntryPoint","urlTemplate":"https:\/\/www.visit-ulcinj.com\/blog\/?s={search_term_string}"},"query-input":"required name=search_term_string"}],"inLanguage":"en-US"},{"@type":"WebPage","@id":"https:\/\/www.visit-ulcinj.com\/blog\/2017\/05\/16\/otu-ne-panairin-e-turizmit-aktiv-beograd-13-14-maj\/#webpage","url":"https:\/\/www.visit-ulcinj.com\/blog\/2017\/05\/16\/otu-ne-panairin-e-turizmit-aktiv-beograd-13-14-maj\/","name":"OTU n\u00eb Panairin e turizmit aktiv \u2013 Beograd 13-14 maj - Lajme nga Ulqini","isPartOf":{"@id":"https:\/\/www.visit-ulcinj.com\/blog\/#website"},"datePublished":"2017-05-16T06:12:16+00:00","dateModified":"2017-05-16T06:12:16+00:00","author":{"@id":"https:\/\/www.visit-ulcinj.com\/blog\/#\/schema\/person\/dcab619c614d3038751c63bc2aadc06d"},"description":"Pas nj\u00eb prezantimi shum\u00eb t\u00eb suksessh\u00ebm n\u00eb panairin e Lukavacit ku edhe kemi fituar paket\u00ebn a art\u00eb p\u00ebr kontribut dhe organizim t\u00eb k\u00ebtij panairi, dhe sipas","breadcrumb":{"@id":"https:\/\/www.visit-ulcinj.com\/blog\/2017\/05\/16\/otu-ne-panairin-e-turizmit-aktiv-beograd-13-14-maj\/#breadcrumb"},"inLanguage":"en-US","potentialAction":[{"@type":"ReadAction","target":["https:\/\/www.visit-ulcinj.com\/blog\/2017\/05\/16\/otu-ne-panairin-e-turizmit-aktiv-beograd-13-14-maj\/"]}]},{"@type":"BreadcrumbList","@id":"https:\/\/www.visit-ulcinj.com\/blog\/2017\/05\/16\/otu-ne-panairin-e-turizmit-aktiv-beograd-13-14-maj\/#breadcrumb","itemListElement":[{"@type":"ListItem","position":1,"name":"OTU n\u00eb Panairin e turizmit aktiv \u2013 Beograd 13-14 maj"}]},{"@type":"Person","@id":"https:\/\/www.visit-ulcinj.com\/blog\/#\/schema\/person\/dcab619c614d3038751c63bc2aadc06d","name":"ulqini","sameAs":["http:\/\/www.visit-ulcinj.com"],"url":"https:\/\/www.visit-ulcinj.com\/blog\/author\/admin\/"}]}},"jetpack_featured_media_url":"","jetpack_sharing_enabled":true,"jetpack_shortlink":"https:\/\/wp.me\/pe6lTn-rkx","_links":{"self":[{"href":"https:\/\/www.visit-ulcinj.com\/blog\/wp-json\/wp\/v2\/posts\/105061"}],"collection":[{"href":"https:\/\/www.visit-ulcinj.com\/blog\/wp-json\/wp\/v2\/posts"}],"about":[{"href":"https:\/\/www.visit-ulcinj.com\/blog\/wp-json\/wp\/v2\/types\/post"}],"author":[{"embeddable":true,"href":"https:\/\/www.visit-ulcinj.com\/blog\/wp-json\/wp\/v2\/users\/1"}],"replies":[{"embeddable":true,"href":"https:\/\/www.visit-ulcinj.com\/blog\/wp-json\/wp\/v2\/comments?post=105061"}],"version-history":[{"count":1,"href":"https:\/\/www.visit-ulcinj.com\/blog\/wp-json\/wp\/v2\/posts\/105061\/revisions"}],"predecessor-version":[{"id":105062,"href":"https:\/\/www.visit-ulcinj.com\/blog\/wp-json\/wp\/v2\/posts\/105061\/revisions\/105062"}],"wp:attachment":[{"href":"https:\/\/www.visit-ulcinj.com\/blog\/wp-json\/wp\/v2\/media?parent=105061"}],"wp:term":[{"taxonomy":"category","embeddable":true,"href":"https:\/\/www.visit-ulcinj.com\/blog\/wp-json\/wp\/v2\/categories?post=105061"},{"taxonomy":"post_tag","embeddable":true,"href":"https:\/\/www.visit-ulcinj.com\/blog\/wp-json\/wp\/v2\/tags?post=105061"}],"curies":[{"name":"wp","href":"https:\/\/api.w.org\/{rel}","templated":true}]}}