{"id":105063,"date":"2017-05-16T07:17:56","date_gmt":"2017-05-16T06:17:56","guid":{"rendered":"http:\/\/www.visit-ulcinj.com\/blog\/?p=105063"},"modified":"2017-05-16T07:20:48","modified_gmt":"2017-05-16T06:20:48","slug":"tou-na-prezentaciju-u-temisvaru-rumunija","status":"publish","type":"post","link":"https:\/\/www.visit-ulcinj.com\/blog\/2017\/05\/16\/tou-na-prezentaciju-u-temisvaru-rumunija\/","title":{"rendered":"TOU na Prezentaciju u Temi\u0161varu \u2013 Rumunija"},"content":{"rendered":"<p><a href=\"http:\/\/www.visit-ulcinj.com\/blog\/wp-content\/uploads\/2017\/05\/TOU-na-Prezentaciju-u-Temisvaru-\u2013-Rumunija.jpg\"><img loading=\"lazy\" class=\"alignleft wp-image-105064\" src=\"http:\/\/www.visit-ulcinj.com\/blog\/wp-content\/uploads\/2017\/05\/TOU-na-Prezentaciju-u-Temisvaru-\u2013-Rumunija.jpg\" alt=\"\" width=\"508\" height=\"338\" srcset=\"https:\/\/www.visit-ulcinj.com\/blog\/wp-content\/uploads\/2017\/05\/TOU-na-Prezentaciju-u-Temisvaru-\u2013-Rumunija.jpg 926w, https:\/\/www.visit-ulcinj.com\/blog\/wp-content\/uploads\/2017\/05\/TOU-na-Prezentaciju-u-Temisvaru-\u2013-Rumunija-300x200.jpg 300w, https:\/\/www.visit-ulcinj.com\/blog\/wp-content\/uploads\/2017\/05\/TOU-na-Prezentaciju-u-Temisvaru-\u2013-Rumunija-768x512.jpg 768w\" sizes=\"(max-width: 508px) 100vw, 508px\" \/><\/a>Prezentacija u Temi\u0161varu \u2013 Rumunija, 15.05.2017<\/p>\n<p>Nakon intenzivne promocije na va\u017enijim me\u0111unarodnim regionalnim tr\u017ei\u0161tima nastupaju\u0107i na sajmovima turizma, Turisti\u010dka Organizacija Ulcinj je organizovala i jedno dnevnu prezentaciju u Temi\u0161varu. Promocija koja je po\u010dela press konferencijom gdje smo poseban akcenat stavili na prirodne ljepote, duge pje\u0161\u010dane pla\u017ee i mogu\u0107nostima aktivnog i zdravog turizma, nastavljena je na glavnom trgu na kojem je nastupala Zana e Ulqinit, pa smo kroz tradiciju, igru i pjesmu predstavili na\u0161 grad i ujedno promovisali kulturne vrijednosti i dijelili razni propagandni materijal i nekoliko flajera na rumunskom jeziku .<\/p>\n<p>&nbsp;<\/p>\n<p>Turisti\u010dka Organizacija Ulcinj prethodnih nekoliko godina promovi\u0161e turisti\u010dku ponudu kroz razli\u010dite vidove marketing komunikacije, pa \u0107e tako i ove godine, osim prezentacija i pres konferencija, kampanja biti i izuzetno medijski propra\u0107ena i to kroz TV promocije, promocije u \u0161tampanim medijima I internet portalima, putem bilborda itd.<\/p>\n<p>&nbsp;<\/p>\n<p>Stru\u010dna slu\u017eba TO Ulcinj<\/p>\n\n\t\t<style type=\"text\/css\">\n\t\t\t#gallery-1 {\n\t\t\t\tmargin: auto;\n\t\t\t}\n\t\t\t#gallery-1 .gallery-item {\n\t\t\t\tfloat: left;\n\t\t\t\tmargin-top: 10px;\n\t\t\t\ttext-align: center;\n\t\t\t\twidth: 33%;\n\t\t\t}\n\t\t\t#gallery-1 img {\n\t\t\t\tborder: 2px solid #cfcfcf;\n\t\t\t}\n\t\t\t#gallery-1 .gallery-caption {\n\t\t\t\tmargin-left: 0;\n\t\t\t}\n\t\t\t\/* see gallery_shortcode() in wp-includes\/media.php *\/\n\t\t<\/style>\n\t\t<div id='gallery-1' class='gallery galleryid-105063 gallery-columns-3 gallery-size-thumbnail'><dl class='gallery-item'>\n\t\t\t<dt class='gallery-icon landscape'>\n\t\t\t\t<a href='https:\/\/www.visit-ulcinj.com\/blog\/2017\/05\/16\/tou-na-prezentaciju-u-temisvaru-rumunija\/tou-na-prezentaciju-u-temisvaru-rumunija-1\/'><img width=\"150\" height=\"150\" src=\"https:\/\/www.visit-ulcinj.com\/blog\/wp-content\/uploads\/2017\/05\/TOU-na-Prezentaciju-u-Temisvaru-\u2013-Rumunija-1-150x150.jpg\" class=\"attachment-thumbnail size-thumbnail\" alt=\"\" loading=\"lazy\" \/><\/a>\n\t\t\t<\/dt><\/dl><dl class='gallery-item'>\n\t\t\t<dt class='gallery-icon landscape'>\n\t\t\t\t<a href='https:\/\/www.visit-ulcinj.com\/blog\/2017\/05\/16\/tou-na-prezentaciju-u-temisvaru-rumunija\/tou-na-prezentaciju-u-temisvaru-rumunija-2\/'><img width=\"150\" height=\"150\" src=\"https:\/\/www.visit-ulcinj.com\/blog\/wp-content\/uploads\/2017\/05\/TOU-na-Prezentaciju-u-Temisvaru-\u2013-Rumunija-2-150x150.jpg\" class=\"attachment-thumbnail size-thumbnail\" alt=\"\" loading=\"lazy\" \/><\/a>\n\t\t\t<\/dt><\/dl><dl class='gallery-item'>\n\t\t\t<dt class='gallery-icon landscape'>\n\t\t\t\t<a href='https:\/\/www.visit-ulcinj.com\/blog\/2017\/05\/16\/tou-na-prezentaciju-u-temisvaru-rumunija\/tou-na-prezentaciju-u-temisvaru-rumunija-3\/'><img width=\"150\" height=\"150\" src=\"https:\/\/www.visit-ulcinj.com\/blog\/wp-content\/uploads\/2017\/05\/TOU-na-Prezentaciju-u-Temisvaru-\u2013-Rumunija-3-150x150.jpg\" class=\"attachment-thumbnail size-thumbnail\" alt=\"\" loading=\"lazy\" \/><\/a>\n\t\t\t<\/dt><\/dl><br style=\"clear: both\" \/><dl class='gallery-item'>\n\t\t\t<dt class='gallery-icon portrait'>\n\t\t\t\t<a href='https:\/\/www.visit-ulcinj.com\/blog\/2017\/05\/16\/tou-na-prezentaciju-u-temisvaru-rumunija\/tou-na-prezentaciju-u-temisvaru-rumunija-4\/'><img width=\"150\" height=\"150\" src=\"https:\/\/www.visit-ulcinj.com\/blog\/wp-content\/uploads\/2017\/05\/TOU-na-Prezentaciju-u-Temisvaru-\u2013-Rumunija-4-150x150.jpg\" class=\"attachment-thumbnail size-thumbnail\" alt=\"\" loading=\"lazy\" \/><\/a>\n\t\t\t<\/dt><\/dl><dl class='gallery-item'>\n\t\t\t<dt class='gallery-icon portrait'>\n\t\t\t\t<a href='https:\/\/www.visit-ulcinj.com\/blog\/2017\/05\/16\/tou-na-prezentaciju-u-temisvaru-rumunija\/tou-na-prezentaciju-u-temisvaru-rumunija-5\/'><img width=\"150\" height=\"150\" src=\"https:\/\/www.visit-ulcinj.com\/blog\/wp-content\/uploads\/2017\/05\/TOU-na-Prezentaciju-u-Temisvaru-\u2013-Rumunija-5-150x150.jpg\" class=\"attachment-thumbnail size-thumbnail\" alt=\"\" loading=\"lazy\" \/><\/a>\n\t\t\t<\/dt><\/dl><dl class='gallery-item'>\n\t\t\t<dt class='gallery-icon landscape'>\n\t\t\t\t<a href='https:\/\/www.visit-ulcinj.com\/blog\/2017\/05\/16\/tou-na-prezentaciju-u-temisvaru-rumunija\/tou-na-prezentaciju-u-temisvaru-rumunija-6\/'><img width=\"150\" height=\"150\" src=\"https:\/\/www.visit-ulcinj.com\/blog\/wp-content\/uploads\/2017\/05\/TOU-na-Prezentaciju-u-Temisvaru-\u2013-Rumunija-6-150x150.jpg\" class=\"attachment-thumbnail size-thumbnail\" alt=\"\" loading=\"lazy\" \/><\/a>\n\t\t\t<\/dt><\/dl><br style=\"clear: both\" \/>\n\t\t<\/div>\n\n","protected":false},"excerpt":{"rendered":"<p>Prezentacija u Temi\u0161varu \u2013 Rumunija, 15.05.2017 Nakon intenzivne promocije na va\u017enijim me\u0111unarodnim regionalnim tr\u017ei\u0161tima nastupaju\u0107i na sajmovima turizma, Turisti\u010dka Organizacija Ulcinj je organizovala i jedno dnevnu prezentaciju u Temi\u0161varu. Promocija koja je po\u010dela press konferencijom gdje smo poseban akcenat stavili na prirodne ljepote, duge pje\u0161\u010dane pla\u017ee i mogu\u0107nostima aktivnog i zdravog turizma, nastavljena je na [&hellip;]<\/p>\n","protected":false},"author":1,"featured_media":0,"comment_status":"closed","ping_status":"closed","sticky":false,"template":"","format":"standard","meta":{"spay_email":"","jetpack_publicize_message":"","jetpack_is_tweetstorm":false,"jetpack_publicize_feature_enabled":true},"categories":[8337],"tags":[],"jetpack_publicize_connections":[],"yoast_head":"<!-- This site is optimized with the Yoast SEO plugin v19.1 - https:\/\/yoast.com\/wordpress\/plugins\/seo\/ -->\n<title>TOU na Prezentaciju u Temi\u0161varu \u2013 Rumunija - Lajme nga Ulqini<\/title>\n<meta name=\"description\" content=\"Prezentacija u Temi\u0161varu \u2013 Rumunija, 15.05.2017 Nakon intenzivne promocije na va\u017enijim me\u0111unarodnim regionalnim tr\u017ei\u0161tima nastupaju\u0107i na sajmovima\" \/>\n<meta name=\"robots\" content=\"index, follow, max-snippet:-1, max-image-preview:large, max-video-preview:-1\" \/>\n<link rel=\"canonical\" href=\"https:\/\/www.visit-ulcinj.com\/blog\/2017\/05\/16\/tou-na-prezentaciju-u-temisvaru-rumunija\/\" \/>\n<meta property=\"og:locale\" content=\"en_US\" \/>\n<meta property=\"og:type\" content=\"article\" \/>\n<meta property=\"og:title\" content=\"TOU na Prezentaciju u Temi\u0161varu \u2013 Rumunija - Lajme nga Ulqini\" \/>\n<meta property=\"og:description\" content=\"Prezentacija u Temi\u0161varu \u2013 Rumunija, 15.05.2017 Nakon intenzivne promocije na va\u017enijim me\u0111unarodnim regionalnim tr\u017ei\u0161tima nastupaju\u0107i na sajmovima\" \/>\n<meta property=\"og:url\" content=\"https:\/\/www.visit-ulcinj.com\/blog\/2017\/05\/16\/tou-na-prezentaciju-u-temisvaru-rumunija\/\" \/>\n<meta property=\"og:site_name\" content=\"Lajme nga Ulqini\" \/>\n<meta property=\"article:published_time\" content=\"2017-05-16T06:17:56+00:00\" \/>\n<meta property=\"article:modified_time\" content=\"2017-05-16T06:20:48+00:00\" \/>\n<meta property=\"og:image\" content=\"https:\/\/www.visit-ulcinj.com\/blog\/wp-content\/uploads\/2017\/05\/TOU-na-Prezentaciju-u-Temisvaru-\u2013-Rumunija-1-150x150.jpg\" \/>\n<meta name=\"twitter:label1\" content=\"Written by\" \/>\n\t<meta name=\"twitter:data1\" content=\"ulqini\" \/>\n\t<meta name=\"twitter:label2\" content=\"Est. reading time\" \/>\n\t<meta name=\"twitter:data2\" content=\"1 minute\" \/>\n<script type=\"application\/ld+json\" class=\"yoast-schema-graph\">{\"@context\":\"https:\/\/schema.org\",\"@graph\":[{\"@type\":\"WebSite\",\"@id\":\"https:\/\/www.visit-ulcinj.com\/blog\/#website\",\"url\":\"https:\/\/www.visit-ulcinj.com\/blog\/\",\"name\":\"Lajme nga Ulqini\",\"description\":\"Lajme,Vijesti,Ulqini,Ulqin,Crna Gora,Mali i Zi\",\"potentialAction\":[{\"@type\":\"SearchAction\",\"target\":{\"@type\":\"EntryPoint\",\"urlTemplate\":\"https:\/\/www.visit-ulcinj.com\/blog\/?s={search_term_string}\"},\"query-input\":\"required name=search_term_string\"}],\"inLanguage\":\"en-US\"},{\"@type\":\"WebPage\",\"@id\":\"https:\/\/www.visit-ulcinj.com\/blog\/2017\/05\/16\/tou-na-prezentaciju-u-temisvaru-rumunija\/#webpage\",\"url\":\"https:\/\/www.visit-ulcinj.com\/blog\/2017\/05\/16\/tou-na-prezentaciju-u-temisvaru-rumunija\/\",\"name\":\"TOU na Prezentaciju u Temi\u0161varu \u2013 Rumunija - Lajme nga Ulqini\",\"isPartOf\":{\"@id\":\"https:\/\/www.visit-ulcinj.com\/blog\/#website\"},\"datePublished\":\"2017-05-16T06:17:56+00:00\",\"dateModified\":\"2017-05-16T06:20:48+00:00\",\"author\":{\"@id\":\"https:\/\/www.visit-ulcinj.com\/blog\/#\/schema\/person\/dcab619c614d3038751c63bc2aadc06d\"},\"description\":\"Prezentacija u Temi\u0161varu \u2013 Rumunija, 15.05.2017 Nakon intenzivne promocije na va\u017enijim me\u0111unarodnim regionalnim tr\u017ei\u0161tima nastupaju\u0107i na sajmovima\",\"breadcrumb\":{\"@id\":\"https:\/\/www.visit-ulcinj.com\/blog\/2017\/05\/16\/tou-na-prezentaciju-u-temisvaru-rumunija\/#breadcrumb\"},\"inLanguage\":\"en-US\",\"potentialAction\":[{\"@type\":\"ReadAction\",\"target\":[\"https:\/\/www.visit-ulcinj.com\/blog\/2017\/05\/16\/tou-na-prezentaciju-u-temisvaru-rumunija\/\"]}]},{\"@type\":\"BreadcrumbList\",\"@id\":\"https:\/\/www.visit-ulcinj.com\/blog\/2017\/05\/16\/tou-na-prezentaciju-u-temisvaru-rumunija\/#breadcrumb\",\"itemListElement\":[{\"@type\":\"ListItem\",\"position\":1,\"name\":\"TOU na Prezentaciju u Temi\u0161varu \u2013 Rumunija\"}]},{\"@type\":\"Person\",\"@id\":\"https:\/\/www.visit-ulcinj.com\/blog\/#\/schema\/person\/dcab619c614d3038751c63bc2aadc06d\",\"name\":\"ulqini\",\"sameAs\":[\"http:\/\/www.visit-ulcinj.com\"],\"url\":\"https:\/\/www.visit-ulcinj.com\/blog\/author\/admin\/\"}]}<\/script>\n<!-- \/ Yoast SEO plugin. -->","yoast_head_json":{"title":"TOU na Prezentaciju u Temi\u0161varu \u2013 Rumunija - Lajme nga Ulqini","description":"Prezentacija u Temi\u0161varu \u2013 Rumunija, 15.05.2017 Nakon intenzivne promocije na va\u017enijim me\u0111unarodnim regionalnim tr\u017ei\u0161tima nastupaju\u0107i na sajmovima","robots":{"index":"index","follow":"follow","max-snippet":"max-snippet:-1","max-image-preview":"max-image-preview:large","max-video-preview":"max-video-preview:-1"},"canonical":"https:\/\/www.visit-ulcinj.com\/blog\/2017\/05\/16\/tou-na-prezentaciju-u-temisvaru-rumunija\/","og_locale":"en_US","og_type":"article","og_title":"TOU na Prezentaciju u Temi\u0161varu \u2013 Rumunija - Lajme nga Ulqini","og_description":"Prezentacija u Temi\u0161varu \u2013 Rumunija, 15.05.2017 Nakon intenzivne promocije na va\u017enijim me\u0111unarodnim regionalnim tr\u017ei\u0161tima nastupaju\u0107i na sajmovima","og_url":"https:\/\/www.visit-ulcinj.com\/blog\/2017\/05\/16\/tou-na-prezentaciju-u-temisvaru-rumunija\/","og_site_name":"Lajme nga Ulqini","article_published_time":"2017-05-16T06:17:56+00:00","article_modified_time":"2017-05-16T06:20:48+00:00","og_image":[{"url":"https:\/\/www.visit-ulcinj.com\/blog\/wp-content\/uploads\/2017\/05\/TOU-na-Prezentaciju-u-Temisvaru-\u2013-Rumunija-1-150x150.jpg"}],"twitter_misc":{"Written by":"ulqini","Est. reading time":"1 minute"},"schema":{"@context":"https:\/\/schema.org","@graph":[{"@type":"WebSite","@id":"https:\/\/www.visit-ulcinj.com\/blog\/#website","url":"https:\/\/www.visit-ulcinj.com\/blog\/","name":"Lajme nga Ulqini","description":"Lajme,Vijesti,Ulqini,Ulqin,Crna Gora,Mali i Zi","potentialAction":[{"@type":"SearchAction","target":{"@type":"EntryPoint","urlTemplate":"https:\/\/www.visit-ulcinj.com\/blog\/?s={search_term_string}"},"query-input":"required name=search_term_string"}],"inLanguage":"en-US"},{"@type":"WebPage","@id":"https:\/\/www.visit-ulcinj.com\/blog\/2017\/05\/16\/tou-na-prezentaciju-u-temisvaru-rumunija\/#webpage","url":"https:\/\/www.visit-ulcinj.com\/blog\/2017\/05\/16\/tou-na-prezentaciju-u-temisvaru-rumunija\/","name":"TOU na Prezentaciju u Temi\u0161varu \u2013 Rumunija - Lajme nga Ulqini","isPartOf":{"@id":"https:\/\/www.visit-ulcinj.com\/blog\/#website"},"datePublished":"2017-05-16T06:17:56+00:00","dateModified":"2017-05-16T06:20:48+00:00","author":{"@id":"https:\/\/www.visit-ulcinj.com\/blog\/#\/schema\/person\/dcab619c614d3038751c63bc2aadc06d"},"description":"Prezentacija u Temi\u0161varu \u2013 Rumunija, 15.05.2017 Nakon intenzivne promocije na va\u017enijim me\u0111unarodnim regionalnim tr\u017ei\u0161tima nastupaju\u0107i na sajmovima","breadcrumb":{"@id":"https:\/\/www.visit-ulcinj.com\/blog\/2017\/05\/16\/tou-na-prezentaciju-u-temisvaru-rumunija\/#breadcrumb"},"inLanguage":"en-US","potentialAction":[{"@type":"ReadAction","target":["https:\/\/www.visit-ulcinj.com\/blog\/2017\/05\/16\/tou-na-prezentaciju-u-temisvaru-rumunija\/"]}]},{"@type":"BreadcrumbList","@id":"https:\/\/www.visit-ulcinj.com\/blog\/2017\/05\/16\/tou-na-prezentaciju-u-temisvaru-rumunija\/#breadcrumb","itemListElement":[{"@type":"ListItem","position":1,"name":"TOU na Prezentaciju u Temi\u0161varu \u2013 Rumunija"}]},{"@type":"Person","@id":"https:\/\/www.visit-ulcinj.com\/blog\/#\/schema\/person\/dcab619c614d3038751c63bc2aadc06d","name":"ulqini","sameAs":["http:\/\/www.visit-ulcinj.com"],"url":"https:\/\/www.visit-ulcinj.com\/blog\/author\/admin\/"}]}},"jetpack_featured_media_url":"","jetpack_sharing_enabled":true,"jetpack_shortlink":"https:\/\/wp.me\/pe6lTn-rkz","_links":{"self":[{"href":"https:\/\/www.visit-ulcinj.com\/blog\/wp-json\/wp\/v2\/posts\/105063"}],"collection":[{"href":"https:\/\/www.visit-ulcinj.com\/blog\/wp-json\/wp\/v2\/posts"}],"about":[{"href":"https:\/\/www.visit-ulcinj.com\/blog\/wp-json\/wp\/v2\/types\/post"}],"author":[{"embeddable":true,"href":"https:\/\/www.visit-ulcinj.com\/blog\/wp-json\/wp\/v2\/users\/1"}],"replies":[{"embeddable":true,"href":"https:\/\/www.visit-ulcinj.com\/blog\/wp-json\/wp\/v2\/comments?post=105063"}],"version-history":[{"count":3,"href":"https:\/\/www.visit-ulcinj.com\/blog\/wp-json\/wp\/v2\/posts\/105063\/revisions"}],"predecessor-version":[{"id":105073,"href":"https:\/\/www.visit-ulcinj.com\/blog\/wp-json\/wp\/v2\/posts\/105063\/revisions\/105073"}],"wp:attachment":[{"href":"https:\/\/www.visit-ulcinj.com\/blog\/wp-json\/wp\/v2\/media?parent=105063"}],"wp:term":[{"taxonomy":"category","embeddable":true,"href":"https:\/\/www.visit-ulcinj.com\/blog\/wp-json\/wp\/v2\/categories?post=105063"},{"taxonomy":"post_tag","embeddable":true,"href":"https:\/\/www.visit-ulcinj.com\/blog\/wp-json\/wp\/v2\/tags?post=105063"}],"curies":[{"name":"wp","href":"https:\/\/api.w.org\/{rel}","templated":true}]}}