{"id":105074,"date":"2017-05-16T07:22:33","date_gmt":"2017-05-16T06:22:33","guid":{"rendered":"http:\/\/www.visit-ulcinj.com\/blog\/?p=105074"},"modified":"2017-05-16T07:23:04","modified_gmt":"2017-05-16T06:23:04","slug":"otu-dhe-prezentimi-ne-temishvar-rumani","status":"publish","type":"post","link":"https:\/\/www.visit-ulcinj.com\/blog\/2017\/05\/16\/otu-dhe-prezentimi-ne-temishvar-rumani\/","title":{"rendered":"OTU  dhe Prezentimi n\u00eb Temishvar \u2013 Rumani"},"content":{"rendered":"<p><a href=\"http:\/\/www.visit-ulcinj.com\/blog\/wp-content\/uploads\/2017\/05\/TOU-na-Prezentaciju-u-Temisvaru-\u2013-Rumunija-1.jpg\"><img loading=\"lazy\" class=\"alignleft wp-image-105067\" src=\"http:\/\/www.visit-ulcinj.com\/blog\/wp-content\/uploads\/2017\/05\/TOU-na-Prezentaciju-u-Temisvaru-\u2013-Rumunija-1.jpg\" alt=\"\" width=\"508\" height=\"338\" srcset=\"https:\/\/www.visit-ulcinj.com\/blog\/wp-content\/uploads\/2017\/05\/TOU-na-Prezentaciju-u-Temisvaru-\u2013-Rumunija-1.jpg 926w, https:\/\/www.visit-ulcinj.com\/blog\/wp-content\/uploads\/2017\/05\/TOU-na-Prezentaciju-u-Temisvaru-\u2013-Rumunija-1-300x200.jpg 300w, https:\/\/www.visit-ulcinj.com\/blog\/wp-content\/uploads\/2017\/05\/TOU-na-Prezentaciju-u-Temisvaru-\u2013-Rumunija-1-768x512.jpg 768w\" sizes=\"(max-width: 508px) 100vw, 508px\" \/><\/a>Prezentimi n\u00eb Temishvar \u2013 Rumani, 15.05.2017<\/p>\n<p>&nbsp;<\/p>\n<p>Pas nj\u00eb promovimi shum\u00eb intenziv n\u00eb vendet nd\u00ebrkomb\u00ebtare dhe rajonale, duke marr\u00eb pjes\u00eb n\u00eb disa panaire turistike, Organizata Turistike e Ulqinit ka organizuar edhe prezentimin nj\u00eb ditor n\u00eb Temishvar. Prezentimi ka filluar me nj\u00eb press konferenc\u00eb ku kan\u00eb marr\u00eb pjes\u00eb nj\u00eb num\u00ebr i madh gazetar\u00ebsh ku edhe nj\u00eb theks t\u00eb ve\u00e7ant\u00eb i kemi dh\u00ebn\u00eb bukurive natyrore, plazheve, dhe mund\u00ebsive t\u00eb turizmit sh\u00ebndet\u00ebsor dhe aktiv, duke vazhduar m\u00eb pas me prezentimin n\u00eb sheshin kryesor t\u00eb qytetit ku edhe shoqata Zana e Ulqinit ka marr\u00eb pjes\u00eb. Me an\u00eb t\u00eb tradit\u00ebs, k\u00ebrcimit dhe k\u00ebng\u00ebs nj\u00ebkoh\u00ebsisht kemi promovuar vlerat tona kulturore dhe kemi japur informata t\u00eb ndryshme ku \u00ebsht\u00eb shp\u00ebrndar\u00eb nj\u00eb num\u00ebr i madh i materijalit promovues edhe n\u00eb gjuh\u00ebn rumune.<\/p>\n<p>&nbsp;<\/p>\n<p>Organizata Turistike e Ulqinit vite me radh\u00eb e promovon dhe prezanton ofert\u00ebn turistike me an\u00eb t\u00eb shum\u00eb m\u00ebnyrave t\u00eb marketingut, dhe k\u00ebshtu do t\u00eb vazhdojm\u00eb edhe p\u00ebr k\u00ebt\u00eb vit, ku p\u00ebrve\u00e7 prezentimeve do t\u00eb kemi edhe nj\u00eb kampanj\u00eb medijatike, n\u00ebp\u00ebr televizione, portale, gazeta, bilborde etj.<\/p>\n<p>&nbsp;<\/p>\n<p>Sh\u00ebrbimi i OT Ulqin<\/p>\n\n\t\t<style type=\"text\/css\">\n\t\t\t#gallery-1 {\n\t\t\t\tmargin: auto;\n\t\t\t}\n\t\t\t#gallery-1 .gallery-item {\n\t\t\t\tfloat: left;\n\t\t\t\tmargin-top: 10px;\n\t\t\t\ttext-align: center;\n\t\t\t\twidth: 33%;\n\t\t\t}\n\t\t\t#gallery-1 img {\n\t\t\t\tborder: 2px solid #cfcfcf;\n\t\t\t}\n\t\t\t#gallery-1 .gallery-caption {\n\t\t\t\tmargin-left: 0;\n\t\t\t}\n\t\t\t\/* see gallery_shortcode() in wp-includes\/media.php *\/\n\t\t<\/style>\n\t\t<div id='gallery-1' class='gallery galleryid-105074 gallery-columns-3 gallery-size-thumbnail'><dl class='gallery-item'>\n\t\t\t<dt class='gallery-icon landscape'>\n\t\t\t\t<a href='https:\/\/www.visit-ulcinj.com\/blog\/2017\/05\/16\/tou-na-prezentaciju-u-temisvaru-rumunija\/tou-na-prezentaciju-u-temisvaru-rumunija-6\/'><img width=\"150\" height=\"150\" src=\"https:\/\/www.visit-ulcinj.com\/blog\/wp-content\/uploads\/2017\/05\/TOU-na-Prezentaciju-u-Temisvaru-\u2013-Rumunija-6-150x150.jpg\" class=\"attachment-thumbnail size-thumbnail\" alt=\"\" loading=\"lazy\" \/><\/a>\n\t\t\t<\/dt><\/dl><dl class='gallery-item'>\n\t\t\t<dt class='gallery-icon portrait'>\n\t\t\t\t<a href='https:\/\/www.visit-ulcinj.com\/blog\/2017\/05\/16\/tou-na-prezentaciju-u-temisvaru-rumunija\/tou-na-prezentaciju-u-temisvaru-rumunija-5\/'><img width=\"150\" height=\"150\" src=\"https:\/\/www.visit-ulcinj.com\/blog\/wp-content\/uploads\/2017\/05\/TOU-na-Prezentaciju-u-Temisvaru-\u2013-Rumunija-5-150x150.jpg\" class=\"attachment-thumbnail size-thumbnail\" alt=\"\" loading=\"lazy\" \/><\/a>\n\t\t\t<\/dt><\/dl><dl class='gallery-item'>\n\t\t\t<dt class='gallery-icon portrait'>\n\t\t\t\t<a href='https:\/\/www.visit-ulcinj.com\/blog\/2017\/05\/16\/tou-na-prezentaciju-u-temisvaru-rumunija\/tou-na-prezentaciju-u-temisvaru-rumunija-4\/'><img width=\"150\" height=\"150\" src=\"https:\/\/www.visit-ulcinj.com\/blog\/wp-content\/uploads\/2017\/05\/TOU-na-Prezentaciju-u-Temisvaru-\u2013-Rumunija-4-150x150.jpg\" class=\"attachment-thumbnail size-thumbnail\" alt=\"\" loading=\"lazy\" \/><\/a>\n\t\t\t<\/dt><\/dl><br style=\"clear: both\" \/><dl class='gallery-item'>\n\t\t\t<dt class='gallery-icon landscape'>\n\t\t\t\t<a href='https:\/\/www.visit-ulcinj.com\/blog\/2017\/05\/16\/tou-na-prezentaciju-u-temisvaru-rumunija\/tou-na-prezentaciju-u-temisvaru-rumunija-3\/'><img width=\"150\" height=\"150\" src=\"https:\/\/www.visit-ulcinj.com\/blog\/wp-content\/uploads\/2017\/05\/TOU-na-Prezentaciju-u-Temisvaru-\u2013-Rumunija-3-150x150.jpg\" class=\"attachment-thumbnail size-thumbnail\" alt=\"\" loading=\"lazy\" \/><\/a>\n\t\t\t<\/dt><\/dl><dl class='gallery-item'>\n\t\t\t<dt class='gallery-icon landscape'>\n\t\t\t\t<a href='https:\/\/www.visit-ulcinj.com\/blog\/2017\/05\/16\/tou-na-prezentaciju-u-temisvaru-rumunija\/tou-na-prezentaciju-u-temisvaru-rumunija-2\/'><img width=\"150\" height=\"150\" src=\"https:\/\/www.visit-ulcinj.com\/blog\/wp-content\/uploads\/2017\/05\/TOU-na-Prezentaciju-u-Temisvaru-\u2013-Rumunija-2-150x150.jpg\" class=\"attachment-thumbnail size-thumbnail\" alt=\"\" loading=\"lazy\" \/><\/a>\n\t\t\t<\/dt><\/dl><dl class='gallery-item'>\n\t\t\t<dt class='gallery-icon landscape'>\n\t\t\t\t<a href='https:\/\/www.visit-ulcinj.com\/blog\/2017\/05\/16\/tou-na-prezentaciju-u-temisvaru-rumunija\/tou-na-prezentaciju-u-temisvaru-rumunija\/'><img width=\"150\" height=\"150\" src=\"https:\/\/www.visit-ulcinj.com\/blog\/wp-content\/uploads\/2017\/05\/TOU-na-Prezentaciju-u-Temisvaru-\u2013-Rumunija-150x150.jpg\" class=\"attachment-thumbnail size-thumbnail\" alt=\"\" loading=\"lazy\" \/><\/a>\n\t\t\t<\/dt><\/dl><br style=\"clear: both\" \/>\n\t\t<\/div>\n\n","protected":false},"excerpt":{"rendered":"<p>Prezentimi n\u00eb Temishvar \u2013 Rumani, 15.05.2017 &nbsp; Pas nj\u00eb promovimi shum\u00eb intenziv n\u00eb vendet nd\u00ebrkomb\u00ebtare dhe rajonale, duke marr\u00eb pjes\u00eb n\u00eb disa panaire turistike, Organizata Turistike e Ulqinit ka organizuar edhe prezentimin nj\u00eb ditor n\u00eb Temishvar. Prezentimi ka filluar me nj\u00eb press konferenc\u00eb ku kan\u00eb marr\u00eb pjes\u00eb nj\u00eb num\u00ebr i madh gazetar\u00ebsh ku edhe nj\u00eb [&hellip;]<\/p>\n","protected":false},"author":1,"featured_media":0,"comment_status":"closed","ping_status":"closed","sticky":false,"template":"","format":"standard","meta":{"spay_email":"","jetpack_publicize_message":"","jetpack_is_tweetstorm":false,"jetpack_publicize_feature_enabled":true},"categories":[15],"tags":[],"jetpack_publicize_connections":[],"yoast_head":"<!-- This site is optimized with the Yoast SEO plugin v19.1 - https:\/\/yoast.com\/wordpress\/plugins\/seo\/ -->\n<title>OTU dhe Prezentimi n\u00eb Temishvar \u2013 Rumani - Lajme nga Ulqini<\/title>\n<meta name=\"description\" content=\"Prezentimi n\u00eb Temishvar \u2013 Rumani, 15.05.2017 &nbsp; Pas nj\u00eb promovimi shum\u00eb intenziv n\u00eb vendet nd\u00ebrkomb\u00ebtare dhe rajonale, duke marr\u00eb pjes\u00eb n\u00eb disa\" \/>\n<meta name=\"robots\" content=\"index, follow, max-snippet:-1, max-image-preview:large, max-video-preview:-1\" \/>\n<link rel=\"canonical\" href=\"https:\/\/www.visit-ulcinj.com\/blog\/2017\/05\/16\/otu-dhe-prezentimi-ne-temishvar-rumani\/\" \/>\n<meta property=\"og:locale\" content=\"en_US\" \/>\n<meta property=\"og:type\" content=\"article\" \/>\n<meta property=\"og:title\" content=\"OTU dhe Prezentimi n\u00eb Temishvar \u2013 Rumani - Lajme nga Ulqini\" \/>\n<meta property=\"og:description\" content=\"Prezentimi n\u00eb Temishvar \u2013 Rumani, 15.05.2017 &nbsp; Pas nj\u00eb promovimi shum\u00eb intenziv n\u00eb vendet nd\u00ebrkomb\u00ebtare dhe rajonale, duke marr\u00eb pjes\u00eb n\u00eb disa\" \/>\n<meta property=\"og:url\" content=\"https:\/\/www.visit-ulcinj.com\/blog\/2017\/05\/16\/otu-dhe-prezentimi-ne-temishvar-rumani\/\" \/>\n<meta property=\"og:site_name\" content=\"Lajme nga Ulqini\" \/>\n<meta property=\"article:published_time\" content=\"2017-05-16T06:22:33+00:00\" \/>\n<meta property=\"article:modified_time\" content=\"2017-05-16T06:23:04+00:00\" \/>\n<meta property=\"og:image\" content=\"https:\/\/www.visit-ulcinj.com\/blog\/wp-content\/uploads\/2017\/05\/TOU-na-Prezentaciju-u-Temisvaru-\u2013-Rumunija-6-150x150.jpg\" \/>\n<meta name=\"twitter:label1\" content=\"Written by\" \/>\n\t<meta name=\"twitter:data1\" content=\"ulqini\" \/>\n\t<meta name=\"twitter:label2\" content=\"Est. reading time\" \/>\n\t<meta name=\"twitter:data2\" content=\"1 minute\" \/>\n<script type=\"application\/ld+json\" class=\"yoast-schema-graph\">{\"@context\":\"https:\/\/schema.org\",\"@graph\":[{\"@type\":\"WebSite\",\"@id\":\"https:\/\/www.visit-ulcinj.com\/blog\/#website\",\"url\":\"https:\/\/www.visit-ulcinj.com\/blog\/\",\"name\":\"Lajme nga Ulqini\",\"description\":\"Lajme,Vijesti,Ulqini,Ulqin,Crna Gora,Mali i Zi\",\"potentialAction\":[{\"@type\":\"SearchAction\",\"target\":{\"@type\":\"EntryPoint\",\"urlTemplate\":\"https:\/\/www.visit-ulcinj.com\/blog\/?s={search_term_string}\"},\"query-input\":\"required name=search_term_string\"}],\"inLanguage\":\"en-US\"},{\"@type\":\"WebPage\",\"@id\":\"https:\/\/www.visit-ulcinj.com\/blog\/2017\/05\/16\/otu-dhe-prezentimi-ne-temishvar-rumani\/#webpage\",\"url\":\"https:\/\/www.visit-ulcinj.com\/blog\/2017\/05\/16\/otu-dhe-prezentimi-ne-temishvar-rumani\/\",\"name\":\"OTU dhe Prezentimi n\u00eb Temishvar \u2013 Rumani - Lajme nga Ulqini\",\"isPartOf\":{\"@id\":\"https:\/\/www.visit-ulcinj.com\/blog\/#website\"},\"datePublished\":\"2017-05-16T06:22:33+00:00\",\"dateModified\":\"2017-05-16T06:23:04+00:00\",\"author\":{\"@id\":\"https:\/\/www.visit-ulcinj.com\/blog\/#\/schema\/person\/dcab619c614d3038751c63bc2aadc06d\"},\"description\":\"Prezentimi n\u00eb Temishvar \u2013 Rumani, 15.05.2017 &nbsp; Pas nj\u00eb promovimi shum\u00eb intenziv n\u00eb vendet nd\u00ebrkomb\u00ebtare dhe rajonale, duke marr\u00eb pjes\u00eb n\u00eb disa\",\"breadcrumb\":{\"@id\":\"https:\/\/www.visit-ulcinj.com\/blog\/2017\/05\/16\/otu-dhe-prezentimi-ne-temishvar-rumani\/#breadcrumb\"},\"inLanguage\":\"en-US\",\"potentialAction\":[{\"@type\":\"ReadAction\",\"target\":[\"https:\/\/www.visit-ulcinj.com\/blog\/2017\/05\/16\/otu-dhe-prezentimi-ne-temishvar-rumani\/\"]}]},{\"@type\":\"BreadcrumbList\",\"@id\":\"https:\/\/www.visit-ulcinj.com\/blog\/2017\/05\/16\/otu-dhe-prezentimi-ne-temishvar-rumani\/#breadcrumb\",\"itemListElement\":[{\"@type\":\"ListItem\",\"position\":1,\"name\":\"OTU dhe Prezentimi n\u00eb Temishvar \u2013 Rumani\"}]},{\"@type\":\"Person\",\"@id\":\"https:\/\/www.visit-ulcinj.com\/blog\/#\/schema\/person\/dcab619c614d3038751c63bc2aadc06d\",\"name\":\"ulqini\",\"sameAs\":[\"http:\/\/www.visit-ulcinj.com\"],\"url\":\"https:\/\/www.visit-ulcinj.com\/blog\/author\/admin\/\"}]}<\/script>\n<!-- \/ Yoast SEO plugin. -->","yoast_head_json":{"title":"OTU dhe Prezentimi n\u00eb Temishvar \u2013 Rumani - Lajme nga Ulqini","description":"Prezentimi n\u00eb Temishvar \u2013 Rumani, 15.05.2017 &nbsp; Pas nj\u00eb promovimi shum\u00eb intenziv n\u00eb vendet nd\u00ebrkomb\u00ebtare dhe rajonale, duke marr\u00eb pjes\u00eb n\u00eb disa","robots":{"index":"index","follow":"follow","max-snippet":"max-snippet:-1","max-image-preview":"max-image-preview:large","max-video-preview":"max-video-preview:-1"},"canonical":"https:\/\/www.visit-ulcinj.com\/blog\/2017\/05\/16\/otu-dhe-prezentimi-ne-temishvar-rumani\/","og_locale":"en_US","og_type":"article","og_title":"OTU dhe Prezentimi n\u00eb Temishvar \u2013 Rumani - Lajme nga Ulqini","og_description":"Prezentimi n\u00eb Temishvar \u2013 Rumani, 15.05.2017 &nbsp; Pas nj\u00eb promovimi shum\u00eb intenziv n\u00eb vendet nd\u00ebrkomb\u00ebtare dhe rajonale, duke marr\u00eb pjes\u00eb n\u00eb disa","og_url":"https:\/\/www.visit-ulcinj.com\/blog\/2017\/05\/16\/otu-dhe-prezentimi-ne-temishvar-rumani\/","og_site_name":"Lajme nga Ulqini","article_published_time":"2017-05-16T06:22:33+00:00","article_modified_time":"2017-05-16T06:23:04+00:00","og_image":[{"url":"https:\/\/www.visit-ulcinj.com\/blog\/wp-content\/uploads\/2017\/05\/TOU-na-Prezentaciju-u-Temisvaru-\u2013-Rumunija-6-150x150.jpg"}],"twitter_misc":{"Written by":"ulqini","Est. reading time":"1 minute"},"schema":{"@context":"https:\/\/schema.org","@graph":[{"@type":"WebSite","@id":"https:\/\/www.visit-ulcinj.com\/blog\/#website","url":"https:\/\/www.visit-ulcinj.com\/blog\/","name":"Lajme nga Ulqini","description":"Lajme,Vijesti,Ulqini,Ulqin,Crna Gora,Mali i Zi","potentialAction":[{"@type":"SearchAction","target":{"@type":"EntryPoint","urlTemplate":"https:\/\/www.visit-ulcinj.com\/blog\/?s={search_term_string}"},"query-input":"required name=search_term_string"}],"inLanguage":"en-US"},{"@type":"WebPage","@id":"https:\/\/www.visit-ulcinj.com\/blog\/2017\/05\/16\/otu-dhe-prezentimi-ne-temishvar-rumani\/#webpage","url":"https:\/\/www.visit-ulcinj.com\/blog\/2017\/05\/16\/otu-dhe-prezentimi-ne-temishvar-rumani\/","name":"OTU dhe Prezentimi n\u00eb Temishvar \u2013 Rumani - Lajme nga Ulqini","isPartOf":{"@id":"https:\/\/www.visit-ulcinj.com\/blog\/#website"},"datePublished":"2017-05-16T06:22:33+00:00","dateModified":"2017-05-16T06:23:04+00:00","author":{"@id":"https:\/\/www.visit-ulcinj.com\/blog\/#\/schema\/person\/dcab619c614d3038751c63bc2aadc06d"},"description":"Prezentimi n\u00eb Temishvar \u2013 Rumani, 15.05.2017 &nbsp; Pas nj\u00eb promovimi shum\u00eb intenziv n\u00eb vendet nd\u00ebrkomb\u00ebtare dhe rajonale, duke marr\u00eb pjes\u00eb n\u00eb disa","breadcrumb":{"@id":"https:\/\/www.visit-ulcinj.com\/blog\/2017\/05\/16\/otu-dhe-prezentimi-ne-temishvar-rumani\/#breadcrumb"},"inLanguage":"en-US","potentialAction":[{"@type":"ReadAction","target":["https:\/\/www.visit-ulcinj.com\/blog\/2017\/05\/16\/otu-dhe-prezentimi-ne-temishvar-rumani\/"]}]},{"@type":"BreadcrumbList","@id":"https:\/\/www.visit-ulcinj.com\/blog\/2017\/05\/16\/otu-dhe-prezentimi-ne-temishvar-rumani\/#breadcrumb","itemListElement":[{"@type":"ListItem","position":1,"name":"OTU dhe Prezentimi n\u00eb Temishvar \u2013 Rumani"}]},{"@type":"Person","@id":"https:\/\/www.visit-ulcinj.com\/blog\/#\/schema\/person\/dcab619c614d3038751c63bc2aadc06d","name":"ulqini","sameAs":["http:\/\/www.visit-ulcinj.com"],"url":"https:\/\/www.visit-ulcinj.com\/blog\/author\/admin\/"}]}},"jetpack_featured_media_url":"","jetpack_sharing_enabled":true,"jetpack_shortlink":"https:\/\/wp.me\/pe6lTn-rkK","_links":{"self":[{"href":"https:\/\/www.visit-ulcinj.com\/blog\/wp-json\/wp\/v2\/posts\/105074"}],"collection":[{"href":"https:\/\/www.visit-ulcinj.com\/blog\/wp-json\/wp\/v2\/posts"}],"about":[{"href":"https:\/\/www.visit-ulcinj.com\/blog\/wp-json\/wp\/v2\/types\/post"}],"author":[{"embeddable":true,"href":"https:\/\/www.visit-ulcinj.com\/blog\/wp-json\/wp\/v2\/users\/1"}],"replies":[{"embeddable":true,"href":"https:\/\/www.visit-ulcinj.com\/blog\/wp-json\/wp\/v2\/comments?post=105074"}],"version-history":[{"count":2,"href":"https:\/\/www.visit-ulcinj.com\/blog\/wp-json\/wp\/v2\/posts\/105074\/revisions"}],"predecessor-version":[{"id":105076,"href":"https:\/\/www.visit-ulcinj.com\/blog\/wp-json\/wp\/v2\/posts\/105074\/revisions\/105076"}],"wp:attachment":[{"href":"https:\/\/www.visit-ulcinj.com\/blog\/wp-json\/wp\/v2\/media?parent=105074"}],"wp:term":[{"taxonomy":"category","embeddable":true,"href":"https:\/\/www.visit-ulcinj.com\/blog\/wp-json\/wp\/v2\/categories?post=105074"},{"taxonomy":"post_tag","embeddable":true,"href":"https:\/\/www.visit-ulcinj.com\/blog\/wp-json\/wp\/v2\/tags?post=105074"}],"curies":[{"name":"wp","href":"https:\/\/api.w.org\/{rel}","templated":true}]}}