{"id":105077,"date":"2017-05-16T18:57:05","date_gmt":"2017-05-16T17:57:05","guid":{"rendered":"http:\/\/www.visit-ulcinj.com\/blog\/?p=105077"},"modified":"2017-05-16T18:57:05","modified_gmt":"2017-05-16T17:57:05","slug":"kaznena-prijava-protiv-fk-otrant-olymic-zbog-isticanja-albanske-zastave","status":"publish","type":"post","link":"https:\/\/www.visit-ulcinj.com\/blog\/2017\/05\/16\/kaznena-prijava-protiv-fk-otrant-olymic-zbog-isticanja-albanske-zastave\/","title":{"rendered":"Kaznena prijava protiv FK \u201eOtrant-Olymic\u201c zbog isticanja albanske zastave"},"content":{"rendered":"<p><a href=\"http:\/\/www.visit-ulcinj.com\/blog\/wp-content\/uploads\/2017\/05\/Kaznena-prijava-protiv-FK-Otrant-Olymic-zbog-isticanja-albanske-zastave.jpg\"><img loading=\"lazy\" class=\"alignleft wp-image-105078\" src=\"http:\/\/www.visit-ulcinj.com\/blog\/wp-content\/uploads\/2017\/05\/Kaznena-prijava-protiv-FK-Otrant-Olymic-zbog-isticanja-albanske-zastave.jpg\" alt=\"\" width=\"508\" height=\"286\" srcset=\"https:\/\/www.visit-ulcinj.com\/blog\/wp-content\/uploads\/2017\/05\/Kaznena-prijava-protiv-FK-Otrant-Olymic-zbog-isticanja-albanske-zastave.jpg 960w, https:\/\/www.visit-ulcinj.com\/blog\/wp-content\/uploads\/2017\/05\/Kaznena-prijava-protiv-FK-Otrant-Olymic-zbog-isticanja-albanske-zastave-300x169.jpg 300w, https:\/\/www.visit-ulcinj.com\/blog\/wp-content\/uploads\/2017\/05\/Kaznena-prijava-protiv-FK-Otrant-Olymic-zbog-isticanja-albanske-zastave-768x432.jpg 768w\" sizes=\"(max-width: 508px) 100vw, 508px\" \/><\/a>Konstatuje se prijava Komisije za takmi\u010denje FSCG br. D\/31od 15.05.2017. godine protiv FK \u201eOtrant-Olymic\u201c zbog zbog slabe organizacije utakmice 31. kola Druge lige izme\u0111u FK \u201e Otrant &#8211; Olympic\u201c &#8211; FK \u201eIbar\u201c, koja se odnosi na isticanje zastave Albanije nekoliko puta od strane njihovih navija\u010da.<\/p>\n<p>Nakon uvida u prijavu Komisije za takmi\u010denje FSCG i zvani\u010dne izvje\u0161taje zvani\u010dnika utakmice, Disciplinska komisija FSCG je donijela odluke:<\/p>\n<p>&#8211; Shodno \u010dlanu 132 Disciplinskog pravilnika F<span class=\"text_exposed_show\">SCG pokre\u0107e se disciplinski postupak protiv FK \u201eOtrant &#8211; Olympic\u201c zbog slabe organizacije utakmice 31. kola Druge lige izme\u0111u FK \u201e Otrant &#8211; Olympic\u201c-FK \u201eIbar\u201c jer su navija\u010di doma\u0107ina isticali zastavu strane dr\u017eave \u010dime bi po\u010dinio prekr\u0161aj iz \u010dlana 73 stav 1 Disciplinskog pravilnika FSCG.<br \/>\n&#8211; Shodno \u010dlanu 59 stav 1 ta\u010dka 1 Disciplinskog pravilnika FSCG FK \u201eOtrant-Olympic\u201c izri\u010de se disciplinska mjera nov\u010dana kazna u iznosu od 300,00 eura zbog pet opomenutih igra\u010da na utakmici 31. kola Druge lige Crne Gore odigrane izme\u0111u FK \u201eOtrant &#8211; Olympic\u201c &#8211; FK\u201eIbar\u201c.<\/span><\/p>\n<p><strong>Izvor: <a id=\"js_cd\" class=\"_hli\" href=\"https:\/\/www.facebook.com\/drugaligacrnegore\/\" data-ft=\"{&quot;tn&quot;:&quot;k&quot;}\" data-hovercard=\"\/ajax\/hovercard\/page.php?id=377747428927975\" data-hovercard-prefer-more-content-show=\"1\" data-hovercard-obj-id=\"377747428927975\">Druga liga Crne Gore <\/a>Facebook<\/strong><\/p>\n","protected":false},"excerpt":{"rendered":"<p>Konstatuje se prijava Komisije za takmi\u010denje FSCG br. D\/31od 15.05.2017. godine protiv FK \u201eOtrant-Olymic\u201c zbog zbog slabe organizacije utakmice 31. kola Druge lige izme\u0111u FK \u201e Otrant &#8211; Olympic\u201c &#8211; FK \u201eIbar\u201c, koja se odnosi na isticanje zastave Albanije nekoliko puta od strane njihovih navija\u010da. Nakon uvida u prijavu Komisije za takmi\u010denje FSCG i zvani\u010dne [&hellip;]<\/p>\n","protected":false},"author":1,"featured_media":0,"comment_status":"closed","ping_status":"closed","sticky":false,"template":"","format":"standard","meta":{"spay_email":"","jetpack_publicize_message":"","jetpack_is_tweetstorm":false,"jetpack_publicize_feature_enabled":true},"categories":[8337],"tags":[],"jetpack_publicize_connections":[],"yoast_head":"<!-- This site is optimized with the Yoast SEO plugin v19.1 - https:\/\/yoast.com\/wordpress\/plugins\/seo\/ -->\n<title>Kaznena prijava protiv FK \u201eOtrant-Olymic\u201c zbog isticanja albanske zastave - Lajme nga Ulqini<\/title>\n<meta name=\"description\" content=\"Konstatuje se prijava Komisije za takmi\u010denje FSCG br. D\/31od 15.05.2017. godine protiv FK \u201eOtrant-Olymic\u201c zbog zbog slabe organizacije utakmice 31. kola\" \/>\n<meta name=\"robots\" content=\"index, follow, max-snippet:-1, max-image-preview:large, max-video-preview:-1\" \/>\n<link rel=\"canonical\" href=\"https:\/\/www.visit-ulcinj.com\/blog\/2017\/05\/16\/kaznena-prijava-protiv-fk-otrant-olymic-zbog-isticanja-albanske-zastave\/\" \/>\n<meta property=\"og:locale\" content=\"en_US\" \/>\n<meta property=\"og:type\" content=\"article\" \/>\n<meta property=\"og:title\" content=\"Kaznena prijava protiv FK \u201eOtrant-Olymic\u201c zbog isticanja albanske zastave - Lajme nga Ulqini\" \/>\n<meta property=\"og:description\" content=\"Konstatuje se prijava Komisije za takmi\u010denje FSCG br. D\/31od 15.05.2017. godine protiv FK \u201eOtrant-Olymic\u201c zbog zbog slabe organizacije utakmice 31. kola\" \/>\n<meta property=\"og:url\" content=\"https:\/\/www.visit-ulcinj.com\/blog\/2017\/05\/16\/kaznena-prijava-protiv-fk-otrant-olymic-zbog-isticanja-albanske-zastave\/\" \/>\n<meta property=\"og:site_name\" content=\"Lajme nga Ulqini\" \/>\n<meta property=\"article:published_time\" content=\"2017-05-16T17:57:05+00:00\" \/>\n<meta property=\"og:image\" content=\"http:\/\/www.visit-ulcinj.com\/blog\/wp-content\/uploads\/2017\/05\/Kaznena-prijava-protiv-FK-Otrant-Olymic-zbog-isticanja-albanske-zastave.jpg\" \/>\n<meta name=\"twitter:label1\" content=\"Written by\" \/>\n\t<meta name=\"twitter:data1\" content=\"ulqini\" \/>\n\t<meta name=\"twitter:label2\" content=\"Est. reading time\" \/>\n\t<meta name=\"twitter:data2\" content=\"1 minute\" \/>\n<script type=\"application\/ld+json\" class=\"yoast-schema-graph\">{\"@context\":\"https:\/\/schema.org\",\"@graph\":[{\"@type\":\"WebSite\",\"@id\":\"https:\/\/www.visit-ulcinj.com\/blog\/#website\",\"url\":\"https:\/\/www.visit-ulcinj.com\/blog\/\",\"name\":\"Lajme nga Ulqini\",\"description\":\"Lajme,Vijesti,Ulqini,Ulqin,Crna Gora,Mali i Zi\",\"potentialAction\":[{\"@type\":\"SearchAction\",\"target\":{\"@type\":\"EntryPoint\",\"urlTemplate\":\"https:\/\/www.visit-ulcinj.com\/blog\/?s={search_term_string}\"},\"query-input\":\"required name=search_term_string\"}],\"inLanguage\":\"en-US\"},{\"@type\":\"ImageObject\",\"inLanguage\":\"en-US\",\"@id\":\"https:\/\/www.visit-ulcinj.com\/blog\/2017\/05\/16\/kaznena-prijava-protiv-fk-otrant-olymic-zbog-isticanja-albanske-zastave\/#primaryimage\",\"url\":\"https:\/\/www.visit-ulcinj.com\/blog\/wp-content\/uploads\/2017\/05\/Kaznena-prijava-protiv-FK-Otrant-Olymic-zbog-isticanja-albanske-zastave.jpg\",\"contentUrl\":\"https:\/\/www.visit-ulcinj.com\/blog\/wp-content\/uploads\/2017\/05\/Kaznena-prijava-protiv-FK-Otrant-Olymic-zbog-isticanja-albanske-zastave.jpg\",\"width\":960,\"height\":540},{\"@type\":\"WebPage\",\"@id\":\"https:\/\/www.visit-ulcinj.com\/blog\/2017\/05\/16\/kaznena-prijava-protiv-fk-otrant-olymic-zbog-isticanja-albanske-zastave\/#webpage\",\"url\":\"https:\/\/www.visit-ulcinj.com\/blog\/2017\/05\/16\/kaznena-prijava-protiv-fk-otrant-olymic-zbog-isticanja-albanske-zastave\/\",\"name\":\"Kaznena prijava protiv FK \u201eOtrant-Olymic\u201c zbog isticanja albanske zastave - Lajme nga Ulqini\",\"isPartOf\":{\"@id\":\"https:\/\/www.visit-ulcinj.com\/blog\/#website\"},\"primaryImageOfPage\":{\"@id\":\"https:\/\/www.visit-ulcinj.com\/blog\/2017\/05\/16\/kaznena-prijava-protiv-fk-otrant-olymic-zbog-isticanja-albanske-zastave\/#primaryimage\"},\"datePublished\":\"2017-05-16T17:57:05+00:00\",\"dateModified\":\"2017-05-16T17:57:05+00:00\",\"author\":{\"@id\":\"https:\/\/www.visit-ulcinj.com\/blog\/#\/schema\/person\/dcab619c614d3038751c63bc2aadc06d\"},\"description\":\"Konstatuje se prijava Komisije za takmi\u010denje FSCG br. D\/31od 15.05.2017. godine protiv FK \u201eOtrant-Olymic\u201c zbog zbog slabe organizacije utakmice 31. kola\",\"breadcrumb\":{\"@id\":\"https:\/\/www.visit-ulcinj.com\/blog\/2017\/05\/16\/kaznena-prijava-protiv-fk-otrant-olymic-zbog-isticanja-albanske-zastave\/#breadcrumb\"},\"inLanguage\":\"en-US\",\"potentialAction\":[{\"@type\":\"ReadAction\",\"target\":[\"https:\/\/www.visit-ulcinj.com\/blog\/2017\/05\/16\/kaznena-prijava-protiv-fk-otrant-olymic-zbog-isticanja-albanske-zastave\/\"]}]},{\"@type\":\"BreadcrumbList\",\"@id\":\"https:\/\/www.visit-ulcinj.com\/blog\/2017\/05\/16\/kaznena-prijava-protiv-fk-otrant-olymic-zbog-isticanja-albanske-zastave\/#breadcrumb\",\"itemListElement\":[{\"@type\":\"ListItem\",\"position\":1,\"name\":\"Kaznena prijava protiv FK \u201eOtrant-Olymic\u201c zbog isticanja albanske zastave\"}]},{\"@type\":\"Person\",\"@id\":\"https:\/\/www.visit-ulcinj.com\/blog\/#\/schema\/person\/dcab619c614d3038751c63bc2aadc06d\",\"name\":\"ulqini\",\"sameAs\":[\"http:\/\/www.visit-ulcinj.com\"],\"url\":\"https:\/\/www.visit-ulcinj.com\/blog\/author\/admin\/\"}]}<\/script>\n<!-- \/ Yoast SEO plugin. -->","yoast_head_json":{"title":"Kaznena prijava protiv FK \u201eOtrant-Olymic\u201c zbog isticanja albanske zastave - Lajme nga Ulqini","description":"Konstatuje se prijava Komisije za takmi\u010denje FSCG br. D\/31od 15.05.2017. godine protiv FK \u201eOtrant-Olymic\u201c zbog zbog slabe organizacije utakmice 31. kola","robots":{"index":"index","follow":"follow","max-snippet":"max-snippet:-1","max-image-preview":"max-image-preview:large","max-video-preview":"max-video-preview:-1"},"canonical":"https:\/\/www.visit-ulcinj.com\/blog\/2017\/05\/16\/kaznena-prijava-protiv-fk-otrant-olymic-zbog-isticanja-albanske-zastave\/","og_locale":"en_US","og_type":"article","og_title":"Kaznena prijava protiv FK \u201eOtrant-Olymic\u201c zbog isticanja albanske zastave - Lajme nga Ulqini","og_description":"Konstatuje se prijava Komisije za takmi\u010denje FSCG br. D\/31od 15.05.2017. godine protiv FK \u201eOtrant-Olymic\u201c zbog zbog slabe organizacije utakmice 31. kola","og_url":"https:\/\/www.visit-ulcinj.com\/blog\/2017\/05\/16\/kaznena-prijava-protiv-fk-otrant-olymic-zbog-isticanja-albanske-zastave\/","og_site_name":"Lajme nga Ulqini","article_published_time":"2017-05-16T17:57:05+00:00","og_image":[{"url":"http:\/\/www.visit-ulcinj.com\/blog\/wp-content\/uploads\/2017\/05\/Kaznena-prijava-protiv-FK-Otrant-Olymic-zbog-isticanja-albanske-zastave.jpg"}],"twitter_misc":{"Written by":"ulqini","Est. reading time":"1 minute"},"schema":{"@context":"https:\/\/schema.org","@graph":[{"@type":"WebSite","@id":"https:\/\/www.visit-ulcinj.com\/blog\/#website","url":"https:\/\/www.visit-ulcinj.com\/blog\/","name":"Lajme nga Ulqini","description":"Lajme,Vijesti,Ulqini,Ulqin,Crna Gora,Mali i Zi","potentialAction":[{"@type":"SearchAction","target":{"@type":"EntryPoint","urlTemplate":"https:\/\/www.visit-ulcinj.com\/blog\/?s={search_term_string}"},"query-input":"required name=search_term_string"}],"inLanguage":"en-US"},{"@type":"ImageObject","inLanguage":"en-US","@id":"https:\/\/www.visit-ulcinj.com\/blog\/2017\/05\/16\/kaznena-prijava-protiv-fk-otrant-olymic-zbog-isticanja-albanske-zastave\/#primaryimage","url":"https:\/\/www.visit-ulcinj.com\/blog\/wp-content\/uploads\/2017\/05\/Kaznena-prijava-protiv-FK-Otrant-Olymic-zbog-isticanja-albanske-zastave.jpg","contentUrl":"https:\/\/www.visit-ulcinj.com\/blog\/wp-content\/uploads\/2017\/05\/Kaznena-prijava-protiv-FK-Otrant-Olymic-zbog-isticanja-albanske-zastave.jpg","width":960,"height":540},{"@type":"WebPage","@id":"https:\/\/www.visit-ulcinj.com\/blog\/2017\/05\/16\/kaznena-prijava-protiv-fk-otrant-olymic-zbog-isticanja-albanske-zastave\/#webpage","url":"https:\/\/www.visit-ulcinj.com\/blog\/2017\/05\/16\/kaznena-prijava-protiv-fk-otrant-olymic-zbog-isticanja-albanske-zastave\/","name":"Kaznena prijava protiv FK \u201eOtrant-Olymic\u201c zbog isticanja albanske zastave - Lajme nga Ulqini","isPartOf":{"@id":"https:\/\/www.visit-ulcinj.com\/blog\/#website"},"primaryImageOfPage":{"@id":"https:\/\/www.visit-ulcinj.com\/blog\/2017\/05\/16\/kaznena-prijava-protiv-fk-otrant-olymic-zbog-isticanja-albanske-zastave\/#primaryimage"},"datePublished":"2017-05-16T17:57:05+00:00","dateModified":"2017-05-16T17:57:05+00:00","author":{"@id":"https:\/\/www.visit-ulcinj.com\/blog\/#\/schema\/person\/dcab619c614d3038751c63bc2aadc06d"},"description":"Konstatuje se prijava Komisije za takmi\u010denje FSCG br. D\/31od 15.05.2017. godine protiv FK \u201eOtrant-Olymic\u201c zbog zbog slabe organizacije utakmice 31. kola","breadcrumb":{"@id":"https:\/\/www.visit-ulcinj.com\/blog\/2017\/05\/16\/kaznena-prijava-protiv-fk-otrant-olymic-zbog-isticanja-albanske-zastave\/#breadcrumb"},"inLanguage":"en-US","potentialAction":[{"@type":"ReadAction","target":["https:\/\/www.visit-ulcinj.com\/blog\/2017\/05\/16\/kaznena-prijava-protiv-fk-otrant-olymic-zbog-isticanja-albanske-zastave\/"]}]},{"@type":"BreadcrumbList","@id":"https:\/\/www.visit-ulcinj.com\/blog\/2017\/05\/16\/kaznena-prijava-protiv-fk-otrant-olymic-zbog-isticanja-albanske-zastave\/#breadcrumb","itemListElement":[{"@type":"ListItem","position":1,"name":"Kaznena prijava protiv FK \u201eOtrant-Olymic\u201c zbog isticanja albanske zastave"}]},{"@type":"Person","@id":"https:\/\/www.visit-ulcinj.com\/blog\/#\/schema\/person\/dcab619c614d3038751c63bc2aadc06d","name":"ulqini","sameAs":["http:\/\/www.visit-ulcinj.com"],"url":"https:\/\/www.visit-ulcinj.com\/blog\/author\/admin\/"}]}},"jetpack_featured_media_url":"","jetpack_sharing_enabled":true,"jetpack_shortlink":"https:\/\/wp.me\/pe6lTn-rkN","_links":{"self":[{"href":"https:\/\/www.visit-ulcinj.com\/blog\/wp-json\/wp\/v2\/posts\/105077"}],"collection":[{"href":"https:\/\/www.visit-ulcinj.com\/blog\/wp-json\/wp\/v2\/posts"}],"about":[{"href":"https:\/\/www.visit-ulcinj.com\/blog\/wp-json\/wp\/v2\/types\/post"}],"author":[{"embeddable":true,"href":"https:\/\/www.visit-ulcinj.com\/blog\/wp-json\/wp\/v2\/users\/1"}],"replies":[{"embeddable":true,"href":"https:\/\/www.visit-ulcinj.com\/blog\/wp-json\/wp\/v2\/comments?post=105077"}],"version-history":[{"count":1,"href":"https:\/\/www.visit-ulcinj.com\/blog\/wp-json\/wp\/v2\/posts\/105077\/revisions"}],"predecessor-version":[{"id":105079,"href":"https:\/\/www.visit-ulcinj.com\/blog\/wp-json\/wp\/v2\/posts\/105077\/revisions\/105079"}],"wp:attachment":[{"href":"https:\/\/www.visit-ulcinj.com\/blog\/wp-json\/wp\/v2\/media?parent=105077"}],"wp:term":[{"taxonomy":"category","embeddable":true,"href":"https:\/\/www.visit-ulcinj.com\/blog\/wp-json\/wp\/v2\/categories?post=105077"},{"taxonomy":"post_tag","embeddable":true,"href":"https:\/\/www.visit-ulcinj.com\/blog\/wp-json\/wp\/v2\/tags?post=105077"}],"curies":[{"name":"wp","href":"https:\/\/api.w.org\/{rel}","templated":true}]}}