{"id":1051,"date":"2008-03-27T01:03:51","date_gmt":"2008-03-27T06:03:51","guid":{"rendered":"http:\/\/www.visit-ulcinj.com\/blog\/2008\/03\/27\/forca-dhe-alternativa-shqiptare-perkrahin-medojeviqin\/"},"modified":"2008-04-06T16:01:05","modified_gmt":"2008-04-06T21:01:05","slug":"forca-dhe-alternativa-shqiptare-perkrahin-medojeviqin","status":"publish","type":"post","link":"https:\/\/www.visit-ulcinj.com\/blog\/2008\/03\/27\/forca-dhe-alternativa-shqiptare-perkrahin-medojeviqin\/","title":{"rendered":"Forca dhe Alternativa Shqiptare p\u00ebrkrahin Medojeviqin"},"content":{"rendered":"<p><a title=\"cungu-sinishtaj\" href=\"http:\/\/www.visit-ulcinj.com\/blog\/wp-content\/uploads\/2008\/03\/cungu-sinishtaj.jpg\"><img loading=\"lazy\" src=\"http:\/\/www.visit-ulcinj.com\/blog\/wp-content\/uploads\/2008\/03\/cungu-sinishtaj.thumbnail.jpg\" alt=\"cungu-sinishtaj\" width=\"200\" height=\"160\" align=\"left\" \/><\/a><a title=\"ulcinj,ulqini,ulqin,montenegro\" href=\"http:\/\/forcaere.org\/content\/view\/178\/lang,me\/\" target=\"_blank\">Forca e Re Demokratike<\/a> dhe Alternativa Shqiptare p\u00ebrkrahin Nebojsha Medojeviq si kandidat p\u00ebr Kryetar\u00eb t\u00eb Malit t\u00eb Zi n\u00eb votimet q\u00eb do t\u00eb mbahen me 6 prill 2008. Ky prononcim u be ne konferenc\u00ebn e p\u00ebrbashk\u00ebt p\u00ebr media t\u00eb FORC\u00cbS dhe Alternativ\u00ebs shqiptare q\u00eb u mbajt sot ne selin\u00eb e partis\u00eb Forca ne Ulqin. Gazetar\u00ebve u drejtua Kryetari i Forc\u00ebs Nazif Cungu dhe Kryetari i Alternativ\u00ebs dhe deputet ne parlamentin e Malit t\u00eb Zi Vasel Sinishtaj. T\u00eb pak\u00ebnaqur me shkall\u00ebn e demokratizimit t\u00eb sken\u00ebs politike n\u00eb Mal t\u00eb Zi n\u00eb periudh\u00ebn e ushtrimit t\u00eb pushtetit nga PDS dhe partner\u00ebt e saj t\u00eb koalicionit; t\u00eb pak\u00ebnaqur edhe me decentralizimin e pushtetit dhe me shkall\u00ebn e zbatimit t\u00eb konventave nd\u00ebrkomb\u00ebtare p\u00ebr t\u00eb drejtat e njeriut, jemi t\u00eb bindur se \u00ebsht\u00eb koha p\u00ebr ndryshime n\u00eb jet\u00ebn politike t\u00eb Malit t\u00eb Zi. Pjes\u00ebmarrja aktive e Shqiptareve n\u00eb Mal te Zi ne rrjedhat politike, sidomos ne momentet vendimtare p\u00ebr themelimin e shtetit te ri, \u00ebsht\u00eb baz\u00eb mbi t\u00eb cil\u00ebn duhet t\u00eb vazhdoj\u00eb kontributi jon\u00eb n\u00eb demokratizimin dhe decentralizimin e m\u00ebtejsh\u00ebm. Prej te gjith\u00eb popujve ne Mal te Zi, tek Shqiptaret u regjistrua shkalla m\u00eb e lart\u00eb e shpernguljes, \u00e7ka si pasoj\u00eb ka r\u00ebnjen e numrit t\u00eb Shqiptar\u00ebve dhe zvog\u00eblimin e pjes\u00ebmarrjes s\u00eb tyre n\u00eb struktur\u00ebn e popullat\u00ebs n\u00eb Mal t\u00eb Zi. N\u00eb regjistrimin e vitit 1991 shqiptar\u00ebt p\u00ebrb\u00ebnin 7%, kurse n\u00eb regjistrimin e vitit 2003 p\u00ebsoi r\u00ebnie n\u00eb 5.03%. Edhe m\u00eb indikativ \u00ebsht\u00eb fakti se Ulqini \u00ebsht\u00eb e vetmja komun\u00eb bregdetare n\u00eb t\u00eb cil\u00ebn n\u00eb k\u00ebt\u00eb periudh\u00eb \u00ebsht\u00eb zvog\u00ebluar numri i banor\u00ebve. Pushteti aktual i Malit te Zi, vite me radh\u00eb jep premtime p\u00ebr p\u00ebrmir\u00ebsimin e gjendjes s\u00eb popujve pakic\u00eb, por ato premtime realizohen pjes\u00ebrisht dhe ne koh\u00eb te fundit nuk respektohet asnj\u00eb k\u00ebrkes\u00eb ose marr\u00ebveshje. Vazhdimisht p\u00ebr trevat ku jetojn\u00eb Shqiptaret flitet p\u00ebr potenciale dhe perspektiv\u00eb t\u00eb madhe t\u00eb zhvillimit, sidomos p\u00ebr Ulqin, por p\u00ebr fat te keq nuk ka asnj\u00eb investim kapital  i cili d\u00ebshmon gatishm\u00ebrin\u00eb dhe vendosm\u00ebrin\u00eb e pushtetit p\u00ebr ndihm\u00ebn t\u00eb cil\u00ebn duhet t\u00eb afroj\u00eb p\u00ebr tejkalimin e problemeve t\u00eb shumta zhvillimore.  Pushteti aktual \u00ebsht\u00eb p\u00ebrgjegj\u00ebs p\u00ebr shum\u00eb dukuri dhe procese t\u00eb cil\u00ebt negativisht ndikuan n\u00eb zhvillimin e popullit shqiptar n\u00eb Mal t\u00eb Zi, e sidomos:<\/p>\n<blockquote>\n<ul>\n<li>P\u00ebr procesin e privatizimit, i cili nuk ishte transparent dhe nuk siguroi pjes\u00ebmarrjen e pushtetit lokal dhe as investime t\u00eb duhura q\u00eb do t\u00eb siguronin zhvillim ekonomik dhe pun\u00ebsim t\u00eb popullat\u00ebs, si\u00e7 ka ndodh\u00eb n\u00eb komunat tjera bregdetare,<\/li>\n<\/ul>\n<\/blockquote>\n<blockquote>\n<ul>\n<li>Pushteti aktual \u00ebsht\u00eb p\u00ebrgjegj\u00ebs p\u00ebr p\u00ebrcaktimin e kund\u00ebrligjsh\u00ebm t\u00eb kufirit t\u00eb t\u00eb Mirave detare n\u00eb Komun\u00ebn e Ulqinit dhe p\u00ebr aprovimin e Planit me dedikim t\u00eb posa\u00e7\u00ebm p\u00ebr t\u00eb Mirat detare, me \u00e7ka Ulqinit dhe banor\u00ebve t\u00eb tij iu cenua e drejta kushtetuese q\u00eb t\u00eb planifikojn\u00eb vet hap\u00ebsir\u00ebn ku jetojn\u00eb dhe nga ajo t\u00eb marrin t\u00eb ardhurat q\u00eb i takojn\u00eb.<\/li>\n<\/ul>\n<\/blockquote>\n<blockquote>\n<ul>\n<li>Pushteti aktual \u00ebsht\u00eb p\u00ebrgjegj\u00ebs p\u00ebr pengesa politike gjat\u00eb proceseve t\u00eb realizimit t\u00eb kthimit t\u00eb pronave n\u00eb baz\u00eb t\u00eb ligjit, si n\u00eb Ulqin ashtu edhe n\u00eb Mal\u00ebsi; p\u00ebrkujtoj se n\u00eb nj\u00ebrin prej promovimeve politike n\u00eb Hotel Albatros z. Gjukanoviq premtoi t\u00eb kthehen pronat n\u00eb Valdanos, por kjo nuk ndodhi,<\/li>\n<\/ul>\n<\/blockquote>\n<blockquote>\n<ul>\n<li>Pushteti aktual \u00ebsht\u00eb p\u00ebrgjegj\u00ebs p\u00ebr mosrealizimin e premtimit t\u00eb m\u00ebparsh\u00ebm q\u00eb Tuzit dhe Mal\u00ebsis\u00eb ti kthehet statusi i komun\u00ebs s\u00eb plot\u00eb,<\/li>\n<\/ul>\n<\/blockquote>\n<blockquote>\n<ul>\n<li>Pushteti aktual \u00ebsht\u00eb p\u00ebrgjegj\u00ebs p\u00ebr keqtrajtimin e t\u00eb burgosurve n\u00eb aksionin \u201cFluturimi i shqiponj\u00ebs\u201d si dhe p\u00ebr zgjatjen e k\u00ebtij procesi gjyq\u00ebsor, Pushteti aktual \u00ebsht\u00eb p\u00ebrgjegj\u00ebs p\u00ebr aprovimin e Planit hap\u00ebsinor\u00eb t\u00eb MZ dhe mosp\u00ebrfilljen e mbi 700 k\u00ebrkesave nga komuna e Ulqinit, me \u00e7ka b\u00ebhet legjitim Plani me dedikim t\u00eb posa\u00e7\u00ebm p\u00ebr t\u00eb Mirat detare, b\u00ebhet devastimi hap\u00ebsinor dhe ndryshimi etnik i popullat\u00ebs.<\/li>\n<\/ul>\n<\/blockquote>\n<p>T\u00eb bindur se \u00ebsht\u00eb koha p\u00ebr ndryshime, K\u00ebshilli Qendror i Forc\u00ebs se re demokratike dhe Keshilli Qendror i Alternatives Shqiptare nj\u00eb z\u00ebri aprovuan vendimin qe te mb\u00ebshtesin z-ni Medojeviq p\u00ebr Kryetar te shtetit te Malit te Zi.  <strong>Dhe ftojm\u00eb votuesit tan\u00eb t\u00eb na bashk\u00ebngjiten dhe votojn\u00eb Nebojsha Medojeviq duke rrumbullakuar numrin 1 ne flet\u00ebvotim.<\/strong><\/p>\n<blockquote>\n<blockquote>\n<ul>\n<li><strong>Alternativa Shqiptare  &amp;  Forca e Re Dempkratike<\/strong><br \/>\n<blockquote><p><strong>Vasel Sinishtaj                                 &amp; Nazif Cungu <\/strong><\/p><\/blockquote>\n<\/li>\n<\/ul>\n<\/blockquote>\n<\/blockquote>\n<p align=\"left\"><strong> <\/strong><\/p>\n<p><strong><a title=\"Audio in\u00e7izimi\/cungu-sinishtaj\" href=\"http:\/\/www.visit-ulcinj.com\/blog\/wp-content\/uploads\/2008\/03\/audio-cungu-sinishtaj.mp3\" target=\"_blank\">Audio in\u00e7izimi\/cungu-sinishtaj.<\/a><\/strong><a title=\"Audio Snimak\" href=\"http:\/\/www.visit-ulcinj.com\/blog\/wp-content\/uploads\/2008\/03\/audio-cungu-sinishtaj.mp3\"><img loading=\"lazy\" src=\"http:\/\/forcaere.org\/images\/stories\/mp3.gif\" border=\"0\" alt=\"\" width=\"27\" height=\"31\" \/><\/a> Ulqin 24.03.2008                                                                         \u00a9 2008 <a title=\"ulcinj,ulqini,ulqin,montenegro\" href=\"http:\/\/forcaere.org\/content\/view\/178\/lang,me\/\" target=\"_blank\">Forca e Re Demokratike<\/a><\/p>\n","protected":false},"excerpt":{"rendered":"<p><img loading=\"lazy\" src=\"http:\/\/www.visit-ulcinj.com\/blog\/wp-content\/uploads\/2008\/03\/cungu-sinishtaj.thumbnail.jpg\" alt=\"cungu-sinishtaj\" align=\"left\" height=\"140\" width=\"140\" \/><\/p>\n","protected":false},"author":1,"featured_media":0,"comment_status":"open","ping_status":"closed","sticky":false,"template":"","format":"standard","meta":{"spay_email":"","jetpack_publicize_message":"","jetpack_is_tweetstorm":false,"jetpack_publicize_feature_enabled":true},"categories":[8,10,5,1,6,14,11,12],"tags":[],"jetpack_publicize_connections":[],"yoast_head":"<!-- This site is optimized with the Yoast SEO plugin v19.1 - https:\/\/yoast.com\/wordpress\/plugins\/seo\/ -->\n<title>Forca dhe Alternativa Shqiptare p\u00ebrkrahin Medojeviqin - Lajme nga Ulqini<\/title>\n<meta name=\"robots\" content=\"index, follow, max-snippet:-1, max-image-preview:large, max-video-preview:-1\" \/>\n<link rel=\"canonical\" href=\"https:\/\/www.visit-ulcinj.com\/blog\/2008\/03\/27\/forca-dhe-alternativa-shqiptare-perkrahin-medojeviqin\/\" \/>\n<meta property=\"og:locale\" content=\"en_US\" \/>\n<meta property=\"og:type\" content=\"article\" \/>\n<meta property=\"og:title\" content=\"Forca dhe Alternativa Shqiptare p\u00ebrkrahin Medojeviqin - Lajme nga Ulqini\" \/>\n<meta property=\"og:url\" content=\"https:\/\/www.visit-ulcinj.com\/blog\/2008\/03\/27\/forca-dhe-alternativa-shqiptare-perkrahin-medojeviqin\/\" \/>\n<meta property=\"og:site_name\" content=\"Lajme nga Ulqini\" \/>\n<meta property=\"article:published_time\" content=\"2008-03-27T06:03:51+00:00\" \/>\n<meta property=\"article:modified_time\" content=\"2008-04-06T21:01:05+00:00\" \/>\n<meta property=\"og:image\" content=\"http:\/\/www.visit-ulcinj.com\/blog\/wp-content\/uploads\/2008\/03\/cungu-sinishtaj.thumbnail.jpg\" \/>\n<meta name=\"twitter:label1\" content=\"Written by\" \/>\n\t<meta name=\"twitter:data1\" content=\"ulqini\" \/>\n\t<meta name=\"twitter:label2\" content=\"Est. reading time\" \/>\n\t<meta name=\"twitter:data2\" content=\"4 minutes\" \/>\n<script type=\"application\/ld+json\" class=\"yoast-schema-graph\">{\"@context\":\"https:\/\/schema.org\",\"@graph\":[{\"@type\":\"WebSite\",\"@id\":\"https:\/\/www.visit-ulcinj.com\/blog\/#website\",\"url\":\"https:\/\/www.visit-ulcinj.com\/blog\/\",\"name\":\"Lajme nga Ulqini\",\"description\":\"Lajme,Vijesti,Ulqini,Ulqin,Crna Gora,Mali i Zi\",\"potentialAction\":[{\"@type\":\"SearchAction\",\"target\":{\"@type\":\"EntryPoint\",\"urlTemplate\":\"https:\/\/www.visit-ulcinj.com\/blog\/?s={search_term_string}\"},\"query-input\":\"required name=search_term_string\"}],\"inLanguage\":\"en-US\"},{\"@type\":\"ImageObject\",\"inLanguage\":\"en-US\",\"@id\":\"https:\/\/www.visit-ulcinj.com\/blog\/2008\/03\/27\/forca-dhe-alternativa-shqiptare-perkrahin-medojeviqin\/#primaryimage\",\"url\":\"http:\/\/www.visit-ulcinj.com\/blog\/wp-content\/uploads\/2008\/03\/cungu-sinishtaj.thumbnail.jpg\",\"contentUrl\":\"http:\/\/www.visit-ulcinj.com\/blog\/wp-content\/uploads\/2008\/03\/cungu-sinishtaj.thumbnail.jpg\"},{\"@type\":\"WebPage\",\"@id\":\"https:\/\/www.visit-ulcinj.com\/blog\/2008\/03\/27\/forca-dhe-alternativa-shqiptare-perkrahin-medojeviqin\/#webpage\",\"url\":\"https:\/\/www.visit-ulcinj.com\/blog\/2008\/03\/27\/forca-dhe-alternativa-shqiptare-perkrahin-medojeviqin\/\",\"name\":\"Forca dhe Alternativa Shqiptare p\u00ebrkrahin Medojeviqin - Lajme nga Ulqini\",\"isPartOf\":{\"@id\":\"https:\/\/www.visit-ulcinj.com\/blog\/#website\"},\"primaryImageOfPage\":{\"@id\":\"https:\/\/www.visit-ulcinj.com\/blog\/2008\/03\/27\/forca-dhe-alternativa-shqiptare-perkrahin-medojeviqin\/#primaryimage\"},\"datePublished\":\"2008-03-27T06:03:51+00:00\",\"dateModified\":\"2008-04-06T21:01:05+00:00\",\"author\":{\"@id\":\"https:\/\/www.visit-ulcinj.com\/blog\/#\/schema\/person\/dcab619c614d3038751c63bc2aadc06d\"},\"breadcrumb\":{\"@id\":\"https:\/\/www.visit-ulcinj.com\/blog\/2008\/03\/27\/forca-dhe-alternativa-shqiptare-perkrahin-medojeviqin\/#breadcrumb\"},\"inLanguage\":\"en-US\",\"potentialAction\":[{\"@type\":\"ReadAction\",\"target\":[\"https:\/\/www.visit-ulcinj.com\/blog\/2008\/03\/27\/forca-dhe-alternativa-shqiptare-perkrahin-medojeviqin\/\"]}]},{\"@type\":\"BreadcrumbList\",\"@id\":\"https:\/\/www.visit-ulcinj.com\/blog\/2008\/03\/27\/forca-dhe-alternativa-shqiptare-perkrahin-medojeviqin\/#breadcrumb\",\"itemListElement\":[{\"@type\":\"ListItem\",\"position\":1,\"name\":\"Forca dhe Alternativa Shqiptare p\u00ebrkrahin Medojeviqin\"}]},{\"@type\":\"Person\",\"@id\":\"https:\/\/www.visit-ulcinj.com\/blog\/#\/schema\/person\/dcab619c614d3038751c63bc2aadc06d\",\"name\":\"ulqini\",\"sameAs\":[\"http:\/\/www.visit-ulcinj.com\"],\"url\":\"https:\/\/www.visit-ulcinj.com\/blog\/author\/admin\/\"}]}<\/script>\n<!-- \/ Yoast SEO plugin. -->","yoast_head_json":{"title":"Forca dhe Alternativa Shqiptare p\u00ebrkrahin Medojeviqin - Lajme nga Ulqini","robots":{"index":"index","follow":"follow","max-snippet":"max-snippet:-1","max-image-preview":"max-image-preview:large","max-video-preview":"max-video-preview:-1"},"canonical":"https:\/\/www.visit-ulcinj.com\/blog\/2008\/03\/27\/forca-dhe-alternativa-shqiptare-perkrahin-medojeviqin\/","og_locale":"en_US","og_type":"article","og_title":"Forca dhe Alternativa Shqiptare p\u00ebrkrahin Medojeviqin - Lajme nga Ulqini","og_url":"https:\/\/www.visit-ulcinj.com\/blog\/2008\/03\/27\/forca-dhe-alternativa-shqiptare-perkrahin-medojeviqin\/","og_site_name":"Lajme nga Ulqini","article_published_time":"2008-03-27T06:03:51+00:00","article_modified_time":"2008-04-06T21:01:05+00:00","og_image":[{"url":"http:\/\/www.visit-ulcinj.com\/blog\/wp-content\/uploads\/2008\/03\/cungu-sinishtaj.thumbnail.jpg"}],"twitter_misc":{"Written by":"ulqini","Est. reading time":"4 minutes"},"schema":{"@context":"https:\/\/schema.org","@graph":[{"@type":"WebSite","@id":"https:\/\/www.visit-ulcinj.com\/blog\/#website","url":"https:\/\/www.visit-ulcinj.com\/blog\/","name":"Lajme nga Ulqini","description":"Lajme,Vijesti,Ulqini,Ulqin,Crna Gora,Mali i Zi","potentialAction":[{"@type":"SearchAction","target":{"@type":"EntryPoint","urlTemplate":"https:\/\/www.visit-ulcinj.com\/blog\/?s={search_term_string}"},"query-input":"required name=search_term_string"}],"inLanguage":"en-US"},{"@type":"ImageObject","inLanguage":"en-US","@id":"https:\/\/www.visit-ulcinj.com\/blog\/2008\/03\/27\/forca-dhe-alternativa-shqiptare-perkrahin-medojeviqin\/#primaryimage","url":"http:\/\/www.visit-ulcinj.com\/blog\/wp-content\/uploads\/2008\/03\/cungu-sinishtaj.thumbnail.jpg","contentUrl":"http:\/\/www.visit-ulcinj.com\/blog\/wp-content\/uploads\/2008\/03\/cungu-sinishtaj.thumbnail.jpg"},{"@type":"WebPage","@id":"https:\/\/www.visit-ulcinj.com\/blog\/2008\/03\/27\/forca-dhe-alternativa-shqiptare-perkrahin-medojeviqin\/#webpage","url":"https:\/\/www.visit-ulcinj.com\/blog\/2008\/03\/27\/forca-dhe-alternativa-shqiptare-perkrahin-medojeviqin\/","name":"Forca dhe Alternativa Shqiptare p\u00ebrkrahin Medojeviqin - Lajme nga Ulqini","isPartOf":{"@id":"https:\/\/www.visit-ulcinj.com\/blog\/#website"},"primaryImageOfPage":{"@id":"https:\/\/www.visit-ulcinj.com\/blog\/2008\/03\/27\/forca-dhe-alternativa-shqiptare-perkrahin-medojeviqin\/#primaryimage"},"datePublished":"2008-03-27T06:03:51+00:00","dateModified":"2008-04-06T21:01:05+00:00","author":{"@id":"https:\/\/www.visit-ulcinj.com\/blog\/#\/schema\/person\/dcab619c614d3038751c63bc2aadc06d"},"breadcrumb":{"@id":"https:\/\/www.visit-ulcinj.com\/blog\/2008\/03\/27\/forca-dhe-alternativa-shqiptare-perkrahin-medojeviqin\/#breadcrumb"},"inLanguage":"en-US","potentialAction":[{"@type":"ReadAction","target":["https:\/\/www.visit-ulcinj.com\/blog\/2008\/03\/27\/forca-dhe-alternativa-shqiptare-perkrahin-medojeviqin\/"]}]},{"@type":"BreadcrumbList","@id":"https:\/\/www.visit-ulcinj.com\/blog\/2008\/03\/27\/forca-dhe-alternativa-shqiptare-perkrahin-medojeviqin\/#breadcrumb","itemListElement":[{"@type":"ListItem","position":1,"name":"Forca dhe Alternativa Shqiptare p\u00ebrkrahin Medojeviqin"}]},{"@type":"Person","@id":"https:\/\/www.visit-ulcinj.com\/blog\/#\/schema\/person\/dcab619c614d3038751c63bc2aadc06d","name":"ulqini","sameAs":["http:\/\/www.visit-ulcinj.com"],"url":"https:\/\/www.visit-ulcinj.com\/blog\/author\/admin\/"}]}},"jetpack_featured_media_url":"","jetpack_sharing_enabled":true,"jetpack_shortlink":"https:\/\/wp.me\/pe6lTn-gX","_links":{"self":[{"href":"https:\/\/www.visit-ulcinj.com\/blog\/wp-json\/wp\/v2\/posts\/1051"}],"collection":[{"href":"https:\/\/www.visit-ulcinj.com\/blog\/wp-json\/wp\/v2\/posts"}],"about":[{"href":"https:\/\/www.visit-ulcinj.com\/blog\/wp-json\/wp\/v2\/types\/post"}],"author":[{"embeddable":true,"href":"https:\/\/www.visit-ulcinj.com\/blog\/wp-json\/wp\/v2\/users\/1"}],"replies":[{"embeddable":true,"href":"https:\/\/www.visit-ulcinj.com\/blog\/wp-json\/wp\/v2\/comments?post=1051"}],"version-history":[{"count":0,"href":"https:\/\/www.visit-ulcinj.com\/blog\/wp-json\/wp\/v2\/posts\/1051\/revisions"}],"wp:attachment":[{"href":"https:\/\/www.visit-ulcinj.com\/blog\/wp-json\/wp\/v2\/media?parent=1051"}],"wp:term":[{"taxonomy":"category","embeddable":true,"href":"https:\/\/www.visit-ulcinj.com\/blog\/wp-json\/wp\/v2\/categories?post=1051"},{"taxonomy":"post_tag","embeddable":true,"href":"https:\/\/www.visit-ulcinj.com\/blog\/wp-json\/wp\/v2\/tags?post=1051"}],"curies":[{"name":"wp","href":"https:\/\/api.w.org\/{rel}","templated":true}]}}