{"id":105101,"date":"2017-05-17T22:10:25","date_gmt":"2017-05-17T21:10:25","guid":{"rendered":"http:\/\/www.visit-ulcinj.com\/blog\/?p=105101"},"modified":"2017-05-18T22:47:31","modified_gmt":"2017-05-18T21:47:31","slug":"artistet-e-ulqinit-te-bashkuar-kerkojne-ndihme-per-sherimin-e-mersihes-dhe-adnanit","status":"publish","type":"post","link":"https:\/\/www.visit-ulcinj.com\/blog\/2017\/05\/17\/artistet-e-ulqinit-te-bashkuar-kerkojne-ndihme-per-sherimin-e-mersihes-dhe-adnanit\/","title":{"rendered":"Artist\u00ebt e Ulqinit t\u00eb bashkuar k\u00ebrkojn\u00eb ndihm\u00eb p\u00ebr sh\u00ebrimin e Mersih\u00ebs dhe Adnanit"},"content":{"rendered":"<p class=\"title icon\"><strong><a href=\"http:\/\/www.visit-ulcinj.com\/blog\/wp-content\/uploads\/2017\/05\/Aksion-i-madh-humanitar-p\u00ebr-sh\u00ebrimin-e-Mersih\u00ebs-dhe-Adnanit-nga-Ulqini.jpg\"><img loading=\"lazy\" class=\"alignleft wp-image-105102\" src=\"http:\/\/www.visit-ulcinj.com\/blog\/wp-content\/uploads\/2017\/05\/Aksion-i-madh-humanitar-p\u00ebr-sh\u00ebrimin-e-Mersih\u00ebs-dhe-Adnanit-nga-Ulqini.jpg\" alt=\"\" width=\"508\" height=\"762\" srcset=\"https:\/\/www.visit-ulcinj.com\/blog\/wp-content\/uploads\/2017\/05\/Aksion-i-madh-humanitar-p\u00ebr-sh\u00ebrimin-e-Mersih\u00ebs-dhe-Adnanit-nga-Ulqini.jpg 576w, https:\/\/www.visit-ulcinj.com\/blog\/wp-content\/uploads\/2017\/05\/Aksion-i-madh-humanitar-p\u00ebr-sh\u00ebrimin-e-Mersih\u00ebs-dhe-Adnanit-nga-Ulqini-200x300.jpg 200w\" sizes=\"(max-width: 508px) 100vw, 508px\" \/><\/a>Aksion i madh humanitar p\u00ebr sh\u00ebrimin e Mersih\u00ebs (14) dhe Adnani (8) nga Ulqini<\/strong><\/p>\n<p>Artist\u00ebt e Ulqinit t\u00eb bashkuar k\u00ebrkojn\u00eb ndihm\u00eb p\u00ebr sh\u00ebrimin e Mersih\u00ebs (14) dhe Adnani (8) q\u00eb vuajn nga nj\u00eb s\u00ebmundje e r\u00ebnd\u00eb q\u00eb nga lindja vuajn\u00eb nga paraliza cerebrale dhe tentojn\u00eb t\u00eb grumbullojn\u00eb mjetet p\u00ebr vazhdimin e sh\u00ebrimit jasht\u00eb shtetit., dhe kan nevoj\u00eb edhe p\u00ebr nj\u00eb nd\u00ebrhyrje kirurgjike<\/p>\n<p>K\u00ebng\u00ebtar, miq dhe koleg\u00eb t\u00eb saj kan\u00eb publikuar n\u00eb rrjetet sociale fotografin\u00eb e tyre, duke dh\u00ebn\u00eb edhe numrin e tyre t\u00eb xhirollogaris\u00eb p\u00ebr t\u00eb ndihmuar.<\/p>\n<p>Prandaj t\u00eb diel\u00ebn, me fillim n\u00eb ora 21, artist\u00ebt muzikor nga Ulqini, n\u00eb bashk\u00ebpunim me \u201cRiva Caffe\u201d, do t\u00eb mbajn\u00eb koncert humanitar \u201cT\u00eb ndihmojm\u00eb Adnanin dhe Mersihen\u201d.<\/p>\n<p>Moderatorja dhe moderatori e k\u00ebtij aksion t\u00eb artist\u00ebve t\u00eb Ulqinit jan\u00eb Enkela Bisha dhe Imi Nimanbegu.<\/p>\n<p>____<\/p>\n<p>Motra dhe v\u00ebllai, Mersiha (14) dhe Adnani (8) Resulbegoviq, t\u00eb cil\u00ebt nga lindja vuajn\u00eb nga paraliza cerebrale, d\u00ebshirojn\u00eb q\u00eb sh\u00ebrimin nga kjo s\u00ebmundje e r\u00ebnd\u00eb ta vazhdojn\u00eb jasht\u00eb shtetit.<\/p>\n<p>Meq\u00eb babai i tyre, Afrimi, p\u00ebr t\u00eb ushqyer familjen merret me peshkim, i d\u00ebrguan apel t\u00eb gjith\u00eb njer\u00ebzve vullnet mir\u00eb q\u00eb, n\u00eb kufijt\u00eb e mund\u00ebsive t\u00eb tyre, t\u00eb ju ndihmojn\u00eb.<\/p>\n<p>Q\u00ebllimi i k\u00ebtij akcioni t\u00eb madh humanitar \u00ebsht\u00eb ndihm\u00eb p\u00ebr Mersih\u00ebn dhe Adnani, dhe me k\u00ebt\u00eb rast ai paraprakisht i fal\u00ebnderojm t\u00eb gjith\u00eb.<\/p>\n<p><strong>P\u00ebr donacionin e juaj <a href=\"https:\/\/www.gofundme.com\/HelptheResulbeguKids\">https:\/\/www.gofundme.com\/HelptheResulbeguKids<\/a><\/strong><\/p>\n<p><iframe loading=\"lazy\" src=\"\/\/www.dailymotion.com\/embed\/video\/x5lmkee?autoPlay=1\" width=\"508\" height=\"300\" frameborder=\"0\" allowfullscreen=\"allowfullscreen\"><\/iframe><\/p>\n","protected":false},"excerpt":{"rendered":"<p>Aksion i madh humanitar p\u00ebr sh\u00ebrimin e Mersih\u00ebs (14) dhe Adnani (8) nga Ulqini Artist\u00ebt e Ulqinit t\u00eb bashkuar k\u00ebrkojn\u00eb ndihm\u00eb p\u00ebr sh\u00ebrimin e Mersih\u00ebs (14) dhe Adnani (8) q\u00eb vuajn nga nj\u00eb s\u00ebmundje e r\u00ebnd\u00eb q\u00eb nga lindja vuajn\u00eb nga paraliza cerebrale dhe tentojn\u00eb t\u00eb grumbullojn\u00eb mjetet p\u00ebr vazhdimin e sh\u00ebrimit jasht\u00eb shtetit., dhe [&hellip;]<\/p>\n","protected":false},"author":1,"featured_media":0,"comment_status":"closed","ping_status":"closed","sticky":false,"template":"","format":"standard","meta":{"spay_email":"","jetpack_publicize_message":"","jetpack_is_tweetstorm":false,"jetpack_publicize_feature_enabled":true},"categories":[6950],"tags":[],"jetpack_publicize_connections":[],"yoast_head":"<!-- This site is optimized with the Yoast SEO plugin v19.1 - https:\/\/yoast.com\/wordpress\/plugins\/seo\/ -->\n<title>Artist\u00ebt e Ulqinit t\u00eb bashkuar k\u00ebrkojn\u00eb ndihm\u00eb p\u00ebr sh\u00ebrimin e Mersih\u00ebs dhe Adnanit - Lajme nga Ulqini<\/title>\n<meta name=\"description\" content=\"Aksion i madh humanitar p\u00ebr sh\u00ebrimin e Mersih\u00ebs (14) dhe Adnani (8) nga Ulqini Artist\u00ebt e Ulqinit t\u00eb bashkuar k\u00ebrkojn\u00eb ndihm\u00eb p\u00ebr sh\u00ebrimin e Mersih\u00ebs (14)\" \/>\n<meta name=\"robots\" content=\"index, follow, max-snippet:-1, max-image-preview:large, max-video-preview:-1\" \/>\n<link rel=\"canonical\" href=\"https:\/\/www.visit-ulcinj.com\/blog\/2017\/05\/17\/artistet-e-ulqinit-te-bashkuar-kerkojne-ndihme-per-sherimin-e-mersihes-dhe-adnanit\/\" \/>\n<meta property=\"og:locale\" content=\"en_US\" \/>\n<meta property=\"og:type\" content=\"article\" \/>\n<meta property=\"og:title\" content=\"Artist\u00ebt e Ulqinit t\u00eb bashkuar k\u00ebrkojn\u00eb ndihm\u00eb p\u00ebr sh\u00ebrimin e Mersih\u00ebs dhe Adnanit - Lajme nga Ulqini\" \/>\n<meta property=\"og:description\" content=\"Aksion i madh humanitar p\u00ebr sh\u00ebrimin e Mersih\u00ebs (14) dhe Adnani (8) nga Ulqini Artist\u00ebt e Ulqinit t\u00eb bashkuar k\u00ebrkojn\u00eb ndihm\u00eb p\u00ebr sh\u00ebrimin e Mersih\u00ebs (14)\" \/>\n<meta property=\"og:url\" content=\"https:\/\/www.visit-ulcinj.com\/blog\/2017\/05\/17\/artistet-e-ulqinit-te-bashkuar-kerkojne-ndihme-per-sherimin-e-mersihes-dhe-adnanit\/\" \/>\n<meta property=\"og:site_name\" content=\"Lajme nga Ulqini\" \/>\n<meta property=\"article:published_time\" content=\"2017-05-17T21:10:25+00:00\" \/>\n<meta property=\"article:modified_time\" content=\"2017-05-18T21:47:31+00:00\" \/>\n<meta name=\"twitter:label1\" content=\"Written by\" \/>\n\t<meta name=\"twitter:data1\" content=\"ulqini\" \/>\n\t<meta name=\"twitter:label2\" content=\"Est. reading time\" \/>\n\t<meta name=\"twitter:data2\" content=\"1 minute\" \/>\n<script type=\"application\/ld+json\" class=\"yoast-schema-graph\">{\"@context\":\"https:\/\/schema.org\",\"@graph\":[{\"@type\":\"WebSite\",\"@id\":\"https:\/\/www.visit-ulcinj.com\/blog\/#website\",\"url\":\"https:\/\/www.visit-ulcinj.com\/blog\/\",\"name\":\"Lajme nga Ulqini\",\"description\":\"Lajme,Vijesti,Ulqini,Ulqin,Crna Gora,Mali i Zi\",\"potentialAction\":[{\"@type\":\"SearchAction\",\"target\":{\"@type\":\"EntryPoint\",\"urlTemplate\":\"https:\/\/www.visit-ulcinj.com\/blog\/?s={search_term_string}\"},\"query-input\":\"required name=search_term_string\"}],\"inLanguage\":\"en-US\"},{\"@type\":\"WebPage\",\"@id\":\"https:\/\/www.visit-ulcinj.com\/blog\/2017\/05\/17\/artistet-e-ulqinit-te-bashkuar-kerkojne-ndihme-per-sherimin-e-mersihes-dhe-adnanit\/#webpage\",\"url\":\"https:\/\/www.visit-ulcinj.com\/blog\/2017\/05\/17\/artistet-e-ulqinit-te-bashkuar-kerkojne-ndihme-per-sherimin-e-mersihes-dhe-adnanit\/\",\"name\":\"Artist\u00ebt e Ulqinit t\u00eb bashkuar k\u00ebrkojn\u00eb ndihm\u00eb p\u00ebr sh\u00ebrimin e Mersih\u00ebs dhe Adnanit - Lajme nga Ulqini\",\"isPartOf\":{\"@id\":\"https:\/\/www.visit-ulcinj.com\/blog\/#website\"},\"datePublished\":\"2017-05-17T21:10:25+00:00\",\"dateModified\":\"2017-05-18T21:47:31+00:00\",\"author\":{\"@id\":\"https:\/\/www.visit-ulcinj.com\/blog\/#\/schema\/person\/dcab619c614d3038751c63bc2aadc06d\"},\"description\":\"Aksion i madh humanitar p\u00ebr sh\u00ebrimin e Mersih\u00ebs (14) dhe Adnani (8) nga Ulqini Artist\u00ebt e Ulqinit t\u00eb bashkuar k\u00ebrkojn\u00eb ndihm\u00eb p\u00ebr sh\u00ebrimin e Mersih\u00ebs (14)\",\"breadcrumb\":{\"@id\":\"https:\/\/www.visit-ulcinj.com\/blog\/2017\/05\/17\/artistet-e-ulqinit-te-bashkuar-kerkojne-ndihme-per-sherimin-e-mersihes-dhe-adnanit\/#breadcrumb\"},\"inLanguage\":\"en-US\",\"potentialAction\":[{\"@type\":\"ReadAction\",\"target\":[\"https:\/\/www.visit-ulcinj.com\/blog\/2017\/05\/17\/artistet-e-ulqinit-te-bashkuar-kerkojne-ndihme-per-sherimin-e-mersihes-dhe-adnanit\/\"]}]},{\"@type\":\"BreadcrumbList\",\"@id\":\"https:\/\/www.visit-ulcinj.com\/blog\/2017\/05\/17\/artistet-e-ulqinit-te-bashkuar-kerkojne-ndihme-per-sherimin-e-mersihes-dhe-adnanit\/#breadcrumb\",\"itemListElement\":[{\"@type\":\"ListItem\",\"position\":1,\"name\":\"Artist\u00ebt e Ulqinit t\u00eb bashkuar k\u00ebrkojn\u00eb ndihm\u00eb p\u00ebr sh\u00ebrimin e Mersih\u00ebs dhe Adnanit\"}]},{\"@type\":\"Person\",\"@id\":\"https:\/\/www.visit-ulcinj.com\/blog\/#\/schema\/person\/dcab619c614d3038751c63bc2aadc06d\",\"name\":\"ulqini\",\"sameAs\":[\"http:\/\/www.visit-ulcinj.com\"],\"url\":\"https:\/\/www.visit-ulcinj.com\/blog\/author\/admin\/\"}]}<\/script>\n<!-- \/ Yoast SEO plugin. -->","yoast_head_json":{"title":"Artist\u00ebt e Ulqinit t\u00eb bashkuar k\u00ebrkojn\u00eb ndihm\u00eb p\u00ebr sh\u00ebrimin e Mersih\u00ebs dhe Adnanit - Lajme nga Ulqini","description":"Aksion i madh humanitar p\u00ebr sh\u00ebrimin e Mersih\u00ebs (14) dhe Adnani (8) nga Ulqini Artist\u00ebt e Ulqinit t\u00eb bashkuar k\u00ebrkojn\u00eb ndihm\u00eb p\u00ebr sh\u00ebrimin e Mersih\u00ebs (14)","robots":{"index":"index","follow":"follow","max-snippet":"max-snippet:-1","max-image-preview":"max-image-preview:large","max-video-preview":"max-video-preview:-1"},"canonical":"https:\/\/www.visit-ulcinj.com\/blog\/2017\/05\/17\/artistet-e-ulqinit-te-bashkuar-kerkojne-ndihme-per-sherimin-e-mersihes-dhe-adnanit\/","og_locale":"en_US","og_type":"article","og_title":"Artist\u00ebt e Ulqinit t\u00eb bashkuar k\u00ebrkojn\u00eb ndihm\u00eb p\u00ebr sh\u00ebrimin e Mersih\u00ebs dhe Adnanit - Lajme nga Ulqini","og_description":"Aksion i madh humanitar p\u00ebr sh\u00ebrimin e Mersih\u00ebs (14) dhe Adnani (8) nga Ulqini Artist\u00ebt e Ulqinit t\u00eb bashkuar k\u00ebrkojn\u00eb ndihm\u00eb p\u00ebr sh\u00ebrimin e Mersih\u00ebs (14)","og_url":"https:\/\/www.visit-ulcinj.com\/blog\/2017\/05\/17\/artistet-e-ulqinit-te-bashkuar-kerkojne-ndihme-per-sherimin-e-mersihes-dhe-adnanit\/","og_site_name":"Lajme nga Ulqini","article_published_time":"2017-05-17T21:10:25+00:00","article_modified_time":"2017-05-18T21:47:31+00:00","twitter_misc":{"Written by":"ulqini","Est. reading time":"1 minute"},"schema":{"@context":"https:\/\/schema.org","@graph":[{"@type":"WebSite","@id":"https:\/\/www.visit-ulcinj.com\/blog\/#website","url":"https:\/\/www.visit-ulcinj.com\/blog\/","name":"Lajme nga Ulqini","description":"Lajme,Vijesti,Ulqini,Ulqin,Crna Gora,Mali i Zi","potentialAction":[{"@type":"SearchAction","target":{"@type":"EntryPoint","urlTemplate":"https:\/\/www.visit-ulcinj.com\/blog\/?s={search_term_string}"},"query-input":"required name=search_term_string"}],"inLanguage":"en-US"},{"@type":"WebPage","@id":"https:\/\/www.visit-ulcinj.com\/blog\/2017\/05\/17\/artistet-e-ulqinit-te-bashkuar-kerkojne-ndihme-per-sherimin-e-mersihes-dhe-adnanit\/#webpage","url":"https:\/\/www.visit-ulcinj.com\/blog\/2017\/05\/17\/artistet-e-ulqinit-te-bashkuar-kerkojne-ndihme-per-sherimin-e-mersihes-dhe-adnanit\/","name":"Artist\u00ebt e Ulqinit t\u00eb bashkuar k\u00ebrkojn\u00eb ndihm\u00eb p\u00ebr sh\u00ebrimin e Mersih\u00ebs dhe Adnanit - Lajme nga Ulqini","isPartOf":{"@id":"https:\/\/www.visit-ulcinj.com\/blog\/#website"},"datePublished":"2017-05-17T21:10:25+00:00","dateModified":"2017-05-18T21:47:31+00:00","author":{"@id":"https:\/\/www.visit-ulcinj.com\/blog\/#\/schema\/person\/dcab619c614d3038751c63bc2aadc06d"},"description":"Aksion i madh humanitar p\u00ebr sh\u00ebrimin e Mersih\u00ebs (14) dhe Adnani (8) nga Ulqini Artist\u00ebt e Ulqinit t\u00eb bashkuar k\u00ebrkojn\u00eb ndihm\u00eb p\u00ebr sh\u00ebrimin e Mersih\u00ebs (14)","breadcrumb":{"@id":"https:\/\/www.visit-ulcinj.com\/blog\/2017\/05\/17\/artistet-e-ulqinit-te-bashkuar-kerkojne-ndihme-per-sherimin-e-mersihes-dhe-adnanit\/#breadcrumb"},"inLanguage":"en-US","potentialAction":[{"@type":"ReadAction","target":["https:\/\/www.visit-ulcinj.com\/blog\/2017\/05\/17\/artistet-e-ulqinit-te-bashkuar-kerkojne-ndihme-per-sherimin-e-mersihes-dhe-adnanit\/"]}]},{"@type":"BreadcrumbList","@id":"https:\/\/www.visit-ulcinj.com\/blog\/2017\/05\/17\/artistet-e-ulqinit-te-bashkuar-kerkojne-ndihme-per-sherimin-e-mersihes-dhe-adnanit\/#breadcrumb","itemListElement":[{"@type":"ListItem","position":1,"name":"Artist\u00ebt e Ulqinit t\u00eb bashkuar k\u00ebrkojn\u00eb ndihm\u00eb p\u00ebr sh\u00ebrimin e Mersih\u00ebs dhe Adnanit"}]},{"@type":"Person","@id":"https:\/\/www.visit-ulcinj.com\/blog\/#\/schema\/person\/dcab619c614d3038751c63bc2aadc06d","name":"ulqini","sameAs":["http:\/\/www.visit-ulcinj.com"],"url":"https:\/\/www.visit-ulcinj.com\/blog\/author\/admin\/"}]}},"jetpack_featured_media_url":"","jetpack_sharing_enabled":true,"jetpack_shortlink":"https:\/\/wp.me\/pe6lTn-rlb","_links":{"self":[{"href":"https:\/\/www.visit-ulcinj.com\/blog\/wp-json\/wp\/v2\/posts\/105101"}],"collection":[{"href":"https:\/\/www.visit-ulcinj.com\/blog\/wp-json\/wp\/v2\/posts"}],"about":[{"href":"https:\/\/www.visit-ulcinj.com\/blog\/wp-json\/wp\/v2\/types\/post"}],"author":[{"embeddable":true,"href":"https:\/\/www.visit-ulcinj.com\/blog\/wp-json\/wp\/v2\/users\/1"}],"replies":[{"embeddable":true,"href":"https:\/\/www.visit-ulcinj.com\/blog\/wp-json\/wp\/v2\/comments?post=105101"}],"version-history":[{"count":4,"href":"https:\/\/www.visit-ulcinj.com\/blog\/wp-json\/wp\/v2\/posts\/105101\/revisions"}],"predecessor-version":[{"id":105120,"href":"https:\/\/www.visit-ulcinj.com\/blog\/wp-json\/wp\/v2\/posts\/105101\/revisions\/105120"}],"wp:attachment":[{"href":"https:\/\/www.visit-ulcinj.com\/blog\/wp-json\/wp\/v2\/media?parent=105101"}],"wp:term":[{"taxonomy":"category","embeddable":true,"href":"https:\/\/www.visit-ulcinj.com\/blog\/wp-json\/wp\/v2\/categories?post=105101"},{"taxonomy":"post_tag","embeddable":true,"href":"https:\/\/www.visit-ulcinj.com\/blog\/wp-json\/wp\/v2\/tags?post=105101"}],"curies":[{"name":"wp","href":"https:\/\/api.w.org\/{rel}","templated":true}]}}