{"id":105105,"date":"2017-05-17T22:48:15","date_gmt":"2017-05-17T21:48:15","guid":{"rendered":"http:\/\/www.visit-ulcinj.com\/blog\/?p=105105"},"modified":"2017-05-17T22:49:03","modified_gmt":"2017-05-17T21:49:03","slug":"hajredin-kovaci-disidenti-shpirt-artisti","status":"publish","type":"post","link":"https:\/\/www.visit-ulcinj.com\/blog\/2017\/05\/17\/hajredin-kovaci-disidenti-shpirt-artisti\/","title":{"rendered":"Hajredin Kova\u00e7i, disidenti me shpirt artisti"},"content":{"rendered":"<p><a href=\"http:\/\/www.visit-ulcinj.com\/blog\/wp-content\/uploads\/2017\/05\/Hajredin-Kovaci-Dragin\u00eb-Ana-Malit.jpg\"><img loading=\"lazy\" class=\"alignleft wp-image-105106\" src=\"http:\/\/www.visit-ulcinj.com\/blog\/wp-content\/uploads\/2017\/05\/Hajredin-Kovaci-Dragin\u00eb-Ana-Malit.jpg\" alt=\"\" width=\"508\" height=\"339\" srcset=\"https:\/\/www.visit-ulcinj.com\/blog\/wp-content\/uploads\/2017\/05\/Hajredin-Kovaci-Dragin\u00eb-Ana-Malit.jpg 696w, https:\/\/www.visit-ulcinj.com\/blog\/wp-content\/uploads\/2017\/05\/Hajredin-Kovaci-Dragin\u00eb-Ana-Malit-300x200.jpg 300w\" sizes=\"(max-width: 508px) 100vw, 508px\" \/><\/a><\/p>\n<div class=\"td-module-meta-info\">\n<div class=\"td-post-author-name\">\n<div class=\"td-author-by\"><strong>Nga <a href=\"http:\/\/konica.al\/author\/simon\/\">Simon Shkreli<\/a><\/strong><\/div>\n<\/div>\n<\/div>\n<p>Nga ish- i burgosur politik n\u00eb Mal t\u00eb Zi, n\u00eb poet dhe mbledh\u00ebs i etnosit t\u00eb zon\u00ebs s\u00eb An\u00ebs s\u00eb Malit n\u00eb Ulqin.<\/p>\n<p>I lindur n\u00eb fshatin Dragin\u00eb t\u00eb An\u00ebs s\u00eb Malit pjes\u00eb administrative e Ulqinit n\u00eb Mal t\u00eb Zi, Hajredin Kova\u00e7i ka provuar edhe persekucionin shovinist serbo-malazez, por nuk \u00ebsht\u00eb ndalur asnj\u00ebher\u00eb s\u00eb shkruari. Dashuria p\u00ebr vendin e tij ka b\u00ebr\u00eb q\u00eb t\u00eb mos largohet asnj\u00ebher\u00eb nga fshati i lindjes. Ai sot ka hapur nj\u00eb muze me objekte t\u00eb ndryshme t\u00eb trash\u00ebgimis\u00eb kulturore t\u00eb zon\u00ebs s\u00eb An\u00ebs s\u00eb Malit n\u00eb pjes\u00ebn e territorit shtet\u00ebror t\u00eb Malit t\u00eb Zi.<\/p>\n<p><a href=\"http:\/\/www.visit-ulcinj.com\/blog\/wp-content\/uploads\/2017\/05\/Muzeu-etnografik-Hajredin-Kovaci-Dragin\u00eb-Ana-Malit.jpg\"><img loading=\"lazy\" class=\"alignleft wp-image-105107\" src=\"http:\/\/www.visit-ulcinj.com\/blog\/wp-content\/uploads\/2017\/05\/Muzeu-etnografik-Hajredin-Kovaci-Dragin\u00eb-Ana-Malit.jpg\" alt=\"\" width=\"508\" height=\"339\" srcset=\"https:\/\/www.visit-ulcinj.com\/blog\/wp-content\/uploads\/2017\/05\/Muzeu-etnografik-Hajredin-Kovaci-Dragin\u00eb-Ana-Malit.jpg 696w, https:\/\/www.visit-ulcinj.com\/blog\/wp-content\/uploads\/2017\/05\/Muzeu-etnografik-Hajredin-Kovaci-Dragin\u00eb-Ana-Malit-300x200.jpg 300w\" sizes=\"(max-width: 508px) 100vw, 508px\" \/><\/a><\/p>\n<p>I lindur n\u00eb fshatin Dragin\u00eb t\u00eb An\u00ebs s\u00eb Malit pjes\u00eb administrative e Ulqinit n\u00eb Mal t\u00eb Zi, Hajredin Kova\u00e7i ka provuar edhe persekucionin shovinist serbo-malazez, por nuk \u00ebsht\u00eb ndalur asnj\u00ebher\u00eb s\u00eb shkruari. Dashuria p\u00ebr vendin e tij ka b\u00ebr\u00eb q\u00eb t\u00eb mos largohet asnj\u00ebher\u00eb nga fshati i lindjes. Ai sot ka hapur nj\u00eb muze me objekte t\u00eb ndryshme t\u00eb trash\u00ebgimis\u00eb kulturore t\u00eb zon\u00ebs s\u00eb An\u00ebs s\u00eb Malit n\u00eb pjes\u00ebn e territorit shtet\u00ebror t\u00eb Malit t\u00eb Zi.<\/p>\n<p><a href=\"http:\/\/www.visit-ulcinj.com\/blog\/wp-content\/uploads\/2017\/05\/Muzeu-etnografik-Hajredin-Kovaci-Dragin\u00eb-Ana-Malit-1.jpg\"><img loading=\"lazy\" class=\"alignleft wp-image-105108\" src=\"http:\/\/www.visit-ulcinj.com\/blog\/wp-content\/uploads\/2017\/05\/Muzeu-etnografik-Hajredin-Kovaci-Dragin\u00eb-Ana-Malit-1.jpg\" alt=\"\" width=\"508\" height=\"339\" srcset=\"https:\/\/www.visit-ulcinj.com\/blog\/wp-content\/uploads\/2017\/05\/Muzeu-etnografik-Hajredin-Kovaci-Dragin\u00eb-Ana-Malit-1.jpg 696w, https:\/\/www.visit-ulcinj.com\/blog\/wp-content\/uploads\/2017\/05\/Muzeu-etnografik-Hajredin-Kovaci-Dragin\u00eb-Ana-Malit-1-300x200.jpg 300w\" sizes=\"(max-width: 508px) 100vw, 508px\" \/><\/a><\/p>\n<p><strong>Shkrimet e para<\/strong><\/p>\n<p>Un\u00eb kam filluar t\u00eb shkruaj edhe para se t\u00eb arrestohem, kam shkruar edhe gjat\u00eb vuajtjes s\u00eb denimit (dy vjet n\u00eb burgun e Spuzh\u00ebs) dhe pas daljes nga burgu. Si ish- i d\u00ebnuar politik, jam ndikuar shum\u00eb nga politika, kam shkruar shum\u00eb edhe n\u00eb burg, me fije shkrep\u00ebse t\u00eb djegura (n\u00ebn hetim), por p\u00ebr fat t\u00eb keq, ato poezi m\u2019i moren n\u00eb dit\u00ebn e daljes nga burgu dhe un\u00eb s\u2019arrita t\u2019i shkruaj m\u00eb, s\u2019m\u00eb kujtohen dhe s\u2019do ta shohin kurr\u00eb drit\u00ebn! Vazhdoj t\u00eb shkruaj t\u00eb ndryshoj p\u00ebrditshm\u00ebrin\u00eb q\u00eb bezdis dhe kur shoh rr\u00ebnimin e veprave t\u00eb nd\u00ebrtuara, degradimin e vlerave t\u00eb arritura dhe asimilimin e vazhduesh\u00ebm q\u00eb \u00e7on drejt nj\u00eb zhdukjeje t\u00eb heshtur. Vazhdoj t\u00eb shkruaj, t\u00eb vendos edhe nj\u00eb gur m\u00eb shum\u00eb n\u00eb murin e gjat\u00eb t\u00eb let\u00ebrsis\u00eb shqipe q\u00eb krijohet n\u00eb Malin e Zi dhe asaj mbar\u00ebkomb\u00ebtare. Vazhdoj t\u00eb shkruaj se mendoj se me poezi mund t\u00eb thuhet shum\u00eb\u00e7ka, se me poezi mund t\u00eb ndryshohen njer\u00ebzit q\u00eb nuk jan\u00eb vetvetja, situatat tragjike dhe bota n\u00eb p\u00ebrgjith\u00ebsi, sepse jo gjithmon\u00eb gj\u00ebrat ndryshohen me dhun\u00eb e k\u00ebrc\u00ebnime, por edhe me art t\u00eb mir\u00ebfillt\u00eb, pra me poezi, sepse poezia \u00ebsht\u00eb filozofi, \u00ebsht\u00eb protest\u00eb, por mbi t\u00eb gjitha \u00ebsht\u00eb dashuri, e dashuria duhet t\u00eb sundoj\u00eb bot\u00ebn.<\/p>\n<p><a href=\"http:\/\/www.visit-ulcinj.com\/blog\/wp-content\/uploads\/2017\/05\/Muzeu-etnografik-Hajredin-Kovaci-Dragin\u00eb-Ana-Malit-2.jpg\"><img loading=\"lazy\" class=\"alignleft wp-image-105109\" src=\"http:\/\/www.visit-ulcinj.com\/blog\/wp-content\/uploads\/2017\/05\/Muzeu-etnografik-Hajredin-Kovaci-Dragin\u00eb-Ana-Malit-2.jpg\" alt=\"\" width=\"508\" height=\"339\" srcset=\"https:\/\/www.visit-ulcinj.com\/blog\/wp-content\/uploads\/2017\/05\/Muzeu-etnografik-Hajredin-Kovaci-Dragin\u00eb-Ana-Malit-2.jpg 696w, https:\/\/www.visit-ulcinj.com\/blog\/wp-content\/uploads\/2017\/05\/Muzeu-etnografik-Hajredin-Kovaci-Dragin\u00eb-Ana-Malit-2-300x200.jpg 300w\" sizes=\"(max-width: 508px) 100vw, 508px\" \/><\/a><\/p>\n<p><strong>Arrestimi<\/strong><\/p>\n<p>Pse mora pjes\u00eb n\u00eb demonstratat e student\u00ebve n\u00eb Prishtin\u00eb, n\u00eb vitin 1981, pse kam par\u00eb n\u00eb televizor programet shqiptare, pse kam lexuar libra \u2018t\u00eb ndaluar\u2019, t\u00eb botuar n\u00eb Tiran\u00eb, pse kam k\u00ebnduar k\u00ebng\u00eb patriotike, pse kam dal\u00eb n\u00eb rrug\u00eb e kam b\u00ebrtitur \u2018Kosova Republik\u00eb\u2019, pse shava ushtrin\u00eb e policin\u00eb q\u00eb rrah\u00ebn, vran\u00eb e b\u00ebn\u00eb k\u00ebrdin\u00eb, q\u00eb thash\u00eb se korbat e zinj do t\u00eb han\u00eb nj\u00ebri-tjetrin dhe p\u00ebllumbat e bardh\u00eb do t\u00eb sjellin lirin\u00eb dhe se mbi t\u00eb gjitha desha Kosov\u00ebn dhe Shqip\u00ebrin\u00eb! U denova n\u00eb em\u00ebr t\u00eb popullit me dy vjet burg se gjoja t\u00eb gjitha k\u00ebto ishin propagand\u00eb armiq\u00ebsore dhe\u00a0 thirrje p\u00ebr rr\u00ebzimin e sistemit t\u00eb at\u00ebhersh\u00ebm shtet\u00ebror.<\/p>\n<p><a href=\"http:\/\/www.visit-ulcinj.com\/blog\/wp-content\/uploads\/2017\/05\/Muzeu-etnografik-Hajredin-Kovaci-Dragin\u00eb-Ana-Malit-3.jpg\"><img loading=\"lazy\" class=\"alignleft wp-image-105110\" src=\"http:\/\/www.visit-ulcinj.com\/blog\/wp-content\/uploads\/2017\/05\/Muzeu-etnografik-Hajredin-Kovaci-Dragin\u00eb-Ana-Malit-3.jpg\" alt=\"\" width=\"508\" height=\"339\" srcset=\"https:\/\/www.visit-ulcinj.com\/blog\/wp-content\/uploads\/2017\/05\/Muzeu-etnografik-Hajredin-Kovaci-Dragin\u00eb-Ana-Malit-3.jpg 696w, https:\/\/www.visit-ulcinj.com\/blog\/wp-content\/uploads\/2017\/05\/Muzeu-etnografik-Hajredin-Kovaci-Dragin\u00eb-Ana-Malit-3-300x200.jpg 300w\" sizes=\"(max-width: 508px) 100vw, 508px\" \/><\/a><\/p>\n<p><strong>Vendlindja dhe kujtimet e s\u00eb kaluar\u00ebs<\/strong><\/p>\n<p>Jam i lidhur shum\u00eb me vendlindjen, An\u00ebn e Malit dhe Ulqinin. Kam kujtime t\u00eb bukura dhe s\u2019mendoj se do t\u00eb largohem ndonj\u00ebher\u00eb. Po, ku t\u00eb\u00a0 shkoj, kur vendi im ka nevoj\u00eb p\u00ebr mua, p\u00ebr Ty, p\u00ebr Ata,\u00a0 m\u00eb shum\u00eb se asnj\u00ebher\u00eb!? Po, ku t\u00eb vemi t\u00eb gjith\u00eb, kur do ta kuptojm\u00eb se jeta s\u2019\u00ebsht\u00eb ve\u00e7 pare?<\/p>\n<p><a href=\"http:\/\/www.visit-ulcinj.com\/blog\/wp-content\/uploads\/2017\/05\/Muzeu-etnografik-Hajredin-Kovaci-Dragin\u00eb-Ana-Malit-4.jpg\"><img loading=\"lazy\" class=\"alignleft wp-image-105111\" src=\"http:\/\/www.visit-ulcinj.com\/blog\/wp-content\/uploads\/2017\/05\/Muzeu-etnografik-Hajredin-Kovaci-Dragin\u00eb-Ana-Malit-4.jpg\" alt=\"\" width=\"508\" height=\"762\" srcset=\"https:\/\/www.visit-ulcinj.com\/blog\/wp-content\/uploads\/2017\/05\/Muzeu-etnografik-Hajredin-Kovaci-Dragin\u00eb-Ana-Malit-4.jpg 683w, https:\/\/www.visit-ulcinj.com\/blog\/wp-content\/uploads\/2017\/05\/Muzeu-etnografik-Hajredin-Kovaci-Dragin\u00eb-Ana-Malit-4-200x300.jpg 200w\" sizes=\"(max-width: 508px) 100vw, 508px\" \/><\/a><\/p>\n<p><strong>\u00a0<\/strong><strong>Muzeu etnografik<\/strong><\/p>\n<p>Dashuria p\u00ebr An\u00ebn e Malit, p\u00ebr etnografin\u00eb, kultur\u00ebn dhe m\u00ebnyr\u00ebn e jetes\u00ebs, m\u00eb shtyu q\u00eb mbi themelet e sht\u00ebpis\u00eb s\u00eb vjet\u00ebr t\u00eb gjyshit tim, Haxhi Zenelit, t\u00eb hap\u00eb nj\u00eb muze t\u00eb vog\u00ebl etnografik i cili po merr formen e nj\u00eb muzeu t\u00eb mir\u00ebfillt\u00eb nga dita n\u00eb dit\u00eb. \u00cbsht\u00eb momenti i fundit q\u00eb t\u00eb ruajm\u00eb kultur\u00ebn ton\u00eb, sepse ajo \u00ebsht\u00eb pjes\u00eb e kultur\u00ebs mbar\u00ebkomb\u00ebtare. Jemi n\u00eb fazen e grumbullimit t\u00eb eksponateve t\u00eb vjet\u00ebr nga Ana e Malit, si nj\u00eb trev\u00eb me specifikat e veta, q\u00eb na dallon, por edhe na pasuron.<\/p>\n<p><a href=\"http:\/\/www.visit-ulcinj.com\/blog\/wp-content\/uploads\/2017\/05\/Muzeu-etnografik-Hajredin-Kovaci-Dragin\u00eb-Ana-Malit-5.jpg\"><img loading=\"lazy\" class=\"alignleft wp-image-105112\" src=\"http:\/\/www.visit-ulcinj.com\/blog\/wp-content\/uploads\/2017\/05\/Muzeu-etnografik-Hajredin-Kovaci-Dragin\u00eb-Ana-Malit-5.jpg\" alt=\"\" width=\"508\" height=\"339\" srcset=\"https:\/\/www.visit-ulcinj.com\/blog\/wp-content\/uploads\/2017\/05\/Muzeu-etnografik-Hajredin-Kovaci-Dragin\u00eb-Ana-Malit-5.jpg 696w, https:\/\/www.visit-ulcinj.com\/blog\/wp-content\/uploads\/2017\/05\/Muzeu-etnografik-Hajredin-Kovaci-Dragin\u00eb-Ana-Malit-5-300x200.jpg 300w\" sizes=\"(max-width: 508px) 100vw, 508px\" \/><\/a><\/p>\n<p><strong>Kultivimi i etnosit tek f\u00ebmij\u00ebt<\/strong><\/p>\n<p>Ka vite q\u00eb un\u00eb mendoj p\u00ebr k\u00ebt\u00eb nism\u00eb dhe arrita ta kultivoj edhe tek f\u00ebmij\u00ebt k\u00ebt\u00eb dashuri p\u00ebr etnosin, p\u00ebr t\u00eb kaluar\u00ebn. Ata me nj\u00eb p\u00ebrkushtim t\u00eb madh po punojn\u00eb n\u00eb k\u00ebt\u00eb drejtim, n\u00eb grumbullimin, pastrimin, fotografimin dhe sh\u00ebnimin e sendeve t\u00eb vjetra, si pjes\u00eb e thesarit ton\u00eb kulturor. Ky muze p\u00ebrmban shum\u00eb sende t\u00eb vjetra, vegla pune bujq\u00ebsore, en\u00eb e orendi sht\u00ebpiake, pjes\u00eb t\u00eb veshjes tradicionale, me nj\u00eb fjal\u00eb, krejt at\u00eb \u00e7ka ishte pjes\u00eb e jetes\u00ebs s\u00eb banor\u00ebve t\u00eb k\u00ebsaj treve. S\u00eb shpejti, pjes\u00eb e k\u00ebtij muzeu, do t\u00eb jet\u00eb edhe biblioteka modeste me libra, gazeta e revista, e disponueshme p\u00ebr t\u00eb gjith\u00eb vizituesit.<\/p>\n<p><strong>Arsyet e hapjes s\u00eb muzeut<\/strong><\/p>\n<p>Un\u00eb, k\u00ebt\u00eb muze, nuk e hapa ve\u00e7 p\u00ebr vete, por p\u00ebr t\u00eb gjith\u00eb ata q\u00eb e duan kultur\u00ebn, t\u00eb kaluar\u00ebn, sepse n\u00ebse harrojm\u00eb t\u00eb kaluar\u00ebn, nuk do t\u00eb kemi t\u00eb ardhme. Ky muze i jep frym\u00eb, jo vet\u00ebm fshatit Dragin\u00eb, por edhe An\u00ebs s\u00eb Malit, Ulqinit e m\u00eb gjer\u00eb, si i vetmi i k\u00ebtij lloji n\u00eb komun\u00ebn e Ulqinit. \u00cbsht\u00eb mir\u00ebpritur shum\u00eb kjo nism\u00eb dhe kjo m\u00eb b\u00ebn t\u00eb punoj edhe me m\u00eb shum\u00eb dashuri n\u00eb zgjerimin e k\u00ebtij muzeu dhe pasurimin e tij me m\u00eb shum\u00eb eksponate t\u00eb vjetra, si d\u00ebshmi e lasht\u00ebsis\u00eb, kultur\u00ebs, etnosit dhe jetes\u00ebs s\u00eb k\u00ebsaj zone.<\/p>\n<p><strong>Konica.al<\/strong><\/p>\n","protected":false},"excerpt":{"rendered":"<p>Nga Simon Shkreli Nga ish- i burgosur politik n\u00eb Mal t\u00eb Zi, n\u00eb poet dhe mbledh\u00ebs i etnosit t\u00eb zon\u00ebs s\u00eb An\u00ebs s\u00eb Malit n\u00eb Ulqin. I lindur n\u00eb fshatin Dragin\u00eb t\u00eb An\u00ebs s\u00eb Malit pjes\u00eb administrative e Ulqinit n\u00eb Mal t\u00eb Zi, Hajredin Kova\u00e7i ka provuar edhe persekucionin shovinist serbo-malazez, por nuk \u00ebsht\u00eb ndalur [&hellip;]<\/p>\n","protected":false},"author":1,"featured_media":0,"comment_status":"closed","ping_status":"closed","sticky":false,"template":"","format":"standard","meta":{"spay_email":"","jetpack_publicize_message":"","jetpack_is_tweetstorm":false,"jetpack_publicize_feature_enabled":true},"categories":[13],"tags":[],"jetpack_publicize_connections":[],"yoast_head":"<!-- This site is optimized with the Yoast SEO plugin v19.1 - https:\/\/yoast.com\/wordpress\/plugins\/seo\/ -->\n<title>Hajredin Kova\u00e7i, disidenti me shpirt artisti - Lajme nga Ulqini<\/title>\n<meta name=\"description\" content=\"Nga Simon Shkreli Nga ish- i burgosur politik n\u00eb Mal t\u00eb Zi, n\u00eb poet dhe mbledh\u00ebs i etnosit t\u00eb zon\u00ebs s\u00eb An\u00ebs s\u00eb Malit n\u00eb Ulqin. I lindur n\u00eb fshatin Dragin\u00eb\" \/>\n<meta name=\"robots\" content=\"index, follow, max-snippet:-1, max-image-preview:large, max-video-preview:-1\" \/>\n<link rel=\"canonical\" href=\"https:\/\/www.visit-ulcinj.com\/blog\/2017\/05\/17\/hajredin-kovaci-disidenti-shpirt-artisti\/\" \/>\n<meta property=\"og:locale\" content=\"en_US\" \/>\n<meta property=\"og:type\" content=\"article\" \/>\n<meta property=\"og:title\" content=\"Hajredin Kova\u00e7i, disidenti me shpirt artisti - Lajme nga Ulqini\" \/>\n<meta property=\"og:description\" content=\"Nga Simon Shkreli Nga ish- i burgosur politik n\u00eb Mal t\u00eb Zi, n\u00eb poet dhe mbledh\u00ebs i etnosit t\u00eb zon\u00ebs s\u00eb An\u00ebs s\u00eb Malit n\u00eb Ulqin. I lindur n\u00eb fshatin Dragin\u00eb\" \/>\n<meta property=\"og:url\" content=\"https:\/\/www.visit-ulcinj.com\/blog\/2017\/05\/17\/hajredin-kovaci-disidenti-shpirt-artisti\/\" \/>\n<meta property=\"og:site_name\" content=\"Lajme nga Ulqini\" \/>\n<meta property=\"article:published_time\" content=\"2017-05-17T21:48:15+00:00\" \/>\n<meta property=\"article:modified_time\" content=\"2017-05-17T21:49:03+00:00\" \/>\n<meta name=\"twitter:label1\" content=\"Written by\" \/>\n\t<meta name=\"twitter:data1\" content=\"ulqini\" \/>\n\t<meta name=\"twitter:label2\" content=\"Est. reading time\" \/>\n\t<meta name=\"twitter:data2\" content=\"5 minutes\" \/>\n<script type=\"application\/ld+json\" class=\"yoast-schema-graph\">{\"@context\":\"https:\/\/schema.org\",\"@graph\":[{\"@type\":\"WebSite\",\"@id\":\"https:\/\/www.visit-ulcinj.com\/blog\/#website\",\"url\":\"https:\/\/www.visit-ulcinj.com\/blog\/\",\"name\":\"Lajme nga Ulqini\",\"description\":\"Lajme,Vijesti,Ulqini,Ulqin,Crna Gora,Mali i Zi\",\"potentialAction\":[{\"@type\":\"SearchAction\",\"target\":{\"@type\":\"EntryPoint\",\"urlTemplate\":\"https:\/\/www.visit-ulcinj.com\/blog\/?s={search_term_string}\"},\"query-input\":\"required name=search_term_string\"}],\"inLanguage\":\"en-US\"},{\"@type\":\"WebPage\",\"@id\":\"https:\/\/www.visit-ulcinj.com\/blog\/2017\/05\/17\/hajredin-kovaci-disidenti-shpirt-artisti\/#webpage\",\"url\":\"https:\/\/www.visit-ulcinj.com\/blog\/2017\/05\/17\/hajredin-kovaci-disidenti-shpirt-artisti\/\",\"name\":\"Hajredin Kova\u00e7i, disidenti me shpirt artisti - Lajme nga Ulqini\",\"isPartOf\":{\"@id\":\"https:\/\/www.visit-ulcinj.com\/blog\/#website\"},\"datePublished\":\"2017-05-17T21:48:15+00:00\",\"dateModified\":\"2017-05-17T21:49:03+00:00\",\"author\":{\"@id\":\"https:\/\/www.visit-ulcinj.com\/blog\/#\/schema\/person\/dcab619c614d3038751c63bc2aadc06d\"},\"description\":\"Nga Simon Shkreli Nga ish- i burgosur politik n\u00eb Mal t\u00eb Zi, n\u00eb poet dhe mbledh\u00ebs i etnosit t\u00eb zon\u00ebs s\u00eb An\u00ebs s\u00eb Malit n\u00eb Ulqin. I lindur n\u00eb fshatin Dragin\u00eb\",\"breadcrumb\":{\"@id\":\"https:\/\/www.visit-ulcinj.com\/blog\/2017\/05\/17\/hajredin-kovaci-disidenti-shpirt-artisti\/#breadcrumb\"},\"inLanguage\":\"en-US\",\"potentialAction\":[{\"@type\":\"ReadAction\",\"target\":[\"https:\/\/www.visit-ulcinj.com\/blog\/2017\/05\/17\/hajredin-kovaci-disidenti-shpirt-artisti\/\"]}]},{\"@type\":\"BreadcrumbList\",\"@id\":\"https:\/\/www.visit-ulcinj.com\/blog\/2017\/05\/17\/hajredin-kovaci-disidenti-shpirt-artisti\/#breadcrumb\",\"itemListElement\":[{\"@type\":\"ListItem\",\"position\":1,\"name\":\"Hajredin Kova\u00e7i, disidenti me shpirt artisti\"}]},{\"@type\":\"Person\",\"@id\":\"https:\/\/www.visit-ulcinj.com\/blog\/#\/schema\/person\/dcab619c614d3038751c63bc2aadc06d\",\"name\":\"ulqini\",\"sameAs\":[\"http:\/\/www.visit-ulcinj.com\"],\"url\":\"https:\/\/www.visit-ulcinj.com\/blog\/author\/admin\/\"}]}<\/script>\n<!-- \/ Yoast SEO plugin. -->","yoast_head_json":{"title":"Hajredin Kova\u00e7i, disidenti me shpirt artisti - Lajme nga Ulqini","description":"Nga Simon Shkreli Nga ish- i burgosur politik n\u00eb Mal t\u00eb Zi, n\u00eb poet dhe mbledh\u00ebs i etnosit t\u00eb zon\u00ebs s\u00eb An\u00ebs s\u00eb Malit n\u00eb Ulqin. I lindur n\u00eb fshatin Dragin\u00eb","robots":{"index":"index","follow":"follow","max-snippet":"max-snippet:-1","max-image-preview":"max-image-preview:large","max-video-preview":"max-video-preview:-1"},"canonical":"https:\/\/www.visit-ulcinj.com\/blog\/2017\/05\/17\/hajredin-kovaci-disidenti-shpirt-artisti\/","og_locale":"en_US","og_type":"article","og_title":"Hajredin Kova\u00e7i, disidenti me shpirt artisti - Lajme nga Ulqini","og_description":"Nga Simon Shkreli Nga ish- i burgosur politik n\u00eb Mal t\u00eb Zi, n\u00eb poet dhe mbledh\u00ebs i etnosit t\u00eb zon\u00ebs s\u00eb An\u00ebs s\u00eb Malit n\u00eb Ulqin. I lindur n\u00eb fshatin Dragin\u00eb","og_url":"https:\/\/www.visit-ulcinj.com\/blog\/2017\/05\/17\/hajredin-kovaci-disidenti-shpirt-artisti\/","og_site_name":"Lajme nga Ulqini","article_published_time":"2017-05-17T21:48:15+00:00","article_modified_time":"2017-05-17T21:49:03+00:00","twitter_misc":{"Written by":"ulqini","Est. reading time":"5 minutes"},"schema":{"@context":"https:\/\/schema.org","@graph":[{"@type":"WebSite","@id":"https:\/\/www.visit-ulcinj.com\/blog\/#website","url":"https:\/\/www.visit-ulcinj.com\/blog\/","name":"Lajme nga Ulqini","description":"Lajme,Vijesti,Ulqini,Ulqin,Crna Gora,Mali i Zi","potentialAction":[{"@type":"SearchAction","target":{"@type":"EntryPoint","urlTemplate":"https:\/\/www.visit-ulcinj.com\/blog\/?s={search_term_string}"},"query-input":"required name=search_term_string"}],"inLanguage":"en-US"},{"@type":"WebPage","@id":"https:\/\/www.visit-ulcinj.com\/blog\/2017\/05\/17\/hajredin-kovaci-disidenti-shpirt-artisti\/#webpage","url":"https:\/\/www.visit-ulcinj.com\/blog\/2017\/05\/17\/hajredin-kovaci-disidenti-shpirt-artisti\/","name":"Hajredin Kova\u00e7i, disidenti me shpirt artisti - Lajme nga Ulqini","isPartOf":{"@id":"https:\/\/www.visit-ulcinj.com\/blog\/#website"},"datePublished":"2017-05-17T21:48:15+00:00","dateModified":"2017-05-17T21:49:03+00:00","author":{"@id":"https:\/\/www.visit-ulcinj.com\/blog\/#\/schema\/person\/dcab619c614d3038751c63bc2aadc06d"},"description":"Nga Simon Shkreli Nga ish- i burgosur politik n\u00eb Mal t\u00eb Zi, n\u00eb poet dhe mbledh\u00ebs i etnosit t\u00eb zon\u00ebs s\u00eb An\u00ebs s\u00eb Malit n\u00eb Ulqin. I lindur n\u00eb fshatin Dragin\u00eb","breadcrumb":{"@id":"https:\/\/www.visit-ulcinj.com\/blog\/2017\/05\/17\/hajredin-kovaci-disidenti-shpirt-artisti\/#breadcrumb"},"inLanguage":"en-US","potentialAction":[{"@type":"ReadAction","target":["https:\/\/www.visit-ulcinj.com\/blog\/2017\/05\/17\/hajredin-kovaci-disidenti-shpirt-artisti\/"]}]},{"@type":"BreadcrumbList","@id":"https:\/\/www.visit-ulcinj.com\/blog\/2017\/05\/17\/hajredin-kovaci-disidenti-shpirt-artisti\/#breadcrumb","itemListElement":[{"@type":"ListItem","position":1,"name":"Hajredin Kova\u00e7i, disidenti me shpirt artisti"}]},{"@type":"Person","@id":"https:\/\/www.visit-ulcinj.com\/blog\/#\/schema\/person\/dcab619c614d3038751c63bc2aadc06d","name":"ulqini","sameAs":["http:\/\/www.visit-ulcinj.com"],"url":"https:\/\/www.visit-ulcinj.com\/blog\/author\/admin\/"}]}},"jetpack_featured_media_url":"","jetpack_sharing_enabled":true,"jetpack_shortlink":"https:\/\/wp.me\/pe6lTn-rlf","_links":{"self":[{"href":"https:\/\/www.visit-ulcinj.com\/blog\/wp-json\/wp\/v2\/posts\/105105"}],"collection":[{"href":"https:\/\/www.visit-ulcinj.com\/blog\/wp-json\/wp\/v2\/posts"}],"about":[{"href":"https:\/\/www.visit-ulcinj.com\/blog\/wp-json\/wp\/v2\/types\/post"}],"author":[{"embeddable":true,"href":"https:\/\/www.visit-ulcinj.com\/blog\/wp-json\/wp\/v2\/users\/1"}],"replies":[{"embeddable":true,"href":"https:\/\/www.visit-ulcinj.com\/blog\/wp-json\/wp\/v2\/comments?post=105105"}],"version-history":[{"count":2,"href":"https:\/\/www.visit-ulcinj.com\/blog\/wp-json\/wp\/v2\/posts\/105105\/revisions"}],"predecessor-version":[{"id":105114,"href":"https:\/\/www.visit-ulcinj.com\/blog\/wp-json\/wp\/v2\/posts\/105105\/revisions\/105114"}],"wp:attachment":[{"href":"https:\/\/www.visit-ulcinj.com\/blog\/wp-json\/wp\/v2\/media?parent=105105"}],"wp:term":[{"taxonomy":"category","embeddable":true,"href":"https:\/\/www.visit-ulcinj.com\/blog\/wp-json\/wp\/v2\/categories?post=105105"},{"taxonomy":"post_tag","embeddable":true,"href":"https:\/\/www.visit-ulcinj.com\/blog\/wp-json\/wp\/v2\/tags?post=105105"}],"curies":[{"name":"wp","href":"https:\/\/api.w.org\/{rel}","templated":true}]}}