{"id":105121,"date":"2017-05-18T22:57:27","date_gmt":"2017-05-18T21:57:27","guid":{"rendered":"http:\/\/www.visit-ulcinj.com\/blog\/?p=105121"},"modified":"2017-05-18T23:00:28","modified_gmt":"2017-05-18T22:00:28","slug":"bashoviq-punet-e-paligjshme-te-pushtetit-te-ulqinitne-heshtje","status":"publish","type":"post","link":"https:\/\/www.visit-ulcinj.com\/blog\/2017\/05\/18\/bashoviq-punet-e-paligjshme-te-pushtetit-te-ulqinitne-heshtje\/","title":{"rendered":"Bashoviq: Pun\u00ebt e paligjshme t\u00eb pushtetit t\u00eb Ulqinit n\u00eb heshtje"},"content":{"rendered":"<p><a href=\"http:\/\/www.visit-ulcinj.com\/blog\/wp-content\/uploads\/2017\/05\/Borislav-Bashoviq.jpg\"><img loading=\"lazy\" class=\"alignleft wp-image-105122 size-medium\" src=\"http:\/\/www.visit-ulcinj.com\/blog\/wp-content\/uploads\/2017\/05\/Borislav-Bashoviq-248x300.jpg\" alt=\"\" width=\"248\" height=\"300\" srcset=\"https:\/\/www.visit-ulcinj.com\/blog\/wp-content\/uploads\/2017\/05\/Borislav-Bashoviq-248x300.jpg 248w, https:\/\/www.visit-ulcinj.com\/blog\/wp-content\/uploads\/2017\/05\/Borislav-Bashoviq.jpg 298w\" sizes=\"(max-width: 248px) 100vw, 248px\" \/><\/a>K\u00ebshilltari i PDS-s\u00eb n\u00eb Kuvendin komunal t\u00eb Ulqinit Borisllav Bashoviq n\u00eb m\u00ebnyr\u00eb demonstrative ka l\u00ebshuar dje mbledhjen e parlamentit dhe ka akuzuar pushtetin lokal q\u00eb q\u00ebllimisht shmang p\u00ebrgjigjet n\u00eb pyetjet e k\u00ebshilltar\u00ebve, t\u00eb cilat kan\u00eb t\u00eb b\u00ebjn\u00eb me ligjshm\u00ebrin\u00eb e pun\u00ebs s\u00eb disa organeve t\u00eb vet\u00ebqeverisjes lokale dhe t\u00eb nd\u00ebrmarrjeve ku themelues \u00ebsht\u00eb KK i Ulqinit, raporton portali Ul.info.<\/p>\n<p>Bashoviq, si\u00e7 transmeton gazeta \u201cDan\u201d, ka th\u00ebn\u00eb se dyshon n\u00eb ligjshm\u00ebrin\u00eb e pun\u00ebs s\u00eb disa sektor\u00ebve t\u00eb pushtetit ekzekutiv, pun\u00ebt financiare dhe ndarjen e mjeteve, si dhe pun\u00ebsimin, duke i vendosur k\u00ebto n\u00eb kontekstin e keqp\u00ebrdorimeve t\u00eb mundshme me q\u00ebllime parazgjedhore.<\/p>\n<p>\u201cPerceptimi im ndaj k\u00ebsaj \u00e7\u00ebshtje \u00ebsht\u00eb q\u00eb t\u00eb d\u00ebshmoj\u00eb, sa jan\u00eb k\u00ebto veprime t\u00eb paligjshme dhe m\u00eb n\u00eb fund t\u2019i ndalim ato. Ju lutem kryetar, keni \u00e7do pyetje q\u00eb e kam shkruar dhe m\u00eb siguroni p\u00ebrgjigjet, n\u00eb m\u00ebnyr\u00eb q\u00eb t\u00eb mund t\u00eb diskutojm\u00eb n\u00eb Kuvend p\u00ebr k\u00ebt\u00eb gj\u00eb dhe t\u00eb shohim si punon ky pushtet lokal\u201d, tha ky funksionar i lart\u00eb i PDS-s\u00eb dhe l\u00ebshoi sall\u00ebn e Kuvendit.<\/p>\n","protected":false},"excerpt":{"rendered":"<p>K\u00ebshilltari i PDS-s\u00eb n\u00eb Kuvendin komunal t\u00eb Ulqinit Borisllav Bashoviq n\u00eb m\u00ebnyr\u00eb demonstrative ka l\u00ebshuar dje mbledhjen e parlamentit dhe ka akuzuar pushtetin lokal q\u00eb q\u00ebllimisht shmang p\u00ebrgjigjet n\u00eb pyetjet e k\u00ebshilltar\u00ebve, t\u00eb cilat kan\u00eb t\u00eb b\u00ebjn\u00eb me ligjshm\u00ebrin\u00eb e pun\u00ebs s\u00eb disa organeve t\u00eb vet\u00ebqeverisjes lokale dhe t\u00eb nd\u00ebrmarrjeve ku themelues \u00ebsht\u00eb KK i [&hellip;]<\/p>\n","protected":false},"author":1,"featured_media":0,"comment_status":"closed","ping_status":"closed","sticky":false,"template":"","format":"standard","meta":{"spay_email":"","jetpack_publicize_message":"","jetpack_is_tweetstorm":false,"jetpack_publicize_feature_enabled":true},"categories":[6],"tags":[],"jetpack_publicize_connections":[],"yoast_head":"<!-- This site is optimized with the Yoast SEO plugin v19.1 - https:\/\/yoast.com\/wordpress\/plugins\/seo\/ -->\n<title>Bashoviq: Pun\u00ebt e paligjshme t\u00eb pushtetit t\u00eb Ulqinit n\u00eb heshtje - Lajme nga Ulqini<\/title>\n<meta name=\"description\" content=\"K\u00ebshilltari i PDS-s\u00eb n\u00eb Kuvendin komunal t\u00eb Ulqinit Borisllav Bashoviq n\u00eb m\u00ebnyr\u00eb demonstrative ka l\u00ebshuar dje mbledhjen e parlamentit dhe ka akuzuar\" \/>\n<meta name=\"robots\" content=\"index, follow, max-snippet:-1, max-image-preview:large, max-video-preview:-1\" \/>\n<link rel=\"canonical\" href=\"https:\/\/www.visit-ulcinj.com\/blog\/2017\/05\/18\/bashoviq-punet-e-paligjshme-te-pushtetit-te-ulqinitne-heshtje\/\" \/>\n<meta property=\"og:locale\" content=\"en_US\" \/>\n<meta property=\"og:type\" content=\"article\" \/>\n<meta property=\"og:title\" content=\"Bashoviq: Pun\u00ebt e paligjshme t\u00eb pushtetit t\u00eb Ulqinit n\u00eb heshtje - Lajme nga Ulqini\" \/>\n<meta property=\"og:description\" content=\"K\u00ebshilltari i PDS-s\u00eb n\u00eb Kuvendin komunal t\u00eb Ulqinit Borisllav Bashoviq n\u00eb m\u00ebnyr\u00eb demonstrative ka l\u00ebshuar dje mbledhjen e parlamentit dhe ka akuzuar\" \/>\n<meta property=\"og:url\" content=\"https:\/\/www.visit-ulcinj.com\/blog\/2017\/05\/18\/bashoviq-punet-e-paligjshme-te-pushtetit-te-ulqinitne-heshtje\/\" \/>\n<meta property=\"og:site_name\" content=\"Lajme nga Ulqini\" \/>\n<meta property=\"article:published_time\" content=\"2017-05-18T21:57:27+00:00\" \/>\n<meta property=\"article:modified_time\" content=\"2017-05-18T22:00:28+00:00\" \/>\n<meta property=\"og:image\" content=\"http:\/\/www.visit-ulcinj.com\/blog\/wp-content\/uploads\/2017\/05\/Borislav-Bashoviq-248x300.jpg\" \/>\n<meta name=\"twitter:label1\" content=\"Written by\" \/>\n\t<meta name=\"twitter:data1\" content=\"ulqini\" \/>\n\t<meta name=\"twitter:label2\" content=\"Est. reading time\" \/>\n\t<meta name=\"twitter:data2\" content=\"1 minute\" \/>\n<script type=\"application\/ld+json\" class=\"yoast-schema-graph\">{\"@context\":\"https:\/\/schema.org\",\"@graph\":[{\"@type\":\"WebSite\",\"@id\":\"https:\/\/www.visit-ulcinj.com\/blog\/#website\",\"url\":\"https:\/\/www.visit-ulcinj.com\/blog\/\",\"name\":\"Lajme nga Ulqini\",\"description\":\"Lajme,Vijesti,Ulqini,Ulqin,Crna Gora,Mali i Zi\",\"potentialAction\":[{\"@type\":\"SearchAction\",\"target\":{\"@type\":\"EntryPoint\",\"urlTemplate\":\"https:\/\/www.visit-ulcinj.com\/blog\/?s={search_term_string}\"},\"query-input\":\"required name=search_term_string\"}],\"inLanguage\":\"en-US\"},{\"@type\":\"ImageObject\",\"inLanguage\":\"en-US\",\"@id\":\"https:\/\/www.visit-ulcinj.com\/blog\/2017\/05\/18\/bashoviq-punet-e-paligjshme-te-pushtetit-te-ulqinitne-heshtje\/#primaryimage\",\"url\":\"https:\/\/www.visit-ulcinj.com\/blog\/wp-content\/uploads\/2017\/05\/Borislav-Bashoviq.jpg\",\"contentUrl\":\"https:\/\/www.visit-ulcinj.com\/blog\/wp-content\/uploads\/2017\/05\/Borislav-Bashoviq.jpg\",\"width\":298,\"height\":360},{\"@type\":\"WebPage\",\"@id\":\"https:\/\/www.visit-ulcinj.com\/blog\/2017\/05\/18\/bashoviq-punet-e-paligjshme-te-pushtetit-te-ulqinitne-heshtje\/#webpage\",\"url\":\"https:\/\/www.visit-ulcinj.com\/blog\/2017\/05\/18\/bashoviq-punet-e-paligjshme-te-pushtetit-te-ulqinitne-heshtje\/\",\"name\":\"Bashoviq: Pun\u00ebt e paligjshme t\u00eb pushtetit t\u00eb Ulqinit n\u00eb heshtje - Lajme nga Ulqini\",\"isPartOf\":{\"@id\":\"https:\/\/www.visit-ulcinj.com\/blog\/#website\"},\"primaryImageOfPage\":{\"@id\":\"https:\/\/www.visit-ulcinj.com\/blog\/2017\/05\/18\/bashoviq-punet-e-paligjshme-te-pushtetit-te-ulqinitne-heshtje\/#primaryimage\"},\"datePublished\":\"2017-05-18T21:57:27+00:00\",\"dateModified\":\"2017-05-18T22:00:28+00:00\",\"author\":{\"@id\":\"https:\/\/www.visit-ulcinj.com\/blog\/#\/schema\/person\/dcab619c614d3038751c63bc2aadc06d\"},\"description\":\"K\u00ebshilltari i PDS-s\u00eb n\u00eb Kuvendin komunal t\u00eb Ulqinit Borisllav Bashoviq n\u00eb m\u00ebnyr\u00eb demonstrative ka l\u00ebshuar dje mbledhjen e parlamentit dhe ka akuzuar\",\"breadcrumb\":{\"@id\":\"https:\/\/www.visit-ulcinj.com\/blog\/2017\/05\/18\/bashoviq-punet-e-paligjshme-te-pushtetit-te-ulqinitne-heshtje\/#breadcrumb\"},\"inLanguage\":\"en-US\",\"potentialAction\":[{\"@type\":\"ReadAction\",\"target\":[\"https:\/\/www.visit-ulcinj.com\/blog\/2017\/05\/18\/bashoviq-punet-e-paligjshme-te-pushtetit-te-ulqinitne-heshtje\/\"]}]},{\"@type\":\"BreadcrumbList\",\"@id\":\"https:\/\/www.visit-ulcinj.com\/blog\/2017\/05\/18\/bashoviq-punet-e-paligjshme-te-pushtetit-te-ulqinitne-heshtje\/#breadcrumb\",\"itemListElement\":[{\"@type\":\"ListItem\",\"position\":1,\"name\":\"Bashoviq: Pun\u00ebt e paligjshme t\u00eb pushtetit t\u00eb Ulqinit n\u00eb heshtje\"}]},{\"@type\":\"Person\",\"@id\":\"https:\/\/www.visit-ulcinj.com\/blog\/#\/schema\/person\/dcab619c614d3038751c63bc2aadc06d\",\"name\":\"ulqini\",\"sameAs\":[\"http:\/\/www.visit-ulcinj.com\"],\"url\":\"https:\/\/www.visit-ulcinj.com\/blog\/author\/admin\/\"}]}<\/script>\n<!-- \/ Yoast SEO plugin. -->","yoast_head_json":{"title":"Bashoviq: Pun\u00ebt e paligjshme t\u00eb pushtetit t\u00eb Ulqinit n\u00eb heshtje - Lajme nga Ulqini","description":"K\u00ebshilltari i PDS-s\u00eb n\u00eb Kuvendin komunal t\u00eb Ulqinit Borisllav Bashoviq n\u00eb m\u00ebnyr\u00eb demonstrative ka l\u00ebshuar dje mbledhjen e parlamentit dhe ka akuzuar","robots":{"index":"index","follow":"follow","max-snippet":"max-snippet:-1","max-image-preview":"max-image-preview:large","max-video-preview":"max-video-preview:-1"},"canonical":"https:\/\/www.visit-ulcinj.com\/blog\/2017\/05\/18\/bashoviq-punet-e-paligjshme-te-pushtetit-te-ulqinitne-heshtje\/","og_locale":"en_US","og_type":"article","og_title":"Bashoviq: Pun\u00ebt e paligjshme t\u00eb pushtetit t\u00eb Ulqinit n\u00eb heshtje - Lajme nga Ulqini","og_description":"K\u00ebshilltari i PDS-s\u00eb n\u00eb Kuvendin komunal t\u00eb Ulqinit Borisllav Bashoviq n\u00eb m\u00ebnyr\u00eb demonstrative ka l\u00ebshuar dje mbledhjen e parlamentit dhe ka akuzuar","og_url":"https:\/\/www.visit-ulcinj.com\/blog\/2017\/05\/18\/bashoviq-punet-e-paligjshme-te-pushtetit-te-ulqinitne-heshtje\/","og_site_name":"Lajme nga Ulqini","article_published_time":"2017-05-18T21:57:27+00:00","article_modified_time":"2017-05-18T22:00:28+00:00","og_image":[{"url":"http:\/\/www.visit-ulcinj.com\/blog\/wp-content\/uploads\/2017\/05\/Borislav-Bashoviq-248x300.jpg"}],"twitter_misc":{"Written by":"ulqini","Est. reading time":"1 minute"},"schema":{"@context":"https:\/\/schema.org","@graph":[{"@type":"WebSite","@id":"https:\/\/www.visit-ulcinj.com\/blog\/#website","url":"https:\/\/www.visit-ulcinj.com\/blog\/","name":"Lajme nga Ulqini","description":"Lajme,Vijesti,Ulqini,Ulqin,Crna Gora,Mali i Zi","potentialAction":[{"@type":"SearchAction","target":{"@type":"EntryPoint","urlTemplate":"https:\/\/www.visit-ulcinj.com\/blog\/?s={search_term_string}"},"query-input":"required name=search_term_string"}],"inLanguage":"en-US"},{"@type":"ImageObject","inLanguage":"en-US","@id":"https:\/\/www.visit-ulcinj.com\/blog\/2017\/05\/18\/bashoviq-punet-e-paligjshme-te-pushtetit-te-ulqinitne-heshtje\/#primaryimage","url":"https:\/\/www.visit-ulcinj.com\/blog\/wp-content\/uploads\/2017\/05\/Borislav-Bashoviq.jpg","contentUrl":"https:\/\/www.visit-ulcinj.com\/blog\/wp-content\/uploads\/2017\/05\/Borislav-Bashoviq.jpg","width":298,"height":360},{"@type":"WebPage","@id":"https:\/\/www.visit-ulcinj.com\/blog\/2017\/05\/18\/bashoviq-punet-e-paligjshme-te-pushtetit-te-ulqinitne-heshtje\/#webpage","url":"https:\/\/www.visit-ulcinj.com\/blog\/2017\/05\/18\/bashoviq-punet-e-paligjshme-te-pushtetit-te-ulqinitne-heshtje\/","name":"Bashoviq: Pun\u00ebt e paligjshme t\u00eb pushtetit t\u00eb Ulqinit n\u00eb heshtje - Lajme nga Ulqini","isPartOf":{"@id":"https:\/\/www.visit-ulcinj.com\/blog\/#website"},"primaryImageOfPage":{"@id":"https:\/\/www.visit-ulcinj.com\/blog\/2017\/05\/18\/bashoviq-punet-e-paligjshme-te-pushtetit-te-ulqinitne-heshtje\/#primaryimage"},"datePublished":"2017-05-18T21:57:27+00:00","dateModified":"2017-05-18T22:00:28+00:00","author":{"@id":"https:\/\/www.visit-ulcinj.com\/blog\/#\/schema\/person\/dcab619c614d3038751c63bc2aadc06d"},"description":"K\u00ebshilltari i PDS-s\u00eb n\u00eb Kuvendin komunal t\u00eb Ulqinit Borisllav Bashoviq n\u00eb m\u00ebnyr\u00eb demonstrative ka l\u00ebshuar dje mbledhjen e parlamentit dhe ka akuzuar","breadcrumb":{"@id":"https:\/\/www.visit-ulcinj.com\/blog\/2017\/05\/18\/bashoviq-punet-e-paligjshme-te-pushtetit-te-ulqinitne-heshtje\/#breadcrumb"},"inLanguage":"en-US","potentialAction":[{"@type":"ReadAction","target":["https:\/\/www.visit-ulcinj.com\/blog\/2017\/05\/18\/bashoviq-punet-e-paligjshme-te-pushtetit-te-ulqinitne-heshtje\/"]}]},{"@type":"BreadcrumbList","@id":"https:\/\/www.visit-ulcinj.com\/blog\/2017\/05\/18\/bashoviq-punet-e-paligjshme-te-pushtetit-te-ulqinitne-heshtje\/#breadcrumb","itemListElement":[{"@type":"ListItem","position":1,"name":"Bashoviq: Pun\u00ebt e paligjshme t\u00eb pushtetit t\u00eb Ulqinit n\u00eb heshtje"}]},{"@type":"Person","@id":"https:\/\/www.visit-ulcinj.com\/blog\/#\/schema\/person\/dcab619c614d3038751c63bc2aadc06d","name":"ulqini","sameAs":["http:\/\/www.visit-ulcinj.com"],"url":"https:\/\/www.visit-ulcinj.com\/blog\/author\/admin\/"}]}},"jetpack_featured_media_url":"","jetpack_sharing_enabled":true,"jetpack_shortlink":"https:\/\/wp.me\/pe6lTn-rlv","_links":{"self":[{"href":"https:\/\/www.visit-ulcinj.com\/blog\/wp-json\/wp\/v2\/posts\/105121"}],"collection":[{"href":"https:\/\/www.visit-ulcinj.com\/blog\/wp-json\/wp\/v2\/posts"}],"about":[{"href":"https:\/\/www.visit-ulcinj.com\/blog\/wp-json\/wp\/v2\/types\/post"}],"author":[{"embeddable":true,"href":"https:\/\/www.visit-ulcinj.com\/blog\/wp-json\/wp\/v2\/users\/1"}],"replies":[{"embeddable":true,"href":"https:\/\/www.visit-ulcinj.com\/blog\/wp-json\/wp\/v2\/comments?post=105121"}],"version-history":[{"count":3,"href":"https:\/\/www.visit-ulcinj.com\/blog\/wp-json\/wp\/v2\/posts\/105121\/revisions"}],"predecessor-version":[{"id":105125,"href":"https:\/\/www.visit-ulcinj.com\/blog\/wp-json\/wp\/v2\/posts\/105121\/revisions\/105125"}],"wp:attachment":[{"href":"https:\/\/www.visit-ulcinj.com\/blog\/wp-json\/wp\/v2\/media?parent=105121"}],"wp:term":[{"taxonomy":"category","embeddable":true,"href":"https:\/\/www.visit-ulcinj.com\/blog\/wp-json\/wp\/v2\/categories?post=105121"},{"taxonomy":"post_tag","embeddable":true,"href":"https:\/\/www.visit-ulcinj.com\/blog\/wp-json\/wp\/v2\/tags?post=105121"}],"curies":[{"name":"wp","href":"https:\/\/api.w.org\/{rel}","templated":true}]}}