{"id":105126,"date":"2017-05-18T23:03:24","date_gmt":"2017-05-18T22:03:24","guid":{"rendered":"http:\/\/www.visit-ulcinj.com\/blog\/?p=105126"},"modified":"2017-05-18T23:03:47","modified_gmt":"2017-05-18T22:03:47","slug":"osmani-dhuna-ne-familje-semundje-e-shoqerise","status":"publish","type":"post","link":"https:\/\/www.visit-ulcinj.com\/blog\/2017\/05\/18\/osmani-dhuna-ne-familje-semundje-e-shoqerise\/","title":{"rendered":"Osmani: Dhuna n\u00eb familje, s\u00ebmundje e shoq\u00ebris\u00eb"},"content":{"rendered":"<p><strong>\u00a0\u00a0 <a href=\"http:\/\/www.visit-ulcinj.com\/blog\/wp-content\/uploads\/2017\/03\/Qani-Osmani-Ulqin.jpg\"><img loading=\"lazy\" class=\"alignleft wp-image-103327 size-medium\" src=\"http:\/\/www.visit-ulcinj.com\/blog\/wp-content\/uploads\/2017\/03\/Qani-Osmani-Ulqin-227x300.jpg\" alt=\"\" width=\"227\" height=\"300\" srcset=\"https:\/\/www.visit-ulcinj.com\/blog\/wp-content\/uploads\/2017\/03\/Qani-Osmani-Ulqin-227x300.jpg 227w, https:\/\/www.visit-ulcinj.com\/blog\/wp-content\/uploads\/2017\/03\/Qani-Osmani-Ulqin.jpg 448w\" sizes=\"(max-width: 227px) 100vw, 227px\" \/><\/a>Dhuna n\u00eb familje shikuar historikisht ka qen\u00eb e pranishme n\u00eb t\u00eb gjitha formacionet shoq\u00ebrore-ekonomike. Prandaj, k\u00ebtij problem i nevoitet<\/strong><strong> nj\u00eb p\u00ebrkushtim serioz dhe i matur. Shqyrtymi i problemit t\u00eb dhun\u00ebs n\u00eb familje \u00ebsht\u00eb \u00e7\u00ebshtje shum\u00eb e ndjeshme, sepse r\u00ebndom b\u00ebhen p\u00ebrpjekje q\u00eb problemet familjare t\u00eb zgjidhen brenda vet\u00eb familjes, me faktin real se familja konsiderohet si di\u00e7ka e shenjt\u00eb.<\/strong><\/p>\n<p><strong>\u00a0\u00a0\u00a0\u00a0\u00a0\u00a0\u00a0\u00a0\u00a0\u00a0\u00a0 <\/strong><strong>Qani\u00a0 Osmani<\/strong><\/p>\n<p>Dhuna n\u00eb familje \u00ebsht\u00eb nj\u00eb problem, p\u00ebr t\u00eb cilin n\u00eb bot\u00ebn bashk\u00ebkohore kan\u00eb filluar t\u00eb b\u00ebhen studime, me q\u00ebllim t\u00eb mir\u00eb, n\u00eb m\u00ebnyr\u00eb q\u00eb p\u00ebrmes t\u00eb dh\u00ebnave q\u00eb ofrojn\u00eb k\u00ebto studime, t\u00eb gjenden masa ligjore adekuate p\u00ebr parandalimin dhe eliminimin e k\u00ebsaj dukurie. Dhuna n\u00eb familje \u00ebsht\u00eb nj\u00eb problem global dhe prek t\u00eb gjitha shtresat e popullsis\u00eb, t\u00eb rinj dhe t\u00eb moshuar, t\u00eb arsimuar apo analfabet\u00eb, t\u00eb martuar apo beqar\u00eb, prek \u00e7do komb\u00ebsi, klas\u00eb, race, apo grup etnik.<\/p>\n<p>N\u00eb shoq\u00ebrin\u00eb ton\u00eb ky fenomen \u00ebsht\u00eb shum\u00eb shqet\u00ebsues nga vet\u00eb fakti se familja \u00ebsht\u00eb studiuar nga shum\u00eb aspekte, si ai juridik, sociologjik, etik etj. Mir\u00ebpo, k\u00ebtij institucioni aq t\u00eb r\u00ebnd\u00ebsish\u00ebm n\u00eb shoq\u00ebri nuk i \u00ebsht\u00eb qasur sa duhet n\u00eb drejtim t\u00eb hetimit t\u00eb dhun\u00ebs n\u00eb familje. Pra, p\u00ebr ta njohur problemin e dhun\u00ebs n\u00eb familje, ka logjik\u00eb q\u00eb s\u00eb pari duhet ta njohim mir\u00eb familjen dhe se lidhur me k\u00ebt\u00eb lind pyetja pse familja \u00ebsht\u00eb institucion qendror n\u00eb shoq\u00ebri?<\/p>\n<p>P\u00ebrgjigjja nuk k\u00ebrkon ndonj\u00eb p\u00ebrkufizim shkencor, sepse \u00ebsht\u00eb nj\u00eb p\u00ebrgjigje e leht\u00eb dhe besoj \u00e7do njeri mund ta definoj\u00eb leht\u00eb. Njeriu lind, rritet, zhvillohet dhe vdes n\u00eb familje. S\u00eb k\u00ebndejmi, familja \u00ebsht\u00eb institucioni m\u00eb i af\u00ebrt, m\u00eb dashur dhe m\u00eb i ndjesh\u00ebm rreth t\u00eb cilit sillet shoq\u00ebria njer\u00ebzore dhe mu nga r\u00ebnd\u00ebsia e saj, me t\u00eb drejt\u00eb quhet qeliza e shoq\u00ebris\u00eb.<\/p>\n<p>N\u00eb k\u00ebt\u00eb institucion ndodhin momentet m\u00eb t\u00eb r\u00ebnd\u00ebsishme n\u00eb jet\u00ebn e individit si: \u00e7aste g\u00ebzimi (lindja, martesa), respekti, dashuria, ngushllimi etj. Familja p\u00ebrkufizohet si grup themelor shoq\u00ebror i njer\u00ebzve, t\u00eb lidhur me martes\u00eb dhe gjini, midis t\u00eb cil\u00ebve ekzistojn\u00eb t\u00eb drejta dhe detyrime t\u00eb parashikuara me ligj. Shoq\u00ebria formohet nga familjet dhe raporti i shoq\u00ebris\u00eb me familjen \u00ebsht\u00eb i drejtp\u00ebrdrejt\u00eb dhe shum\u00ebfish nd\u00ebrvarur. Bashk\u00ebshort\u00ebt, dometh\u00ebn\u00eb gruaja dhe burri, z\u00ebn\u00eb pjes\u00ebn qendrore n\u00eb familje, prandaj raporti mes tyre vulos edhe raportet e tjera tek pasardh\u00ebsit. Midis an\u00ebtar\u00ebve t\u00eb familjes ka t\u00eb drejta dhe detyrime t\u00eb ndryshme t\u00eb p\u00ebrcaktuara me ligj. Raporti i k\u00ebtyre t\u00eb drejtave dhe detyrimeve ndryshon var\u00ebsisht nga af\u00ebrsia q\u00eb ekziston nd\u00ebrmjet tyre, si, p\u00ebr shembull, dallon ajo e prind\u00ebrve ndaj f\u00ebmij\u00ebve, apo ndaj prind\u00ebrve t\u00eb tyre t\u00eb moshuar, n\u00eb krahasim me v\u00ebllez\u00ebrit apo motrat e rritura, raporti i nuses me vjehrrit, ose familjen e burrit e raporte t\u00eb tjera.<\/p>\n<p><strong>Format e dhun\u00ebs n\u00eb shoq\u00ebrin\u00eb ton\u00eb<\/strong><\/p>\n<p>Duke i analizuar t\u00eb gjitha k\u00ebto raporte t\u00eb r\u00ebnd\u00ebsishme, mund t\u00eb konstatojm\u00eb me t\u00eb drejt\u00eb se dhuna n\u00eb familje paraqet nj\u00eb krim serioz, q\u00eb b\u00ebn pjes\u00eb n\u00eb krimet e p\u00ebrgjithshme kund\u00ebr njeriut. Personi i cili p\u00ebson dhun\u00eb n\u00eb brenda familjes, nuk \u00ebsht\u00eb n\u00eb gjendje t\u00eb kontriboj n\u00eb shoq\u00ebri. Prandaj, organet zbatuese t\u00eb ligjit nuk guxojn\u00eb t\u00eb jen\u00eb tolerante dhe t\u00eb lejojn\u00eb dhun\u00eb, ngaq\u00eb \u00e7do njeri \u00ebsht\u00eb i lidhur me familjen.<\/p>\n<p>Dhuna n\u00eb familje koh\u00ebt e fundit ka filluar t\u00eb raportohet, dhe ky raportim i till\u00eb sa vjen e rritet, gj\u00eb q\u00eb flet p\u00ebr nj\u00eb ngritje t\u00eb vet\u00ebdijes s\u00eb personave q\u00eb p\u00ebrjetojn\u00eb dhun\u00ebn, sidomos t\u00eb femrave, sepse ato ose ata jan\u00eb t\u00eb vet\u00ebdijsh\u00ebm se p\u00ebr asnj\u00eb veprim t\u00eb pap\u00eblqyer nuk mund t\u00eb nd\u00ebshkohen me masa dhune nga an\u00ebtari i familjes. Nj\u00eb arsye tjet\u00ebr i raportimit t\u00eb dhun\u00ebs n\u00eb organet e drejt\u00ebsis\u00eb, t\u00eb policis\u00eb dhe OJQ (t\u00eb cilat kan\u00eb dh\u00ebn\u00eb nj\u00eb kontribut t\u00eb r\u00ebnd\u00ebsish\u00ebm), \u00ebsht\u00eb se praktika ka treguar q\u00eb ato viktima mbrohen n\u00eb m\u00ebnyr\u00eb t\u00eb duhur dhe efikase, si dhe kryer\u00ebsit e k\u00ebsaj dhune arrestohen dhe m\u00eb pas u n\u00ebnshtrohen sanksioneve ligjore.<\/p>\n<p>N\u00eb shoq\u00ebrin\u00eb ton\u00eb n\u00eb praktik\u00eb del edhe problemi i ndarjes s\u00eb formave t\u00eb dhun\u00ebs n\u00eb familje, sepse r\u00ebndom k\u00ebto paraqiten n\u00eb t\u00eb njejt\u00ebn koh\u00eb t\u00eb gjitha, apo disa nga to (fizike, psikike, emocionale). Disa nga format e dhun\u00ebs n\u00eb familjet tona jan\u00eb: dhuna fizike, dhuna psikike, keqtrajtimet emocionale, mbyllja e dhunshme, ngacmimi, l\u00ebnia e f\u00ebmij\u00ebs pas dore, trazimi, pengimi i partnerit t\u00eb ndar\u00eb p\u00ebr t\u2019u takuar me f\u00ebmij\u00ebn e saj, apo t\u00eb tij.<\/p>\n<p>Te ne \u00ebsht\u00eb shum\u00eb e shprehur dhe e raportuar dhuna fizike, madje kemi edhe p\u00ebrfundime tragjike: vrasje, shtytje n\u00eb vet\u00ebvrasje (ose vrasje me inskenim t\u00eb vet\u00ebvrasjes), tentim vrasjeje me arm\u00eb zjarri, therje me thik\u00eb, duke b\u00ebr\u00eb nj\u00eb k\u00ebnaq\u00ebsi shtazarake n\u00eb trupin e gruas n\u00eb prani t\u00eb f\u00ebmij\u00ebs, shkulje flok\u00ebsh, l\u00ebndime n\u00eb fytyr\u00eb, l\u00ebndime trupore, duke e akuzuar viktim\u00ebn si t\u00eb s\u00ebmur\u00eb psikike, rrahje t\u00eb vazhdueshme duke e detyruar viktim\u00ebn t\u00eb pranoj\u00eb edhe at\u00eb q\u00eb s\u2019e ka b\u00ebr\u00eb etj. K\u00ebt\u00eb dhun\u00eb q\u00eb p\u00ebrmend\u00ebm m\u00eb lart\u00eb n\u00eb t\u00eb shumt\u00ebn e rasteve e kryen: burri, babai, v\u00ebllai, vjehrri, kunati, djali, xhaxhai,daja etj.<\/p>\n<p><strong>Edhe femrat ushtrojn\u00eb dhun\u00eb<\/strong><\/p>\n<p>Mir\u00ebpo, praktika ka treguar se edhe femrat shpesh jan\u00eb ato q\u00eb shkaktojn\u00eb dhun\u00eb n\u00eb familje, si, p\u00ebr shembull- ndaj pleqve, sidomos tash kur nuk kan\u00eb edhe aq p\u00ebrkrahje materiale nga shteti, me t\u00eb cil\u00ebt u jan\u00eb l\u00ebn\u00eb n\u00eb p\u00ebrkujdesje djemve, vajzave apo bashkshorteve t\u00eb djemve, nipave dhe mbesave, duke shkaktuar k\u00ebshtu nj\u00eb keqtrajtim emocional dhe nj\u00eb dhun\u00eb t\u00eb pap\u00ebrshkruar psikike. Ka raste kur edhe femrat b\u00ebjn\u00eb dhun\u00eb ndaj femr\u00ebs, p\u00ebr shembull-vjehrrat ndaj nuseve, motra ndaj bashshortes s\u00eb v\u00ebllait, nuset ndaj vjehrrave, ndaj motrave t\u00eb burrit (kjo dhun\u00eb \u00ebsht\u00eb reciproke)<\/p>\n<p>Kemi raste kur edhe femrat ushtrojn\u00eb dhun\u00eb ndaj mashkullit. P\u00ebr shembull, gruaja me t\u00eb lindur t\u00eb f\u00ebmij\u00ebs, e konsideron veten si pjes\u00eb qendrore t\u00eb sht\u00ebpis\u00eb, k\u00ebshtu q\u00eb prania e antar\u00ebve t\u00eb tjera t\u00eb familjes s\u00eb burrit (prind\u00ebrve, v\u00ebllez\u00ebrve, motrave etj) konsiderohen si penges\u00eb n\u00eb jet\u00ebn e tyre.<\/p>\n<p>Shkaqet e shtyrjes p\u00ebr t\u00eb b\u00ebr\u00eb dhun\u00eb jan\u00eb t\u00eb shumta si: problemet ekonomike, familjet e m\u00ebdha, edukata patriakale, \u00e7\u00ebshtja e moszgjidhjes s\u00eb banimit, frika nga pasiguria ekonomike, moslejimi i avancimit t\u00eb personave me aft\u00ebsi t\u00eb ngritura n\u00eb familje, jetesa e p\u00ebrbashk\u00ebt bashk\u00ebshortore pa lidhje t\u00eb kuror\u00ebs etj..etj.<\/p>\n<p>Duke ardhur n\u00eb p\u00ebrfundim mund t\u00eb themi lirisht\u00eb se dhuna n\u00eb familje \u00ebsht\u00eb nj\u00eb s\u00ebmundje e madhe p\u00ebr shoq\u00ebrin\u00eb, n\u00eb p\u00ebrgjith\u00ebsi, dhe p\u00ebr shoq\u00ebrin\u00eb shqiptare n\u00eb ve\u00e7anti, konsiderojm\u00eb\u00a0 se funksionimi efikas i mekanizmave kompetent\u00eb \u00ebsht\u00eb nj\u00eb hap parandalues kund\u00ebr dhun\u00ebs n\u00eb familje, duke p\u00ebrsosur dhe implementuar masat represive me q\u00ebllim t\u00eb parandalimit dhe luftimit t\u00eb k\u00ebsaj dukurie negative.<\/p>\n","protected":false},"excerpt":{"rendered":"<p>\u00a0\u00a0 Dhuna n\u00eb familje shikuar historikisht ka qen\u00eb e pranishme n\u00eb t\u00eb gjitha formacionet shoq\u00ebrore-ekonomike. Prandaj, k\u00ebtij problem i nevoitet nj\u00eb p\u00ebrkushtim serioz dhe i matur. Shqyrtymi i problemit t\u00eb dhun\u00ebs n\u00eb familje \u00ebsht\u00eb \u00e7\u00ebshtje shum\u00eb e ndjeshme, sepse r\u00ebndom b\u00ebhen p\u00ebrpjekje q\u00eb problemet familjare t\u00eb zgjidhen brenda vet\u00eb familjes, me faktin real se familja [&hellip;]<\/p>\n","protected":false},"author":1,"featured_media":0,"comment_status":"closed","ping_status":"closed","sticky":false,"template":"","format":"standard","meta":{"spay_email":"","jetpack_publicize_message":"","jetpack_is_tweetstorm":false,"jetpack_publicize_feature_enabled":true},"categories":[11],"tags":[],"jetpack_publicize_connections":[],"yoast_head":"<!-- This site is optimized with the Yoast SEO plugin v19.1 - https:\/\/yoast.com\/wordpress\/plugins\/seo\/ -->\n<title>Osmani: Dhuna n\u00eb familje, s\u00ebmundje e shoq\u00ebris\u00eb - Lajme nga Ulqini<\/title>\n<meta name=\"description\" content=\"\u00a0\u00a0 Dhuna n\u00eb familje shikuar historikisht ka qen\u00eb e pranishme n\u00eb t\u00eb gjitha formacionet shoq\u00ebrore-ekonomike. Prandaj, k\u00ebtij problem i nevoitet nj\u00eb\" \/>\n<meta name=\"robots\" content=\"index, follow, max-snippet:-1, max-image-preview:large, max-video-preview:-1\" \/>\n<link rel=\"canonical\" href=\"https:\/\/www.visit-ulcinj.com\/blog\/2017\/05\/18\/osmani-dhuna-ne-familje-semundje-e-shoqerise\/\" \/>\n<meta property=\"og:locale\" content=\"en_US\" \/>\n<meta property=\"og:type\" content=\"article\" \/>\n<meta property=\"og:title\" content=\"Osmani: Dhuna n\u00eb familje, s\u00ebmundje e shoq\u00ebris\u00eb - Lajme nga Ulqini\" \/>\n<meta property=\"og:description\" content=\"\u00a0\u00a0 Dhuna n\u00eb familje shikuar historikisht ka qen\u00eb e pranishme n\u00eb t\u00eb gjitha formacionet shoq\u00ebrore-ekonomike. Prandaj, k\u00ebtij problem i nevoitet nj\u00eb\" \/>\n<meta property=\"og:url\" content=\"https:\/\/www.visit-ulcinj.com\/blog\/2017\/05\/18\/osmani-dhuna-ne-familje-semundje-e-shoqerise\/\" \/>\n<meta property=\"og:site_name\" content=\"Lajme nga Ulqini\" \/>\n<meta property=\"article:published_time\" content=\"2017-05-18T22:03:24+00:00\" \/>\n<meta property=\"article:modified_time\" content=\"2017-05-18T22:03:47+00:00\" \/>\n<meta property=\"og:image\" content=\"http:\/\/www.visit-ulcinj.com\/blog\/wp-content\/uploads\/2017\/03\/Qani-Osmani-Ulqin-227x300.jpg\" \/>\n<meta name=\"twitter:label1\" content=\"Written by\" \/>\n\t<meta name=\"twitter:data1\" content=\"ulqini\" \/>\n\t<meta name=\"twitter:label2\" content=\"Est. reading time\" \/>\n\t<meta name=\"twitter:data2\" content=\"6 minutes\" \/>\n<script type=\"application\/ld+json\" class=\"yoast-schema-graph\">{\"@context\":\"https:\/\/schema.org\",\"@graph\":[{\"@type\":\"WebSite\",\"@id\":\"https:\/\/www.visit-ulcinj.com\/blog\/#website\",\"url\":\"https:\/\/www.visit-ulcinj.com\/blog\/\",\"name\":\"Lajme nga Ulqini\",\"description\":\"Lajme,Vijesti,Ulqini,Ulqin,Crna Gora,Mali i Zi\",\"potentialAction\":[{\"@type\":\"SearchAction\",\"target\":{\"@type\":\"EntryPoint\",\"urlTemplate\":\"https:\/\/www.visit-ulcinj.com\/blog\/?s={search_term_string}\"},\"query-input\":\"required name=search_term_string\"}],\"inLanguage\":\"en-US\"},{\"@type\":\"ImageObject\",\"inLanguage\":\"en-US\",\"@id\":\"https:\/\/www.visit-ulcinj.com\/blog\/2017\/05\/18\/osmani-dhuna-ne-familje-semundje-e-shoqerise\/#primaryimage\",\"url\":\"https:\/\/www.visit-ulcinj.com\/blog\/wp-content\/uploads\/2017\/03\/Qani-Osmani-Ulqin.jpg\",\"contentUrl\":\"https:\/\/www.visit-ulcinj.com\/blog\/wp-content\/uploads\/2017\/03\/Qani-Osmani-Ulqin.jpg\",\"width\":448,\"height\":591},{\"@type\":\"WebPage\",\"@id\":\"https:\/\/www.visit-ulcinj.com\/blog\/2017\/05\/18\/osmani-dhuna-ne-familje-semundje-e-shoqerise\/#webpage\",\"url\":\"https:\/\/www.visit-ulcinj.com\/blog\/2017\/05\/18\/osmani-dhuna-ne-familje-semundje-e-shoqerise\/\",\"name\":\"Osmani: Dhuna n\u00eb familje, s\u00ebmundje e shoq\u00ebris\u00eb - Lajme nga Ulqini\",\"isPartOf\":{\"@id\":\"https:\/\/www.visit-ulcinj.com\/blog\/#website\"},\"primaryImageOfPage\":{\"@id\":\"https:\/\/www.visit-ulcinj.com\/blog\/2017\/05\/18\/osmani-dhuna-ne-familje-semundje-e-shoqerise\/#primaryimage\"},\"datePublished\":\"2017-05-18T22:03:24+00:00\",\"dateModified\":\"2017-05-18T22:03:47+00:00\",\"author\":{\"@id\":\"https:\/\/www.visit-ulcinj.com\/blog\/#\/schema\/person\/dcab619c614d3038751c63bc2aadc06d\"},\"description\":\"\u00a0\u00a0 Dhuna n\u00eb familje shikuar historikisht ka qen\u00eb e pranishme n\u00eb t\u00eb gjitha formacionet shoq\u00ebrore-ekonomike. Prandaj, k\u00ebtij problem i nevoitet nj\u00eb\",\"breadcrumb\":{\"@id\":\"https:\/\/www.visit-ulcinj.com\/blog\/2017\/05\/18\/osmani-dhuna-ne-familje-semundje-e-shoqerise\/#breadcrumb\"},\"inLanguage\":\"en-US\",\"potentialAction\":[{\"@type\":\"ReadAction\",\"target\":[\"https:\/\/www.visit-ulcinj.com\/blog\/2017\/05\/18\/osmani-dhuna-ne-familje-semundje-e-shoqerise\/\"]}]},{\"@type\":\"BreadcrumbList\",\"@id\":\"https:\/\/www.visit-ulcinj.com\/blog\/2017\/05\/18\/osmani-dhuna-ne-familje-semundje-e-shoqerise\/#breadcrumb\",\"itemListElement\":[{\"@type\":\"ListItem\",\"position\":1,\"name\":\"Osmani: Dhuna n\u00eb familje, s\u00ebmundje e shoq\u00ebris\u00eb\"}]},{\"@type\":\"Person\",\"@id\":\"https:\/\/www.visit-ulcinj.com\/blog\/#\/schema\/person\/dcab619c614d3038751c63bc2aadc06d\",\"name\":\"ulqini\",\"sameAs\":[\"http:\/\/www.visit-ulcinj.com\"],\"url\":\"https:\/\/www.visit-ulcinj.com\/blog\/author\/admin\/\"}]}<\/script>\n<!-- \/ Yoast SEO plugin. -->","yoast_head_json":{"title":"Osmani: Dhuna n\u00eb familje, s\u00ebmundje e shoq\u00ebris\u00eb - Lajme nga Ulqini","description":"\u00a0\u00a0 Dhuna n\u00eb familje shikuar historikisht ka qen\u00eb e pranishme n\u00eb t\u00eb gjitha formacionet shoq\u00ebrore-ekonomike. Prandaj, k\u00ebtij problem i nevoitet nj\u00eb","robots":{"index":"index","follow":"follow","max-snippet":"max-snippet:-1","max-image-preview":"max-image-preview:large","max-video-preview":"max-video-preview:-1"},"canonical":"https:\/\/www.visit-ulcinj.com\/blog\/2017\/05\/18\/osmani-dhuna-ne-familje-semundje-e-shoqerise\/","og_locale":"en_US","og_type":"article","og_title":"Osmani: Dhuna n\u00eb familje, s\u00ebmundje e shoq\u00ebris\u00eb - Lajme nga Ulqini","og_description":"\u00a0\u00a0 Dhuna n\u00eb familje shikuar historikisht ka qen\u00eb e pranishme n\u00eb t\u00eb gjitha formacionet shoq\u00ebrore-ekonomike. Prandaj, k\u00ebtij problem i nevoitet nj\u00eb","og_url":"https:\/\/www.visit-ulcinj.com\/blog\/2017\/05\/18\/osmani-dhuna-ne-familje-semundje-e-shoqerise\/","og_site_name":"Lajme nga Ulqini","article_published_time":"2017-05-18T22:03:24+00:00","article_modified_time":"2017-05-18T22:03:47+00:00","og_image":[{"url":"http:\/\/www.visit-ulcinj.com\/blog\/wp-content\/uploads\/2017\/03\/Qani-Osmani-Ulqin-227x300.jpg"}],"twitter_misc":{"Written by":"ulqini","Est. reading time":"6 minutes"},"schema":{"@context":"https:\/\/schema.org","@graph":[{"@type":"WebSite","@id":"https:\/\/www.visit-ulcinj.com\/blog\/#website","url":"https:\/\/www.visit-ulcinj.com\/blog\/","name":"Lajme nga Ulqini","description":"Lajme,Vijesti,Ulqini,Ulqin,Crna Gora,Mali i Zi","potentialAction":[{"@type":"SearchAction","target":{"@type":"EntryPoint","urlTemplate":"https:\/\/www.visit-ulcinj.com\/blog\/?s={search_term_string}"},"query-input":"required name=search_term_string"}],"inLanguage":"en-US"},{"@type":"ImageObject","inLanguage":"en-US","@id":"https:\/\/www.visit-ulcinj.com\/blog\/2017\/05\/18\/osmani-dhuna-ne-familje-semundje-e-shoqerise\/#primaryimage","url":"https:\/\/www.visit-ulcinj.com\/blog\/wp-content\/uploads\/2017\/03\/Qani-Osmani-Ulqin.jpg","contentUrl":"https:\/\/www.visit-ulcinj.com\/blog\/wp-content\/uploads\/2017\/03\/Qani-Osmani-Ulqin.jpg","width":448,"height":591},{"@type":"WebPage","@id":"https:\/\/www.visit-ulcinj.com\/blog\/2017\/05\/18\/osmani-dhuna-ne-familje-semundje-e-shoqerise\/#webpage","url":"https:\/\/www.visit-ulcinj.com\/blog\/2017\/05\/18\/osmani-dhuna-ne-familje-semundje-e-shoqerise\/","name":"Osmani: Dhuna n\u00eb familje, s\u00ebmundje e shoq\u00ebris\u00eb - Lajme nga Ulqini","isPartOf":{"@id":"https:\/\/www.visit-ulcinj.com\/blog\/#website"},"primaryImageOfPage":{"@id":"https:\/\/www.visit-ulcinj.com\/blog\/2017\/05\/18\/osmani-dhuna-ne-familje-semundje-e-shoqerise\/#primaryimage"},"datePublished":"2017-05-18T22:03:24+00:00","dateModified":"2017-05-18T22:03:47+00:00","author":{"@id":"https:\/\/www.visit-ulcinj.com\/blog\/#\/schema\/person\/dcab619c614d3038751c63bc2aadc06d"},"description":"\u00a0\u00a0 Dhuna n\u00eb familje shikuar historikisht ka qen\u00eb e pranishme n\u00eb t\u00eb gjitha formacionet shoq\u00ebrore-ekonomike. Prandaj, k\u00ebtij problem i nevoitet nj\u00eb","breadcrumb":{"@id":"https:\/\/www.visit-ulcinj.com\/blog\/2017\/05\/18\/osmani-dhuna-ne-familje-semundje-e-shoqerise\/#breadcrumb"},"inLanguage":"en-US","potentialAction":[{"@type":"ReadAction","target":["https:\/\/www.visit-ulcinj.com\/blog\/2017\/05\/18\/osmani-dhuna-ne-familje-semundje-e-shoqerise\/"]}]},{"@type":"BreadcrumbList","@id":"https:\/\/www.visit-ulcinj.com\/blog\/2017\/05\/18\/osmani-dhuna-ne-familje-semundje-e-shoqerise\/#breadcrumb","itemListElement":[{"@type":"ListItem","position":1,"name":"Osmani: Dhuna n\u00eb familje, s\u00ebmundje e shoq\u00ebris\u00eb"}]},{"@type":"Person","@id":"https:\/\/www.visit-ulcinj.com\/blog\/#\/schema\/person\/dcab619c614d3038751c63bc2aadc06d","name":"ulqini","sameAs":["http:\/\/www.visit-ulcinj.com"],"url":"https:\/\/www.visit-ulcinj.com\/blog\/author\/admin\/"}]}},"jetpack_featured_media_url":"","jetpack_sharing_enabled":true,"jetpack_shortlink":"https:\/\/wp.me\/pe6lTn-rlA","_links":{"self":[{"href":"https:\/\/www.visit-ulcinj.com\/blog\/wp-json\/wp\/v2\/posts\/105126"}],"collection":[{"href":"https:\/\/www.visit-ulcinj.com\/blog\/wp-json\/wp\/v2\/posts"}],"about":[{"href":"https:\/\/www.visit-ulcinj.com\/blog\/wp-json\/wp\/v2\/types\/post"}],"author":[{"embeddable":true,"href":"https:\/\/www.visit-ulcinj.com\/blog\/wp-json\/wp\/v2\/users\/1"}],"replies":[{"embeddable":true,"href":"https:\/\/www.visit-ulcinj.com\/blog\/wp-json\/wp\/v2\/comments?post=105126"}],"version-history":[{"count":1,"href":"https:\/\/www.visit-ulcinj.com\/blog\/wp-json\/wp\/v2\/posts\/105126\/revisions"}],"predecessor-version":[{"id":105127,"href":"https:\/\/www.visit-ulcinj.com\/blog\/wp-json\/wp\/v2\/posts\/105126\/revisions\/105127"}],"wp:attachment":[{"href":"https:\/\/www.visit-ulcinj.com\/blog\/wp-json\/wp\/v2\/media?parent=105126"}],"wp:term":[{"taxonomy":"category","embeddable":true,"href":"https:\/\/www.visit-ulcinj.com\/blog\/wp-json\/wp\/v2\/categories?post=105126"},{"taxonomy":"post_tag","embeddable":true,"href":"https:\/\/www.visit-ulcinj.com\/blog\/wp-json\/wp\/v2\/tags?post=105126"}],"curies":[{"name":"wp","href":"https:\/\/api.w.org\/{rel}","templated":true}]}}