{"id":105134,"date":"2017-05-19T23:27:04","date_gmt":"2017-05-19T22:27:04","guid":{"rendered":"http:\/\/www.visit-ulcinj.com\/blog\/?p=105134"},"modified":"2017-05-19T23:31:35","modified_gmt":"2017-05-19T22:31:35","slug":"asdren-celaj-akte-qyqare-te-shtetit-malazez","status":"publish","type":"post","link":"https:\/\/www.visit-ulcinj.com\/blog\/2017\/05\/19\/asdren-celaj-akte-qyqare-te-shtetit-malazez\/","title":{"rendered":"Asdren \u00c7elaj: Akte qyqare t\u00eb shtetit malazez!!"},"content":{"rendered":"<p><a href=\"http:\/\/www.visit-ulcinj.com\/blog\/wp-content\/uploads\/2017\/05\/Asdren-Celaj.jpg\"><img loading=\"lazy\" class=\"alignleft wp-image-105135\" src=\"http:\/\/www.visit-ulcinj.com\/blog\/wp-content\/uploads\/2017\/05\/Asdren-Celaj.jpg\" alt=\"\" width=\"508\" height=\"508\" srcset=\"https:\/\/www.visit-ulcinj.com\/blog\/wp-content\/uploads\/2017\/05\/Asdren-Celaj.jpg 960w, https:\/\/www.visit-ulcinj.com\/blog\/wp-content\/uploads\/2017\/05\/Asdren-Celaj-150x150.jpg 150w, https:\/\/www.visit-ulcinj.com\/blog\/wp-content\/uploads\/2017\/05\/Asdren-Celaj-300x300.jpg 300w, https:\/\/www.visit-ulcinj.com\/blog\/wp-content\/uploads\/2017\/05\/Asdren-Celaj-768x768.jpg 768w\" sizes=\"(max-width: 508px) 100vw, 508px\" \/><\/a>Rastet e diskriminimit kundrejt shqiptar\u00ebve n\u00ebn Mal t\u00eb Zi nuk kan\u00eb t\u00eb ndalur, jan\u00eb t\u00eb p\u00ebrditshme dhe i jan\u00eb b\u00ebr\u00eb rutin\u00eb k\u00ebtij pushteti!<\/p>\n<p><strong> 1.<\/strong>Jav\u00ebn e kaluar, m\u00ebngjesin e 12 Majit papritmas n\u00eb zem\u00ebr t\u00eb fshatit Martinaj (Plav\u00eb e Guci) disa persona t\u00eb deleguar nga Kisha Ortodokse Serbe vijn\u00eb q\u00eb t\u00eb kryejn\u00eb ceremoni e rituale fetare te nj\u00eb objekt inekzistent, objekt apo Kish\u00eb e tyre &#8216;imagjinare&#8217;, t\u00eb mbrojtur nga forca t\u00eb shumta policore malazeze.<\/p>\n<p>Vijn\u00eb n\u00eb befasi dhe n\u00ebn masa t\u00eb rrepta sigurie duke e ditur se jan\u00eb n\u00eb vend t\u00eb gabuar dhe duke e ditur se do t\u00eb hasin n\u00eb rezistenc\u00eb t\u00eb banor\u00ebve shqiptar\u00eb! Ky akt nuk paraqet asgj\u00eb tjet\u00ebr pos nj\u00eb provokim t\u00eb nivelit shum\u00eb t\u00eb ult\u00eb, bazuar n\u00eb idet\u00eb anti-shqiptare t\u00eb elitave politike dhe akademike serbe t\u00eb shekujve t\u00eb kaluar, t\u00eb cilat hartuan programe shoviniste p\u00ebr kolonizimin, shp\u00ebrnguljen dhe shfarosjen e shqiptar\u00ebve n\u00eb tokat e tyre autoktone. Edhe sot k\u00ebto plane fam\u00ebkeqe po zbatohen n\u00eb forma m\u00eb t\u00eb sofistikuara n\u00eb trevat tona, t\u00eb dirigjuara nga Kisha Serbe e me ndihm\u00eb edhe t\u00eb shtetit malazez!<\/p>\n<p><strong>2<\/strong>.Vendimi i nisjes s\u00eb procedur\u00ebs disiplinore kund\u00ebr klubit OTRANT t\u00eb Ulqinit nga ana e Federat\u00ebs s\u00eb Futbollit t\u00eb Malit t\u00eb Zi dhe vendimi p\u00ebr denim t\u00eb klubit p\u00ebr shkak t\u00eb valvitjes s\u00eb nj\u00eb flamuri shqiptar\u00eb gjat\u00eb ndeshjes, \u00ebsht\u00eb nj\u00eb skandal, \u00ebsht\u00eb akt tep\u00ebr i ult\u00eb, \u00ebsht\u00eb veprim qyqar! Veprim ky q\u00eb m\u00eb shum\u00eb i ngjan\u00eb koh\u00ebs s\u00eb komunizmit sesa nj\u00eb shteti &#8220;demokratik&#8221;, nj\u00eb shteti q\u00eb synon integrimet euro-atlantike! Nuk befasohem nga institucionet e k\u00ebtij shteti, sepse nuk pres m\u00eb mir\u00eb se kaq nga ta, por heshtja e p\u00ebrfaq\u00ebsues\u00ebve t\u00eb popullit shqiptar\u00eb (qofshin n\u00eb Kuvend, Qeveri a poste tjera t\u00eb larta shtet\u00ebrore) \u00ebsht\u00eb shum\u00eb brengos\u00ebse, \u00ebsht\u00eb tep\u00ebr shqet\u00ebsuese, \u00ebsht\u00eb e pajustifikueshme, \u00ebsht\u00eb e pafalshme!<\/p>\n<p>Folne burra nga nj\u00eb fjal\u00eb se nuk b\u00e2het kijameti, mos u frik\u00ebsoni, n\u00ebse asgj\u00eb m\u00eb tep\u00ebr nuk mund t\u00eb b\u00ebni, t\u00eb pakten folni sepse nuk keni arrit\u00eb n\u00eb ato pozita me votat e Cetinjes po me vot\u00ebn e popullit shqiptar\u00eb, me vot\u00ebn e popullit tuaj! Shqiptar\u00ebt n\u00ebn Mal t\u00eb Zi nuk kan\u00eb flamur tjet\u00ebr, p\u00ebrve\u00e7 shqiponjes dykren\u00ebshe, nuk kan\u00eb vend tjet\u00ebr pos tokave t\u00eb tyre autoktone e nuk mund t\u00eb ikim e as do t\u00eb ikim nga trojet tona, sado q\u00eb ky shtet t\u00eb p\u00ebrdor masa shtr\u00ebngimi t\u00eb tilla si rastet i fundit!<\/p>\n<p><strong>Asdren \u00c7elaj,<br \/>\nKryetar i klubit t\u00eb k\u00ebshilltar\u00ebve t\u00eb Lidhjes Demokratike t\u00eb Shqiptar\u00ebve- Guci<\/strong><\/p>\n","protected":false},"excerpt":{"rendered":"<p>Rastet e diskriminimit kundrejt shqiptar\u00ebve n\u00ebn Mal t\u00eb Zi nuk kan\u00eb t\u00eb ndalur, jan\u00eb t\u00eb p\u00ebrditshme dhe i jan\u00eb b\u00ebr\u00eb rutin\u00eb k\u00ebtij pushteti! 1.Jav\u00ebn e kaluar, m\u00ebngjesin e 12 Majit papritmas n\u00eb zem\u00ebr t\u00eb fshatit Martinaj (Plav\u00eb e Guci) disa persona t\u00eb deleguar nga Kisha Ortodokse Serbe vijn\u00eb q\u00eb t\u00eb kryejn\u00eb ceremoni e rituale fetare [&hellip;]<\/p>\n","protected":false},"author":1,"featured_media":0,"comment_status":"closed","ping_status":"closed","sticky":false,"template":"","format":"standard","meta":{"spay_email":"","jetpack_publicize_message":"","jetpack_is_tweetstorm":false,"jetpack_publicize_feature_enabled":true},"categories":[6950],"tags":[],"jetpack_publicize_connections":[],"yoast_head":"<!-- This site is optimized with the Yoast SEO plugin v19.1 - https:\/\/yoast.com\/wordpress\/plugins\/seo\/ -->\n<title>Asdren \u00c7elaj: Akte qyqare t\u00eb shtetit malazez!! - Lajme nga Ulqini<\/title>\n<meta name=\"description\" content=\"Rastet e diskriminimit kundrejt shqiptar\u00ebve n\u00ebn Mal t\u00eb Zi nuk kan\u00eb t\u00eb ndalur, jan\u00eb t\u00eb p\u00ebrditshme dhe i jan\u00eb b\u00ebr\u00eb rutin\u00eb k\u00ebtij pushteti! 1.Jav\u00ebn e kaluar,\" \/>\n<meta name=\"robots\" content=\"index, follow, max-snippet:-1, max-image-preview:large, max-video-preview:-1\" \/>\n<link rel=\"canonical\" href=\"https:\/\/www.visit-ulcinj.com\/blog\/2017\/05\/19\/asdren-celaj-akte-qyqare-te-shtetit-malazez\/\" \/>\n<meta property=\"og:locale\" content=\"en_US\" \/>\n<meta property=\"og:type\" content=\"article\" \/>\n<meta property=\"og:title\" content=\"Asdren \u00c7elaj: Akte qyqare t\u00eb shtetit malazez!! - Lajme nga Ulqini\" \/>\n<meta property=\"og:description\" content=\"Rastet e diskriminimit kundrejt shqiptar\u00ebve n\u00ebn Mal t\u00eb Zi nuk kan\u00eb t\u00eb ndalur, jan\u00eb t\u00eb p\u00ebrditshme dhe i jan\u00eb b\u00ebr\u00eb rutin\u00eb k\u00ebtij pushteti! 1.Jav\u00ebn e kaluar,\" \/>\n<meta property=\"og:url\" content=\"https:\/\/www.visit-ulcinj.com\/blog\/2017\/05\/19\/asdren-celaj-akte-qyqare-te-shtetit-malazez\/\" \/>\n<meta property=\"og:site_name\" content=\"Lajme nga Ulqini\" \/>\n<meta property=\"article:published_time\" content=\"2017-05-19T22:27:04+00:00\" \/>\n<meta property=\"article:modified_time\" content=\"2017-05-19T22:31:35+00:00\" \/>\n<meta property=\"og:image\" content=\"http:\/\/www.visit-ulcinj.com\/blog\/wp-content\/uploads\/2017\/05\/Asdren-Celaj.jpg\" \/>\n<meta name=\"twitter:label1\" content=\"Written by\" \/>\n\t<meta name=\"twitter:data1\" content=\"ulqini\" \/>\n\t<meta name=\"twitter:label2\" content=\"Est. reading time\" \/>\n\t<meta name=\"twitter:data2\" content=\"2 minutes\" \/>\n<script type=\"application\/ld+json\" class=\"yoast-schema-graph\">{\"@context\":\"https:\/\/schema.org\",\"@graph\":[{\"@type\":\"WebSite\",\"@id\":\"https:\/\/www.visit-ulcinj.com\/blog\/#website\",\"url\":\"https:\/\/www.visit-ulcinj.com\/blog\/\",\"name\":\"Lajme nga Ulqini\",\"description\":\"Lajme,Vijesti,Ulqini,Ulqin,Crna Gora,Mali i Zi\",\"potentialAction\":[{\"@type\":\"SearchAction\",\"target\":{\"@type\":\"EntryPoint\",\"urlTemplate\":\"https:\/\/www.visit-ulcinj.com\/blog\/?s={search_term_string}\"},\"query-input\":\"required name=search_term_string\"}],\"inLanguage\":\"en-US\"},{\"@type\":\"ImageObject\",\"inLanguage\":\"en-US\",\"@id\":\"https:\/\/www.visit-ulcinj.com\/blog\/2017\/05\/19\/asdren-celaj-akte-qyqare-te-shtetit-malazez\/#primaryimage\",\"url\":\"https:\/\/www.visit-ulcinj.com\/blog\/wp-content\/uploads\/2017\/05\/Asdren-Celaj.jpg\",\"contentUrl\":\"https:\/\/www.visit-ulcinj.com\/blog\/wp-content\/uploads\/2017\/05\/Asdren-Celaj.jpg\",\"width\":960,\"height\":960},{\"@type\":\"WebPage\",\"@id\":\"https:\/\/www.visit-ulcinj.com\/blog\/2017\/05\/19\/asdren-celaj-akte-qyqare-te-shtetit-malazez\/#webpage\",\"url\":\"https:\/\/www.visit-ulcinj.com\/blog\/2017\/05\/19\/asdren-celaj-akte-qyqare-te-shtetit-malazez\/\",\"name\":\"Asdren \u00c7elaj: Akte qyqare t\u00eb shtetit malazez!! - Lajme nga Ulqini\",\"isPartOf\":{\"@id\":\"https:\/\/www.visit-ulcinj.com\/blog\/#website\"},\"primaryImageOfPage\":{\"@id\":\"https:\/\/www.visit-ulcinj.com\/blog\/2017\/05\/19\/asdren-celaj-akte-qyqare-te-shtetit-malazez\/#primaryimage\"},\"datePublished\":\"2017-05-19T22:27:04+00:00\",\"dateModified\":\"2017-05-19T22:31:35+00:00\",\"author\":{\"@id\":\"https:\/\/www.visit-ulcinj.com\/blog\/#\/schema\/person\/dcab619c614d3038751c63bc2aadc06d\"},\"description\":\"Rastet e diskriminimit kundrejt shqiptar\u00ebve n\u00ebn Mal t\u00eb Zi nuk kan\u00eb t\u00eb ndalur, jan\u00eb t\u00eb p\u00ebrditshme dhe i jan\u00eb b\u00ebr\u00eb rutin\u00eb k\u00ebtij pushteti! 1.Jav\u00ebn e kaluar,\",\"breadcrumb\":{\"@id\":\"https:\/\/www.visit-ulcinj.com\/blog\/2017\/05\/19\/asdren-celaj-akte-qyqare-te-shtetit-malazez\/#breadcrumb\"},\"inLanguage\":\"en-US\",\"potentialAction\":[{\"@type\":\"ReadAction\",\"target\":[\"https:\/\/www.visit-ulcinj.com\/blog\/2017\/05\/19\/asdren-celaj-akte-qyqare-te-shtetit-malazez\/\"]}]},{\"@type\":\"BreadcrumbList\",\"@id\":\"https:\/\/www.visit-ulcinj.com\/blog\/2017\/05\/19\/asdren-celaj-akte-qyqare-te-shtetit-malazez\/#breadcrumb\",\"itemListElement\":[{\"@type\":\"ListItem\",\"position\":1,\"name\":\"Asdren \u00c7elaj: Akte qyqare t\u00eb shtetit malazez!!\"}]},{\"@type\":\"Person\",\"@id\":\"https:\/\/www.visit-ulcinj.com\/blog\/#\/schema\/person\/dcab619c614d3038751c63bc2aadc06d\",\"name\":\"ulqini\",\"sameAs\":[\"http:\/\/www.visit-ulcinj.com\"],\"url\":\"https:\/\/www.visit-ulcinj.com\/blog\/author\/admin\/\"}]}<\/script>\n<!-- \/ Yoast SEO plugin. -->","yoast_head_json":{"title":"Asdren \u00c7elaj: Akte qyqare t\u00eb shtetit malazez!! - Lajme nga Ulqini","description":"Rastet e diskriminimit kundrejt shqiptar\u00ebve n\u00ebn Mal t\u00eb Zi nuk kan\u00eb t\u00eb ndalur, jan\u00eb t\u00eb p\u00ebrditshme dhe i jan\u00eb b\u00ebr\u00eb rutin\u00eb k\u00ebtij pushteti! 1.Jav\u00ebn e kaluar,","robots":{"index":"index","follow":"follow","max-snippet":"max-snippet:-1","max-image-preview":"max-image-preview:large","max-video-preview":"max-video-preview:-1"},"canonical":"https:\/\/www.visit-ulcinj.com\/blog\/2017\/05\/19\/asdren-celaj-akte-qyqare-te-shtetit-malazez\/","og_locale":"en_US","og_type":"article","og_title":"Asdren \u00c7elaj: Akte qyqare t\u00eb shtetit malazez!! - Lajme nga Ulqini","og_description":"Rastet e diskriminimit kundrejt shqiptar\u00ebve n\u00ebn Mal t\u00eb Zi nuk kan\u00eb t\u00eb ndalur, jan\u00eb t\u00eb p\u00ebrditshme dhe i jan\u00eb b\u00ebr\u00eb rutin\u00eb k\u00ebtij pushteti! 1.Jav\u00ebn e kaluar,","og_url":"https:\/\/www.visit-ulcinj.com\/blog\/2017\/05\/19\/asdren-celaj-akte-qyqare-te-shtetit-malazez\/","og_site_name":"Lajme nga Ulqini","article_published_time":"2017-05-19T22:27:04+00:00","article_modified_time":"2017-05-19T22:31:35+00:00","og_image":[{"url":"http:\/\/www.visit-ulcinj.com\/blog\/wp-content\/uploads\/2017\/05\/Asdren-Celaj.jpg"}],"twitter_misc":{"Written by":"ulqini","Est. reading time":"2 minutes"},"schema":{"@context":"https:\/\/schema.org","@graph":[{"@type":"WebSite","@id":"https:\/\/www.visit-ulcinj.com\/blog\/#website","url":"https:\/\/www.visit-ulcinj.com\/blog\/","name":"Lajme nga Ulqini","description":"Lajme,Vijesti,Ulqini,Ulqin,Crna Gora,Mali i Zi","potentialAction":[{"@type":"SearchAction","target":{"@type":"EntryPoint","urlTemplate":"https:\/\/www.visit-ulcinj.com\/blog\/?s={search_term_string}"},"query-input":"required name=search_term_string"}],"inLanguage":"en-US"},{"@type":"ImageObject","inLanguage":"en-US","@id":"https:\/\/www.visit-ulcinj.com\/blog\/2017\/05\/19\/asdren-celaj-akte-qyqare-te-shtetit-malazez\/#primaryimage","url":"https:\/\/www.visit-ulcinj.com\/blog\/wp-content\/uploads\/2017\/05\/Asdren-Celaj.jpg","contentUrl":"https:\/\/www.visit-ulcinj.com\/blog\/wp-content\/uploads\/2017\/05\/Asdren-Celaj.jpg","width":960,"height":960},{"@type":"WebPage","@id":"https:\/\/www.visit-ulcinj.com\/blog\/2017\/05\/19\/asdren-celaj-akte-qyqare-te-shtetit-malazez\/#webpage","url":"https:\/\/www.visit-ulcinj.com\/blog\/2017\/05\/19\/asdren-celaj-akte-qyqare-te-shtetit-malazez\/","name":"Asdren \u00c7elaj: Akte qyqare t\u00eb shtetit malazez!! - Lajme nga Ulqini","isPartOf":{"@id":"https:\/\/www.visit-ulcinj.com\/blog\/#website"},"primaryImageOfPage":{"@id":"https:\/\/www.visit-ulcinj.com\/blog\/2017\/05\/19\/asdren-celaj-akte-qyqare-te-shtetit-malazez\/#primaryimage"},"datePublished":"2017-05-19T22:27:04+00:00","dateModified":"2017-05-19T22:31:35+00:00","author":{"@id":"https:\/\/www.visit-ulcinj.com\/blog\/#\/schema\/person\/dcab619c614d3038751c63bc2aadc06d"},"description":"Rastet e diskriminimit kundrejt shqiptar\u00ebve n\u00ebn Mal t\u00eb Zi nuk kan\u00eb t\u00eb ndalur, jan\u00eb t\u00eb p\u00ebrditshme dhe i jan\u00eb b\u00ebr\u00eb rutin\u00eb k\u00ebtij pushteti! 1.Jav\u00ebn e kaluar,","breadcrumb":{"@id":"https:\/\/www.visit-ulcinj.com\/blog\/2017\/05\/19\/asdren-celaj-akte-qyqare-te-shtetit-malazez\/#breadcrumb"},"inLanguage":"en-US","potentialAction":[{"@type":"ReadAction","target":["https:\/\/www.visit-ulcinj.com\/blog\/2017\/05\/19\/asdren-celaj-akte-qyqare-te-shtetit-malazez\/"]}]},{"@type":"BreadcrumbList","@id":"https:\/\/www.visit-ulcinj.com\/blog\/2017\/05\/19\/asdren-celaj-akte-qyqare-te-shtetit-malazez\/#breadcrumb","itemListElement":[{"@type":"ListItem","position":1,"name":"Asdren \u00c7elaj: Akte qyqare t\u00eb shtetit malazez!!"}]},{"@type":"Person","@id":"https:\/\/www.visit-ulcinj.com\/blog\/#\/schema\/person\/dcab619c614d3038751c63bc2aadc06d","name":"ulqini","sameAs":["http:\/\/www.visit-ulcinj.com"],"url":"https:\/\/www.visit-ulcinj.com\/blog\/author\/admin\/"}]}},"jetpack_featured_media_url":"","jetpack_sharing_enabled":true,"jetpack_shortlink":"https:\/\/wp.me\/pe6lTn-rlI","_links":{"self":[{"href":"https:\/\/www.visit-ulcinj.com\/blog\/wp-json\/wp\/v2\/posts\/105134"}],"collection":[{"href":"https:\/\/www.visit-ulcinj.com\/blog\/wp-json\/wp\/v2\/posts"}],"about":[{"href":"https:\/\/www.visit-ulcinj.com\/blog\/wp-json\/wp\/v2\/types\/post"}],"author":[{"embeddable":true,"href":"https:\/\/www.visit-ulcinj.com\/blog\/wp-json\/wp\/v2\/users\/1"}],"replies":[{"embeddable":true,"href":"https:\/\/www.visit-ulcinj.com\/blog\/wp-json\/wp\/v2\/comments?post=105134"}],"version-history":[{"count":6,"href":"https:\/\/www.visit-ulcinj.com\/blog\/wp-json\/wp\/v2\/posts\/105134\/revisions"}],"predecessor-version":[{"id":105141,"href":"https:\/\/www.visit-ulcinj.com\/blog\/wp-json\/wp\/v2\/posts\/105134\/revisions\/105141"}],"wp:attachment":[{"href":"https:\/\/www.visit-ulcinj.com\/blog\/wp-json\/wp\/v2\/media?parent=105134"}],"wp:term":[{"taxonomy":"category","embeddable":true,"href":"https:\/\/www.visit-ulcinj.com\/blog\/wp-json\/wp\/v2\/categories?post=105134"},{"taxonomy":"post_tag","embeddable":true,"href":"https:\/\/www.visit-ulcinj.com\/blog\/wp-json\/wp\/v2\/tags?post=105134"}],"curies":[{"name":"wp","href":"https:\/\/api.w.org\/{rel}","templated":true}]}}