{"id":105145,"date":"2017-05-21T07:41:02","date_gmt":"2017-05-21T06:41:02","guid":{"rendered":"http:\/\/www.visit-ulcinj.com\/blog\/?p=105145"},"modified":"2017-05-23T05:16:16","modified_gmt":"2017-05-23T04:16:16","slug":"baskesia-islame-e-ulqinit-jep-3500-euro-per-adnanin-e-mersihen","status":"publish","type":"post","link":"https:\/\/www.visit-ulcinj.com\/blog\/2017\/05\/21\/baskesia-islame-e-ulqinit-jep-3500-euro-per-adnanin-e-mersihen\/","title":{"rendered":"Bask\u00ebsia Islame e Ulqinit jep 3500 euro p\u00ebr Adnanin e Mersihen"},"content":{"rendered":"<p class=\"entry-title\"><a href=\"http:\/\/www.visit-ulcinj.com\/blog\/wp-content\/uploads\/2017\/05\/bashkesia-islame-e-ulqinit.jpg\"><img loading=\"lazy\" class=\"alignleft wp-image-105146\" src=\"http:\/\/www.visit-ulcinj.com\/blog\/wp-content\/uploads\/2017\/05\/bashkesia-islame-e-ulqinit.jpg\" alt=\"\" width=\"508\" height=\"339\" srcset=\"https:\/\/www.visit-ulcinj.com\/blog\/wp-content\/uploads\/2017\/05\/bashkesia-islame-e-ulqinit.jpg 622w, https:\/\/www.visit-ulcinj.com\/blog\/wp-content\/uploads\/2017\/05\/bashkesia-islame-e-ulqinit-300x200.jpg 300w\" sizes=\"(max-width: 508px) 100vw, 508px\" \/><\/a>N\u00eb Ulqin u organizua aksion humanitar p\u00ebr mbledhjen e ndihmave p\u00ebr Adnan dhe Mersiha Resulbegun i \u00ebsht\u00eb bashkangjitur edhe Mexhlisi i Bashk\u00ebsis\u00eb islame n\u00eb Ulqin.<\/p>\n<p>Dit\u00ebn e xhuma, p\u00ebrmes imam\u00ebve n\u00eb hytbe t\u00eb xhumas\u00eb \u00ebsht\u00eb b\u00ebr\u00eb thirje tek besimtar\u00ebt q\u00eb t\u00eb ndihmojn\u00eb n\u00eb saj\u00eb t\u00eb mund\u00ebsive t\u00eb veta p\u00ebr k\u00ebt\u00eb rast specifik. Adnan dhe Mersiha Resulbegu vuajne nga paraliza cerebrale ndersa trajtimi i k\u00ebsaj semnudje jasht\u00eb vendit kushton rreth 90 mij\u00eb euro.<\/p>\n<p>Besimtar\u00ebt jan\u00eb p\u00ebrgjigjur n\u00eb menyr\u00eb dinnjitoze k\u00ebsaj thirjeje t\u00eb Bashk\u00ebsis\u00eb islame n\u00eb Ulqin duke grumbulluar rreth 3500 eur t\u00eb cilat do t\u2019i dor\u00ebzohen familjar\u00ebve t\u00eb Adnanit dhe Mersih\u00ebs.<\/p>\n<p>Q\u00ebllimi i k\u00ebtij aksioni humanitar, organizator\u00ebt thon\u00eb se, \u00ebsht\u00eb ngritja e vet\u00ebdijes tek t\u00eb gjith\u00eb qytetar\u00ebt, ngritjen e humanitetit t\u00eb tyre, por edhe d\u00ebshir\u00ebs p\u00ebr t\u00eb ndihmuar t\u00eb tjer\u00ebt, raporton portali i\u00a0Bashk\u00ebsis\u00eb islame t\u00eb Ulqinit, Islam-Ul.com.<\/p>\n<p><strong>Q\u00ebllimi i k\u00ebtij akcioni t\u00eb madh humanitar \u00ebsht\u00eb ndihm\u00eb p\u00ebr Mersih\u00ebn dhe Adnani, dhe me k\u00ebt\u00eb rast ai paraprakisht i fal\u00ebnderojm t\u00eb gjith\u00eb.<\/strong><\/p>\n<p><strong>P\u00ebr donacionin e juaj <a href=\"https:\/\/www.gofundme.com\/HelptheResulbeguKids\">https:\/\/www.gofundme.com\/HelptheResulbeguKids<\/a><\/strong><\/p>\n<p><a href=\"http:\/\/www.visit-ulcinj.com\/blog\/wp-content\/uploads\/2017\/05\/Salla-bosh-n\u00eb-Ulqin-goditje-e-r\u00ebnd\u00eb-p\u00ebr-Mersihen-dhe-Adnanin.jpg\"><img loading=\"lazy\" class=\"alignleft wp-image-105118\" src=\"http:\/\/www.visit-ulcinj.com\/blog\/wp-content\/uploads\/2017\/05\/Salla-bosh-n\u00eb-Ulqin-goditje-e-r\u00ebnd\u00eb-p\u00ebr-Mersihen-dhe-Adnanin.jpg\" alt=\"\" width=\"508\" height=\"243\" srcset=\"https:\/\/www.visit-ulcinj.com\/blog\/wp-content\/uploads\/2017\/05\/Salla-bosh-n\u00eb-Ulqin-goditje-e-r\u00ebnd\u00eb-p\u00ebr-Mersihen-dhe-Adnanin.jpg 702w, https:\/\/www.visit-ulcinj.com\/blog\/wp-content\/uploads\/2017\/05\/Salla-bosh-n\u00eb-Ulqin-goditje-e-r\u00ebnd\u00eb-p\u00ebr-Mersihen-dhe-Adnanin-300x144.jpg 300w\" sizes=\"(max-width: 508px) 100vw, 508px\" \/><\/a><\/p>\n","protected":false},"excerpt":{"rendered":"<p>N\u00eb Ulqin u organizua aksion humanitar p\u00ebr mbledhjen e ndihmave p\u00ebr Adnan dhe Mersiha Resulbegun i \u00ebsht\u00eb bashkangjitur edhe Mexhlisi i Bashk\u00ebsis\u00eb islame n\u00eb Ulqin. Dit\u00ebn e xhuma, p\u00ebrmes imam\u00ebve n\u00eb hytbe t\u00eb xhumas\u00eb \u00ebsht\u00eb b\u00ebr\u00eb thirje tek besimtar\u00ebt q\u00eb t\u00eb ndihmojn\u00eb n\u00eb saj\u00eb t\u00eb mund\u00ebsive t\u00eb veta p\u00ebr k\u00ebt\u00eb rast specifik. Adnan dhe Mersiha [&hellip;]<\/p>\n","protected":false},"author":1,"featured_media":0,"comment_status":"closed","ping_status":"closed","sticky":false,"template":"","format":"standard","meta":{"spay_email":"","jetpack_publicize_message":"","jetpack_is_tweetstorm":false,"jetpack_publicize_feature_enabled":true},"categories":[1,11],"tags":[],"jetpack_publicize_connections":[],"yoast_head":"<!-- This site is optimized with the Yoast SEO plugin v19.1 - https:\/\/yoast.com\/wordpress\/plugins\/seo\/ -->\n<title>Bask\u00ebsia Islame e Ulqinit jep 3500 euro p\u00ebr Adnanin e Mersihen - Lajme nga Ulqini<\/title>\n<meta name=\"description\" content=\"N\u00eb Ulqin u organizua aksion humanitar p\u00ebr mbledhjen e ndihmave p\u00ebr Adnan dhe Mersiha Resulbegun i \u00ebsht\u00eb bashkangjitur edhe Mexhlisi i Bashk\u00ebsis\u00eb islame n\u00eb\" \/>\n<meta name=\"robots\" content=\"index, follow, max-snippet:-1, max-image-preview:large, max-video-preview:-1\" \/>\n<link rel=\"canonical\" href=\"https:\/\/www.visit-ulcinj.com\/blog\/2017\/05\/21\/baskesia-islame-e-ulqinit-jep-3500-euro-per-adnanin-e-mersihen\/\" \/>\n<meta property=\"og:locale\" content=\"en_US\" \/>\n<meta property=\"og:type\" content=\"article\" \/>\n<meta property=\"og:title\" content=\"Bask\u00ebsia Islame e Ulqinit jep 3500 euro p\u00ebr Adnanin e Mersihen - Lajme nga Ulqini\" \/>\n<meta property=\"og:description\" content=\"N\u00eb Ulqin u organizua aksion humanitar p\u00ebr mbledhjen e ndihmave p\u00ebr Adnan dhe Mersiha Resulbegun i \u00ebsht\u00eb bashkangjitur edhe Mexhlisi i Bashk\u00ebsis\u00eb islame n\u00eb\" \/>\n<meta property=\"og:url\" content=\"https:\/\/www.visit-ulcinj.com\/blog\/2017\/05\/21\/baskesia-islame-e-ulqinit-jep-3500-euro-per-adnanin-e-mersihen\/\" \/>\n<meta property=\"og:site_name\" content=\"Lajme nga Ulqini\" \/>\n<meta property=\"article:published_time\" content=\"2017-05-21T06:41:02+00:00\" \/>\n<meta property=\"article:modified_time\" content=\"2017-05-23T04:16:16+00:00\" \/>\n<meta property=\"og:image\" content=\"http:\/\/www.visit-ulcinj.com\/blog\/wp-content\/uploads\/2017\/05\/bashkesia-islame-e-ulqinit.jpg\" \/>\n<meta name=\"twitter:label1\" content=\"Written by\" \/>\n\t<meta name=\"twitter:data1\" content=\"ulqini\" \/>\n\t<meta name=\"twitter:label2\" content=\"Est. reading time\" \/>\n\t<meta name=\"twitter:data2\" content=\"1 minute\" \/>\n<script type=\"application\/ld+json\" class=\"yoast-schema-graph\">{\"@context\":\"https:\/\/schema.org\",\"@graph\":[{\"@type\":\"WebSite\",\"@id\":\"https:\/\/www.visit-ulcinj.com\/blog\/#website\",\"url\":\"https:\/\/www.visit-ulcinj.com\/blog\/\",\"name\":\"Lajme nga Ulqini\",\"description\":\"Lajme,Vijesti,Ulqini,Ulqin,Crna Gora,Mali i Zi\",\"potentialAction\":[{\"@type\":\"SearchAction\",\"target\":{\"@type\":\"EntryPoint\",\"urlTemplate\":\"https:\/\/www.visit-ulcinj.com\/blog\/?s={search_term_string}\"},\"query-input\":\"required name=search_term_string\"}],\"inLanguage\":\"en-US\"},{\"@type\":\"ImageObject\",\"inLanguage\":\"en-US\",\"@id\":\"https:\/\/www.visit-ulcinj.com\/blog\/2017\/05\/21\/baskesia-islame-e-ulqinit-jep-3500-euro-per-adnanin-e-mersihen\/#primaryimage\",\"url\":\"https:\/\/www.visit-ulcinj.com\/blog\/wp-content\/uploads\/2017\/05\/bashkesia-islame-e-ulqinit.jpg\",\"contentUrl\":\"https:\/\/www.visit-ulcinj.com\/blog\/wp-content\/uploads\/2017\/05\/bashkesia-islame-e-ulqinit.jpg\",\"width\":622,\"height\":415},{\"@type\":\"WebPage\",\"@id\":\"https:\/\/www.visit-ulcinj.com\/blog\/2017\/05\/21\/baskesia-islame-e-ulqinit-jep-3500-euro-per-adnanin-e-mersihen\/#webpage\",\"url\":\"https:\/\/www.visit-ulcinj.com\/blog\/2017\/05\/21\/baskesia-islame-e-ulqinit-jep-3500-euro-per-adnanin-e-mersihen\/\",\"name\":\"Bask\u00ebsia Islame e Ulqinit jep 3500 euro p\u00ebr Adnanin e Mersihen - Lajme nga Ulqini\",\"isPartOf\":{\"@id\":\"https:\/\/www.visit-ulcinj.com\/blog\/#website\"},\"primaryImageOfPage\":{\"@id\":\"https:\/\/www.visit-ulcinj.com\/blog\/2017\/05\/21\/baskesia-islame-e-ulqinit-jep-3500-euro-per-adnanin-e-mersihen\/#primaryimage\"},\"datePublished\":\"2017-05-21T06:41:02+00:00\",\"dateModified\":\"2017-05-23T04:16:16+00:00\",\"author\":{\"@id\":\"https:\/\/www.visit-ulcinj.com\/blog\/#\/schema\/person\/dcab619c614d3038751c63bc2aadc06d\"},\"description\":\"N\u00eb Ulqin u organizua aksion humanitar p\u00ebr mbledhjen e ndihmave p\u00ebr Adnan dhe Mersiha Resulbegun i \u00ebsht\u00eb bashkangjitur edhe Mexhlisi i Bashk\u00ebsis\u00eb islame n\u00eb\",\"breadcrumb\":{\"@id\":\"https:\/\/www.visit-ulcinj.com\/blog\/2017\/05\/21\/baskesia-islame-e-ulqinit-jep-3500-euro-per-adnanin-e-mersihen\/#breadcrumb\"},\"inLanguage\":\"en-US\",\"potentialAction\":[{\"@type\":\"ReadAction\",\"target\":[\"https:\/\/www.visit-ulcinj.com\/blog\/2017\/05\/21\/baskesia-islame-e-ulqinit-jep-3500-euro-per-adnanin-e-mersihen\/\"]}]},{\"@type\":\"BreadcrumbList\",\"@id\":\"https:\/\/www.visit-ulcinj.com\/blog\/2017\/05\/21\/baskesia-islame-e-ulqinit-jep-3500-euro-per-adnanin-e-mersihen\/#breadcrumb\",\"itemListElement\":[{\"@type\":\"ListItem\",\"position\":1,\"name\":\"Bask\u00ebsia Islame e Ulqinit jep 3500 euro p\u00ebr Adnanin e Mersihen\"}]},{\"@type\":\"Person\",\"@id\":\"https:\/\/www.visit-ulcinj.com\/blog\/#\/schema\/person\/dcab619c614d3038751c63bc2aadc06d\",\"name\":\"ulqini\",\"sameAs\":[\"http:\/\/www.visit-ulcinj.com\"],\"url\":\"https:\/\/www.visit-ulcinj.com\/blog\/author\/admin\/\"}]}<\/script>\n<!-- \/ Yoast SEO plugin. -->","yoast_head_json":{"title":"Bask\u00ebsia Islame e Ulqinit jep 3500 euro p\u00ebr Adnanin e Mersihen - Lajme nga Ulqini","description":"N\u00eb Ulqin u organizua aksion humanitar p\u00ebr mbledhjen e ndihmave p\u00ebr Adnan dhe Mersiha Resulbegun i \u00ebsht\u00eb bashkangjitur edhe Mexhlisi i Bashk\u00ebsis\u00eb islame n\u00eb","robots":{"index":"index","follow":"follow","max-snippet":"max-snippet:-1","max-image-preview":"max-image-preview:large","max-video-preview":"max-video-preview:-1"},"canonical":"https:\/\/www.visit-ulcinj.com\/blog\/2017\/05\/21\/baskesia-islame-e-ulqinit-jep-3500-euro-per-adnanin-e-mersihen\/","og_locale":"en_US","og_type":"article","og_title":"Bask\u00ebsia Islame e Ulqinit jep 3500 euro p\u00ebr Adnanin e Mersihen - Lajme nga Ulqini","og_description":"N\u00eb Ulqin u organizua aksion humanitar p\u00ebr mbledhjen e ndihmave p\u00ebr Adnan dhe Mersiha Resulbegun i \u00ebsht\u00eb bashkangjitur edhe Mexhlisi i Bashk\u00ebsis\u00eb islame n\u00eb","og_url":"https:\/\/www.visit-ulcinj.com\/blog\/2017\/05\/21\/baskesia-islame-e-ulqinit-jep-3500-euro-per-adnanin-e-mersihen\/","og_site_name":"Lajme nga Ulqini","article_published_time":"2017-05-21T06:41:02+00:00","article_modified_time":"2017-05-23T04:16:16+00:00","og_image":[{"url":"http:\/\/www.visit-ulcinj.com\/blog\/wp-content\/uploads\/2017\/05\/bashkesia-islame-e-ulqinit.jpg"}],"twitter_misc":{"Written by":"ulqini","Est. reading time":"1 minute"},"schema":{"@context":"https:\/\/schema.org","@graph":[{"@type":"WebSite","@id":"https:\/\/www.visit-ulcinj.com\/blog\/#website","url":"https:\/\/www.visit-ulcinj.com\/blog\/","name":"Lajme nga Ulqini","description":"Lajme,Vijesti,Ulqini,Ulqin,Crna Gora,Mali i Zi","potentialAction":[{"@type":"SearchAction","target":{"@type":"EntryPoint","urlTemplate":"https:\/\/www.visit-ulcinj.com\/blog\/?s={search_term_string}"},"query-input":"required name=search_term_string"}],"inLanguage":"en-US"},{"@type":"ImageObject","inLanguage":"en-US","@id":"https:\/\/www.visit-ulcinj.com\/blog\/2017\/05\/21\/baskesia-islame-e-ulqinit-jep-3500-euro-per-adnanin-e-mersihen\/#primaryimage","url":"https:\/\/www.visit-ulcinj.com\/blog\/wp-content\/uploads\/2017\/05\/bashkesia-islame-e-ulqinit.jpg","contentUrl":"https:\/\/www.visit-ulcinj.com\/blog\/wp-content\/uploads\/2017\/05\/bashkesia-islame-e-ulqinit.jpg","width":622,"height":415},{"@type":"WebPage","@id":"https:\/\/www.visit-ulcinj.com\/blog\/2017\/05\/21\/baskesia-islame-e-ulqinit-jep-3500-euro-per-adnanin-e-mersihen\/#webpage","url":"https:\/\/www.visit-ulcinj.com\/blog\/2017\/05\/21\/baskesia-islame-e-ulqinit-jep-3500-euro-per-adnanin-e-mersihen\/","name":"Bask\u00ebsia Islame e Ulqinit jep 3500 euro p\u00ebr Adnanin e Mersihen - Lajme nga Ulqini","isPartOf":{"@id":"https:\/\/www.visit-ulcinj.com\/blog\/#website"},"primaryImageOfPage":{"@id":"https:\/\/www.visit-ulcinj.com\/blog\/2017\/05\/21\/baskesia-islame-e-ulqinit-jep-3500-euro-per-adnanin-e-mersihen\/#primaryimage"},"datePublished":"2017-05-21T06:41:02+00:00","dateModified":"2017-05-23T04:16:16+00:00","author":{"@id":"https:\/\/www.visit-ulcinj.com\/blog\/#\/schema\/person\/dcab619c614d3038751c63bc2aadc06d"},"description":"N\u00eb Ulqin u organizua aksion humanitar p\u00ebr mbledhjen e ndihmave p\u00ebr Adnan dhe Mersiha Resulbegun i \u00ebsht\u00eb bashkangjitur edhe Mexhlisi i Bashk\u00ebsis\u00eb islame n\u00eb","breadcrumb":{"@id":"https:\/\/www.visit-ulcinj.com\/blog\/2017\/05\/21\/baskesia-islame-e-ulqinit-jep-3500-euro-per-adnanin-e-mersihen\/#breadcrumb"},"inLanguage":"en-US","potentialAction":[{"@type":"ReadAction","target":["https:\/\/www.visit-ulcinj.com\/blog\/2017\/05\/21\/baskesia-islame-e-ulqinit-jep-3500-euro-per-adnanin-e-mersihen\/"]}]},{"@type":"BreadcrumbList","@id":"https:\/\/www.visit-ulcinj.com\/blog\/2017\/05\/21\/baskesia-islame-e-ulqinit-jep-3500-euro-per-adnanin-e-mersihen\/#breadcrumb","itemListElement":[{"@type":"ListItem","position":1,"name":"Bask\u00ebsia Islame e Ulqinit jep 3500 euro p\u00ebr Adnanin e Mersihen"}]},{"@type":"Person","@id":"https:\/\/www.visit-ulcinj.com\/blog\/#\/schema\/person\/dcab619c614d3038751c63bc2aadc06d","name":"ulqini","sameAs":["http:\/\/www.visit-ulcinj.com"],"url":"https:\/\/www.visit-ulcinj.com\/blog\/author\/admin\/"}]}},"jetpack_featured_media_url":"","jetpack_sharing_enabled":true,"jetpack_shortlink":"https:\/\/wp.me\/pe6lTn-rlT","_links":{"self":[{"href":"https:\/\/www.visit-ulcinj.com\/blog\/wp-json\/wp\/v2\/posts\/105145"}],"collection":[{"href":"https:\/\/www.visit-ulcinj.com\/blog\/wp-json\/wp\/v2\/posts"}],"about":[{"href":"https:\/\/www.visit-ulcinj.com\/blog\/wp-json\/wp\/v2\/types\/post"}],"author":[{"embeddable":true,"href":"https:\/\/www.visit-ulcinj.com\/blog\/wp-json\/wp\/v2\/users\/1"}],"replies":[{"embeddable":true,"href":"https:\/\/www.visit-ulcinj.com\/blog\/wp-json\/wp\/v2\/comments?post=105145"}],"version-history":[{"count":2,"href":"https:\/\/www.visit-ulcinj.com\/blog\/wp-json\/wp\/v2\/posts\/105145\/revisions"}],"predecessor-version":[{"id":105152,"href":"https:\/\/www.visit-ulcinj.com\/blog\/wp-json\/wp\/v2\/posts\/105145\/revisions\/105152"}],"wp:attachment":[{"href":"https:\/\/www.visit-ulcinj.com\/blog\/wp-json\/wp\/v2\/media?parent=105145"}],"wp:term":[{"taxonomy":"category","embeddable":true,"href":"https:\/\/www.visit-ulcinj.com\/blog\/wp-json\/wp\/v2\/categories?post=105145"},{"taxonomy":"post_tag","embeddable":true,"href":"https:\/\/www.visit-ulcinj.com\/blog\/wp-json\/wp\/v2\/tags?post=105145"}],"curies":[{"name":"wp","href":"https:\/\/api.w.org\/{rel}","templated":true}]}}