{"id":105154,"date":"2017-05-21T11:18:46","date_gmt":"2017-05-21T10:18:46","guid":{"rendered":"http:\/\/www.visit-ulcinj.com\/blog\/?p=105154"},"modified":"2017-05-21T11:18:46","modified_gmt":"2017-05-21T10:18:46","slug":"mali-zi-kremton-11vjetorin-e-pavaresise","status":"publish","type":"post","link":"https:\/\/www.visit-ulcinj.com\/blog\/2017\/05\/21\/mali-zi-kremton-11vjetorin-e-pavaresise\/","title":{"rendered":"Mali i Zi kremton 11vjetorin e pavar\u00ebsis\u00eb"},"content":{"rendered":"<p><strong>Mali i Zi sot kremton Dit\u00ebn e Pavar\u00ebsis\u00eb. N\u00eb referendumin m\u00eb 21 maj t\u00eb vitit 2006, 55.5 p\u00ebr qind e qytetar\u00ebve t\u00eb cil\u00ebt votuan n\u00eb referendum u deklaruan p\u00ebr pavar\u00ebsi t\u00eb Mali t\u00eb Zi<\/strong><\/p>\n<p><a href=\"http:\/\/www.visit-ulcinj.com\/blog\/wp-content\/uploads\/2017\/05\/Mali-i-Zi-kremton-11vjetorin-e-pavar\u00ebsis\u00eb.jpg\"><img loading=\"lazy\" class=\"alignleft wp-image-105155\" src=\"http:\/\/www.visit-ulcinj.com\/blog\/wp-content\/uploads\/2017\/05\/Mali-i-Zi-kremton-11vjetorin-e-pavar\u00ebsis\u00eb.jpg\" alt=\"\" width=\"508\" height=\"286\" srcset=\"https:\/\/www.visit-ulcinj.com\/blog\/wp-content\/uploads\/2017\/05\/Mali-i-Zi-kremton-11vjetorin-e-pavar\u00ebsis\u00eb.jpg 863w, https:\/\/www.visit-ulcinj.com\/blog\/wp-content\/uploads\/2017\/05\/Mali-i-Zi-kremton-11vjetorin-e-pavar\u00ebsis\u00eb-300x169.jpg 300w, https:\/\/www.visit-ulcinj.com\/blog\/wp-content\/uploads\/2017\/05\/Mali-i-Zi-kremton-11vjetorin-e-pavar\u00ebsis\u00eb-768x433.jpg 768w\" sizes=\"(max-width: 508px) 100vw, 508px\" \/><\/a><\/p>\n<p class=\"selectionShareable\">PODGORIC\u00cb (AA) &#8211; Mali i Zi sot kremton Dit\u00ebn e Pavar\u00ebsis\u00eb. N\u00eb referendumin m\u00eb 21 maj t\u00eb vitit 2006, 55.5 p\u00ebr qind e qytetar\u00ebve t\u00eb cil\u00ebt votuan n\u00eb referendum u deklaruan p\u00ebr pavar\u00ebsi t\u00eb Mali t\u00eb Zi, raporton Anadolu Agency (AA).<\/p>\n<p class=\"selectionShareable\">Sipas rezultateve zyrtare, pavar\u00ebsin\u00eb e Malit t\u00eb Zi e mb\u00ebshtet\u00ebn nga 230.661 qytetar\u00eb ose 55.5 p\u00ebr qind nga 86.3 p\u00ebr qind e qytetar\u00ebve me t\u00eb drejt\u00eb vote q\u00eb dol\u00ebn n\u00eb referendum, nd\u00ebrsa p\u00ebr mbetjen e shtetit t\u00eb p\u00ebrbashk\u00ebt me Serbin\u00eb votuan 185.002 votues, ose 44.5 p\u00ebr qind.<\/p>\n<p class=\"selectionShareable\">Mbajtjes s\u00eb referendumit i paraprin\u00eb negociatat midis blloqeve p\u00ebr pavar\u00ebsi dhe shtetit t\u00eb p\u00ebrbashk\u00ebt n\u00ebp\u00ebrmjet diplomatit sllovak dhe nd\u00ebrmjet\u00ebsi i Bashkimit Evropian, Miroslav Laj\u00e7ak.<\/p>\n<p class=\"selectionShareable\">Pas disa muajve negociata, polemikat m\u00eb t\u00eb m\u00ebdha kan\u00eb qen\u00eb n\u00eb lidhje me shumic\u00ebn e k\u00ebrkuar q\u00eb referendumi t\u00eb ket\u00eb sukses, q\u00eb me nd\u00ebrmjet\u00ebsimin e BE-s\u00eb, n\u00eb fund u arrit marr\u00ebveshje se p\u00ebr t\u00eb qen\u00eb i suksessh\u00ebm referendumi ishte e nevojshme p\u00ebr ket\u00eb mb\u00ebshtetjen e 55 p\u00ebrqind t\u00eb votuesve.<\/p>\n<p class=\"selectionShareable\">Parlamenti malazez paraprakisht miratoi ligjin mbi referendumin, i cili \u00ebsht\u00eb dakorduar me rekomandimin e Bashkimit Evropian.<\/p>\n<p class=\"selectionShareable\">Kryeministri malazez Dushko Markovi\u00e7 tha t\u00eb premten n\u00eb nj\u00eb pritje me rastin e Dit\u00ebs s\u00eb Pavar\u00ebsis\u00eb, se pavar\u00ebsia \u00ebsht\u00eb detyrim i shenjt\u00eb i \u00e7do malazezi.<\/p>\n<p class=\"selectionShareable\">Ai shtoi se pothuajse nj\u00eb shekull ishte i nevojsh\u00ebm q\u00eb t\u00eb realizohet 21 maji dhe komuniteti nd\u00ebrkomb\u00ebtar t\u00eb njoh\u00eb t\u00eb drejt\u00ebn e Malit t\u00eb Zi si nj\u00eb shtet i pavarur.<\/p>\n<p class=\"selectionShareable\">Me urdh\u00ebr t\u00eb Presidentit t\u00eb Malit t\u00eb Zi Filip Vujanovi\u00e7, dje me rastin e Dit\u00ebs s\u00eb Pavar\u00ebsis\u00eb u realizua qitje nderi artilerike n\u00eb Cetinje.<\/p>\n<p class=\"selectionShareable\">Me rastin e Dit\u00ebs s\u00eb Pavar\u00ebsis\u00eb, 21, 22 dhe 23 maj jan\u00eb dit\u00eb jo-pune n\u00eb Mal t\u00eb Zi.<\/p>\n<p class=\"selectionShareable\"><strong>\u00a9 <a href=\"http:\/\/aa.com.tr\/sq\">Anadolu Agency<\/a> <\/strong><\/p>\n","protected":false},"excerpt":{"rendered":"<p>Mali i Zi sot kremton Dit\u00ebn e Pavar\u00ebsis\u00eb. N\u00eb referendumin m\u00eb 21 maj t\u00eb vitit 2006, 55.5 p\u00ebr qind e qytetar\u00ebve t\u00eb cil\u00ebt votuan n\u00eb referendum u deklaruan p\u00ebr pavar\u00ebsi t\u00eb Mali t\u00eb Zi PODGORIC\u00cb (AA) &#8211; Mali i Zi sot kremton Dit\u00ebn e Pavar\u00ebsis\u00eb. N\u00eb referendumin m\u00eb 21 maj t\u00eb vitit 2006, 55.5 p\u00ebr [&hellip;]<\/p>\n","protected":false},"author":1,"featured_media":0,"comment_status":"closed","ping_status":"closed","sticky":false,"template":"","format":"standard","meta":{"spay_email":"","jetpack_publicize_message":"","jetpack_is_tweetstorm":false,"jetpack_publicize_feature_enabled":true},"categories":[12],"tags":[],"jetpack_publicize_connections":[],"yoast_head":"<!-- This site is optimized with the Yoast SEO plugin v19.1 - https:\/\/yoast.com\/wordpress\/plugins\/seo\/ -->\n<title>Mali i Zi kremton 11vjetorin e pavar\u00ebsis\u00eb - Lajme nga Ulqini<\/title>\n<meta name=\"description\" content=\"Mali i Zi sot kremton Dit\u00ebn e Pavar\u00ebsis\u00eb. N\u00eb referendumin m\u00eb 21 maj t\u00eb vitit 2006, 55.5 p\u00ebr qind e qytetar\u00ebve t\u00eb cil\u00ebt votuan n\u00eb referendum u deklaruan\" \/>\n<meta name=\"robots\" content=\"index, follow, max-snippet:-1, max-image-preview:large, max-video-preview:-1\" \/>\n<link rel=\"canonical\" href=\"https:\/\/www.visit-ulcinj.com\/blog\/2017\/05\/21\/mali-zi-kremton-11vjetorin-e-pavaresise\/\" \/>\n<meta property=\"og:locale\" content=\"en_US\" \/>\n<meta property=\"og:type\" content=\"article\" \/>\n<meta property=\"og:title\" content=\"Mali i Zi kremton 11vjetorin e pavar\u00ebsis\u00eb - Lajme nga Ulqini\" \/>\n<meta property=\"og:description\" content=\"Mali i Zi sot kremton Dit\u00ebn e Pavar\u00ebsis\u00eb. N\u00eb referendumin m\u00eb 21 maj t\u00eb vitit 2006, 55.5 p\u00ebr qind e qytetar\u00ebve t\u00eb cil\u00ebt votuan n\u00eb referendum u deklaruan\" \/>\n<meta property=\"og:url\" content=\"https:\/\/www.visit-ulcinj.com\/blog\/2017\/05\/21\/mali-zi-kremton-11vjetorin-e-pavaresise\/\" \/>\n<meta property=\"og:site_name\" content=\"Lajme nga Ulqini\" \/>\n<meta property=\"article:published_time\" content=\"2017-05-21T10:18:46+00:00\" \/>\n<meta name=\"twitter:label1\" content=\"Written by\" \/>\n\t<meta name=\"twitter:data1\" content=\"ulqini\" \/>\n\t<meta name=\"twitter:label2\" content=\"Est. reading time\" \/>\n\t<meta name=\"twitter:data2\" content=\"2 minutes\" \/>\n<script type=\"application\/ld+json\" class=\"yoast-schema-graph\">{\"@context\":\"https:\/\/schema.org\",\"@graph\":[{\"@type\":\"WebSite\",\"@id\":\"https:\/\/www.visit-ulcinj.com\/blog\/#website\",\"url\":\"https:\/\/www.visit-ulcinj.com\/blog\/\",\"name\":\"Lajme nga Ulqini\",\"description\":\"Lajme,Vijesti,Ulqini,Ulqin,Crna Gora,Mali i Zi\",\"potentialAction\":[{\"@type\":\"SearchAction\",\"target\":{\"@type\":\"EntryPoint\",\"urlTemplate\":\"https:\/\/www.visit-ulcinj.com\/blog\/?s={search_term_string}\"},\"query-input\":\"required name=search_term_string\"}],\"inLanguage\":\"en-US\"},{\"@type\":\"WebPage\",\"@id\":\"https:\/\/www.visit-ulcinj.com\/blog\/2017\/05\/21\/mali-zi-kremton-11vjetorin-e-pavaresise\/#webpage\",\"url\":\"https:\/\/www.visit-ulcinj.com\/blog\/2017\/05\/21\/mali-zi-kremton-11vjetorin-e-pavaresise\/\",\"name\":\"Mali i Zi kremton 11vjetorin e pavar\u00ebsis\u00eb - Lajme nga Ulqini\",\"isPartOf\":{\"@id\":\"https:\/\/www.visit-ulcinj.com\/blog\/#website\"},\"datePublished\":\"2017-05-21T10:18:46+00:00\",\"dateModified\":\"2017-05-21T10:18:46+00:00\",\"author\":{\"@id\":\"https:\/\/www.visit-ulcinj.com\/blog\/#\/schema\/person\/dcab619c614d3038751c63bc2aadc06d\"},\"description\":\"Mali i Zi sot kremton Dit\u00ebn e Pavar\u00ebsis\u00eb. N\u00eb referendumin m\u00eb 21 maj t\u00eb vitit 2006, 55.5 p\u00ebr qind e qytetar\u00ebve t\u00eb cil\u00ebt votuan n\u00eb referendum u deklaruan\",\"breadcrumb\":{\"@id\":\"https:\/\/www.visit-ulcinj.com\/blog\/2017\/05\/21\/mali-zi-kremton-11vjetorin-e-pavaresise\/#breadcrumb\"},\"inLanguage\":\"en-US\",\"potentialAction\":[{\"@type\":\"ReadAction\",\"target\":[\"https:\/\/www.visit-ulcinj.com\/blog\/2017\/05\/21\/mali-zi-kremton-11vjetorin-e-pavaresise\/\"]}]},{\"@type\":\"BreadcrumbList\",\"@id\":\"https:\/\/www.visit-ulcinj.com\/blog\/2017\/05\/21\/mali-zi-kremton-11vjetorin-e-pavaresise\/#breadcrumb\",\"itemListElement\":[{\"@type\":\"ListItem\",\"position\":1,\"name\":\"Mali i Zi kremton 11vjetorin e pavar\u00ebsis\u00eb\"}]},{\"@type\":\"Person\",\"@id\":\"https:\/\/www.visit-ulcinj.com\/blog\/#\/schema\/person\/dcab619c614d3038751c63bc2aadc06d\",\"name\":\"ulqini\",\"sameAs\":[\"http:\/\/www.visit-ulcinj.com\"],\"url\":\"https:\/\/www.visit-ulcinj.com\/blog\/author\/admin\/\"}]}<\/script>\n<!-- \/ Yoast SEO plugin. -->","yoast_head_json":{"title":"Mali i Zi kremton 11vjetorin e pavar\u00ebsis\u00eb - Lajme nga Ulqini","description":"Mali i Zi sot kremton Dit\u00ebn e Pavar\u00ebsis\u00eb. N\u00eb referendumin m\u00eb 21 maj t\u00eb vitit 2006, 55.5 p\u00ebr qind e qytetar\u00ebve t\u00eb cil\u00ebt votuan n\u00eb referendum u deklaruan","robots":{"index":"index","follow":"follow","max-snippet":"max-snippet:-1","max-image-preview":"max-image-preview:large","max-video-preview":"max-video-preview:-1"},"canonical":"https:\/\/www.visit-ulcinj.com\/blog\/2017\/05\/21\/mali-zi-kremton-11vjetorin-e-pavaresise\/","og_locale":"en_US","og_type":"article","og_title":"Mali i Zi kremton 11vjetorin e pavar\u00ebsis\u00eb - Lajme nga Ulqini","og_description":"Mali i Zi sot kremton Dit\u00ebn e Pavar\u00ebsis\u00eb. N\u00eb referendumin m\u00eb 21 maj t\u00eb vitit 2006, 55.5 p\u00ebr qind e qytetar\u00ebve t\u00eb cil\u00ebt votuan n\u00eb referendum u deklaruan","og_url":"https:\/\/www.visit-ulcinj.com\/blog\/2017\/05\/21\/mali-zi-kremton-11vjetorin-e-pavaresise\/","og_site_name":"Lajme nga Ulqini","article_published_time":"2017-05-21T10:18:46+00:00","twitter_misc":{"Written by":"ulqini","Est. reading time":"2 minutes"},"schema":{"@context":"https:\/\/schema.org","@graph":[{"@type":"WebSite","@id":"https:\/\/www.visit-ulcinj.com\/blog\/#website","url":"https:\/\/www.visit-ulcinj.com\/blog\/","name":"Lajme nga Ulqini","description":"Lajme,Vijesti,Ulqini,Ulqin,Crna Gora,Mali i Zi","potentialAction":[{"@type":"SearchAction","target":{"@type":"EntryPoint","urlTemplate":"https:\/\/www.visit-ulcinj.com\/blog\/?s={search_term_string}"},"query-input":"required name=search_term_string"}],"inLanguage":"en-US"},{"@type":"WebPage","@id":"https:\/\/www.visit-ulcinj.com\/blog\/2017\/05\/21\/mali-zi-kremton-11vjetorin-e-pavaresise\/#webpage","url":"https:\/\/www.visit-ulcinj.com\/blog\/2017\/05\/21\/mali-zi-kremton-11vjetorin-e-pavaresise\/","name":"Mali i Zi kremton 11vjetorin e pavar\u00ebsis\u00eb - Lajme nga Ulqini","isPartOf":{"@id":"https:\/\/www.visit-ulcinj.com\/blog\/#website"},"datePublished":"2017-05-21T10:18:46+00:00","dateModified":"2017-05-21T10:18:46+00:00","author":{"@id":"https:\/\/www.visit-ulcinj.com\/blog\/#\/schema\/person\/dcab619c614d3038751c63bc2aadc06d"},"description":"Mali i Zi sot kremton Dit\u00ebn e Pavar\u00ebsis\u00eb. N\u00eb referendumin m\u00eb 21 maj t\u00eb vitit 2006, 55.5 p\u00ebr qind e qytetar\u00ebve t\u00eb cil\u00ebt votuan n\u00eb referendum u deklaruan","breadcrumb":{"@id":"https:\/\/www.visit-ulcinj.com\/blog\/2017\/05\/21\/mali-zi-kremton-11vjetorin-e-pavaresise\/#breadcrumb"},"inLanguage":"en-US","potentialAction":[{"@type":"ReadAction","target":["https:\/\/www.visit-ulcinj.com\/blog\/2017\/05\/21\/mali-zi-kremton-11vjetorin-e-pavaresise\/"]}]},{"@type":"BreadcrumbList","@id":"https:\/\/www.visit-ulcinj.com\/blog\/2017\/05\/21\/mali-zi-kremton-11vjetorin-e-pavaresise\/#breadcrumb","itemListElement":[{"@type":"ListItem","position":1,"name":"Mali i Zi kremton 11vjetorin e pavar\u00ebsis\u00eb"}]},{"@type":"Person","@id":"https:\/\/www.visit-ulcinj.com\/blog\/#\/schema\/person\/dcab619c614d3038751c63bc2aadc06d","name":"ulqini","sameAs":["http:\/\/www.visit-ulcinj.com"],"url":"https:\/\/www.visit-ulcinj.com\/blog\/author\/admin\/"}]}},"jetpack_featured_media_url":"","jetpack_sharing_enabled":true,"jetpack_shortlink":"https:\/\/wp.me\/pe6lTn-rm2","_links":{"self":[{"href":"https:\/\/www.visit-ulcinj.com\/blog\/wp-json\/wp\/v2\/posts\/105154"}],"collection":[{"href":"https:\/\/www.visit-ulcinj.com\/blog\/wp-json\/wp\/v2\/posts"}],"about":[{"href":"https:\/\/www.visit-ulcinj.com\/blog\/wp-json\/wp\/v2\/types\/post"}],"author":[{"embeddable":true,"href":"https:\/\/www.visit-ulcinj.com\/blog\/wp-json\/wp\/v2\/users\/1"}],"replies":[{"embeddable":true,"href":"https:\/\/www.visit-ulcinj.com\/blog\/wp-json\/wp\/v2\/comments?post=105154"}],"version-history":[{"count":1,"href":"https:\/\/www.visit-ulcinj.com\/blog\/wp-json\/wp\/v2\/posts\/105154\/revisions"}],"predecessor-version":[{"id":105156,"href":"https:\/\/www.visit-ulcinj.com\/blog\/wp-json\/wp\/v2\/posts\/105154\/revisions\/105156"}],"wp:attachment":[{"href":"https:\/\/www.visit-ulcinj.com\/blog\/wp-json\/wp\/v2\/media?parent=105154"}],"wp:term":[{"taxonomy":"category","embeddable":true,"href":"https:\/\/www.visit-ulcinj.com\/blog\/wp-json\/wp\/v2\/categories?post=105154"},{"taxonomy":"post_tag","embeddable":true,"href":"https:\/\/www.visit-ulcinj.com\/blog\/wp-json\/wp\/v2\/tags?post=105154"}],"curies":[{"name":"wp","href":"https:\/\/api.w.org\/{rel}","templated":true}]}}