{"id":105157,"date":"2017-05-21T12:57:08","date_gmt":"2017-05-21T11:57:08","guid":{"rendered":"http:\/\/www.visit-ulcinj.com\/blog\/?p=105157"},"modified":"2017-05-21T13:01:05","modified_gmt":"2017-05-21T12:01:05","slug":"ul-info-jep-detaje-per-dergimin-e-adnanit-e-mersihes-per-sherim-ne-turqi","status":"publish","type":"post","link":"https:\/\/www.visit-ulcinj.com\/blog\/2017\/05\/21\/ul-info-jep-detaje-per-dergimin-e-adnanit-e-mersihes-per-sherim-ne-turqi\/","title":{"rendered":"Ul.info jep detaje p\u00ebr d\u00ebrgimin e Adnanit e Mersihes p\u00ebr sh\u00ebrim n\u00eb Turqi"},"content":{"rendered":"<p><strong><a href=\"http:\/\/www.visit-ulcinj.com\/blog\/wp-content\/uploads\/2017\/05\/Ul.info-jep-detaje-p\u00ebr-d\u00ebrgimin-e-Adnanit-e-Mersihes-p\u00ebr-sh\u00ebrim-n\u00eb-Turqi.jpg\"><img loading=\"lazy\" class=\"alignleft wp-image-105158\" src=\"http:\/\/www.visit-ulcinj.com\/blog\/wp-content\/uploads\/2017\/05\/Ul.info-jep-detaje-p\u00ebr-d\u00ebrgimin-e-Adnanit-e-Mersihes-p\u00ebr-sh\u00ebrim-n\u00eb-Turqi.jpg\" alt=\"\" width=\"508\" height=\"506\" srcset=\"https:\/\/www.visit-ulcinj.com\/blog\/wp-content\/uploads\/2017\/05\/Ul.info-jep-detaje-p\u00ebr-d\u00ebrgimin-e-Adnanit-e-Mersihes-p\u00ebr-sh\u00ebrim-n\u00eb-Turqi.jpg 543w, https:\/\/www.visit-ulcinj.com\/blog\/wp-content\/uploads\/2017\/05\/Ul.info-jep-detaje-p\u00ebr-d\u00ebrgimin-e-Adnanit-e-Mersihes-p\u00ebr-sh\u00ebrim-n\u00eb-Turqi-150x150.jpg 150w, https:\/\/www.visit-ulcinj.com\/blog\/wp-content\/uploads\/2017\/05\/Ul.info-jep-detaje-p\u00ebr-d\u00ebrgimin-e-Adnanit-e-Mersihes-p\u00ebr-sh\u00ebrim-n\u00eb-Turqi-300x300.jpg 300w\" sizes=\"(max-width: 508px) 100vw, 508px\" \/><\/a>Me shpres\u00eb se do t\u00eb gjejn sherim,\u00a0Adnan dhe Mersiha\u00a0Resulbegoviq, sot dy jav\u00eb do nisen p\u00ebr n\u00eb Turqi, transmeton portali Ul.info.<\/strong><\/p>\n<p>K\u00ebto f\u00ebmij\u00eb q\u00eb nga lindja vuajn\u00eb nga paraliza cerebrale do t\u00eb provojn\u00eb t\u00eb sh\u00ebrohen me t\u00eb ashtuquajtur\u00ebn metod\u00ebn e qelizave am\u00eb.<\/p>\n<p>Me donacione vullnetare nga vendi dhe jasht\u00eb dhe me aksione humanitare p\u00ebr sh\u00ebrimin e Adnanit dhe Mersihes deri tani jan\u00eb grumbulluar rreth 80 mij\u00eb euro.<\/p>\n<p><strong>Q\u00ebllimi i k\u00ebtij akcioni t\u00eb madh humanitar \u00ebsht\u00eb ndihm\u00eb p\u00ebr Mersih\u00ebn dhe Adnani, dhe me k\u00ebt\u00eb rast ai paraprakisht i fal\u00ebnderojm t\u00eb gjith\u00eb.<\/strong><\/p>\n<p><strong>P\u00ebr donacionin e juaj <a href=\"https:\/\/www.gofundme.com\/HelptheResulbeguKids\">https:\/\/www.gofundme.com\/HelptheResulbeguKids<\/a><\/strong><\/p>\n<p><a href=\"http:\/\/www.visit-ulcinj.com\/blog\/wp-content\/uploads\/2017\/05\/Salla-bosh-n\u00eb-Ulqin-goditje-e-r\u00ebnd\u00eb-p\u00ebr-Mersihen-dhe-Adnanin.jpg\"><img loading=\"lazy\" class=\"alignleft wp-image-105118\" src=\"http:\/\/www.visit-ulcinj.com\/blog\/wp-content\/uploads\/2017\/05\/Salla-bosh-n\u00eb-Ulqin-goditje-e-r\u00ebnd\u00eb-p\u00ebr-Mersihen-dhe-Adnanin.jpg\" alt=\"\" width=\"508\" height=\"243\" srcset=\"https:\/\/www.visit-ulcinj.com\/blog\/wp-content\/uploads\/2017\/05\/Salla-bosh-n\u00eb-Ulqin-goditje-e-r\u00ebnd\u00eb-p\u00ebr-Mersihen-dhe-Adnanin.jpg 702w, https:\/\/www.visit-ulcinj.com\/blog\/wp-content\/uploads\/2017\/05\/Salla-bosh-n\u00eb-Ulqin-goditje-e-r\u00ebnd\u00eb-p\u00ebr-Mersihen-dhe-Adnanin-300x144.jpg 300w\" sizes=\"(max-width: 508px) 100vw, 508px\" \/><\/a><\/p>\n","protected":false},"excerpt":{"rendered":"<p>Me shpres\u00eb se do t\u00eb gjejn sherim,\u00a0Adnan dhe Mersiha\u00a0Resulbegoviq, sot dy jav\u00eb do nisen p\u00ebr n\u00eb Turqi, transmeton portali Ul.info. K\u00ebto f\u00ebmij\u00eb q\u00eb nga lindja vuajn\u00eb nga paraliza cerebrale do t\u00eb provojn\u00eb t\u00eb sh\u00ebrohen me t\u00eb ashtuquajtur\u00ebn metod\u00ebn e qelizave am\u00eb. Me donacione vullnetare nga vendi dhe jasht\u00eb dhe me aksione humanitare p\u00ebr sh\u00ebrimin e [&hellip;]<\/p>\n","protected":false},"author":1,"featured_media":0,"comment_status":"closed","ping_status":"closed","sticky":false,"template":"","format":"standard","meta":{"spay_email":"","jetpack_publicize_message":"","jetpack_is_tweetstorm":false,"jetpack_publicize_feature_enabled":true},"categories":[12],"tags":[],"jetpack_publicize_connections":[],"yoast_head":"<!-- This site is optimized with the Yoast SEO plugin v19.1 - https:\/\/yoast.com\/wordpress\/plugins\/seo\/ -->\n<title>Ul.info jep detaje p\u00ebr d\u00ebrgimin e Adnanit e Mersihes p\u00ebr sh\u00ebrim n\u00eb Turqi - Lajme nga Ulqini<\/title>\n<meta name=\"description\" content=\"Me shpres\u00eb se do t\u00eb gjejn sherim,\u00a0Adnan dhe Mersiha\u00a0Resulbegoviq, sot dy jav\u00eb do nisen p\u00ebr n\u00eb Turqi, transmeton portali Ul.info. K\u00ebto f\u00ebmij\u00eb q\u00eb nga lindja\" \/>\n<meta name=\"robots\" content=\"index, follow, max-snippet:-1, max-image-preview:large, max-video-preview:-1\" \/>\n<link rel=\"canonical\" href=\"https:\/\/www.visit-ulcinj.com\/blog\/2017\/05\/21\/ul-info-jep-detaje-per-dergimin-e-adnanit-e-mersihes-per-sherim-ne-turqi\/\" \/>\n<meta property=\"og:locale\" content=\"en_US\" \/>\n<meta property=\"og:type\" content=\"article\" \/>\n<meta property=\"og:title\" content=\"Ul.info jep detaje p\u00ebr d\u00ebrgimin e Adnanit e Mersihes p\u00ebr sh\u00ebrim n\u00eb Turqi - Lajme nga Ulqini\" \/>\n<meta property=\"og:description\" content=\"Me shpres\u00eb se do t\u00eb gjejn sherim,\u00a0Adnan dhe Mersiha\u00a0Resulbegoviq, sot dy jav\u00eb do nisen p\u00ebr n\u00eb Turqi, transmeton portali Ul.info. K\u00ebto f\u00ebmij\u00eb q\u00eb nga lindja\" \/>\n<meta property=\"og:url\" content=\"https:\/\/www.visit-ulcinj.com\/blog\/2017\/05\/21\/ul-info-jep-detaje-per-dergimin-e-adnanit-e-mersihes-per-sherim-ne-turqi\/\" \/>\n<meta property=\"og:site_name\" content=\"Lajme nga Ulqini\" \/>\n<meta property=\"article:published_time\" content=\"2017-05-21T11:57:08+00:00\" \/>\n<meta property=\"article:modified_time\" content=\"2017-05-21T12:01:05+00:00\" \/>\n<meta name=\"twitter:label1\" content=\"Written by\" \/>\n\t<meta name=\"twitter:data1\" content=\"ulqini\" \/>\n\t<meta name=\"twitter:label2\" content=\"Est. reading time\" \/>\n\t<meta name=\"twitter:data2\" content=\"1 minute\" \/>\n<script type=\"application\/ld+json\" class=\"yoast-schema-graph\">{\"@context\":\"https:\/\/schema.org\",\"@graph\":[{\"@type\":\"WebSite\",\"@id\":\"https:\/\/www.visit-ulcinj.com\/blog\/#website\",\"url\":\"https:\/\/www.visit-ulcinj.com\/blog\/\",\"name\":\"Lajme nga Ulqini\",\"description\":\"Lajme,Vijesti,Ulqini,Ulqin,Crna Gora,Mali i Zi\",\"potentialAction\":[{\"@type\":\"SearchAction\",\"target\":{\"@type\":\"EntryPoint\",\"urlTemplate\":\"https:\/\/www.visit-ulcinj.com\/blog\/?s={search_term_string}\"},\"query-input\":\"required name=search_term_string\"}],\"inLanguage\":\"en-US\"},{\"@type\":\"WebPage\",\"@id\":\"https:\/\/www.visit-ulcinj.com\/blog\/2017\/05\/21\/ul-info-jep-detaje-per-dergimin-e-adnanit-e-mersihes-per-sherim-ne-turqi\/#webpage\",\"url\":\"https:\/\/www.visit-ulcinj.com\/blog\/2017\/05\/21\/ul-info-jep-detaje-per-dergimin-e-adnanit-e-mersihes-per-sherim-ne-turqi\/\",\"name\":\"Ul.info jep detaje p\u00ebr d\u00ebrgimin e Adnanit e Mersihes p\u00ebr sh\u00ebrim n\u00eb Turqi - Lajme nga Ulqini\",\"isPartOf\":{\"@id\":\"https:\/\/www.visit-ulcinj.com\/blog\/#website\"},\"datePublished\":\"2017-05-21T11:57:08+00:00\",\"dateModified\":\"2017-05-21T12:01:05+00:00\",\"author\":{\"@id\":\"https:\/\/www.visit-ulcinj.com\/blog\/#\/schema\/person\/dcab619c614d3038751c63bc2aadc06d\"},\"description\":\"Me shpres\u00eb se do t\u00eb gjejn sherim,\u00a0Adnan dhe Mersiha\u00a0Resulbegoviq, sot dy jav\u00eb do nisen p\u00ebr n\u00eb Turqi, transmeton portali Ul.info. K\u00ebto f\u00ebmij\u00eb q\u00eb nga lindja\",\"breadcrumb\":{\"@id\":\"https:\/\/www.visit-ulcinj.com\/blog\/2017\/05\/21\/ul-info-jep-detaje-per-dergimin-e-adnanit-e-mersihes-per-sherim-ne-turqi\/#breadcrumb\"},\"inLanguage\":\"en-US\",\"potentialAction\":[{\"@type\":\"ReadAction\",\"target\":[\"https:\/\/www.visit-ulcinj.com\/blog\/2017\/05\/21\/ul-info-jep-detaje-per-dergimin-e-adnanit-e-mersihes-per-sherim-ne-turqi\/\"]}]},{\"@type\":\"BreadcrumbList\",\"@id\":\"https:\/\/www.visit-ulcinj.com\/blog\/2017\/05\/21\/ul-info-jep-detaje-per-dergimin-e-adnanit-e-mersihes-per-sherim-ne-turqi\/#breadcrumb\",\"itemListElement\":[{\"@type\":\"ListItem\",\"position\":1,\"name\":\"Ul.info jep detaje p\u00ebr d\u00ebrgimin e Adnanit e Mersihes p\u00ebr sh\u00ebrim n\u00eb Turqi\"}]},{\"@type\":\"Person\",\"@id\":\"https:\/\/www.visit-ulcinj.com\/blog\/#\/schema\/person\/dcab619c614d3038751c63bc2aadc06d\",\"name\":\"ulqini\",\"sameAs\":[\"http:\/\/www.visit-ulcinj.com\"],\"url\":\"https:\/\/www.visit-ulcinj.com\/blog\/author\/admin\/\"}]}<\/script>\n<!-- \/ Yoast SEO plugin. -->","yoast_head_json":{"title":"Ul.info jep detaje p\u00ebr d\u00ebrgimin e Adnanit e Mersihes p\u00ebr sh\u00ebrim n\u00eb Turqi - Lajme nga Ulqini","description":"Me shpres\u00eb se do t\u00eb gjejn sherim,\u00a0Adnan dhe Mersiha\u00a0Resulbegoviq, sot dy jav\u00eb do nisen p\u00ebr n\u00eb Turqi, transmeton portali Ul.info. K\u00ebto f\u00ebmij\u00eb q\u00eb nga lindja","robots":{"index":"index","follow":"follow","max-snippet":"max-snippet:-1","max-image-preview":"max-image-preview:large","max-video-preview":"max-video-preview:-1"},"canonical":"https:\/\/www.visit-ulcinj.com\/blog\/2017\/05\/21\/ul-info-jep-detaje-per-dergimin-e-adnanit-e-mersihes-per-sherim-ne-turqi\/","og_locale":"en_US","og_type":"article","og_title":"Ul.info jep detaje p\u00ebr d\u00ebrgimin e Adnanit e Mersihes p\u00ebr sh\u00ebrim n\u00eb Turqi - Lajme nga Ulqini","og_description":"Me shpres\u00eb se do t\u00eb gjejn sherim,\u00a0Adnan dhe Mersiha\u00a0Resulbegoviq, sot dy jav\u00eb do nisen p\u00ebr n\u00eb Turqi, transmeton portali Ul.info. K\u00ebto f\u00ebmij\u00eb q\u00eb nga lindja","og_url":"https:\/\/www.visit-ulcinj.com\/blog\/2017\/05\/21\/ul-info-jep-detaje-per-dergimin-e-adnanit-e-mersihes-per-sherim-ne-turqi\/","og_site_name":"Lajme nga Ulqini","article_published_time":"2017-05-21T11:57:08+00:00","article_modified_time":"2017-05-21T12:01:05+00:00","twitter_misc":{"Written by":"ulqini","Est. reading time":"1 minute"},"schema":{"@context":"https:\/\/schema.org","@graph":[{"@type":"WebSite","@id":"https:\/\/www.visit-ulcinj.com\/blog\/#website","url":"https:\/\/www.visit-ulcinj.com\/blog\/","name":"Lajme nga Ulqini","description":"Lajme,Vijesti,Ulqini,Ulqin,Crna Gora,Mali i Zi","potentialAction":[{"@type":"SearchAction","target":{"@type":"EntryPoint","urlTemplate":"https:\/\/www.visit-ulcinj.com\/blog\/?s={search_term_string}"},"query-input":"required name=search_term_string"}],"inLanguage":"en-US"},{"@type":"WebPage","@id":"https:\/\/www.visit-ulcinj.com\/blog\/2017\/05\/21\/ul-info-jep-detaje-per-dergimin-e-adnanit-e-mersihes-per-sherim-ne-turqi\/#webpage","url":"https:\/\/www.visit-ulcinj.com\/blog\/2017\/05\/21\/ul-info-jep-detaje-per-dergimin-e-adnanit-e-mersihes-per-sherim-ne-turqi\/","name":"Ul.info jep detaje p\u00ebr d\u00ebrgimin e Adnanit e Mersihes p\u00ebr sh\u00ebrim n\u00eb Turqi - Lajme nga Ulqini","isPartOf":{"@id":"https:\/\/www.visit-ulcinj.com\/blog\/#website"},"datePublished":"2017-05-21T11:57:08+00:00","dateModified":"2017-05-21T12:01:05+00:00","author":{"@id":"https:\/\/www.visit-ulcinj.com\/blog\/#\/schema\/person\/dcab619c614d3038751c63bc2aadc06d"},"description":"Me shpres\u00eb se do t\u00eb gjejn sherim,\u00a0Adnan dhe Mersiha\u00a0Resulbegoviq, sot dy jav\u00eb do nisen p\u00ebr n\u00eb Turqi, transmeton portali Ul.info. K\u00ebto f\u00ebmij\u00eb q\u00eb nga lindja","breadcrumb":{"@id":"https:\/\/www.visit-ulcinj.com\/blog\/2017\/05\/21\/ul-info-jep-detaje-per-dergimin-e-adnanit-e-mersihes-per-sherim-ne-turqi\/#breadcrumb"},"inLanguage":"en-US","potentialAction":[{"@type":"ReadAction","target":["https:\/\/www.visit-ulcinj.com\/blog\/2017\/05\/21\/ul-info-jep-detaje-per-dergimin-e-adnanit-e-mersihes-per-sherim-ne-turqi\/"]}]},{"@type":"BreadcrumbList","@id":"https:\/\/www.visit-ulcinj.com\/blog\/2017\/05\/21\/ul-info-jep-detaje-per-dergimin-e-adnanit-e-mersihes-per-sherim-ne-turqi\/#breadcrumb","itemListElement":[{"@type":"ListItem","position":1,"name":"Ul.info jep detaje p\u00ebr d\u00ebrgimin e Adnanit e Mersihes p\u00ebr sh\u00ebrim n\u00eb Turqi"}]},{"@type":"Person","@id":"https:\/\/www.visit-ulcinj.com\/blog\/#\/schema\/person\/dcab619c614d3038751c63bc2aadc06d","name":"ulqini","sameAs":["http:\/\/www.visit-ulcinj.com"],"url":"https:\/\/www.visit-ulcinj.com\/blog\/author\/admin\/"}]}},"jetpack_featured_media_url":"","jetpack_sharing_enabled":true,"jetpack_shortlink":"https:\/\/wp.me\/pe6lTn-rm5","_links":{"self":[{"href":"https:\/\/www.visit-ulcinj.com\/blog\/wp-json\/wp\/v2\/posts\/105157"}],"collection":[{"href":"https:\/\/www.visit-ulcinj.com\/blog\/wp-json\/wp\/v2\/posts"}],"about":[{"href":"https:\/\/www.visit-ulcinj.com\/blog\/wp-json\/wp\/v2\/types\/post"}],"author":[{"embeddable":true,"href":"https:\/\/www.visit-ulcinj.com\/blog\/wp-json\/wp\/v2\/users\/1"}],"replies":[{"embeddable":true,"href":"https:\/\/www.visit-ulcinj.com\/blog\/wp-json\/wp\/v2\/comments?post=105157"}],"version-history":[{"count":1,"href":"https:\/\/www.visit-ulcinj.com\/blog\/wp-json\/wp\/v2\/posts\/105157\/revisions"}],"predecessor-version":[{"id":105159,"href":"https:\/\/www.visit-ulcinj.com\/blog\/wp-json\/wp\/v2\/posts\/105157\/revisions\/105159"}],"wp:attachment":[{"href":"https:\/\/www.visit-ulcinj.com\/blog\/wp-json\/wp\/v2\/media?parent=105157"}],"wp:term":[{"taxonomy":"category","embeddable":true,"href":"https:\/\/www.visit-ulcinj.com\/blog\/wp-json\/wp\/v2\/categories?post=105157"},{"taxonomy":"post_tag","embeddable":true,"href":"https:\/\/www.visit-ulcinj.com\/blog\/wp-json\/wp\/v2\/tags?post=105157"}],"curies":[{"name":"wp","href":"https:\/\/api.w.org\/{rel}","templated":true}]}}