{"id":105163,"date":"2017-05-21T13:34:44","date_gmt":"2017-05-21T12:34:44","guid":{"rendered":"http:\/\/www.visit-ulcinj.com\/blog\/?p=105163"},"modified":"2017-05-21T14:04:28","modified_gmt":"2017-05-21T13:04:28","slug":"zbulimi-ruzhdi-ushakut-kali-trojes-nuk-ishte-kale-ishte-anije","status":"publish","type":"post","link":"https:\/\/www.visit-ulcinj.com\/blog\/2017\/05\/21\/zbulimi-ruzhdi-ushakut-kali-trojes-nuk-ishte-kale-ishte-anije\/","title":{"rendered":"Zbulimi i Ruzhdi Ushakut: \u201cKali i Troj\u00ebs\u201d nuk ishte kal\u00eb, ishte anije?"},"content":{"rendered":"<p><a href=\"http:\/\/www.visit-ulcinj.com\/blog\/wp-content\/uploads\/2017\/05\/Zbulimi-i-Ruzhdi-Ushakut-\u201cKali-i-Troj\u00ebs\u201d-nuk-ishte-kal\u00eb-ishte-anije.jpg\"><img loading=\"lazy\" class=\"alignleft wp-image-105164\" src=\"http:\/\/www.visit-ulcinj.com\/blog\/wp-content\/uploads\/2017\/05\/Zbulimi-i-Ruzhdi-Ushakut-\u201cKali-i-Troj\u00ebs\u201d-nuk-ishte-kal\u00eb-ishte-anije.jpg\" alt=\"\" width=\"508\" height=\"243\" srcset=\"https:\/\/www.visit-ulcinj.com\/blog\/wp-content\/uploads\/2017\/05\/Zbulimi-i-Ruzhdi-Ushakut-\u201cKali-i-Troj\u00ebs\u201d-nuk-ishte-kal\u00eb-ishte-anije.jpg 702w, https:\/\/www.visit-ulcinj.com\/blog\/wp-content\/uploads\/2017\/05\/Zbulimi-i-Ruzhdi-Ushakut-\u201cKali-i-Troj\u00ebs\u201d-nuk-ishte-kal\u00eb-ishte-anije-300x144.jpg 300w\" sizes=\"(max-width: 508px) 100vw, 508px\" \/><\/a>Profesor doktor<strong> Ruzhdi Ushaku<\/strong> n\u00eb nj\u00eb intervist\u00eb ekskluzive dh\u00ebn\u00eb televizionit Teuta hedh posht\u00eb tez\u00ebn p\u00ebr Kalin e Troj\u00ebs,duke th\u00ebn\u00eb se n\u00eb fakt Kali i Troj\u00ebs ka qen\u00eb nj\u00eb anije me krye kali, transmeton portali TV Teuta.<\/p>\n<p>Para disa muajve dol\u00ebn disa artikuj se kinse m\u00eb n\u00eb fund u zgjidh ky mister. N\u00eb k\u00ebta artikuj t\u00eb cil\u00ebt u publikuan n\u00eb media t\u00eb ndryshme thuhet se Kali i Troj\u00ebs nuk ishte nj\u00eb kal\u00eb prej druri, si\u00e7 \u00ebsht\u00eb cekur n\u00eb \u201cIliad\u00ebn\u201d e Homerit.\u00a0 Sipas nj\u00eb studiuesi italian, Francesco Tiboni, profesor i Universitetit t\u00eb Marsej\u00ebs, makineria q\u00eb p\u00ebrdor\u00ebn grek\u00ebt p\u00ebr t\u00eb n\u00ebnshtruar Troj\u00ebn nuk ishte kali prej druri, por nj\u00eb anije fenikase me kok\u00eb kali, q\u00eb quhej \u201chipos\u201d.<\/p>\n<p>Me k\u00ebt\u00eb tez\u00eb professor Ushaku ka dalur para 32 viteve<\/p>\n<p>\u201cP\u00ebr her\u00eb t\u00eb par\u00eb \u00ebsht\u00eb botuar artikulli me titull \u2018A ka ekzistuar kali i Troj\u00ebs\u2019, n\u00eb Rilindje n\u00eb vitin 1985. Pastaj n\u00eb t\u00eb dyt\u00ebn her\u00eb ka qen\u00eb nj\u00eb punim tjet\u00ebr i p\u00ebrforcuar n\u00eb librin \u2018Ulqini n\u00eb gjurm\u00ebt e shekujve\u2019, si dhe dy punime tjera me tituj \u2018Misteret e Bun\u00ebs legjendare\u2019, ku thuhet se kali i Troj\u00ebs mund t\u00eb jet\u00eb anije. Si dhe artikulli \u2018Kur anija me rrema ishte nj\u00eb kal\u00eb me flet\u00eb\u201d, tha ai duke shtuar se me k\u00ebt\u00eb \u00e7\u00ebshtje ishte marr\u00eb shum\u00eb koh\u00eb m\u00eb par\u00eb.<\/p>\n<p><a href=\"http:\/\/www.visit-ulcinj.com\/blog\/wp-content\/uploads\/2017\/05\/Zbulimi-i-Ruzhdi-Ushakut-\u201cKali-i-Troj\u00ebs\u201d-nuk-ishte-kal\u00eb-ishte-anije-1.jpg\"><img loading=\"lazy\" class=\"alignleft wp-image-105170\" src=\"http:\/\/www.visit-ulcinj.com\/blog\/wp-content\/uploads\/2017\/05\/Zbulimi-i-Ruzhdi-Ushakut-\u201cKali-i-Troj\u00ebs\u201d-nuk-ishte-kal\u00eb-ishte-anije-1.jpg\" alt=\"\" width=\"508\" height=\"193\" srcset=\"https:\/\/www.visit-ulcinj.com\/blog\/wp-content\/uploads\/2017\/05\/Zbulimi-i-Ruzhdi-Ushakut-\u201cKali-i-Troj\u00ebs\u201d-nuk-ishte-kal\u00eb-ishte-anije-1.jpg 1010w, https:\/\/www.visit-ulcinj.com\/blog\/wp-content\/uploads\/2017\/05\/Zbulimi-i-Ruzhdi-Ushakut-\u201cKali-i-Troj\u00ebs\u201d-nuk-ishte-kal\u00eb-ishte-anije-1-300x114.jpg 300w, https:\/\/www.visit-ulcinj.com\/blog\/wp-content\/uploads\/2017\/05\/Zbulimi-i-Ruzhdi-Ushakut-\u201cKali-i-Troj\u00ebs\u201d-nuk-ishte-kal\u00eb-ishte-anije-1-768x292.jpg 768w\" sizes=\"(max-width: 508px) 100vw, 508px\" \/><\/a><\/p>\n<p>\u201cKan\u00eb kaluar mbi 30 vite e m\u00eb shum\u00eb q\u00eb jam marr me k\u00ebt\u00eb \u00e7\u00ebshtje dhe kam shkruar edhe k\u00ebto libra ku kam sqaruar mjaft mir\u00eb dometh\u00ebnien e Kalit t\u00eb Troj\u00ebs, por tani po shoh q\u00eb po dalin njer\u00ebz t\u00eb tjer\u00eb me pretendimin se po e zgjidhin k\u00ebt\u00eb lloj misteri\u201d, theksoi ai.<\/p>\n<p>\u201cNga kjo gjurm\u00eb e lasht\u00eb artistike pata b\u00ebr\u00eb k\u00ebrkime m\u00eb t\u00eb plota e m\u00eb t\u00eb thella filologjike-gjuh\u00ebsore t\u00eb cilat d\u00ebshmojn\u00eb se Kali i Drunjt\u00eb duhet t\u00eb ket\u00eb qen\u00eb historikisht anije me krye kali dhe, analogjikisht, anija, n\u00eb m\u00ebnyr\u00eb metaforike do t\u00eb jet\u00eb quajtur Kal\u00eb i drunjt\u00eb, q\u00eb n\u00eb koh\u00ebt e pas luft\u00ebs s\u00eb v\u00ebrtet\u00eb t\u00eb Troj\u00ebs do t\u00eb jet\u00eb kuptuar fjal\u00eb p\u00ebr fjal\u00eb\u00a0 si Kal\u00eb prej druri duke marr\u00eb ngjyr\u00eb imagjinatave-legjendare ashtu si\u00e7 p\u00ebrshkruhet n\u00eb vepr\u00ebn e Homerit\u201d, \u00a0u shpreh <strong>Ushaku<\/strong><\/p>\n<p><iframe loading=\"lazy\" src=\"\/\/www.dailymotion.com\/embed\/video\/x5mnchn?start=1\" width=\"508\" height=\"340\" frameborder=\"0\" allowfullscreen=\"allowfullscreen\"><\/iframe><\/p>\n","protected":false},"excerpt":{"rendered":"<p>Profesor doktor Ruzhdi Ushaku n\u00eb nj\u00eb intervist\u00eb ekskluzive dh\u00ebn\u00eb televizionit Teuta hedh posht\u00eb tez\u00ebn p\u00ebr Kalin e Troj\u00ebs,duke th\u00ebn\u00eb se n\u00eb fakt Kali i Troj\u00ebs ka qen\u00eb nj\u00eb anije me krye kali, transmeton portali TV Teuta. Para disa muajve dol\u00ebn disa artikuj se kinse m\u00eb n\u00eb fund u zgjidh ky mister. N\u00eb k\u00ebta artikuj t\u00eb [&hellip;]<\/p>\n","protected":false},"author":1,"featured_media":0,"comment_status":"closed","ping_status":"closed","sticky":false,"template":"","format":"standard","meta":{"spay_email":"","jetpack_publicize_message":"","jetpack_is_tweetstorm":false,"jetpack_publicize_feature_enabled":true},"categories":[5],"tags":[],"jetpack_publicize_connections":[],"yoast_head":"<!-- This site is optimized with the Yoast SEO plugin v19.1 - https:\/\/yoast.com\/wordpress\/plugins\/seo\/ -->\n<title>Zbulimi i Ruzhdi Ushakut: \u201cKali i Troj\u00ebs\u201d nuk ishte kal\u00eb, ishte anije? - Lajme nga Ulqini<\/title>\n<meta name=\"description\" content=\"Profesor doktor Ruzhdi Ushaku n\u00eb nj\u00eb intervist\u00eb ekskluzive dh\u00ebn\u00eb televizionit Teuta hedh posht\u00eb tez\u00ebn p\u00ebr Kalin e Troj\u00ebs,duke th\u00ebn\u00eb se n\u00eb fakt Kali i\" \/>\n<meta name=\"robots\" content=\"index, follow, max-snippet:-1, max-image-preview:large, max-video-preview:-1\" \/>\n<link rel=\"canonical\" href=\"https:\/\/www.visit-ulcinj.com\/blog\/2017\/05\/21\/zbulimi-ruzhdi-ushakut-kali-trojes-nuk-ishte-kale-ishte-anije\/\" \/>\n<meta property=\"og:locale\" content=\"en_US\" \/>\n<meta property=\"og:type\" content=\"article\" \/>\n<meta property=\"og:title\" content=\"Zbulimi i Ruzhdi Ushakut: \u201cKali i Troj\u00ebs\u201d nuk ishte kal\u00eb, ishte anije? - Lajme nga Ulqini\" \/>\n<meta property=\"og:description\" content=\"Profesor doktor Ruzhdi Ushaku n\u00eb nj\u00eb intervist\u00eb ekskluzive dh\u00ebn\u00eb televizionit Teuta hedh posht\u00eb tez\u00ebn p\u00ebr Kalin e Troj\u00ebs,duke th\u00ebn\u00eb se n\u00eb fakt Kali i\" \/>\n<meta property=\"og:url\" content=\"https:\/\/www.visit-ulcinj.com\/blog\/2017\/05\/21\/zbulimi-ruzhdi-ushakut-kali-trojes-nuk-ishte-kale-ishte-anije\/\" \/>\n<meta property=\"og:site_name\" content=\"Lajme nga Ulqini\" \/>\n<meta property=\"article:published_time\" content=\"2017-05-21T12:34:44+00:00\" \/>\n<meta property=\"article:modified_time\" content=\"2017-05-21T13:04:28+00:00\" \/>\n<meta name=\"twitter:label1\" content=\"Written by\" \/>\n\t<meta name=\"twitter:data1\" content=\"ulqini\" \/>\n\t<meta name=\"twitter:label2\" content=\"Est. reading time\" \/>\n\t<meta name=\"twitter:data2\" content=\"2 minutes\" \/>\n<script type=\"application\/ld+json\" class=\"yoast-schema-graph\">{\"@context\":\"https:\/\/schema.org\",\"@graph\":[{\"@type\":\"WebSite\",\"@id\":\"https:\/\/www.visit-ulcinj.com\/blog\/#website\",\"url\":\"https:\/\/www.visit-ulcinj.com\/blog\/\",\"name\":\"Lajme nga Ulqini\",\"description\":\"Lajme,Vijesti,Ulqini,Ulqin,Crna Gora,Mali i Zi\",\"potentialAction\":[{\"@type\":\"SearchAction\",\"target\":{\"@type\":\"EntryPoint\",\"urlTemplate\":\"https:\/\/www.visit-ulcinj.com\/blog\/?s={search_term_string}\"},\"query-input\":\"required name=search_term_string\"}],\"inLanguage\":\"en-US\"},{\"@type\":\"WebPage\",\"@id\":\"https:\/\/www.visit-ulcinj.com\/blog\/2017\/05\/21\/zbulimi-ruzhdi-ushakut-kali-trojes-nuk-ishte-kale-ishte-anije\/#webpage\",\"url\":\"https:\/\/www.visit-ulcinj.com\/blog\/2017\/05\/21\/zbulimi-ruzhdi-ushakut-kali-trojes-nuk-ishte-kale-ishte-anije\/\",\"name\":\"Zbulimi i Ruzhdi Ushakut: \u201cKali i Troj\u00ebs\u201d nuk ishte kal\u00eb, ishte anije? - Lajme nga Ulqini\",\"isPartOf\":{\"@id\":\"https:\/\/www.visit-ulcinj.com\/blog\/#website\"},\"datePublished\":\"2017-05-21T12:34:44+00:00\",\"dateModified\":\"2017-05-21T13:04:28+00:00\",\"author\":{\"@id\":\"https:\/\/www.visit-ulcinj.com\/blog\/#\/schema\/person\/dcab619c614d3038751c63bc2aadc06d\"},\"description\":\"Profesor doktor Ruzhdi Ushaku n\u00eb nj\u00eb intervist\u00eb ekskluzive dh\u00ebn\u00eb televizionit Teuta hedh posht\u00eb tez\u00ebn p\u00ebr Kalin e Troj\u00ebs,duke th\u00ebn\u00eb se n\u00eb fakt Kali i\",\"breadcrumb\":{\"@id\":\"https:\/\/www.visit-ulcinj.com\/blog\/2017\/05\/21\/zbulimi-ruzhdi-ushakut-kali-trojes-nuk-ishte-kale-ishte-anije\/#breadcrumb\"},\"inLanguage\":\"en-US\",\"potentialAction\":[{\"@type\":\"ReadAction\",\"target\":[\"https:\/\/www.visit-ulcinj.com\/blog\/2017\/05\/21\/zbulimi-ruzhdi-ushakut-kali-trojes-nuk-ishte-kale-ishte-anije\/\"]}]},{\"@type\":\"BreadcrumbList\",\"@id\":\"https:\/\/www.visit-ulcinj.com\/blog\/2017\/05\/21\/zbulimi-ruzhdi-ushakut-kali-trojes-nuk-ishte-kale-ishte-anije\/#breadcrumb\",\"itemListElement\":[{\"@type\":\"ListItem\",\"position\":1,\"name\":\"Zbulimi i Ruzhdi Ushakut: \u201cKali i Troj\u00ebs\u201d nuk ishte kal\u00eb, ishte anije?\"}]},{\"@type\":\"Person\",\"@id\":\"https:\/\/www.visit-ulcinj.com\/blog\/#\/schema\/person\/dcab619c614d3038751c63bc2aadc06d\",\"name\":\"ulqini\",\"sameAs\":[\"http:\/\/www.visit-ulcinj.com\"],\"url\":\"https:\/\/www.visit-ulcinj.com\/blog\/author\/admin\/\"}]}<\/script>\n<!-- \/ Yoast SEO plugin. -->","yoast_head_json":{"title":"Zbulimi i Ruzhdi Ushakut: \u201cKali i Troj\u00ebs\u201d nuk ishte kal\u00eb, ishte anije? - Lajme nga Ulqini","description":"Profesor doktor Ruzhdi Ushaku n\u00eb nj\u00eb intervist\u00eb ekskluzive dh\u00ebn\u00eb televizionit Teuta hedh posht\u00eb tez\u00ebn p\u00ebr Kalin e Troj\u00ebs,duke th\u00ebn\u00eb se n\u00eb fakt Kali i","robots":{"index":"index","follow":"follow","max-snippet":"max-snippet:-1","max-image-preview":"max-image-preview:large","max-video-preview":"max-video-preview:-1"},"canonical":"https:\/\/www.visit-ulcinj.com\/blog\/2017\/05\/21\/zbulimi-ruzhdi-ushakut-kali-trojes-nuk-ishte-kale-ishte-anije\/","og_locale":"en_US","og_type":"article","og_title":"Zbulimi i Ruzhdi Ushakut: \u201cKali i Troj\u00ebs\u201d nuk ishte kal\u00eb, ishte anije? - Lajme nga Ulqini","og_description":"Profesor doktor Ruzhdi Ushaku n\u00eb nj\u00eb intervist\u00eb ekskluzive dh\u00ebn\u00eb televizionit Teuta hedh posht\u00eb tez\u00ebn p\u00ebr Kalin e Troj\u00ebs,duke th\u00ebn\u00eb se n\u00eb fakt Kali i","og_url":"https:\/\/www.visit-ulcinj.com\/blog\/2017\/05\/21\/zbulimi-ruzhdi-ushakut-kali-trojes-nuk-ishte-kale-ishte-anije\/","og_site_name":"Lajme nga Ulqini","article_published_time":"2017-05-21T12:34:44+00:00","article_modified_time":"2017-05-21T13:04:28+00:00","twitter_misc":{"Written by":"ulqini","Est. reading time":"2 minutes"},"schema":{"@context":"https:\/\/schema.org","@graph":[{"@type":"WebSite","@id":"https:\/\/www.visit-ulcinj.com\/blog\/#website","url":"https:\/\/www.visit-ulcinj.com\/blog\/","name":"Lajme nga Ulqini","description":"Lajme,Vijesti,Ulqini,Ulqin,Crna Gora,Mali i Zi","potentialAction":[{"@type":"SearchAction","target":{"@type":"EntryPoint","urlTemplate":"https:\/\/www.visit-ulcinj.com\/blog\/?s={search_term_string}"},"query-input":"required name=search_term_string"}],"inLanguage":"en-US"},{"@type":"WebPage","@id":"https:\/\/www.visit-ulcinj.com\/blog\/2017\/05\/21\/zbulimi-ruzhdi-ushakut-kali-trojes-nuk-ishte-kale-ishte-anije\/#webpage","url":"https:\/\/www.visit-ulcinj.com\/blog\/2017\/05\/21\/zbulimi-ruzhdi-ushakut-kali-trojes-nuk-ishte-kale-ishte-anije\/","name":"Zbulimi i Ruzhdi Ushakut: \u201cKali i Troj\u00ebs\u201d nuk ishte kal\u00eb, ishte anije? - Lajme nga Ulqini","isPartOf":{"@id":"https:\/\/www.visit-ulcinj.com\/blog\/#website"},"datePublished":"2017-05-21T12:34:44+00:00","dateModified":"2017-05-21T13:04:28+00:00","author":{"@id":"https:\/\/www.visit-ulcinj.com\/blog\/#\/schema\/person\/dcab619c614d3038751c63bc2aadc06d"},"description":"Profesor doktor Ruzhdi Ushaku n\u00eb nj\u00eb intervist\u00eb ekskluzive dh\u00ebn\u00eb televizionit Teuta hedh posht\u00eb tez\u00ebn p\u00ebr Kalin e Troj\u00ebs,duke th\u00ebn\u00eb se n\u00eb fakt Kali i","breadcrumb":{"@id":"https:\/\/www.visit-ulcinj.com\/blog\/2017\/05\/21\/zbulimi-ruzhdi-ushakut-kali-trojes-nuk-ishte-kale-ishte-anije\/#breadcrumb"},"inLanguage":"en-US","potentialAction":[{"@type":"ReadAction","target":["https:\/\/www.visit-ulcinj.com\/blog\/2017\/05\/21\/zbulimi-ruzhdi-ushakut-kali-trojes-nuk-ishte-kale-ishte-anije\/"]}]},{"@type":"BreadcrumbList","@id":"https:\/\/www.visit-ulcinj.com\/blog\/2017\/05\/21\/zbulimi-ruzhdi-ushakut-kali-trojes-nuk-ishte-kale-ishte-anije\/#breadcrumb","itemListElement":[{"@type":"ListItem","position":1,"name":"Zbulimi i Ruzhdi Ushakut: \u201cKali i Troj\u00ebs\u201d nuk ishte kal\u00eb, ishte anije?"}]},{"@type":"Person","@id":"https:\/\/www.visit-ulcinj.com\/blog\/#\/schema\/person\/dcab619c614d3038751c63bc2aadc06d","name":"ulqini","sameAs":["http:\/\/www.visit-ulcinj.com"],"url":"https:\/\/www.visit-ulcinj.com\/blog\/author\/admin\/"}]}},"jetpack_featured_media_url":"","jetpack_sharing_enabled":true,"jetpack_shortlink":"https:\/\/wp.me\/pe6lTn-rmb","_links":{"self":[{"href":"https:\/\/www.visit-ulcinj.com\/blog\/wp-json\/wp\/v2\/posts\/105163"}],"collection":[{"href":"https:\/\/www.visit-ulcinj.com\/blog\/wp-json\/wp\/v2\/posts"}],"about":[{"href":"https:\/\/www.visit-ulcinj.com\/blog\/wp-json\/wp\/v2\/types\/post"}],"author":[{"embeddable":true,"href":"https:\/\/www.visit-ulcinj.com\/blog\/wp-json\/wp\/v2\/users\/1"}],"replies":[{"embeddable":true,"href":"https:\/\/www.visit-ulcinj.com\/blog\/wp-json\/wp\/v2\/comments?post=105163"}],"version-history":[{"count":4,"href":"https:\/\/www.visit-ulcinj.com\/blog\/wp-json\/wp\/v2\/posts\/105163\/revisions"}],"predecessor-version":[{"id":105171,"href":"https:\/\/www.visit-ulcinj.com\/blog\/wp-json\/wp\/v2\/posts\/105163\/revisions\/105171"}],"wp:attachment":[{"href":"https:\/\/www.visit-ulcinj.com\/blog\/wp-json\/wp\/v2\/media?parent=105163"}],"wp:term":[{"taxonomy":"category","embeddable":true,"href":"https:\/\/www.visit-ulcinj.com\/blog\/wp-json\/wp\/v2\/categories?post=105163"},{"taxonomy":"post_tag","embeddable":true,"href":"https:\/\/www.visit-ulcinj.com\/blog\/wp-json\/wp\/v2\/tags?post=105163"}],"curies":[{"name":"wp","href":"https:\/\/api.w.org\/{rel}","templated":true}]}}