{"id":10519,"date":"2009-02-05T20:10:17","date_gmt":"2009-02-05T19:10:17","guid":{"rendered":"http:\/\/www.visit-ulcinj.com\/blog\/?p=10519"},"modified":"2009-02-05T20:10:22","modified_gmt":"2009-02-05T19:10:22","slug":"dafina-zeqiri-videoklipi-i-kenges-%e2%80%9cshum-nalt%e2%80%9d","status":"publish","type":"post","link":"https:\/\/www.visit-ulcinj.com\/blog\/2009\/02\/05\/dafina-zeqiri-videoklipi-i-kenges-%e2%80%9cshum-nalt%e2%80%9d\/","title":{"rendered":"Dafina Zeqiri: Videoklipi i k\u00ebng\u00ebs \u201cShum nalt\u201d"},"content":{"rendered":"<p style=\"text-align: left;\"><a rel=\"attachment wp-att-10520\" href=\"http:\/\/www.visit-ulcinj.com\/blog\/2009\/02\/05\/dafina-zeqiri-videoklipi-i-kenges-%e2%80%9cshum-nalt%e2%80%9d\/dafina-zeqiri-2\/\"><img loading=\"lazy\" class=\"aligncenter size-full wp-image-10520\" title=\"dafina-zeqiri\" src=\"http:\/\/www.visit-ulcinj.com\/blog\/wp-content\/uploads\/2009\/02\/dafina-zeqiri.jpg\" alt=\"dafina-zeqiri\" width=\"570\" height=\"400\" \/><\/a>K\u00ebng\u00ebtarja e cila koh\u00ebve t\u00eb fundit ka pushtuar sken\u00ebn muzik\u00ebs shqipe, Dafina Zeqiri, pas suksesit q\u00eb pati me k\u00ebng\u00ebn n\u00eb bashk\u00ebpunim me Bleron dhe F-Kay, &#8220;La vida loca&#8221;, e cila shum\u00eb shpejt\u00eb u shnd\u00ebrrua n\u00eb hit, ka realizuar nj\u00eb tjet\u00ebr klip t\u00eb nj\u00eb bashk\u00ebpunimi t\u00eb ri.<br \/>\nK\u00ebnga e cila mban titullin \u201cShum nalt\u201d \u00ebsht\u00eb nj\u00eb bashk\u00ebpunim i reperit Capital T, grupit 2 po 2 dhe Dafin\u00ebs.<br \/>\nM\u00eb posht\u00eb \u00ebsht\u00eb videoklipi i k\u00ebng\u00ebs \u201cShum nalt\u201d i cili \u00ebsht\u00eb xhiruar n\u00eb Brezovic\u00eb.<br \/>\n<strong>Telegrafi<\/strong><\/p>\n<p style=\"text-align: left;\"><!--YouTube Error: bad URL entered--><\/p>\n","protected":false},"excerpt":{"rendered":"<p>K\u00ebng\u00ebtarja e cila koh\u00ebve t\u00eb fundit ka pushtuar sken\u00ebn muzik\u00ebs shqipe, Dafina Zeqiri, pas suksesit q\u00eb pati me k\u00ebng\u00ebn n\u00eb bashk\u00ebpunim me Bleron dhe F-Kay, &#8220;La vida loca&#8221;, e cila shum\u00eb shpejt\u00eb u shnd\u00ebrrua n\u00eb hit, ka realizuar nj\u00eb tjet\u00ebr klip t\u00eb nj\u00eb bashk\u00ebpunimi t\u00eb ri. K\u00ebnga e cila mban titullin \u201cShum nalt\u201d \u00ebsht\u00eb nj\u00eb [&hellip;]<\/p>\n","protected":false},"author":1,"featured_media":0,"comment_status":"open","ping_status":"closed","sticky":false,"template":"","format":"standard","meta":{"spay_email":"","jetpack_publicize_message":"","jetpack_is_tweetstorm":false,"jetpack_publicize_feature_enabled":true},"categories":[1],"tags":[6433,4926,6434,6435],"jetpack_publicize_connections":[],"yoast_head":"<!-- This site is optimized with the Yoast SEO plugin v19.1 - https:\/\/yoast.com\/wordpress\/plugins\/seo\/ -->\n<title>Dafina Zeqiri: Videoklipi i k\u00ebng\u00ebs \u201cShum nalt\u201d - Lajme nga Ulqini<\/title>\n<meta name=\"description\" content=\"K\u00ebng\u00ebtarja e cila koh\u00ebve t\u00eb fundit ka pushtuar sken\u00ebn muzik\u00ebs shqipe, Dafina Zeqiri, pas suksesit q\u00eb pati me k\u00ebng\u00ebn n\u00eb bashk\u00ebpunim me Bleron dhe F-Kay,\" \/>\n<meta name=\"robots\" content=\"index, follow, max-snippet:-1, max-image-preview:large, max-video-preview:-1\" \/>\n<link rel=\"canonical\" href=\"https:\/\/www.visit-ulcinj.com\/blog\/2009\/02\/05\/dafina-zeqiri-videoklipi-i-kenges-\u201cshum-nalt\u201d\/\" \/>\n<meta property=\"og:locale\" content=\"en_US\" \/>\n<meta property=\"og:type\" content=\"article\" \/>\n<meta property=\"og:title\" content=\"Dafina Zeqiri: Videoklipi i k\u00ebng\u00ebs \u201cShum nalt\u201d - Lajme nga Ulqini\" \/>\n<meta property=\"og:description\" content=\"K\u00ebng\u00ebtarja e cila koh\u00ebve t\u00eb fundit ka pushtuar sken\u00ebn muzik\u00ebs shqipe, Dafina Zeqiri, pas suksesit q\u00eb pati me k\u00ebng\u00ebn n\u00eb bashk\u00ebpunim me Bleron dhe F-Kay,\" \/>\n<meta property=\"og:url\" content=\"https:\/\/www.visit-ulcinj.com\/blog\/2009\/02\/05\/dafina-zeqiri-videoklipi-i-kenges-\u201cshum-nalt\u201d\/\" \/>\n<meta property=\"og:site_name\" content=\"Lajme nga Ulqini\" \/>\n<meta property=\"article:published_time\" content=\"2009-02-05T19:10:17+00:00\" \/>\n<meta property=\"article:modified_time\" content=\"2009-02-05T19:10:22+00:00\" \/>\n<meta property=\"og:image\" content=\"http:\/\/www.visit-ulcinj.com\/blog\/wp-content\/uploads\/2009\/02\/dafina-zeqiri.jpg\" \/>\n<meta name=\"twitter:label1\" content=\"Written by\" \/>\n\t<meta name=\"twitter:data1\" content=\"ulqini\" \/>\n\t<meta name=\"twitter:label2\" content=\"Est. reading time\" \/>\n\t<meta name=\"twitter:data2\" content=\"1 minute\" \/>\n<script type=\"application\/ld+json\" class=\"yoast-schema-graph\">{\"@context\":\"https:\/\/schema.org\",\"@graph\":[{\"@type\":\"WebSite\",\"@id\":\"https:\/\/www.visit-ulcinj.com\/blog\/#website\",\"url\":\"https:\/\/www.visit-ulcinj.com\/blog\/\",\"name\":\"Lajme nga Ulqini\",\"description\":\"Lajme,Vijesti,Ulqini,Ulqin,Crna Gora,Mali i Zi\",\"potentialAction\":[{\"@type\":\"SearchAction\",\"target\":{\"@type\":\"EntryPoint\",\"urlTemplate\":\"https:\/\/www.visit-ulcinj.com\/blog\/?s={search_term_string}\"},\"query-input\":\"required name=search_term_string\"}],\"inLanguage\":\"en-US\"},{\"@type\":\"ImageObject\",\"inLanguage\":\"en-US\",\"@id\":\"https:\/\/www.visit-ulcinj.com\/blog\/2009\/02\/05\/dafina-zeqiri-videoklipi-i-kenges-%e2%80%9cshum-nalt%e2%80%9d\/#primaryimage\",\"url\":\"http:\/\/www.visit-ulcinj.com\/blog\/wp-content\/uploads\/2009\/02\/dafina-zeqiri.jpg\",\"contentUrl\":\"http:\/\/www.visit-ulcinj.com\/blog\/wp-content\/uploads\/2009\/02\/dafina-zeqiri.jpg\"},{\"@type\":\"WebPage\",\"@id\":\"https:\/\/www.visit-ulcinj.com\/blog\/2009\/02\/05\/dafina-zeqiri-videoklipi-i-kenges-%e2%80%9cshum-nalt%e2%80%9d\/#webpage\",\"url\":\"https:\/\/www.visit-ulcinj.com\/blog\/2009\/02\/05\/dafina-zeqiri-videoklipi-i-kenges-%e2%80%9cshum-nalt%e2%80%9d\/\",\"name\":\"Dafina Zeqiri: Videoklipi i k\u00ebng\u00ebs \u201cShum nalt\u201d - Lajme nga Ulqini\",\"isPartOf\":{\"@id\":\"https:\/\/www.visit-ulcinj.com\/blog\/#website\"},\"primaryImageOfPage\":{\"@id\":\"https:\/\/www.visit-ulcinj.com\/blog\/2009\/02\/05\/dafina-zeqiri-videoklipi-i-kenges-%e2%80%9cshum-nalt%e2%80%9d\/#primaryimage\"},\"datePublished\":\"2009-02-05T19:10:17+00:00\",\"dateModified\":\"2009-02-05T19:10:22+00:00\",\"author\":{\"@id\":\"https:\/\/www.visit-ulcinj.com\/blog\/#\/schema\/person\/dcab619c614d3038751c63bc2aadc06d\"},\"description\":\"K\u00ebng\u00ebtarja e cila koh\u00ebve t\u00eb fundit ka pushtuar sken\u00ebn muzik\u00ebs shqipe, Dafina Zeqiri, pas suksesit q\u00eb pati me k\u00ebng\u00ebn n\u00eb bashk\u00ebpunim me Bleron dhe F-Kay,\",\"breadcrumb\":{\"@id\":\"https:\/\/www.visit-ulcinj.com\/blog\/2009\/02\/05\/dafina-zeqiri-videoklipi-i-kenges-%e2%80%9cshum-nalt%e2%80%9d\/#breadcrumb\"},\"inLanguage\":\"en-US\",\"potentialAction\":[{\"@type\":\"ReadAction\",\"target\":[\"https:\/\/www.visit-ulcinj.com\/blog\/2009\/02\/05\/dafina-zeqiri-videoklipi-i-kenges-%e2%80%9cshum-nalt%e2%80%9d\/\"]}]},{\"@type\":\"BreadcrumbList\",\"@id\":\"https:\/\/www.visit-ulcinj.com\/blog\/2009\/02\/05\/dafina-zeqiri-videoklipi-i-kenges-%e2%80%9cshum-nalt%e2%80%9d\/#breadcrumb\",\"itemListElement\":[{\"@type\":\"ListItem\",\"position\":1,\"name\":\"Dafina Zeqiri: Videoklipi i k\u00ebng\u00ebs \u201cShum nalt\u201d\"}]},{\"@type\":\"Person\",\"@id\":\"https:\/\/www.visit-ulcinj.com\/blog\/#\/schema\/person\/dcab619c614d3038751c63bc2aadc06d\",\"name\":\"ulqini\",\"sameAs\":[\"http:\/\/www.visit-ulcinj.com\"],\"url\":\"https:\/\/www.visit-ulcinj.com\/blog\/author\/admin\/\"}]}<\/script>\n<!-- \/ Yoast SEO plugin. -->","yoast_head_json":{"title":"Dafina Zeqiri: Videoklipi i k\u00ebng\u00ebs \u201cShum nalt\u201d - Lajme nga Ulqini","description":"K\u00ebng\u00ebtarja e cila koh\u00ebve t\u00eb fundit ka pushtuar sken\u00ebn muzik\u00ebs shqipe, Dafina Zeqiri, pas suksesit q\u00eb pati me k\u00ebng\u00ebn n\u00eb bashk\u00ebpunim me Bleron dhe F-Kay,","robots":{"index":"index","follow":"follow","max-snippet":"max-snippet:-1","max-image-preview":"max-image-preview:large","max-video-preview":"max-video-preview:-1"},"canonical":"https:\/\/www.visit-ulcinj.com\/blog\/2009\/02\/05\/dafina-zeqiri-videoklipi-i-kenges-\u201cshum-nalt\u201d\/","og_locale":"en_US","og_type":"article","og_title":"Dafina Zeqiri: Videoklipi i k\u00ebng\u00ebs \u201cShum nalt\u201d - Lajme nga Ulqini","og_description":"K\u00ebng\u00ebtarja e cila koh\u00ebve t\u00eb fundit ka pushtuar sken\u00ebn muzik\u00ebs shqipe, Dafina Zeqiri, pas suksesit q\u00eb pati me k\u00ebng\u00ebn n\u00eb bashk\u00ebpunim me Bleron dhe F-Kay,","og_url":"https:\/\/www.visit-ulcinj.com\/blog\/2009\/02\/05\/dafina-zeqiri-videoklipi-i-kenges-\u201cshum-nalt\u201d\/","og_site_name":"Lajme nga Ulqini","article_published_time":"2009-02-05T19:10:17+00:00","article_modified_time":"2009-02-05T19:10:22+00:00","og_image":[{"url":"http:\/\/www.visit-ulcinj.com\/blog\/wp-content\/uploads\/2009\/02\/dafina-zeqiri.jpg"}],"twitter_misc":{"Written by":"ulqini","Est. reading time":"1 minute"},"schema":{"@context":"https:\/\/schema.org","@graph":[{"@type":"WebSite","@id":"https:\/\/www.visit-ulcinj.com\/blog\/#website","url":"https:\/\/www.visit-ulcinj.com\/blog\/","name":"Lajme nga Ulqini","description":"Lajme,Vijesti,Ulqini,Ulqin,Crna Gora,Mali i Zi","potentialAction":[{"@type":"SearchAction","target":{"@type":"EntryPoint","urlTemplate":"https:\/\/www.visit-ulcinj.com\/blog\/?s={search_term_string}"},"query-input":"required name=search_term_string"}],"inLanguage":"en-US"},{"@type":"ImageObject","inLanguage":"en-US","@id":"https:\/\/www.visit-ulcinj.com\/blog\/2009\/02\/05\/dafina-zeqiri-videoklipi-i-kenges-%e2%80%9cshum-nalt%e2%80%9d\/#primaryimage","url":"http:\/\/www.visit-ulcinj.com\/blog\/wp-content\/uploads\/2009\/02\/dafina-zeqiri.jpg","contentUrl":"http:\/\/www.visit-ulcinj.com\/blog\/wp-content\/uploads\/2009\/02\/dafina-zeqiri.jpg"},{"@type":"WebPage","@id":"https:\/\/www.visit-ulcinj.com\/blog\/2009\/02\/05\/dafina-zeqiri-videoklipi-i-kenges-%e2%80%9cshum-nalt%e2%80%9d\/#webpage","url":"https:\/\/www.visit-ulcinj.com\/blog\/2009\/02\/05\/dafina-zeqiri-videoklipi-i-kenges-%e2%80%9cshum-nalt%e2%80%9d\/","name":"Dafina Zeqiri: Videoklipi i k\u00ebng\u00ebs \u201cShum nalt\u201d - Lajme nga Ulqini","isPartOf":{"@id":"https:\/\/www.visit-ulcinj.com\/blog\/#website"},"primaryImageOfPage":{"@id":"https:\/\/www.visit-ulcinj.com\/blog\/2009\/02\/05\/dafina-zeqiri-videoklipi-i-kenges-%e2%80%9cshum-nalt%e2%80%9d\/#primaryimage"},"datePublished":"2009-02-05T19:10:17+00:00","dateModified":"2009-02-05T19:10:22+00:00","author":{"@id":"https:\/\/www.visit-ulcinj.com\/blog\/#\/schema\/person\/dcab619c614d3038751c63bc2aadc06d"},"description":"K\u00ebng\u00ebtarja e cila koh\u00ebve t\u00eb fundit ka pushtuar sken\u00ebn muzik\u00ebs shqipe, Dafina Zeqiri, pas suksesit q\u00eb pati me k\u00ebng\u00ebn n\u00eb bashk\u00ebpunim me Bleron dhe F-Kay,","breadcrumb":{"@id":"https:\/\/www.visit-ulcinj.com\/blog\/2009\/02\/05\/dafina-zeqiri-videoklipi-i-kenges-%e2%80%9cshum-nalt%e2%80%9d\/#breadcrumb"},"inLanguage":"en-US","potentialAction":[{"@type":"ReadAction","target":["https:\/\/www.visit-ulcinj.com\/blog\/2009\/02\/05\/dafina-zeqiri-videoklipi-i-kenges-%e2%80%9cshum-nalt%e2%80%9d\/"]}]},{"@type":"BreadcrumbList","@id":"https:\/\/www.visit-ulcinj.com\/blog\/2009\/02\/05\/dafina-zeqiri-videoklipi-i-kenges-%e2%80%9cshum-nalt%e2%80%9d\/#breadcrumb","itemListElement":[{"@type":"ListItem","position":1,"name":"Dafina Zeqiri: Videoklipi i k\u00ebng\u00ebs \u201cShum nalt\u201d"}]},{"@type":"Person","@id":"https:\/\/www.visit-ulcinj.com\/blog\/#\/schema\/person\/dcab619c614d3038751c63bc2aadc06d","name":"ulqini","sameAs":["http:\/\/www.visit-ulcinj.com"],"url":"https:\/\/www.visit-ulcinj.com\/blog\/author\/admin\/"}]}},"jetpack_featured_media_url":"","jetpack_sharing_enabled":true,"jetpack_shortlink":"https:\/\/wp.me\/pe6lTn-2JF","_links":{"self":[{"href":"https:\/\/www.visit-ulcinj.com\/blog\/wp-json\/wp\/v2\/posts\/10519"}],"collection":[{"href":"https:\/\/www.visit-ulcinj.com\/blog\/wp-json\/wp\/v2\/posts"}],"about":[{"href":"https:\/\/www.visit-ulcinj.com\/blog\/wp-json\/wp\/v2\/types\/post"}],"author":[{"embeddable":true,"href":"https:\/\/www.visit-ulcinj.com\/blog\/wp-json\/wp\/v2\/users\/1"}],"replies":[{"embeddable":true,"href":"https:\/\/www.visit-ulcinj.com\/blog\/wp-json\/wp\/v2\/comments?post=10519"}],"version-history":[{"count":0,"href":"https:\/\/www.visit-ulcinj.com\/blog\/wp-json\/wp\/v2\/posts\/10519\/revisions"}],"wp:attachment":[{"href":"https:\/\/www.visit-ulcinj.com\/blog\/wp-json\/wp\/v2\/media?parent=10519"}],"wp:term":[{"taxonomy":"category","embeddable":true,"href":"https:\/\/www.visit-ulcinj.com\/blog\/wp-json\/wp\/v2\/categories?post=10519"},{"taxonomy":"post_tag","embeddable":true,"href":"https:\/\/www.visit-ulcinj.com\/blog\/wp-json\/wp\/v2\/tags?post=10519"}],"curies":[{"name":"wp","href":"https:\/\/api.w.org\/{rel}","templated":true}]}}