{"id":105190,"date":"2017-05-24T12:22:42","date_gmt":"2017-05-24T11:22:42","guid":{"rendered":"http:\/\/www.visit-ulcinj.com\/blog\/?p=105190"},"modified":"2017-05-24T16:07:11","modified_gmt":"2017-05-24T15:07:11","slug":"cungu-telegram-ngushellimi-ambasadorit-britanik-ne-mz","status":"publish","type":"post","link":"https:\/\/www.visit-ulcinj.com\/blog\/2017\/05\/24\/cungu-telegram-ngushellimi-ambasadorit-britanik-ne-mz\/","title":{"rendered":"Cungu: Telegram ngush\u00ebllimi ambasadorit britanik n\u00eb MZ"},"content":{"rendered":"<p><a href=\"http:\/\/www.visit-ulcinj.com\/blog\/wp-content\/uploads\/2017\/04\/Cungu-apelon-p\u00ebr-investime-n\u00eb-Ulqin-n\u00eb-Forumin-Ekonomik-t\u00eb-Pej\u00ebs-1.jpg\"><img loading=\"lazy\" class=\"alignleft wp-image-104633\" src=\"http:\/\/www.visit-ulcinj.com\/blog\/wp-content\/uploads\/2017\/04\/Cungu-apelon-p\u00ebr-investime-n\u00eb-Ulqin-n\u00eb-Forumin-Ekonomik-t\u00eb-Pej\u00ebs-1.jpg\" alt=\"\" width=\"508\" height=\"319\" srcset=\"https:\/\/www.visit-ulcinj.com\/blog\/wp-content\/uploads\/2017\/04\/Cungu-apelon-p\u00ebr-investime-n\u00eb-Ulqin-n\u00eb-Forumin-Ekonomik-t\u00eb-Pej\u00ebs-1.jpg 932w, https:\/\/www.visit-ulcinj.com\/blog\/wp-content\/uploads\/2017\/04\/Cungu-apelon-p\u00ebr-investime-n\u00eb-Ulqin-n\u00eb-Forumin-Ekonomik-t\u00eb-Pej\u00ebs-1-300x188.jpg 300w, https:\/\/www.visit-ulcinj.com\/blog\/wp-content\/uploads\/2017\/04\/Cungu-apelon-p\u00ebr-investime-n\u00eb-Ulqin-n\u00eb-Forumin-Ekonomik-t\u00eb-Pej\u00ebs-1-768x482.jpg 768w\" sizes=\"(max-width: 508px) 100vw, 508px\" \/><\/a>Kryetari i Komun\u00ebs s\u00eb Ulqinit Nazif Cungu i ka derguar telegram ngush\u00ebllimi ambasadorit t\u00eb Mbret\u00ebris\u00eb s\u00eb Bashkuar\u00a0n\u00eb Podgoric\u00eb, Shk\u00eblqesis\u00eb s\u00eb Tij Ian Whitting duke shprehur\u00a0dhimbjen e thell\u00eb\u00a0mbi\u00a0viktimat\u00a0e pafajshme\u00a0dhe t\u00eb\u00a0plagosurit\u00a0e shumt\u00eb\u00a0t\u00eb akteve terroriste\u00a0n\u00eb Aren\u00ebn\u00a0e Manchesterit.<\/p>\n<p>\u201cShk\u00eblqesi Ambasador, n\u00eb em\u00ebr t\u00eb qytetar\u00ebve t\u00eb Ulqinit dhe n\u00eb emrin tim personal m\u00eb lejoni t\u2019ju\u00a0shpreh\u00a0ngush\u00ebllimet m\u00eb t\u00eb sinqerta\u00a0familjar\u00ebve\u00a0t\u00eb viktimave\u00a0dhe autoriteteve britanike, nd\u00ebrsa t\u00eb\u00a0l\u00ebnduarve\u00a0u urojm\u00eb\u00a0sh\u00ebrim\u00a0sa m\u00eb t\u00eb shpejt\u00eb.<\/p>\n<p>Ne d\u00ebnojm\u00eb me forc\u00eb\u00a0k\u00ebt\u00eb akt\u00a0terrorist\u00a0q\u00eb nuk \u00ebsht\u00eb\u00a0tragjedi vet\u00ebm p\u00ebr\u00a0vendin tuaj\u00a0por p\u00ebr t\u00eb gjith\u00eb bot\u00ebn e\u00a0qytet\u00ebruar\u201d &#8211; thuhet n\u00eb\u00a0telegramin e ngush\u00ebllimit\u00a0t\u00eb kryetarit Cungu.<\/p>\n","protected":false},"excerpt":{"rendered":"<p>Kryetari i Komun\u00ebs s\u00eb Ulqinit Nazif Cungu i ka derguar telegram ngush\u00ebllimi ambasadorit t\u00eb Mbret\u00ebris\u00eb s\u00eb Bashkuar\u00a0n\u00eb Podgoric\u00eb, Shk\u00eblqesis\u00eb s\u00eb Tij Ian Whitting duke shprehur\u00a0dhimbjen e thell\u00eb\u00a0mbi\u00a0viktimat\u00a0e pafajshme\u00a0dhe t\u00eb\u00a0plagosurit\u00a0e shumt\u00eb\u00a0t\u00eb akteve terroriste\u00a0n\u00eb Aren\u00ebn\u00a0e Manchesterit. \u201cShk\u00eblqesi Ambasador, n\u00eb em\u00ebr t\u00eb qytetar\u00ebve t\u00eb Ulqinit dhe n\u00eb emrin tim personal m\u00eb lejoni t\u2019ju\u00a0shpreh\u00a0ngush\u00ebllimet m\u00eb t\u00eb sinqerta\u00a0familjar\u00ebve\u00a0t\u00eb viktimave\u00a0dhe autoriteteve [&hellip;]<\/p>\n","protected":false},"author":1,"featured_media":0,"comment_status":"closed","ping_status":"closed","sticky":false,"template":"","format":"standard","meta":{"spay_email":"","jetpack_publicize_message":"","jetpack_is_tweetstorm":false,"jetpack_publicize_feature_enabled":true},"categories":[7,1],"tags":[],"jetpack_publicize_connections":[],"yoast_head":"<!-- This site is optimized with the Yoast SEO plugin v19.1 - https:\/\/yoast.com\/wordpress\/plugins\/seo\/ -->\n<title>Cungu: Telegram ngush\u00ebllimi ambasadorit britanik n\u00eb MZ - Lajme nga Ulqini<\/title>\n<meta name=\"description\" content=\"Kryetari i Komun\u00ebs s\u00eb Ulqinit Nazif Cungu i ka derguar telegram ngush\u00ebllimi ambasadorit t\u00eb Mbret\u00ebris\u00eb s\u00eb Bashkuar\u00a0n\u00eb Podgoric\u00eb, Shk\u00eblqesis\u00eb s\u00eb Tij Ian\" \/>\n<meta name=\"robots\" content=\"index, follow, max-snippet:-1, max-image-preview:large, max-video-preview:-1\" \/>\n<link rel=\"canonical\" href=\"https:\/\/www.visit-ulcinj.com\/blog\/2017\/05\/24\/cungu-telegram-ngushellimi-ambasadorit-britanik-ne-mz\/\" \/>\n<meta property=\"og:locale\" content=\"en_US\" \/>\n<meta property=\"og:type\" content=\"article\" \/>\n<meta property=\"og:title\" content=\"Cungu: Telegram ngush\u00ebllimi ambasadorit britanik n\u00eb MZ - Lajme nga Ulqini\" \/>\n<meta property=\"og:description\" content=\"Kryetari i Komun\u00ebs s\u00eb Ulqinit Nazif Cungu i ka derguar telegram ngush\u00ebllimi ambasadorit t\u00eb Mbret\u00ebris\u00eb s\u00eb Bashkuar\u00a0n\u00eb Podgoric\u00eb, Shk\u00eblqesis\u00eb s\u00eb Tij Ian\" \/>\n<meta property=\"og:url\" content=\"https:\/\/www.visit-ulcinj.com\/blog\/2017\/05\/24\/cungu-telegram-ngushellimi-ambasadorit-britanik-ne-mz\/\" \/>\n<meta property=\"og:site_name\" content=\"Lajme nga Ulqini\" \/>\n<meta property=\"article:published_time\" content=\"2017-05-24T11:22:42+00:00\" \/>\n<meta property=\"article:modified_time\" content=\"2017-05-24T15:07:11+00:00\" \/>\n<meta name=\"twitter:label1\" content=\"Written by\" \/>\n\t<meta name=\"twitter:data1\" content=\"ulqini\" \/>\n\t<meta name=\"twitter:label2\" content=\"Est. reading time\" \/>\n\t<meta name=\"twitter:data2\" content=\"1 minute\" \/>\n<script type=\"application\/ld+json\" class=\"yoast-schema-graph\">{\"@context\":\"https:\/\/schema.org\",\"@graph\":[{\"@type\":\"WebSite\",\"@id\":\"https:\/\/www.visit-ulcinj.com\/blog\/#website\",\"url\":\"https:\/\/www.visit-ulcinj.com\/blog\/\",\"name\":\"Lajme nga Ulqini\",\"description\":\"Lajme,Vijesti,Ulqini,Ulqin,Crna Gora,Mali i Zi\",\"potentialAction\":[{\"@type\":\"SearchAction\",\"target\":{\"@type\":\"EntryPoint\",\"urlTemplate\":\"https:\/\/www.visit-ulcinj.com\/blog\/?s={search_term_string}\"},\"query-input\":\"required name=search_term_string\"}],\"inLanguage\":\"en-US\"},{\"@type\":\"WebPage\",\"@id\":\"https:\/\/www.visit-ulcinj.com\/blog\/2017\/05\/24\/cungu-telegram-ngushellimi-ambasadorit-britanik-ne-mz\/#webpage\",\"url\":\"https:\/\/www.visit-ulcinj.com\/blog\/2017\/05\/24\/cungu-telegram-ngushellimi-ambasadorit-britanik-ne-mz\/\",\"name\":\"Cungu: Telegram ngush\u00ebllimi ambasadorit britanik n\u00eb MZ - Lajme nga Ulqini\",\"isPartOf\":{\"@id\":\"https:\/\/www.visit-ulcinj.com\/blog\/#website\"},\"datePublished\":\"2017-05-24T11:22:42+00:00\",\"dateModified\":\"2017-05-24T15:07:11+00:00\",\"author\":{\"@id\":\"https:\/\/www.visit-ulcinj.com\/blog\/#\/schema\/person\/dcab619c614d3038751c63bc2aadc06d\"},\"description\":\"Kryetari i Komun\u00ebs s\u00eb Ulqinit Nazif Cungu i ka derguar telegram ngush\u00ebllimi ambasadorit t\u00eb Mbret\u00ebris\u00eb s\u00eb Bashkuar\u00a0n\u00eb Podgoric\u00eb, Shk\u00eblqesis\u00eb s\u00eb Tij Ian\",\"breadcrumb\":{\"@id\":\"https:\/\/www.visit-ulcinj.com\/blog\/2017\/05\/24\/cungu-telegram-ngushellimi-ambasadorit-britanik-ne-mz\/#breadcrumb\"},\"inLanguage\":\"en-US\",\"potentialAction\":[{\"@type\":\"ReadAction\",\"target\":[\"https:\/\/www.visit-ulcinj.com\/blog\/2017\/05\/24\/cungu-telegram-ngushellimi-ambasadorit-britanik-ne-mz\/\"]}]},{\"@type\":\"BreadcrumbList\",\"@id\":\"https:\/\/www.visit-ulcinj.com\/blog\/2017\/05\/24\/cungu-telegram-ngushellimi-ambasadorit-britanik-ne-mz\/#breadcrumb\",\"itemListElement\":[{\"@type\":\"ListItem\",\"position\":1,\"name\":\"Cungu: Telegram ngush\u00ebllimi ambasadorit britanik n\u00eb MZ\"}]},{\"@type\":\"Person\",\"@id\":\"https:\/\/www.visit-ulcinj.com\/blog\/#\/schema\/person\/dcab619c614d3038751c63bc2aadc06d\",\"name\":\"ulqini\",\"sameAs\":[\"http:\/\/www.visit-ulcinj.com\"],\"url\":\"https:\/\/www.visit-ulcinj.com\/blog\/author\/admin\/\"}]}<\/script>\n<!-- \/ Yoast SEO plugin. -->","yoast_head_json":{"title":"Cungu: Telegram ngush\u00ebllimi ambasadorit britanik n\u00eb MZ - Lajme nga Ulqini","description":"Kryetari i Komun\u00ebs s\u00eb Ulqinit Nazif Cungu i ka derguar telegram ngush\u00ebllimi ambasadorit t\u00eb Mbret\u00ebris\u00eb s\u00eb Bashkuar\u00a0n\u00eb Podgoric\u00eb, Shk\u00eblqesis\u00eb s\u00eb Tij Ian","robots":{"index":"index","follow":"follow","max-snippet":"max-snippet:-1","max-image-preview":"max-image-preview:large","max-video-preview":"max-video-preview:-1"},"canonical":"https:\/\/www.visit-ulcinj.com\/blog\/2017\/05\/24\/cungu-telegram-ngushellimi-ambasadorit-britanik-ne-mz\/","og_locale":"en_US","og_type":"article","og_title":"Cungu: Telegram ngush\u00ebllimi ambasadorit britanik n\u00eb MZ - Lajme nga Ulqini","og_description":"Kryetari i Komun\u00ebs s\u00eb Ulqinit Nazif Cungu i ka derguar telegram ngush\u00ebllimi ambasadorit t\u00eb Mbret\u00ebris\u00eb s\u00eb Bashkuar\u00a0n\u00eb Podgoric\u00eb, Shk\u00eblqesis\u00eb s\u00eb Tij Ian","og_url":"https:\/\/www.visit-ulcinj.com\/blog\/2017\/05\/24\/cungu-telegram-ngushellimi-ambasadorit-britanik-ne-mz\/","og_site_name":"Lajme nga Ulqini","article_published_time":"2017-05-24T11:22:42+00:00","article_modified_time":"2017-05-24T15:07:11+00:00","twitter_misc":{"Written by":"ulqini","Est. reading time":"1 minute"},"schema":{"@context":"https:\/\/schema.org","@graph":[{"@type":"WebSite","@id":"https:\/\/www.visit-ulcinj.com\/blog\/#website","url":"https:\/\/www.visit-ulcinj.com\/blog\/","name":"Lajme nga Ulqini","description":"Lajme,Vijesti,Ulqini,Ulqin,Crna Gora,Mali i Zi","potentialAction":[{"@type":"SearchAction","target":{"@type":"EntryPoint","urlTemplate":"https:\/\/www.visit-ulcinj.com\/blog\/?s={search_term_string}"},"query-input":"required name=search_term_string"}],"inLanguage":"en-US"},{"@type":"WebPage","@id":"https:\/\/www.visit-ulcinj.com\/blog\/2017\/05\/24\/cungu-telegram-ngushellimi-ambasadorit-britanik-ne-mz\/#webpage","url":"https:\/\/www.visit-ulcinj.com\/blog\/2017\/05\/24\/cungu-telegram-ngushellimi-ambasadorit-britanik-ne-mz\/","name":"Cungu: Telegram ngush\u00ebllimi ambasadorit britanik n\u00eb MZ - Lajme nga Ulqini","isPartOf":{"@id":"https:\/\/www.visit-ulcinj.com\/blog\/#website"},"datePublished":"2017-05-24T11:22:42+00:00","dateModified":"2017-05-24T15:07:11+00:00","author":{"@id":"https:\/\/www.visit-ulcinj.com\/blog\/#\/schema\/person\/dcab619c614d3038751c63bc2aadc06d"},"description":"Kryetari i Komun\u00ebs s\u00eb Ulqinit Nazif Cungu i ka derguar telegram ngush\u00ebllimi ambasadorit t\u00eb Mbret\u00ebris\u00eb s\u00eb Bashkuar\u00a0n\u00eb Podgoric\u00eb, Shk\u00eblqesis\u00eb s\u00eb Tij Ian","breadcrumb":{"@id":"https:\/\/www.visit-ulcinj.com\/blog\/2017\/05\/24\/cungu-telegram-ngushellimi-ambasadorit-britanik-ne-mz\/#breadcrumb"},"inLanguage":"en-US","potentialAction":[{"@type":"ReadAction","target":["https:\/\/www.visit-ulcinj.com\/blog\/2017\/05\/24\/cungu-telegram-ngushellimi-ambasadorit-britanik-ne-mz\/"]}]},{"@type":"BreadcrumbList","@id":"https:\/\/www.visit-ulcinj.com\/blog\/2017\/05\/24\/cungu-telegram-ngushellimi-ambasadorit-britanik-ne-mz\/#breadcrumb","itemListElement":[{"@type":"ListItem","position":1,"name":"Cungu: Telegram ngush\u00ebllimi ambasadorit britanik n\u00eb MZ"}]},{"@type":"Person","@id":"https:\/\/www.visit-ulcinj.com\/blog\/#\/schema\/person\/dcab619c614d3038751c63bc2aadc06d","name":"ulqini","sameAs":["http:\/\/www.visit-ulcinj.com"],"url":"https:\/\/www.visit-ulcinj.com\/blog\/author\/admin\/"}]}},"jetpack_featured_media_url":"","jetpack_sharing_enabled":true,"jetpack_shortlink":"https:\/\/wp.me\/pe6lTn-rmC","_links":{"self":[{"href":"https:\/\/www.visit-ulcinj.com\/blog\/wp-json\/wp\/v2\/posts\/105190"}],"collection":[{"href":"https:\/\/www.visit-ulcinj.com\/blog\/wp-json\/wp\/v2\/posts"}],"about":[{"href":"https:\/\/www.visit-ulcinj.com\/blog\/wp-json\/wp\/v2\/types\/post"}],"author":[{"embeddable":true,"href":"https:\/\/www.visit-ulcinj.com\/blog\/wp-json\/wp\/v2\/users\/1"}],"replies":[{"embeddable":true,"href":"https:\/\/www.visit-ulcinj.com\/blog\/wp-json\/wp\/v2\/comments?post=105190"}],"version-history":[{"count":2,"href":"https:\/\/www.visit-ulcinj.com\/blog\/wp-json\/wp\/v2\/posts\/105190\/revisions"}],"predecessor-version":[{"id":105192,"href":"https:\/\/www.visit-ulcinj.com\/blog\/wp-json\/wp\/v2\/posts\/105190\/revisions\/105192"}],"wp:attachment":[{"href":"https:\/\/www.visit-ulcinj.com\/blog\/wp-json\/wp\/v2\/media?parent=105190"}],"wp:term":[{"taxonomy":"category","embeddable":true,"href":"https:\/\/www.visit-ulcinj.com\/blog\/wp-json\/wp\/v2\/categories?post=105190"},{"taxonomy":"post_tag","embeddable":true,"href":"https:\/\/www.visit-ulcinj.com\/blog\/wp-json\/wp\/v2\/tags?post=105190"}],"curies":[{"name":"wp","href":"https:\/\/api.w.org\/{rel}","templated":true}]}}