{"id":105201,"date":"2017-05-24T16:04:20","date_gmt":"2017-05-24T15:04:20","guid":{"rendered":"http:\/\/www.visit-ulcinj.com\/blog\/?p=105201"},"modified":"2017-05-25T14:08:33","modified_gmt":"2017-05-25T13:08:33","slug":"vdes-avokati-famshem-ulqinak-mustafa-cafo-capuni","status":"publish","type":"post","link":"https:\/\/www.visit-ulcinj.com\/blog\/2017\/05\/24\/vdes-avokati-famshem-ulqinak-mustafa-cafo-capuni\/","title":{"rendered":"Vdes avokati i famsh\u00ebm ulqinak Mustafa Cafo \u00c7APUNI"},"content":{"rendered":"<p style=\"text-align: center;\"><a href=\"http:\/\/www.visit-ulcinj.com\/blog\/wp-content\/uploads\/2017\/05\/Vdes-avokati-i-famsh\u00ebm-ulqinak-Mustafa-Cafo-\u00c7APUNI-1.jpg\"><img loading=\"lazy\" class=\"alignleft wp-image-105202\" src=\"http:\/\/www.visit-ulcinj.com\/blog\/wp-content\/uploads\/2017\/05\/Vdes-avokati-i-famsh\u00ebm-ulqinak-Mustafa-Cafo-\u00c7APUNI-1.jpg\" alt=\"\" width=\"508\" height=\"466\" srcset=\"https:\/\/www.visit-ulcinj.com\/blog\/wp-content\/uploads\/2017\/05\/Vdes-avokati-i-famsh\u00ebm-ulqinak-Mustafa-Cafo-\u00c7APUNI-1.jpg 423w, https:\/\/www.visit-ulcinj.com\/blog\/wp-content\/uploads\/2017\/05\/Vdes-avokati-i-famsh\u00ebm-ulqinak-Mustafa-Cafo-\u00c7APUNI-1-300x275.jpg 300w\" sizes=\"(max-width: 508px) 100vw, 508px\" \/><\/a><strong>IN MEMORIAM : Mustafa Cafo \u00c7APUNI<\/strong><\/p>\n<p style=\"text-align: left;\">T\u00eb marten, n\u00eb mosh\u00ebn 68 vje\u00e7are nd\u00ebrroj jet\u00eb Mustafa Cafo \u00c7APUNI, nj\u00ebri nd\u00ebr qytetar\u00ebt t\u00eb nderuar dhe t\u00eb respektuar nga shum\u00eb qytetar\u00ebt e Ulqinit. Cafi ka qen\u00eb nj\u00eb jurist i dalluar, Kryetari i par\u00eb shqiptar i gjygjit n\u00eb Ulqin, avokat i aft, personazh i ve\u00e7ant\u00eb .<br \/>\nD\u00ebshiroj ti shkruaj disa fjal\u00eb p\u00ebr Cafin, pasi q\u00eb kemi ndjek s\u00eb bashku t\u00eb njejt\u00ebn shkol\u00eb, dhe t\u00eb njejt\u00ebn klas\u00eb. Cafi ka qen\u00eb m\u00eb i miri dhe m\u00eb i qeti nd\u00ebrmje<span class=\"text_exposed_show\">t nesh. Edhe m\u00eb von\u00eb, kur kam dh\u00ebn\u00eb m\u00ebsim n\u00eb Gjimnazin e Ulqinit, shpesh jam ndaluar n\u00eb kafe, n\u00eb zyren e tij, ku kemi evokuar kujtimet nga rinia dje f\u00ebm\u00ebria e jon\u00eb. Cafi ka qen\u00eb gjithmon\u00eb i but\u00eb, i mir\u00eb dhe i qet\u00eb .<br \/>\nK\u00ebt\u00eb veti e ka mbajtur edhe m\u00eb von\u00eb gjat\u00eb profesionit e tij t\u00eb suksessh\u00ebm. Nuk m\u00eb kujtohet se ndonj\u00eb her\u00eb e ka ngritur z\u00ebrin m\u00eb tep\u00ebr se ka qen\u00eb nevoja p\u00ebr ta degjuar. Kam pasur rast shpesh , n\u00eb ve\u00e7anti n\u00eb mledhje te ullishatar\u00ebve, t\u00eb cilat n\u00eb shum\u00eb raste i ka drejtuar Cafi ta degjoj kur ka folur. Cafi ka qen\u00eb personi kryesor n\u00eb k\u00ebt\u00eb Shoqat\u00eb dhe gjithmon\u00eb mendimi i tij \u00ebsht\u00eb degjuar me vemendje. Shoqata p\u00ebr kthimin e ullisht\u00ebs s\u00eb Valdanosit ende reziston dhe lufton , dhe ndoshta ullishta e t\u00eb par\u00ebve tan\u00eb i kthehet pronar\u00ebve t\u00eb v\u00ebrtet\u00eb, m\u00eb se tep\u00ebrmi edhe duke falenderuar edhe Cafin. Ka folur me argumente, ashtu si\u00e7 i takon nj\u00eb juristit.<br \/>\nN\u00eb koh\u00ebn e tranzcionit Cafi e tregon veten si atdhetar duke marr\u00eb pjes\u00eb n\u00eb p\u00ebrgaditjen e opinionit p\u00ebr themelimin e partis\u00eb s\u00eb par\u00eb nacionale shqiptare, ku jep nj\u00eb kontribut t\u00eb madh. Nuk duhet t\u00eb harrohet se Cafi ka qen\u00eb edhe deputet n\u00eb Parlamentin e Malit t\u00eb Zi, n\u00eb koh\u00eb kur ka qen\u00eb shum\u00eb m\u00eb v\u00ebshtir\u00eb se sot. E mos t\u00eb flasim p\u00ebr pun\u00ebn e tij p\u00ebr kufizimin e t\u00eb \u201cMir\u00ebs detare\u201d.<br \/>\nPrandaj, mendoj se Cafi ka nj\u00eb merit\u00eb t\u00eb ve\u00e7ant\u00eb n\u00eb zhvillimin e pluralizmit te ne. Ka qen\u00eb guximtar dhe gjithmon\u00eb ka folur p\u00ebr avansimin e popullit ton\u00eb. Jan\u00eb gj\u00ebra, t\u00eb cilat duhen t\u00eb p\u00ebrmenden dhe t\u00eb mos harrohen.<br \/>\nN\u00eb p\u00ebrgjith\u00ebsi Cafi ka qen\u00eb i fort n\u00eb l\u00ebmin e tij, ka qen\u00eb i fort n\u00eb kalem, njoh\u00ebs i mir\u00eb jurispodenc\u00ebs. Ka qen\u00eb modest, i sjellsh\u00ebm, dhe gjithmon\u00eb elegant i veshur.<br \/>\nDhe n\u00eb fund, edhe ne \u201ckalalit\u00eb\u201d dhe Kalaja kemi qen\u00eb dhe jemi mir\u00ebnjoh\u00eb p\u00ebr kontributit e tij p\u00ebr regullimin e pron\u00ebs edhe n\u00eb Kalan\u00eb ton\u00eb.<br \/>\nMir\u00ebpo, dua ta theksoj edhe di\u00e7ka, jo vet\u00ebm p\u00ebr ne, por edhe shum\u00eb l\u00ebnd\u00eb t\u00eb p\u00ebrgjithshme, dhe ato private Cafi i ka punuar pa t\u00eb holla, p\u00ebr shpirt, k\u00ebshtu q\u00eb edhe inshalla shpirti i tij gjen\u00eb prehje n\u00eb Xhehnet.<br \/>\nPrandaj, m\u00eb nj\u00eb pikllim t\u00eb thell\u00eb i shpreh familjes e t\u00eb tashm\u00eb t\u00eb ndjerit Cafo \u00c7APUNIT, ngushllime t\u00eb sinqerta. Jam m\u00eb se i sigurt se ndaj mendimin e shum\u00eb qytetar\u00ebve t\u00eb qytetit ton\u00eb se Mustafa Cafo \u00c7apuni ka l\u00ebn\u00eb zbrasti t\u00eb madhe n\u00eb jurispodenc\u00ebn ton\u00eb. Rahmet past\u00eb<\/span><\/p>\n<p id=\"js_95f\" class=\"_5pbw _5vra\" data-ft=\"{&quot;tn&quot;:&quot;C&quot;}\"><strong><span class=\"fwn fcg\"><span class=\"fwb fcg\" data-ft=\"{&quot;tn&quot;:&quot;;&quot;}\"><a href=\"https:\/\/www.facebook.com\/ismet.karamanaga?ref=br_rs&amp;hc_ref=SEARCH&amp;fref=nf\" data-hovercard=\"\/ajax\/hovercard\/user.php?id=1359492972&amp;extragetparams=%7B%22hc_ref%22%3A%22SEARCH%22%2C%22fref%22%3A%22nf%22%7D\" data-hovercard-prefer-more-content-show=\"1\">Ismet Karamanaga Facebook<\/a><\/span><\/span><\/strong><\/p>\n<p class=\"_5pbw _5vra\" data-ft=\"{&quot;tn&quot;:&quot;C&quot;}\"><a href=\"http:\/\/www.visit-ulcinj.com\/blog\/wp-content\/uploads\/2017\/05\/Vdes-avokati-i-famsh\u00ebm-ulqinak-Mustafa-Cafo-\u00c7APUNI.jpg\"><img loading=\"lazy\" class=\"alignleft wp-image-105203\" src=\"http:\/\/www.visit-ulcinj.com\/blog\/wp-content\/uploads\/2017\/05\/Vdes-avokati-i-famsh\u00ebm-ulqinak-Mustafa-Cafo-\u00c7APUNI.jpg\" alt=\"\" width=\"508\" height=\"854\" srcset=\"https:\/\/www.visit-ulcinj.com\/blog\/wp-content\/uploads\/2017\/05\/Vdes-avokati-i-famsh\u00ebm-ulqinak-Mustafa-Cafo-\u00c7APUNI.jpg 423w, https:\/\/www.visit-ulcinj.com\/blog\/wp-content\/uploads\/2017\/05\/Vdes-avokati-i-famsh\u00ebm-ulqinak-Mustafa-Cafo-\u00c7APUNI-178x300.jpg 178w\" sizes=\"(max-width: 508px) 100vw, 508px\" \/><\/a><\/p>\n","protected":false},"excerpt":{"rendered":"<p>IN MEMORIAM : Mustafa Cafo \u00c7APUNI T\u00eb marten, n\u00eb mosh\u00ebn 68 vje\u00e7are nd\u00ebrroj jet\u00eb Mustafa Cafo \u00c7APUNI, nj\u00ebri nd\u00ebr qytetar\u00ebt t\u00eb nderuar dhe t\u00eb respektuar nga shum\u00eb qytetar\u00ebt e Ulqinit. Cafi ka qen\u00eb nj\u00eb jurist i dalluar, Kryetari i par\u00eb shqiptar i gjygjit n\u00eb Ulqin, avokat i aft, personazh i ve\u00e7ant\u00eb . D\u00ebshiroj ti shkruaj [&hellip;]<\/p>\n","protected":false},"author":1,"featured_media":0,"comment_status":"closed","ping_status":"closed","sticky":false,"template":"","format":"standard","meta":{"spay_email":"","jetpack_publicize_message":"","jetpack_is_tweetstorm":false,"jetpack_publicize_feature_enabled":true},"categories":[1,12],"tags":[],"jetpack_publicize_connections":[],"yoast_head":"<!-- This site is optimized with the Yoast SEO plugin v19.1 - https:\/\/yoast.com\/wordpress\/plugins\/seo\/ -->\n<title>Vdes avokati i famsh\u00ebm ulqinak Mustafa Cafo \u00c7APUNI - Lajme nga Ulqini<\/title>\n<meta name=\"description\" content=\"IN MEMORIAM : Mustafa Cafo \u00c7APUNI T\u00eb marten, n\u00eb mosh\u00ebn 68 vje\u00e7are nd\u00ebrroj jet\u00eb Mustafa Cafo \u00c7APUNI, nj\u00ebri nd\u00ebr qytetar\u00ebt t\u00eb nderuar dhe t\u00eb respektuar nga\" \/>\n<meta name=\"robots\" content=\"index, follow, max-snippet:-1, max-image-preview:large, max-video-preview:-1\" \/>\n<link rel=\"canonical\" href=\"https:\/\/www.visit-ulcinj.com\/blog\/2017\/05\/24\/vdes-avokati-famshem-ulqinak-mustafa-cafo-capuni\/\" \/>\n<meta property=\"og:locale\" content=\"en_US\" \/>\n<meta property=\"og:type\" content=\"article\" \/>\n<meta property=\"og:title\" content=\"Vdes avokati i famsh\u00ebm ulqinak Mustafa Cafo \u00c7APUNI - Lajme nga Ulqini\" \/>\n<meta property=\"og:description\" content=\"IN MEMORIAM : Mustafa Cafo \u00c7APUNI T\u00eb marten, n\u00eb mosh\u00ebn 68 vje\u00e7are nd\u00ebrroj jet\u00eb Mustafa Cafo \u00c7APUNI, nj\u00ebri nd\u00ebr qytetar\u00ebt t\u00eb nderuar dhe t\u00eb respektuar nga\" \/>\n<meta property=\"og:url\" content=\"https:\/\/www.visit-ulcinj.com\/blog\/2017\/05\/24\/vdes-avokati-famshem-ulqinak-mustafa-cafo-capuni\/\" \/>\n<meta property=\"og:site_name\" content=\"Lajme nga Ulqini\" \/>\n<meta property=\"article:published_time\" content=\"2017-05-24T15:04:20+00:00\" \/>\n<meta property=\"article:modified_time\" content=\"2017-05-25T13:08:33+00:00\" \/>\n<meta name=\"twitter:label1\" content=\"Written by\" \/>\n\t<meta name=\"twitter:data1\" content=\"ulqini\" \/>\n\t<meta name=\"twitter:label2\" content=\"Est. reading time\" \/>\n\t<meta name=\"twitter:data2\" content=\"3 minutes\" \/>\n<script type=\"application\/ld+json\" class=\"yoast-schema-graph\">{\"@context\":\"https:\/\/schema.org\",\"@graph\":[{\"@type\":\"WebSite\",\"@id\":\"https:\/\/www.visit-ulcinj.com\/blog\/#website\",\"url\":\"https:\/\/www.visit-ulcinj.com\/blog\/\",\"name\":\"Lajme nga Ulqini\",\"description\":\"Lajme,Vijesti,Ulqini,Ulqin,Crna Gora,Mali i Zi\",\"potentialAction\":[{\"@type\":\"SearchAction\",\"target\":{\"@type\":\"EntryPoint\",\"urlTemplate\":\"https:\/\/www.visit-ulcinj.com\/blog\/?s={search_term_string}\"},\"query-input\":\"required name=search_term_string\"}],\"inLanguage\":\"en-US\"},{\"@type\":\"WebPage\",\"@id\":\"https:\/\/www.visit-ulcinj.com\/blog\/2017\/05\/24\/vdes-avokati-famshem-ulqinak-mustafa-cafo-capuni\/#webpage\",\"url\":\"https:\/\/www.visit-ulcinj.com\/blog\/2017\/05\/24\/vdes-avokati-famshem-ulqinak-mustafa-cafo-capuni\/\",\"name\":\"Vdes avokati i famsh\u00ebm ulqinak Mustafa Cafo \u00c7APUNI - Lajme nga Ulqini\",\"isPartOf\":{\"@id\":\"https:\/\/www.visit-ulcinj.com\/blog\/#website\"},\"datePublished\":\"2017-05-24T15:04:20+00:00\",\"dateModified\":\"2017-05-25T13:08:33+00:00\",\"author\":{\"@id\":\"https:\/\/www.visit-ulcinj.com\/blog\/#\/schema\/person\/dcab619c614d3038751c63bc2aadc06d\"},\"description\":\"IN MEMORIAM : Mustafa Cafo \u00c7APUNI T\u00eb marten, n\u00eb mosh\u00ebn 68 vje\u00e7are nd\u00ebrroj jet\u00eb Mustafa Cafo \u00c7APUNI, nj\u00ebri nd\u00ebr qytetar\u00ebt t\u00eb nderuar dhe t\u00eb respektuar nga\",\"breadcrumb\":{\"@id\":\"https:\/\/www.visit-ulcinj.com\/blog\/2017\/05\/24\/vdes-avokati-famshem-ulqinak-mustafa-cafo-capuni\/#breadcrumb\"},\"inLanguage\":\"en-US\",\"potentialAction\":[{\"@type\":\"ReadAction\",\"target\":[\"https:\/\/www.visit-ulcinj.com\/blog\/2017\/05\/24\/vdes-avokati-famshem-ulqinak-mustafa-cafo-capuni\/\"]}]},{\"@type\":\"BreadcrumbList\",\"@id\":\"https:\/\/www.visit-ulcinj.com\/blog\/2017\/05\/24\/vdes-avokati-famshem-ulqinak-mustafa-cafo-capuni\/#breadcrumb\",\"itemListElement\":[{\"@type\":\"ListItem\",\"position\":1,\"name\":\"Vdes avokati i famsh\u00ebm ulqinak Mustafa Cafo \u00c7APUNI\"}]},{\"@type\":\"Person\",\"@id\":\"https:\/\/www.visit-ulcinj.com\/blog\/#\/schema\/person\/dcab619c614d3038751c63bc2aadc06d\",\"name\":\"ulqini\",\"sameAs\":[\"http:\/\/www.visit-ulcinj.com\"],\"url\":\"https:\/\/www.visit-ulcinj.com\/blog\/author\/admin\/\"}]}<\/script>\n<!-- \/ Yoast SEO plugin. -->","yoast_head_json":{"title":"Vdes avokati i famsh\u00ebm ulqinak Mustafa Cafo \u00c7APUNI - Lajme nga Ulqini","description":"IN MEMORIAM : Mustafa Cafo \u00c7APUNI T\u00eb marten, n\u00eb mosh\u00ebn 68 vje\u00e7are nd\u00ebrroj jet\u00eb Mustafa Cafo \u00c7APUNI, nj\u00ebri nd\u00ebr qytetar\u00ebt t\u00eb nderuar dhe t\u00eb respektuar nga","robots":{"index":"index","follow":"follow","max-snippet":"max-snippet:-1","max-image-preview":"max-image-preview:large","max-video-preview":"max-video-preview:-1"},"canonical":"https:\/\/www.visit-ulcinj.com\/blog\/2017\/05\/24\/vdes-avokati-famshem-ulqinak-mustafa-cafo-capuni\/","og_locale":"en_US","og_type":"article","og_title":"Vdes avokati i famsh\u00ebm ulqinak Mustafa Cafo \u00c7APUNI - Lajme nga Ulqini","og_description":"IN MEMORIAM : Mustafa Cafo \u00c7APUNI T\u00eb marten, n\u00eb mosh\u00ebn 68 vje\u00e7are nd\u00ebrroj jet\u00eb Mustafa Cafo \u00c7APUNI, nj\u00ebri nd\u00ebr qytetar\u00ebt t\u00eb nderuar dhe t\u00eb respektuar nga","og_url":"https:\/\/www.visit-ulcinj.com\/blog\/2017\/05\/24\/vdes-avokati-famshem-ulqinak-mustafa-cafo-capuni\/","og_site_name":"Lajme nga Ulqini","article_published_time":"2017-05-24T15:04:20+00:00","article_modified_time":"2017-05-25T13:08:33+00:00","twitter_misc":{"Written by":"ulqini","Est. reading time":"3 minutes"},"schema":{"@context":"https:\/\/schema.org","@graph":[{"@type":"WebSite","@id":"https:\/\/www.visit-ulcinj.com\/blog\/#website","url":"https:\/\/www.visit-ulcinj.com\/blog\/","name":"Lajme nga Ulqini","description":"Lajme,Vijesti,Ulqini,Ulqin,Crna Gora,Mali i Zi","potentialAction":[{"@type":"SearchAction","target":{"@type":"EntryPoint","urlTemplate":"https:\/\/www.visit-ulcinj.com\/blog\/?s={search_term_string}"},"query-input":"required name=search_term_string"}],"inLanguage":"en-US"},{"@type":"WebPage","@id":"https:\/\/www.visit-ulcinj.com\/blog\/2017\/05\/24\/vdes-avokati-famshem-ulqinak-mustafa-cafo-capuni\/#webpage","url":"https:\/\/www.visit-ulcinj.com\/blog\/2017\/05\/24\/vdes-avokati-famshem-ulqinak-mustafa-cafo-capuni\/","name":"Vdes avokati i famsh\u00ebm ulqinak Mustafa Cafo \u00c7APUNI - Lajme nga Ulqini","isPartOf":{"@id":"https:\/\/www.visit-ulcinj.com\/blog\/#website"},"datePublished":"2017-05-24T15:04:20+00:00","dateModified":"2017-05-25T13:08:33+00:00","author":{"@id":"https:\/\/www.visit-ulcinj.com\/blog\/#\/schema\/person\/dcab619c614d3038751c63bc2aadc06d"},"description":"IN MEMORIAM : Mustafa Cafo \u00c7APUNI T\u00eb marten, n\u00eb mosh\u00ebn 68 vje\u00e7are nd\u00ebrroj jet\u00eb Mustafa Cafo \u00c7APUNI, nj\u00ebri nd\u00ebr qytetar\u00ebt t\u00eb nderuar dhe t\u00eb respektuar nga","breadcrumb":{"@id":"https:\/\/www.visit-ulcinj.com\/blog\/2017\/05\/24\/vdes-avokati-famshem-ulqinak-mustafa-cafo-capuni\/#breadcrumb"},"inLanguage":"en-US","potentialAction":[{"@type":"ReadAction","target":["https:\/\/www.visit-ulcinj.com\/blog\/2017\/05\/24\/vdes-avokati-famshem-ulqinak-mustafa-cafo-capuni\/"]}]},{"@type":"BreadcrumbList","@id":"https:\/\/www.visit-ulcinj.com\/blog\/2017\/05\/24\/vdes-avokati-famshem-ulqinak-mustafa-cafo-capuni\/#breadcrumb","itemListElement":[{"@type":"ListItem","position":1,"name":"Vdes avokati i famsh\u00ebm ulqinak Mustafa Cafo \u00c7APUNI"}]},{"@type":"Person","@id":"https:\/\/www.visit-ulcinj.com\/blog\/#\/schema\/person\/dcab619c614d3038751c63bc2aadc06d","name":"ulqini","sameAs":["http:\/\/www.visit-ulcinj.com"],"url":"https:\/\/www.visit-ulcinj.com\/blog\/author\/admin\/"}]}},"jetpack_featured_media_url":"","jetpack_sharing_enabled":true,"jetpack_shortlink":"https:\/\/wp.me\/pe6lTn-rmN","_links":{"self":[{"href":"https:\/\/www.visit-ulcinj.com\/blog\/wp-json\/wp\/v2\/posts\/105201"}],"collection":[{"href":"https:\/\/www.visit-ulcinj.com\/blog\/wp-json\/wp\/v2\/posts"}],"about":[{"href":"https:\/\/www.visit-ulcinj.com\/blog\/wp-json\/wp\/v2\/types\/post"}],"author":[{"embeddable":true,"href":"https:\/\/www.visit-ulcinj.com\/blog\/wp-json\/wp\/v2\/users\/1"}],"replies":[{"embeddable":true,"href":"https:\/\/www.visit-ulcinj.com\/blog\/wp-json\/wp\/v2\/comments?post=105201"}],"version-history":[{"count":2,"href":"https:\/\/www.visit-ulcinj.com\/blog\/wp-json\/wp\/v2\/posts\/105201\/revisions"}],"predecessor-version":[{"id":105211,"href":"https:\/\/www.visit-ulcinj.com\/blog\/wp-json\/wp\/v2\/posts\/105201\/revisions\/105211"}],"wp:attachment":[{"href":"https:\/\/www.visit-ulcinj.com\/blog\/wp-json\/wp\/v2\/media?parent=105201"}],"wp:term":[{"taxonomy":"category","embeddable":true,"href":"https:\/\/www.visit-ulcinj.com\/blog\/wp-json\/wp\/v2\/categories?post=105201"},{"taxonomy":"post_tag","embeddable":true,"href":"https:\/\/www.visit-ulcinj.com\/blog\/wp-json\/wp\/v2\/tags?post=105201"}],"curies":[{"name":"wp","href":"https:\/\/api.w.org\/{rel}","templated":true}]}}