{"id":105206,"date":"2017-05-25T14:03:12","date_gmt":"2017-05-25T13:03:12","guid":{"rendered":"http:\/\/www.visit-ulcinj.com\/blog\/?p=105206"},"modified":"2017-05-26T07:40:19","modified_gmt":"2017-05-26T06:40:19","slug":"vjen-nje-lajmi-mire-prej-sot-ne-ulqin-te-kete-24-ore-uje","status":"publish","type":"post","link":"https:\/\/www.visit-ulcinj.com\/blog\/2017\/05\/25\/vjen-nje-lajmi-mire-prej-sot-ne-ulqin-te-kete-24-ore-uje\/","title":{"rendered":"Vjen nj\u00eb lajmi i mir\u00eb: Prej sot n\u00eb Ulqin do t\u00eb ket\u00eb 24 or\u00eb uj\u00eb"},"content":{"rendered":"<p><strong><a href=\"http:\/\/www.visit-ulcinj.com\/blog\/wp-content\/uploads\/2017\/05\/Vjen-nj\u00eb-lajmi-i-mir\u00eb-Prej-sot-n\u00eb-Ulqin-do-t\u00eb-ket\u00eb-24-or\u00eb-uj\u00eb.jpg\"><img loading=\"lazy\" class=\"alignleft wp-image-105209\" src=\"http:\/\/www.visit-ulcinj.com\/blog\/wp-content\/uploads\/2017\/05\/Vjen-nj\u00eb-lajmi-i-mir\u00eb-Prej-sot-n\u00eb-Ulqin-do-t\u00eb-ket\u00eb-24-or\u00eb-uj\u00eb.jpg\" alt=\"\" width=\"508\" height=\"286\" srcset=\"https:\/\/www.visit-ulcinj.com\/blog\/wp-content\/uploads\/2017\/05\/Vjen-nj\u00eb-lajmi-i-mir\u00eb-Prej-sot-n\u00eb-Ulqin-do-t\u00eb-ket\u00eb-24-or\u00eb-uj\u00eb.jpg 999w, https:\/\/www.visit-ulcinj.com\/blog\/wp-content\/uploads\/2017\/05\/Vjen-nj\u00eb-lajmi-i-mir\u00eb-Prej-sot-n\u00eb-Ulqin-do-t\u00eb-ket\u00eb-24-or\u00eb-uj\u00eb-300x169.jpg 300w, https:\/\/www.visit-ulcinj.com\/blog\/wp-content\/uploads\/2017\/05\/Vjen-nj\u00eb-lajmi-i-mir\u00eb-Prej-sot-n\u00eb-Ulqin-do-t\u00eb-ket\u00eb-24-or\u00eb-uj\u00eb-768x432.jpg 768w\" sizes=\"(max-width: 508px) 100vw, 508px\" \/><\/a>Sot n\u00eb m\u00ebnyr\u00eb solemne u b\u00eb dor\u00ebzimi i donacionit t\u00eb\u00a0Agjencis\u00eb Turke\u00a0p\u00ebr Bashk\u00ebpunim Nd\u00ebrkomb\u00ebtar dhe Zhvillim &#8211; TIKA\u00a0p\u00ebr NP \u201cUj\u00ebsjell\u00ebs dhe Kanalizim\u201d.<\/strong><\/p>\n<p>N\u00eb pyetje\u00a0\u00ebsht\u00eb\u00a0pompa\u00a0p\u00ebr uj\u00eb me kapacitet\u00a035 litra\u00a0n\u00eb sekond, e cila \u00ebsht\u00eb montuar\u00a0n\u00eb\u00a0burimin\u00a0e Kllezn\u00ebs.<\/p>\n<p>Me k\u00ebt\u00eb rast p\u00ebrsh\u00ebndet\u00ebn kryetari i Komun\u00ebs\u00a0s\u00eb Ulqinit Nazif Cungu\u00a0dhe Koordinatori i TIK\u00cb-s Ahmet Alltun.<\/p>\n<p>Kryetari i Ulqinit\u00a0iu falenderua\u00a0Agjencis\u00eb Turke\u00a0p\u00ebr Bashk\u00ebpunim Nd\u00ebrkomb\u00ebtar\u00a0dhe Zhvillim\u00a0p\u00ebr k\u00ebt\u00eb dhe t\u00eb t\u00ebr\u00eb donacionet e tjera q\u00eb TIKA i ka dh\u00ebn\u00eb Ulqinit.<\/p>\n<p>\u201cBurimet e Kllezn\u00ebs jan\u00eb t\u00eb nj\u00eb r\u00ebnd\u00ebsie t\u00eb ve\u00e7ant\u00eb n\u00eb t\u00eb gjith\u00eb sistemin e furnizimit t\u00eb qytetit me uj\u00eb,ve\u00e7mas\u00a0gjat\u00eb sezonit turistik kur\u00a0k\u00ebrkesat jan\u00eb\u00a0shum\u00eb m\u00eb t\u00eb m\u00ebdha\u00a0sesa n\u00eb periudh\u00ebn e dimrit. N\u00eb objektin ku \u00ebsht\u00eb montuar pompa nuk \u00ebsht\u00eb investuar prej dekadash, andaj si pasoj\u00eb e k\u00ebsaj jo rrall\u00eb her\u00eb ka ardhur\u00a0deri tek\u00a0nd\u00ebrprerja\u00a0e furnizim me uj\u00eb n\u00eb disa zona p\u00ebrfshir\u00eb dhe\u00a0qendr\u00ebn e qytetit. Instalimi i pomp\u00ebs s\u00eb re\u00a0do t\u00eb siguroj\u00eb\u00a0nj\u00eb furnizim normal\u201d &#8211;\u00a0tha n\u00eb fjal\u00ebn e tij kryetari Cungu\u00a0i cili i shprehu falenderime p\u00ebrfaq\u00ebsuesve t\u00eb TIK\u00cb-s\u00a0 p\u00ebr k\u00ebt\u00eb investim\u00a0dhe\u00a0investimin e paralajm\u00ebruar\u00a0n\u00eb restaurimin e\u00a0Xhamis\u00eb s\u00eb Namazgjahit dhe Hamamit t\u00eb Pash\u00ebs.<\/p>\n<p>Nga ana tjet\u00ebr Koordinatori i TIK\u00cb-s Ahmet Alltun\u00a0tha se kjo Agjenci do t\u00eb\u00a0vazhdoj\u00eb t\u00eb p\u00ebrkrah\u00eb dhe\u00a0projekte\u00a0t\u00eb tjer\u00eb n\u00eb Komun\u00ebn e Ulqinit\u00a0dhe n\u00eb komuna t\u00eb tjera n\u00eb malin e Zi. N\u00eb ceremonin\u00eb e\u00a0dor\u00ebzimit t\u00eb\u00a0donacionit ishte i pranish\u00ebm dhe ambasadori i Republik\u00ebs s\u00eb Turqis\u00eb n\u00eb Malin e Zi Serhat Galip. Vlera e\u00a0pomp\u00ebs s\u00eb ujit \u00ebsht\u00eb 20.000 euro.<\/p>\n","protected":false},"excerpt":{"rendered":"<p>Sot n\u00eb m\u00ebnyr\u00eb solemne u b\u00eb dor\u00ebzimi i donacionit t\u00eb\u00a0Agjencis\u00eb Turke\u00a0p\u00ebr Bashk\u00ebpunim Nd\u00ebrkomb\u00ebtar dhe Zhvillim &#8211; TIKA\u00a0p\u00ebr NP \u201cUj\u00ebsjell\u00ebs dhe Kanalizim\u201d. N\u00eb pyetje\u00a0\u00ebsht\u00eb\u00a0pompa\u00a0p\u00ebr uj\u00eb me kapacitet\u00a035 litra\u00a0n\u00eb sekond, e cila \u00ebsht\u00eb montuar\u00a0n\u00eb\u00a0burimin\u00a0e Kllezn\u00ebs. Me k\u00ebt\u00eb rast p\u00ebrsh\u00ebndet\u00ebn kryetari i Komun\u00ebs\u00a0s\u00eb Ulqinit Nazif Cungu\u00a0dhe Koordinatori i TIK\u00cb-s Ahmet Alltun. Kryetari i Ulqinit\u00a0iu falenderua\u00a0Agjencis\u00eb Turke\u00a0p\u00ebr Bashk\u00ebpunim Nd\u00ebrkomb\u00ebtar\u00a0dhe [&hellip;]<\/p>\n","protected":false},"author":1,"featured_media":0,"comment_status":"closed","ping_status":"closed","sticky":false,"template":"","format":"standard","meta":{"spay_email":"","jetpack_publicize_message":"","jetpack_is_tweetstorm":false,"jetpack_publicize_feature_enabled":true},"categories":[10,1],"tags":[],"jetpack_publicize_connections":[],"yoast_head":"<!-- This site is optimized with the Yoast SEO plugin v19.1 - https:\/\/yoast.com\/wordpress\/plugins\/seo\/ -->\n<title>Vjen nj\u00eb lajmi i mir\u00eb: Prej sot n\u00eb Ulqin do t\u00eb ket\u00eb 24 or\u00eb uj\u00eb - Lajme nga Ulqini<\/title>\n<meta name=\"description\" content=\"Sot n\u00eb m\u00ebnyr\u00eb solemne u b\u00eb dor\u00ebzimi i donacionit t\u00eb\u00a0Agjencis\u00eb Turke\u00a0p\u00ebr Bashk\u00ebpunim Nd\u00ebrkomb\u00ebtar dhe Zhvillim - TIKA\u00a0p\u00ebr NP \u201cUj\u00ebsjell\u00ebs dhe Kanalizim\u201d. N\u00eb\" \/>\n<meta name=\"robots\" content=\"index, follow, max-snippet:-1, max-image-preview:large, max-video-preview:-1\" \/>\n<link rel=\"canonical\" href=\"https:\/\/www.visit-ulcinj.com\/blog\/2017\/05\/25\/vjen-nje-lajmi-mire-prej-sot-ne-ulqin-te-kete-24-ore-uje\/\" \/>\n<meta property=\"og:locale\" content=\"en_US\" \/>\n<meta property=\"og:type\" content=\"article\" \/>\n<meta property=\"og:title\" content=\"Vjen nj\u00eb lajmi i mir\u00eb: Prej sot n\u00eb Ulqin do t\u00eb ket\u00eb 24 or\u00eb uj\u00eb - Lajme nga Ulqini\" \/>\n<meta property=\"og:description\" content=\"Sot n\u00eb m\u00ebnyr\u00eb solemne u b\u00eb dor\u00ebzimi i donacionit t\u00eb\u00a0Agjencis\u00eb Turke\u00a0p\u00ebr Bashk\u00ebpunim Nd\u00ebrkomb\u00ebtar dhe Zhvillim - TIKA\u00a0p\u00ebr NP \u201cUj\u00ebsjell\u00ebs dhe Kanalizim\u201d. N\u00eb\" \/>\n<meta property=\"og:url\" content=\"https:\/\/www.visit-ulcinj.com\/blog\/2017\/05\/25\/vjen-nje-lajmi-mire-prej-sot-ne-ulqin-te-kete-24-ore-uje\/\" \/>\n<meta property=\"og:site_name\" content=\"Lajme nga Ulqini\" \/>\n<meta property=\"article:published_time\" content=\"2017-05-25T13:03:12+00:00\" \/>\n<meta property=\"article:modified_time\" content=\"2017-05-26T06:40:19+00:00\" \/>\n<meta name=\"twitter:label1\" content=\"Written by\" \/>\n\t<meta name=\"twitter:data1\" content=\"ulqini\" \/>\n\t<meta name=\"twitter:label2\" content=\"Est. reading time\" \/>\n\t<meta name=\"twitter:data2\" content=\"2 minutes\" \/>\n<script type=\"application\/ld+json\" class=\"yoast-schema-graph\">{\"@context\":\"https:\/\/schema.org\",\"@graph\":[{\"@type\":\"WebSite\",\"@id\":\"https:\/\/www.visit-ulcinj.com\/blog\/#website\",\"url\":\"https:\/\/www.visit-ulcinj.com\/blog\/\",\"name\":\"Lajme nga Ulqini\",\"description\":\"Lajme,Vijesti,Ulqini,Ulqin,Crna Gora,Mali i Zi\",\"potentialAction\":[{\"@type\":\"SearchAction\",\"target\":{\"@type\":\"EntryPoint\",\"urlTemplate\":\"https:\/\/www.visit-ulcinj.com\/blog\/?s={search_term_string}\"},\"query-input\":\"required name=search_term_string\"}],\"inLanguage\":\"en-US\"},{\"@type\":\"WebPage\",\"@id\":\"https:\/\/www.visit-ulcinj.com\/blog\/2017\/05\/25\/vjen-nje-lajmi-mire-prej-sot-ne-ulqin-te-kete-24-ore-uje\/#webpage\",\"url\":\"https:\/\/www.visit-ulcinj.com\/blog\/2017\/05\/25\/vjen-nje-lajmi-mire-prej-sot-ne-ulqin-te-kete-24-ore-uje\/\",\"name\":\"Vjen nj\u00eb lajmi i mir\u00eb: Prej sot n\u00eb Ulqin do t\u00eb ket\u00eb 24 or\u00eb uj\u00eb - Lajme nga Ulqini\",\"isPartOf\":{\"@id\":\"https:\/\/www.visit-ulcinj.com\/blog\/#website\"},\"datePublished\":\"2017-05-25T13:03:12+00:00\",\"dateModified\":\"2017-05-26T06:40:19+00:00\",\"author\":{\"@id\":\"https:\/\/www.visit-ulcinj.com\/blog\/#\/schema\/person\/dcab619c614d3038751c63bc2aadc06d\"},\"description\":\"Sot n\u00eb m\u00ebnyr\u00eb solemne u b\u00eb dor\u00ebzimi i donacionit t\u00eb\u00a0Agjencis\u00eb Turke\u00a0p\u00ebr Bashk\u00ebpunim Nd\u00ebrkomb\u00ebtar dhe Zhvillim - TIKA\u00a0p\u00ebr NP \u201cUj\u00ebsjell\u00ebs dhe Kanalizim\u201d. N\u00eb\",\"breadcrumb\":{\"@id\":\"https:\/\/www.visit-ulcinj.com\/blog\/2017\/05\/25\/vjen-nje-lajmi-mire-prej-sot-ne-ulqin-te-kete-24-ore-uje\/#breadcrumb\"},\"inLanguage\":\"en-US\",\"potentialAction\":[{\"@type\":\"ReadAction\",\"target\":[\"https:\/\/www.visit-ulcinj.com\/blog\/2017\/05\/25\/vjen-nje-lajmi-mire-prej-sot-ne-ulqin-te-kete-24-ore-uje\/\"]}]},{\"@type\":\"BreadcrumbList\",\"@id\":\"https:\/\/www.visit-ulcinj.com\/blog\/2017\/05\/25\/vjen-nje-lajmi-mire-prej-sot-ne-ulqin-te-kete-24-ore-uje\/#breadcrumb\",\"itemListElement\":[{\"@type\":\"ListItem\",\"position\":1,\"name\":\"Vjen nj\u00eb lajmi i mir\u00eb: Prej sot n\u00eb Ulqin do t\u00eb ket\u00eb 24 or\u00eb uj\u00eb\"}]},{\"@type\":\"Person\",\"@id\":\"https:\/\/www.visit-ulcinj.com\/blog\/#\/schema\/person\/dcab619c614d3038751c63bc2aadc06d\",\"name\":\"ulqini\",\"sameAs\":[\"http:\/\/www.visit-ulcinj.com\"],\"url\":\"https:\/\/www.visit-ulcinj.com\/blog\/author\/admin\/\"}]}<\/script>\n<!-- \/ Yoast SEO plugin. -->","yoast_head_json":{"title":"Vjen nj\u00eb lajmi i mir\u00eb: Prej sot n\u00eb Ulqin do t\u00eb ket\u00eb 24 or\u00eb uj\u00eb - Lajme nga Ulqini","description":"Sot n\u00eb m\u00ebnyr\u00eb solemne u b\u00eb dor\u00ebzimi i donacionit t\u00eb\u00a0Agjencis\u00eb Turke\u00a0p\u00ebr Bashk\u00ebpunim Nd\u00ebrkomb\u00ebtar dhe Zhvillim - TIKA\u00a0p\u00ebr NP \u201cUj\u00ebsjell\u00ebs dhe Kanalizim\u201d. N\u00eb","robots":{"index":"index","follow":"follow","max-snippet":"max-snippet:-1","max-image-preview":"max-image-preview:large","max-video-preview":"max-video-preview:-1"},"canonical":"https:\/\/www.visit-ulcinj.com\/blog\/2017\/05\/25\/vjen-nje-lajmi-mire-prej-sot-ne-ulqin-te-kete-24-ore-uje\/","og_locale":"en_US","og_type":"article","og_title":"Vjen nj\u00eb lajmi i mir\u00eb: Prej sot n\u00eb Ulqin do t\u00eb ket\u00eb 24 or\u00eb uj\u00eb - Lajme nga Ulqini","og_description":"Sot n\u00eb m\u00ebnyr\u00eb solemne u b\u00eb dor\u00ebzimi i donacionit t\u00eb\u00a0Agjencis\u00eb Turke\u00a0p\u00ebr Bashk\u00ebpunim Nd\u00ebrkomb\u00ebtar dhe Zhvillim - TIKA\u00a0p\u00ebr NP \u201cUj\u00ebsjell\u00ebs dhe Kanalizim\u201d. N\u00eb","og_url":"https:\/\/www.visit-ulcinj.com\/blog\/2017\/05\/25\/vjen-nje-lajmi-mire-prej-sot-ne-ulqin-te-kete-24-ore-uje\/","og_site_name":"Lajme nga Ulqini","article_published_time":"2017-05-25T13:03:12+00:00","article_modified_time":"2017-05-26T06:40:19+00:00","twitter_misc":{"Written by":"ulqini","Est. reading time":"2 minutes"},"schema":{"@context":"https:\/\/schema.org","@graph":[{"@type":"WebSite","@id":"https:\/\/www.visit-ulcinj.com\/blog\/#website","url":"https:\/\/www.visit-ulcinj.com\/blog\/","name":"Lajme nga Ulqini","description":"Lajme,Vijesti,Ulqini,Ulqin,Crna Gora,Mali i Zi","potentialAction":[{"@type":"SearchAction","target":{"@type":"EntryPoint","urlTemplate":"https:\/\/www.visit-ulcinj.com\/blog\/?s={search_term_string}"},"query-input":"required name=search_term_string"}],"inLanguage":"en-US"},{"@type":"WebPage","@id":"https:\/\/www.visit-ulcinj.com\/blog\/2017\/05\/25\/vjen-nje-lajmi-mire-prej-sot-ne-ulqin-te-kete-24-ore-uje\/#webpage","url":"https:\/\/www.visit-ulcinj.com\/blog\/2017\/05\/25\/vjen-nje-lajmi-mire-prej-sot-ne-ulqin-te-kete-24-ore-uje\/","name":"Vjen nj\u00eb lajmi i mir\u00eb: Prej sot n\u00eb Ulqin do t\u00eb ket\u00eb 24 or\u00eb uj\u00eb - Lajme nga Ulqini","isPartOf":{"@id":"https:\/\/www.visit-ulcinj.com\/blog\/#website"},"datePublished":"2017-05-25T13:03:12+00:00","dateModified":"2017-05-26T06:40:19+00:00","author":{"@id":"https:\/\/www.visit-ulcinj.com\/blog\/#\/schema\/person\/dcab619c614d3038751c63bc2aadc06d"},"description":"Sot n\u00eb m\u00ebnyr\u00eb solemne u b\u00eb dor\u00ebzimi i donacionit t\u00eb\u00a0Agjencis\u00eb Turke\u00a0p\u00ebr Bashk\u00ebpunim Nd\u00ebrkomb\u00ebtar dhe Zhvillim - TIKA\u00a0p\u00ebr NP \u201cUj\u00ebsjell\u00ebs dhe Kanalizim\u201d. N\u00eb","breadcrumb":{"@id":"https:\/\/www.visit-ulcinj.com\/blog\/2017\/05\/25\/vjen-nje-lajmi-mire-prej-sot-ne-ulqin-te-kete-24-ore-uje\/#breadcrumb"},"inLanguage":"en-US","potentialAction":[{"@type":"ReadAction","target":["https:\/\/www.visit-ulcinj.com\/blog\/2017\/05\/25\/vjen-nje-lajmi-mire-prej-sot-ne-ulqin-te-kete-24-ore-uje\/"]}]},{"@type":"BreadcrumbList","@id":"https:\/\/www.visit-ulcinj.com\/blog\/2017\/05\/25\/vjen-nje-lajmi-mire-prej-sot-ne-ulqin-te-kete-24-ore-uje\/#breadcrumb","itemListElement":[{"@type":"ListItem","position":1,"name":"Vjen nj\u00eb lajmi i mir\u00eb: Prej sot n\u00eb Ulqin do t\u00eb ket\u00eb 24 or\u00eb uj\u00eb"}]},{"@type":"Person","@id":"https:\/\/www.visit-ulcinj.com\/blog\/#\/schema\/person\/dcab619c614d3038751c63bc2aadc06d","name":"ulqini","sameAs":["http:\/\/www.visit-ulcinj.com"],"url":"https:\/\/www.visit-ulcinj.com\/blog\/author\/admin\/"}]}},"jetpack_featured_media_url":"","jetpack_sharing_enabled":true,"jetpack_shortlink":"https:\/\/wp.me\/pe6lTn-rmS","_links":{"self":[{"href":"https:\/\/www.visit-ulcinj.com\/blog\/wp-json\/wp\/v2\/posts\/105206"}],"collection":[{"href":"https:\/\/www.visit-ulcinj.com\/blog\/wp-json\/wp\/v2\/posts"}],"about":[{"href":"https:\/\/www.visit-ulcinj.com\/blog\/wp-json\/wp\/v2\/types\/post"}],"author":[{"embeddable":true,"href":"https:\/\/www.visit-ulcinj.com\/blog\/wp-json\/wp\/v2\/users\/1"}],"replies":[{"embeddable":true,"href":"https:\/\/www.visit-ulcinj.com\/blog\/wp-json\/wp\/v2\/comments?post=105206"}],"version-history":[{"count":1,"href":"https:\/\/www.visit-ulcinj.com\/blog\/wp-json\/wp\/v2\/posts\/105206\/revisions"}],"predecessor-version":[{"id":105210,"href":"https:\/\/www.visit-ulcinj.com\/blog\/wp-json\/wp\/v2\/posts\/105206\/revisions\/105210"}],"wp:attachment":[{"href":"https:\/\/www.visit-ulcinj.com\/blog\/wp-json\/wp\/v2\/media?parent=105206"}],"wp:term":[{"taxonomy":"category","embeddable":true,"href":"https:\/\/www.visit-ulcinj.com\/blog\/wp-json\/wp\/v2\/categories?post=105206"},{"taxonomy":"post_tag","embeddable":true,"href":"https:\/\/www.visit-ulcinj.com\/blog\/wp-json\/wp\/v2\/tags?post=105206"}],"curies":[{"name":"wp","href":"https:\/\/api.w.org\/{rel}","templated":true}]}}