{"id":105242,"date":"2017-05-26T07:44:16","date_gmt":"2017-05-26T06:44:16","guid":{"rendered":"http:\/\/www.visit-ulcinj.com\/blog\/?p=105242"},"modified":"2017-05-26T07:44:16","modified_gmt":"2017-05-26T06:44:16","slug":"rumejsa-kaca-fituese-e-garave-te-recituesve-te-rinj-ulqin-2017","status":"publish","type":"post","link":"https:\/\/www.visit-ulcinj.com\/blog\/2017\/05\/26\/rumejsa-kaca-fituese-e-garave-te-recituesve-te-rinj-ulqin-2017\/","title":{"rendered":"Rumejsa Kaca, fituese e Garave t\u00eb recituesve t\u00eb rinj \u2013 Ulqin 2017"},"content":{"rendered":"<p><a href=\"http:\/\/www.visit-ulcinj.com\/blog\/wp-content\/uploads\/2017\/05\/Rumejsa-Kaca-fituese-e-Garave-t\u00eb-recituesve-t\u00eb-rinj-\u2013-Ulqin-2017.jpg\"><img loading=\"lazy\" class=\"alignleft wp-image-105243\" src=\"http:\/\/www.visit-ulcinj.com\/blog\/wp-content\/uploads\/2017\/05\/Rumejsa-Kaca-fituese-e-Garave-t\u00eb-recituesve-t\u00eb-rinj-\u2013-Ulqin-2017.jpg\" alt=\"\" width=\"508\" height=\"381\" srcset=\"https:\/\/www.visit-ulcinj.com\/blog\/wp-content\/uploads\/2017\/05\/Rumejsa-Kaca-fituese-e-Garave-t\u00eb-recituesve-t\u00eb-rinj-\u2013-Ulqin-2017.jpg 823w, https:\/\/www.visit-ulcinj.com\/blog\/wp-content\/uploads\/2017\/05\/Rumejsa-Kaca-fituese-e-Garave-t\u00eb-recituesve-t\u00eb-rinj-\u2013-Ulqin-2017-300x225.jpg 300w, https:\/\/www.visit-ulcinj.com\/blog\/wp-content\/uploads\/2017\/05\/Rumejsa-Kaca-fituese-e-Garave-t\u00eb-recituesve-t\u00eb-rinj-\u2013-Ulqin-2017-768x576.jpg 768w\" sizes=\"(max-width: 508px) 100vw, 508px\" \/><\/a>Nx\u00ebn\u00ebsja e klas\u00ebs s\u00eb kat\u00ebrt t\u00eb Shkoll\u00ebs Fillore \u201cGjergj Kastrioti \u2013 Sk\u00ebnderbeu\u201d \u2013 Ostros, Rumejsa Kaca, ka fituar vendin e par\u00eb n\u00eb edicionin e 12-t\u00eb t\u00eb Garave t\u00eb recituesve t\u00eb rinj \u2013 Ulqin 2017 t\u00eb organizuara nga Fondacioni \u201cStudenti\u201d, q\u00eb u mbajt t\u00eb mart\u00ebn mbr\u00ebma n\u00eb Galerin\u00eb e Qendr\u00ebs s\u00eb Kultur\u00ebs \u2013 Ulqin. Ajo ka recituar p\u00ebrrall\u00ebn n\u00eb vargje \u201cLepuri dhe iriqi\u201d nga Niko Tyto.<\/p>\n<p>&nbsp;<\/p>\n<p>N\u00eb kategorin\u00eb e shkollave fillore vendi i par\u00eb i takoi Behar Palit nga Shkolla Fillore \u201cBedri Elezaga\u201d \u2013 Kat\u00ebrkoll\u00eb, vendi i dyt\u00eb Esmerinda Lekperiqit nga Shkolla Fillore \u201cGjergj Kastrioti \u2013 Sk\u00ebnderbeu\u201d \u2013 Ostros dhe vendi i tret\u00eb Elsadina Bajraktarit nga Shkolla Fillore \u201cMarshall Tito\u201d \u2013 Ulqin.<\/p>\n<p>&nbsp;<\/p>\n<p>N\u00eb kategorin\u00eb e shkollave t\u00eb mesme, vendin e par\u00eb e zuri Jonida Kova\u00e7i, vendin e dyt\u00eb Hedije Marku, kurse vendin e tret\u00eb D\u00ebbora Popoviq, t\u00eb trija nx\u00ebn\u00ebse t\u00eb Shkoll\u00ebs s\u00eb Mesme \u201cV\u00ebllaz\u00ebrim Bashkim\u201d.<\/p>\n<p>&nbsp;<\/p>\n<p>Vler\u00ebsimi u b\u00eb nga juria n\u00eb p\u00ebrb\u00ebrje: Hatixhe Nelaj, gazetare, Edita Nimanbegu, krijuese, dhe Bashkim Alaj, aktor.<\/p>\n<p>P\u00ebr fituesit organizatori ka ndar\u00eb shp\u00ebrblime n\u00eb t\u00eb holla dhe diploma, kurse t\u00eb gjith\u00eb nx\u00ebn\u00ebsit garues dhe m\u00ebsimdh\u00ebn\u00ebsit q\u00eb i kan\u00eb p\u00ebrgatitur ata jan\u00eb shp\u00ebrblyer me libra.<\/p>\n<p>Fondacioni \u201cStudenti\u201d fal\u00ebnderon p\u00ebr mb\u00ebshtetjen n\u00eb realizimin e k\u00ebtij aktiviteti Komun\u00ebn e Ulqinit, K\u00ebshillin Komb\u00ebtar t\u00eb Shqiptar\u00ebve n\u00eb Malin e Zi, Llolla Company, Fabrik\u00ebn e Mobiljeve \u201cKurti\u201d dhe Nd\u00ebrmarrjen Publike \u201cUj\u00ebsjell\u00ebs-Kanalizime\u201d.<\/p>\n<p>&nbsp;<\/p>\n<p><em>\u00a0\u00a0\u00a0\u00a0\u00a0\u00a0\u00a0\u00a0\u00a0\u00a0\u00a0\u00a0\u00a0\u00a0\u00a0\u00a0\u00a0\u00a0\u00a0\u00a0\u00a0\u00a0\u00a0\u00a0\u00a0\u00a0\u00a0\u00a0\u00a0\u00a0\u00a0\u00a0\u00a0\u00a0\u00a0\u00a0\u00a0\u00a0\u00a0\u00a0\u00a0\u00a0\u00a0\u00a0\u00a0\u00a0\u00a0\u00a0\u00a0\u00a0\u00a0\u00a0\u00a0\u00a0\u00a0\u00a0\u00a0\u00a0 \u00a0\u00a0\u00a0\u00a0\u00a0\u00a0\u00a0\u00a0\u00a0\u00a0\u00a0\u00a0 \u00a0\u00a0\u00a0\u00a0\u00a0Sh\u00ebrbimi p\u00ebr informim i Fondacionit \u201cStudenti\u201d<\/em><\/p>\n","protected":false},"excerpt":{"rendered":"<p>Nx\u00ebn\u00ebsja e klas\u00ebs s\u00eb kat\u00ebrt t\u00eb Shkoll\u00ebs Fillore \u201cGjergj Kastrioti \u2013 Sk\u00ebnderbeu\u201d \u2013 Ostros, Rumejsa Kaca, ka fituar vendin e par\u00eb n\u00eb edicionin e 12-t\u00eb t\u00eb Garave t\u00eb recituesve t\u00eb rinj \u2013 Ulqin 2017 t\u00eb organizuara nga Fondacioni \u201cStudenti\u201d, q\u00eb u mbajt t\u00eb mart\u00ebn mbr\u00ebma n\u00eb Galerin\u00eb e Qendr\u00ebs s\u00eb Kultur\u00ebs \u2013 Ulqin. Ajo ka [&hellip;]<\/p>\n","protected":false},"author":1,"featured_media":0,"comment_status":"closed","ping_status":"closed","sticky":false,"template":"","format":"standard","meta":{"spay_email":"","jetpack_publicize_message":"","jetpack_is_tweetstorm":false,"jetpack_publicize_feature_enabled":true},"categories":[4],"tags":[],"jetpack_publicize_connections":[],"yoast_head":"<!-- This site is optimized with the Yoast SEO plugin v19.1 - https:\/\/yoast.com\/wordpress\/plugins\/seo\/ -->\n<title>Rumejsa Kaca, fituese e Garave t\u00eb recituesve t\u00eb rinj \u2013 Ulqin 2017 - Lajme nga Ulqini<\/title>\n<meta name=\"description\" content=\"Nx\u00ebn\u00ebsja e klas\u00ebs s\u00eb kat\u00ebrt t\u00eb Shkoll\u00ebs Fillore \u201cGjergj Kastrioti \u2013 Sk\u00ebnderbeu\u201d \u2013 Ostros, Rumejsa Kaca, ka fituar vendin e par\u00eb n\u00eb edicionin e 12-t\u00eb t\u00eb\" \/>\n<meta name=\"robots\" content=\"index, follow, max-snippet:-1, max-image-preview:large, max-video-preview:-1\" \/>\n<link rel=\"canonical\" href=\"https:\/\/www.visit-ulcinj.com\/blog\/2017\/05\/26\/rumejsa-kaca-fituese-e-garave-te-recituesve-te-rinj-ulqin-2017\/\" \/>\n<meta property=\"og:locale\" content=\"en_US\" \/>\n<meta property=\"og:type\" content=\"article\" \/>\n<meta property=\"og:title\" content=\"Rumejsa Kaca, fituese e Garave t\u00eb recituesve t\u00eb rinj \u2013 Ulqin 2017 - Lajme nga Ulqini\" \/>\n<meta property=\"og:description\" content=\"Nx\u00ebn\u00ebsja e klas\u00ebs s\u00eb kat\u00ebrt t\u00eb Shkoll\u00ebs Fillore \u201cGjergj Kastrioti \u2013 Sk\u00ebnderbeu\u201d \u2013 Ostros, Rumejsa Kaca, ka fituar vendin e par\u00eb n\u00eb edicionin e 12-t\u00eb t\u00eb\" \/>\n<meta property=\"og:url\" content=\"https:\/\/www.visit-ulcinj.com\/blog\/2017\/05\/26\/rumejsa-kaca-fituese-e-garave-te-recituesve-te-rinj-ulqin-2017\/\" \/>\n<meta property=\"og:site_name\" content=\"Lajme nga Ulqini\" \/>\n<meta property=\"article:published_time\" content=\"2017-05-26T06:44:16+00:00\" \/>\n<meta name=\"twitter:label1\" content=\"Written by\" \/>\n\t<meta name=\"twitter:data1\" content=\"ulqini\" \/>\n\t<meta name=\"twitter:label2\" content=\"Est. reading time\" \/>\n\t<meta name=\"twitter:data2\" content=\"1 minute\" \/>\n<script type=\"application\/ld+json\" class=\"yoast-schema-graph\">{\"@context\":\"https:\/\/schema.org\",\"@graph\":[{\"@type\":\"WebSite\",\"@id\":\"https:\/\/www.visit-ulcinj.com\/blog\/#website\",\"url\":\"https:\/\/www.visit-ulcinj.com\/blog\/\",\"name\":\"Lajme nga Ulqini\",\"description\":\"Lajme,Vijesti,Ulqini,Ulqin,Crna Gora,Mali i Zi\",\"potentialAction\":[{\"@type\":\"SearchAction\",\"target\":{\"@type\":\"EntryPoint\",\"urlTemplate\":\"https:\/\/www.visit-ulcinj.com\/blog\/?s={search_term_string}\"},\"query-input\":\"required name=search_term_string\"}],\"inLanguage\":\"en-US\"},{\"@type\":\"WebPage\",\"@id\":\"https:\/\/www.visit-ulcinj.com\/blog\/2017\/05\/26\/rumejsa-kaca-fituese-e-garave-te-recituesve-te-rinj-ulqin-2017\/#webpage\",\"url\":\"https:\/\/www.visit-ulcinj.com\/blog\/2017\/05\/26\/rumejsa-kaca-fituese-e-garave-te-recituesve-te-rinj-ulqin-2017\/\",\"name\":\"Rumejsa Kaca, fituese e Garave t\u00eb recituesve t\u00eb rinj \u2013 Ulqin 2017 - Lajme nga Ulqini\",\"isPartOf\":{\"@id\":\"https:\/\/www.visit-ulcinj.com\/blog\/#website\"},\"datePublished\":\"2017-05-26T06:44:16+00:00\",\"dateModified\":\"2017-05-26T06:44:16+00:00\",\"author\":{\"@id\":\"https:\/\/www.visit-ulcinj.com\/blog\/#\/schema\/person\/dcab619c614d3038751c63bc2aadc06d\"},\"description\":\"Nx\u00ebn\u00ebsja e klas\u00ebs s\u00eb kat\u00ebrt t\u00eb Shkoll\u00ebs Fillore \u201cGjergj Kastrioti \u2013 Sk\u00ebnderbeu\u201d \u2013 Ostros, Rumejsa Kaca, ka fituar vendin e par\u00eb n\u00eb edicionin e 12-t\u00eb t\u00eb\",\"breadcrumb\":{\"@id\":\"https:\/\/www.visit-ulcinj.com\/blog\/2017\/05\/26\/rumejsa-kaca-fituese-e-garave-te-recituesve-te-rinj-ulqin-2017\/#breadcrumb\"},\"inLanguage\":\"en-US\",\"potentialAction\":[{\"@type\":\"ReadAction\",\"target\":[\"https:\/\/www.visit-ulcinj.com\/blog\/2017\/05\/26\/rumejsa-kaca-fituese-e-garave-te-recituesve-te-rinj-ulqin-2017\/\"]}]},{\"@type\":\"BreadcrumbList\",\"@id\":\"https:\/\/www.visit-ulcinj.com\/blog\/2017\/05\/26\/rumejsa-kaca-fituese-e-garave-te-recituesve-te-rinj-ulqin-2017\/#breadcrumb\",\"itemListElement\":[{\"@type\":\"ListItem\",\"position\":1,\"name\":\"Rumejsa Kaca, fituese e Garave t\u00eb recituesve t\u00eb rinj \u2013 Ulqin 2017\"}]},{\"@type\":\"Person\",\"@id\":\"https:\/\/www.visit-ulcinj.com\/blog\/#\/schema\/person\/dcab619c614d3038751c63bc2aadc06d\",\"name\":\"ulqini\",\"sameAs\":[\"http:\/\/www.visit-ulcinj.com\"],\"url\":\"https:\/\/www.visit-ulcinj.com\/blog\/author\/admin\/\"}]}<\/script>\n<!-- \/ Yoast SEO plugin. -->","yoast_head_json":{"title":"Rumejsa Kaca, fituese e Garave t\u00eb recituesve t\u00eb rinj \u2013 Ulqin 2017 - Lajme nga Ulqini","description":"Nx\u00ebn\u00ebsja e klas\u00ebs s\u00eb kat\u00ebrt t\u00eb Shkoll\u00ebs Fillore \u201cGjergj Kastrioti \u2013 Sk\u00ebnderbeu\u201d \u2013 Ostros, Rumejsa Kaca, ka fituar vendin e par\u00eb n\u00eb edicionin e 12-t\u00eb t\u00eb","robots":{"index":"index","follow":"follow","max-snippet":"max-snippet:-1","max-image-preview":"max-image-preview:large","max-video-preview":"max-video-preview:-1"},"canonical":"https:\/\/www.visit-ulcinj.com\/blog\/2017\/05\/26\/rumejsa-kaca-fituese-e-garave-te-recituesve-te-rinj-ulqin-2017\/","og_locale":"en_US","og_type":"article","og_title":"Rumejsa Kaca, fituese e Garave t\u00eb recituesve t\u00eb rinj \u2013 Ulqin 2017 - Lajme nga Ulqini","og_description":"Nx\u00ebn\u00ebsja e klas\u00ebs s\u00eb kat\u00ebrt t\u00eb Shkoll\u00ebs Fillore \u201cGjergj Kastrioti \u2013 Sk\u00ebnderbeu\u201d \u2013 Ostros, Rumejsa Kaca, ka fituar vendin e par\u00eb n\u00eb edicionin e 12-t\u00eb t\u00eb","og_url":"https:\/\/www.visit-ulcinj.com\/blog\/2017\/05\/26\/rumejsa-kaca-fituese-e-garave-te-recituesve-te-rinj-ulqin-2017\/","og_site_name":"Lajme nga Ulqini","article_published_time":"2017-05-26T06:44:16+00:00","twitter_misc":{"Written by":"ulqini","Est. reading time":"1 minute"},"schema":{"@context":"https:\/\/schema.org","@graph":[{"@type":"WebSite","@id":"https:\/\/www.visit-ulcinj.com\/blog\/#website","url":"https:\/\/www.visit-ulcinj.com\/blog\/","name":"Lajme nga Ulqini","description":"Lajme,Vijesti,Ulqini,Ulqin,Crna Gora,Mali i Zi","potentialAction":[{"@type":"SearchAction","target":{"@type":"EntryPoint","urlTemplate":"https:\/\/www.visit-ulcinj.com\/blog\/?s={search_term_string}"},"query-input":"required name=search_term_string"}],"inLanguage":"en-US"},{"@type":"WebPage","@id":"https:\/\/www.visit-ulcinj.com\/blog\/2017\/05\/26\/rumejsa-kaca-fituese-e-garave-te-recituesve-te-rinj-ulqin-2017\/#webpage","url":"https:\/\/www.visit-ulcinj.com\/blog\/2017\/05\/26\/rumejsa-kaca-fituese-e-garave-te-recituesve-te-rinj-ulqin-2017\/","name":"Rumejsa Kaca, fituese e Garave t\u00eb recituesve t\u00eb rinj \u2013 Ulqin 2017 - Lajme nga Ulqini","isPartOf":{"@id":"https:\/\/www.visit-ulcinj.com\/blog\/#website"},"datePublished":"2017-05-26T06:44:16+00:00","dateModified":"2017-05-26T06:44:16+00:00","author":{"@id":"https:\/\/www.visit-ulcinj.com\/blog\/#\/schema\/person\/dcab619c614d3038751c63bc2aadc06d"},"description":"Nx\u00ebn\u00ebsja e klas\u00ebs s\u00eb kat\u00ebrt t\u00eb Shkoll\u00ebs Fillore \u201cGjergj Kastrioti \u2013 Sk\u00ebnderbeu\u201d \u2013 Ostros, Rumejsa Kaca, ka fituar vendin e par\u00eb n\u00eb edicionin e 12-t\u00eb t\u00eb","breadcrumb":{"@id":"https:\/\/www.visit-ulcinj.com\/blog\/2017\/05\/26\/rumejsa-kaca-fituese-e-garave-te-recituesve-te-rinj-ulqin-2017\/#breadcrumb"},"inLanguage":"en-US","potentialAction":[{"@type":"ReadAction","target":["https:\/\/www.visit-ulcinj.com\/blog\/2017\/05\/26\/rumejsa-kaca-fituese-e-garave-te-recituesve-te-rinj-ulqin-2017\/"]}]},{"@type":"BreadcrumbList","@id":"https:\/\/www.visit-ulcinj.com\/blog\/2017\/05\/26\/rumejsa-kaca-fituese-e-garave-te-recituesve-te-rinj-ulqin-2017\/#breadcrumb","itemListElement":[{"@type":"ListItem","position":1,"name":"Rumejsa Kaca, fituese e Garave t\u00eb recituesve t\u00eb rinj \u2013 Ulqin 2017"}]},{"@type":"Person","@id":"https:\/\/www.visit-ulcinj.com\/blog\/#\/schema\/person\/dcab619c614d3038751c63bc2aadc06d","name":"ulqini","sameAs":["http:\/\/www.visit-ulcinj.com"],"url":"https:\/\/www.visit-ulcinj.com\/blog\/author\/admin\/"}]}},"jetpack_featured_media_url":"","jetpack_sharing_enabled":true,"jetpack_shortlink":"https:\/\/wp.me\/pe6lTn-rns","_links":{"self":[{"href":"https:\/\/www.visit-ulcinj.com\/blog\/wp-json\/wp\/v2\/posts\/105242"}],"collection":[{"href":"https:\/\/www.visit-ulcinj.com\/blog\/wp-json\/wp\/v2\/posts"}],"about":[{"href":"https:\/\/www.visit-ulcinj.com\/blog\/wp-json\/wp\/v2\/types\/post"}],"author":[{"embeddable":true,"href":"https:\/\/www.visit-ulcinj.com\/blog\/wp-json\/wp\/v2\/users\/1"}],"replies":[{"embeddable":true,"href":"https:\/\/www.visit-ulcinj.com\/blog\/wp-json\/wp\/v2\/comments?post=105242"}],"version-history":[{"count":1,"href":"https:\/\/www.visit-ulcinj.com\/blog\/wp-json\/wp\/v2\/posts\/105242\/revisions"}],"predecessor-version":[{"id":105244,"href":"https:\/\/www.visit-ulcinj.com\/blog\/wp-json\/wp\/v2\/posts\/105242\/revisions\/105244"}],"wp:attachment":[{"href":"https:\/\/www.visit-ulcinj.com\/blog\/wp-json\/wp\/v2\/media?parent=105242"}],"wp:term":[{"taxonomy":"category","embeddable":true,"href":"https:\/\/www.visit-ulcinj.com\/blog\/wp-json\/wp\/v2\/categories?post=105242"},{"taxonomy":"post_tag","embeddable":true,"href":"https:\/\/www.visit-ulcinj.com\/blog\/wp-json\/wp\/v2\/tags?post=105242"}],"curies":[{"name":"wp","href":"https:\/\/api.w.org\/{rel}","templated":true}]}}